{"id":745007,"date":"2018-08-27T15:59:51","date_gmt":"2018-08-27T13:59:51","guid":{"rendered":"http:\/\/www.varesenews.it\/?p=745007"},"modified":"2018-08-27T20:19:44","modified_gmt":"2018-08-27T18:19:44","slug":"chiude-tre-settimane-delle-piste-malpensa","status":"publish","type":"post","link":"https:\/\/staging.varesenews.it\/2018\/08\/chiude-tre-settimane-delle-piste-malpensa\/745007\/","title":{"rendered":"Chiude per tre settimane una delle piste di Malpensa"},"content":{"rendered":"<p><strong>Chiude per tre settimane, per manutenzione, la pista 35R<\/strong> dell&#8217;<a href=\"https:\/\/it.wikipedia.org\/wiki\/Aeroporto_di_Milano-Malpensa\" target=\"_blank\" rel=\"noopener\">aeroporto di Malpensa<\/a>, vale a dire la pista di decollo posta pi\u00f9 a Est. <strong>Manutenzione ordinaria dal 2 al 24 settembre<\/strong> che per\u00f2 &#8211; visto che l&#8217;aeroporto sta registrando una mole significativa di traffico &#8211; preoccupa i sindaci dei paesi per l&#8217;impatto acustico.<\/p>\n<p>Normalmente le piste 35L e 35R (il numero indica la direttrice in gradi, 350\u00b0, vale a dire verso Nord) sono usate in alternanza. Dalla 35L si decolla virando sinistra, verso Ovest, vale a dire sorvolando Golasecca e Somma Lombardo. Mentre dalla 35R i voli impegnano i sentieri di decollo a Est, che passano sopra Casorate Sempione e Arsago Seprio (e sopra la periferia Nord di Gallarate, Ronchi e Moriggia).<\/p>\n<p>La chiusura per tre settimane ha messo in agitazione i sindaci. Sulla base di questa previsione: se chiude la 35R, Casorate e Arsago rimarranno &#8220;in silenzio&#8221; per venti giorni (e sar\u00e0 un bene, per gli abitanti) ma al contempo <strong>l&#8217;impatto su Somma e Golasecca rischia di essere notevole<\/strong>.<br \/>\nDall&#8217;aeroporto era stato fatto notare per\u00f2 che<strong> la redistribuzione dei\u00a0sentieri di decollo<\/strong>\u00a0<strong>non \u00e8 automatica,\u00a0<\/strong>\u00a0le SID &#8211; l&#8217;acronimo che indica i &#8220;sentieri&#8221; di decollo, che gli aerei devono seguire e che sono preimpostati &#8211; possono essere modificate per periodi transitori.\u00a0Insomma: che c&#8217;erano spazi di &#8220;trattativa&#8221;.<\/p>\n<p>Nella giornata di luned\u00ec 27 agosto i sindaci del Cuv (il consorzio che riunisce i Comuni intorno allo scalo) ha incontrato il dirigente di Sea, che ha confermato che \u00abi \u00a0lavori inizieranno il giorno 2 settembre e si protrarranno fino al 24 settembre\u00bb, spiega il presidente di turno del Cuv, il sindaco di Golasecca<strong> Claudio Ventimiglia<\/strong>.<\/p>\n<p>Per ridurre i disagi dei residenti a Somma Lombardo e Golasecca, <strong>i sindaci propongono a Enav e Enac<\/strong> in particolare di <strong>garantire i \u00abdecolli da fondo pista per il maggior numero di aeromobili possibile\u00bb<\/strong> (oggi alcuni aerei decollano a met\u00e0 pista, per ridurre i tempi di rullaggio a terra), <strong>redistribuzione dei voli \u201cHeavy\u201d sulla radiale 310<\/strong> e dei velivoli leggeri sulla 280. Viene anche richiesta<strong> una \u00abcentralina di misurazione temporanea del rumore<\/strong> nella frazione di Coarezza di Somma Lombardo, vale a dire sulle rotte di decollo principali della 35L.<br \/>\nC&#8217;\u00e8 un accordo di massima tra Sea e sindaci su un&#8217;altra richiesta:<strong>\u00a0spostare di mezz&#8217;ora l\u2019inizio dei decolli verso nord al mattino<\/strong>. Il che significherebbe che i voli della mattina presto, fino alle 7,<strong>\u00a0decollerebbero in direzione sud, utilizzando la pista 17L<\/strong> (nella foto), passando sopra Lonate, Tornavento, Nosate e Turbigo.<\/p>\n<p>Nel frattempo si parla gi\u00e0 anche delle manutenzioni previste tra un anno, nel 2019, quando dovr\u00e0 chiudere la pista di Linate. L&#8217;impatto su Malpensa preoccupa i sindaci, che hanno perci\u00f2 chiesto a Sea di \u00abvalutare lo spostamento di alcuni voli da Linate a Orio al Serio e presso altri aeroporti\u00bb (Sea, tra l&#8217;altro, ha anche una partecipazione in Sacbo, gestore di Bergamo-Orio).<\/p>\n","protected":false},"excerpt":{"rendered":"<p>Per la precisione la 35R, quella da cui gli aerei virano verso Est. Preoccupazione dei sindaci per l&#8217;impatto acustico su Somma e Golasecca: si studiano le modifiche delle rotte, che gli enti aeroportuali dicono possibili<\/p>\n","protected":false},"author":46,"featured_media":0,"comment_status":"open","ping_status":"open","sticky":false,"template":"","format":"standard","meta":{"footnotes":""},"categories":[3],"tags":[],"acf":[],"yoast_head":"<!-- This site is optimized with the Yoast SEO plugin v20.1 - https:\/\/yoast.com\/wordpress\/plugins\/seo\/ -->\n<title>Chiude per tre settimane una delle piste di Malpensa<\/title>\n<meta name=\"description\" content=\"Per la precisione la 35R, quella da cui gli aerei virano verso Est. Preoccupazione dei sindaci per l&#039;impatto acustico su Somma e Golasecca: si studiano le modifiche delle rotte, che gli enti aeroportuali dicono possibili\" \/>\n<meta name=\"robots\" content=\"noindex, follow, max-snippet:-1, max-image-preview:large, max-video-preview:-1\" \/>\n<meta property=\"og:locale\" content=\"it_IT\" \/>\n<meta property=\"og:type\" content=\"article\" \/>\n<meta property=\"og:title\" content=\"Chiude per tre settimane una delle piste di Malpensa\" \/>\n<meta property=\"og:description\" content=\"Per la precisione la 35R, quella da cui gli aerei virano verso Est. Preoccupazione dei sindaci per l&#039;impatto acustico su Somma e Golasecca: si studiano le modifiche delle rotte, che gli enti aeroportuali dicono possibili\" \/>\n<meta property=\"og:url\" content=\"https:\/\/www.varesenews.it\/2018\/08\/chiude-tre-settimane-delle-piste-malpensa\/745007\/\" \/>\n<meta property=\"og:site_name\" content=\"VareseNews\" \/>\n<meta property=\"article:publisher\" content=\"https:\/\/www.facebook.com\/varesenews\" \/>\n<meta property=\"article:published_time\" content=\"2018-08-27T13:59:51+00:00\" \/>\n<meta property=\"article:modified_time\" content=\"2018-08-27T18:19:44+00:00\" \/>\n<meta name=\"author\" content=\"Roberto Morandi\" \/>\n<meta name=\"twitter:card\" content=\"summary_large_image\" \/>\n<meta name=\"twitter:creator\" content=\"@ilmorands\" \/>\n<meta name=\"twitter:site\" content=\"@varesenews\" \/>\n<meta name=\"twitter:label1\" content=\"Scritto da\" \/>\n\t<meta name=\"twitter:data1\" content=\"Roberto Morandi\" \/>\n\t<meta name=\"twitter:label2\" content=\"Tempo di lettura stimato\" \/>\n\t<meta name=\"twitter:data2\" content=\"2 minuti\" \/>\n<script type=\"application\/ld+json\" class=\"yoast-schema-graph\">{\"@context\":\"https:\/\/schema.org\",\"@graph\":[{\"@type\":\"WebPage\",\"@id\":\"https:\/\/www.varesenews.it\/2018\/08\/chiude-tre-settimane-delle-piste-malpensa\/745007\/\",\"url\":\"https:\/\/www.varesenews.it\/2018\/08\/chiude-tre-settimane-delle-piste-malpensa\/745007\/\",\"name\":\"Chiude per tre settimane una delle piste di Malpensa\",\"isPartOf\":{\"@id\":\"https:\/\/staging.varesenews.it\/#website\"},\"datePublished\":\"2018-08-27T13:59:51+00:00\",\"dateModified\":\"2018-08-27T18:19:44+00:00\",\"author\":{\"@id\":\"https:\/\/staging.varesenews.it\/#\/schema\/person\/efe592ae4c76536b551f89d8b6674bc3\"},\"description\":\"Per la precisione la 35R, quella da cui gli aerei virano verso Est. Preoccupazione dei sindaci per l'impatto acustico su Somma e Golasecca: si studiano le modifiche delle rotte, che gli enti aeroportuali dicono possibili\",\"breadcrumb\":{\"@id\":\"https:\/\/www.varesenews.it\/2018\/08\/chiude-tre-settimane-delle-piste-malpensa\/745007\/#breadcrumb\"},\"inLanguage\":\"it-IT\",\"potentialAction\":[{\"@type\":\"ReadAction\",\"target\":[\"https:\/\/www.varesenews.it\/2018\/08\/chiude-tre-settimane-delle-piste-malpensa\/745007\/\"]}]},{\"@type\":\"BreadcrumbList\",\"@id\":\"https:\/\/www.varesenews.it\/2018\/08\/chiude-tre-settimane-delle-piste-malpensa\/745007\/#breadcrumb\",\"itemListElement\":[{\"@type\":\"ListItem\",\"position\":1,\"name\":\"Home\",\"item\":\"https:\/\/www.varesenews.it\/\"},{\"@type\":\"ListItem\",\"position\":2,\"name\":\"Chiude per tre settimane una delle piste di Malpensa\"}]},{\"@type\":\"WebSite\",\"@id\":\"https:\/\/staging.varesenews.it\/#website\",\"url\":\"https:\/\/staging.varesenews.it\/\",\"name\":\"VareseNews\",\"description\":\"\",\"potentialAction\":[{\"@type\":\"SearchAction\",\"target\":{\"@type\":\"EntryPoint\",\"urlTemplate\":\"https:\/\/staging.varesenews.it\/?s={search_term_string}\"},\"query-input\":\"required name=search_term_string\"}],\"inLanguage\":\"it-IT\"},{\"@type\":\"Person\",\"@id\":\"https:\/\/staging.varesenews.it\/#\/schema\/person\/efe592ae4c76536b551f89d8b6674bc3\",\"name\":\"Roberto Morandi\",\"image\":{\"@type\":\"ImageObject\",\"inLanguage\":\"it-IT\",\"@id\":\"https:\/\/staging.varesenews.it\/#\/schema\/person\/image\/\",\"url\":\"https:\/\/staging.varesenews.it\/wp-content\/uploads\/2020\/12\/roberto_morandi_colori_500.jpg\",\"contentUrl\":\"https:\/\/staging.varesenews.it\/wp-content\/uploads\/2020\/12\/roberto_morandi_colori_500.jpg\",\"caption\":\"Roberto Morandi\"},\"description\":\"Classe 1980, laureato in storia, mi occupo dell&rsquo;area di Gallarate e di Malpensa, di trasporti e mobilit&agrave;. Amo molto la dimensione della citt&agrave;, come luogo d&rsquo;incontro di persone diverse e come organismo che si trasforma costantemente. Mi piace anche raccontare le piccole e grandi vicende, anche locali, che compongono la Storia con la S maiuscola. Appassionato di bicicletta: la macchina perfetta per muoversi in citt&agrave; e per viaggiare.\",\"sameAs\":[\"https:\/\/twitter.com\/ilmorands\"],\"url\":\"https:\/\/staging.varesenews.it\/persona\/roberto-morandi1\/\"}]}<\/script>\n<!-- \/ Yoast SEO plugin. -->","yoast_head_json":{"title":"Chiude per tre settimane una delle piste di Malpensa","description":"Per la precisione la 35R, quella da cui gli aerei virano verso Est. Preoccupazione dei sindaci per l'impatto acustico su Somma e Golasecca: si studiano le modifiche delle rotte, che gli enti aeroportuali dicono possibili","robots":{"index":"noindex","follow":"follow","max-snippet":"max-snippet:-1","max-image-preview":"max-image-preview:large","max-video-preview":"max-video-preview:-1"},"og_locale":"it_IT","og_type":"article","og_title":"Chiude per tre settimane una delle piste di Malpensa","og_description":"Per la precisione la 35R, quella da cui gli aerei virano verso Est. Preoccupazione dei sindaci per l'impatto acustico su Somma e Golasecca: si studiano le modifiche delle rotte, che gli enti aeroportuali dicono possibili","og_url":"https:\/\/www.varesenews.it\/2018\/08\/chiude-tre-settimane-delle-piste-malpensa\/745007\/","og_site_name":"VareseNews","article_publisher":"https:\/\/www.facebook.com\/varesenews","article_published_time":"2018-08-27T13:59:51+00:00","article_modified_time":"2018-08-27T18:19:44+00:00","author":"Roberto Morandi","twitter_card":"summary_large_image","twitter_creator":"@ilmorands","twitter_site":"@varesenews","twitter_misc":{"Scritto da":"Roberto Morandi","Tempo di lettura stimato":"2 minuti"},"schema":{"@context":"https:\/\/schema.org","@graph":[{"@type":"WebPage","@id":"https:\/\/www.varesenews.it\/2018\/08\/chiude-tre-settimane-delle-piste-malpensa\/745007\/","url":"https:\/\/www.varesenews.it\/2018\/08\/chiude-tre-settimane-delle-piste-malpensa\/745007\/","name":"Chiude per tre settimane una delle piste di Malpensa","isPartOf":{"@id":"https:\/\/staging.varesenews.it\/#website"},"datePublished":"2018-08-27T13:59:51+00:00","dateModified":"2018-08-27T18:19:44+00:00","author":{"@id":"https:\/\/staging.varesenews.it\/#\/schema\/person\/efe592ae4c76536b551f89d8b6674bc3"},"description":"Per la precisione la 35R, quella da cui gli aerei virano verso Est. Preoccupazione dei sindaci per l'impatto acustico su Somma e Golasecca: si studiano le modifiche delle rotte, che gli enti aeroportuali dicono possibili","breadcrumb":{"@id":"https:\/\/www.varesenews.it\/2018\/08\/chiude-tre-settimane-delle-piste-malpensa\/745007\/#breadcrumb"},"inLanguage":"it-IT","potentialAction":[{"@type":"ReadAction","target":["https:\/\/www.varesenews.it\/2018\/08\/chiude-tre-settimane-delle-piste-malpensa\/745007\/"]}]},{"@type":"BreadcrumbList","@id":"https:\/\/www.varesenews.it\/2018\/08\/chiude-tre-settimane-delle-piste-malpensa\/745007\/#breadcrumb","itemListElement":[{"@type":"ListItem","position":1,"name":"Home","item":"https:\/\/www.varesenews.it\/"},{"@type":"ListItem","position":2,"name":"Chiude per tre settimane una delle piste di Malpensa"}]},{"@type":"WebSite","@id":"https:\/\/staging.varesenews.it\/#website","url":"https:\/\/staging.varesenews.it\/","name":"VareseNews","description":"","potentialAction":[{"@type":"SearchAction","target":{"@type":"EntryPoint","urlTemplate":"https:\/\/staging.varesenews.it\/?s={search_term_string}"},"query-input":"required name=search_term_string"}],"inLanguage":"it-IT"},{"@type":"Person","@id":"https:\/\/staging.varesenews.it\/#\/schema\/person\/efe592ae4c76536b551f89d8b6674bc3","name":"Roberto Morandi","image":{"@type":"ImageObject","inLanguage":"it-IT","@id":"https:\/\/staging.varesenews.it\/#\/schema\/person\/image\/","url":"https:\/\/staging.varesenews.it\/wp-content\/uploads\/2020\/12\/roberto_morandi_colori_500.jpg","contentUrl":"https:\/\/staging.varesenews.it\/wp-content\/uploads\/2020\/12\/roberto_morandi_colori_500.jpg","caption":"Roberto Morandi"},"description":"Classe 1980, laureato in storia, mi occupo dell&rsquo;area di Gallarate e di Malpensa, di trasporti e mobilit&agrave;. Amo molto la dimensione della citt&agrave;, come luogo d&rsquo;incontro di persone diverse e come organismo che si trasforma costantemente. Mi piace anche raccontare le piccole e grandi vicende, anche locali, che compongono la Storia con la S maiuscola. Appassionato di bicicletta: la macchina perfetta per muoversi in citt&agrave; e per viaggiare.","sameAs":["https:\/\/twitter.com\/ilmorands"],"url":"https:\/\/staging.varesenews.it\/persona\/roberto-morandi1\/"}]}},"post_meta":{"_edit_lock":"1535394551:46","_edit_last":"46","_category_permalink":"a:1:{s:8:\"category\";s:1:\"3\";}","ratings_users":"0","ratings_score":"0","ratings_average":"0","foto":"58829","argomento":"Malpensa","_yoast_wpseo_content_score":"30","_jd_tweet_this":"yes","_wpt_short_url":"http:\/\/www.varesenews.it\/2018\/08\/chiude-tre-settimane-delle-piste-malpensa\/745007\/","_wp_jd_target":"http:\/\/www.varesenews.it\/2018\/08\/chiude-tre-settimane-delle-piste-malpensa\/745007\/","_jd_wp_twitter":"a:1:{i:0;s:136:\"Chiude per tre settimane una delle piste di Malpensa http:\/\/www.varesenews.it\/2018\/08\/chiude-tre-settimane-delle-piste-malpensa\/745007\/ \";}","_wpt_status_message":"Tweet inviato con successo."},"photos":[{"original":"https:\/\/staging.varesenews.it\/photogallery_new\/images\/2013\/06\/pista-malpensa-2013-apertura-58829.jpg","full":"https:\/\/staging.varesenews.it\/photogallery_new\/images\/2013\/06\/pista-malpensa-2013-apertura-58829.1024x768.jpg","large":"https:\/\/staging.varesenews.it\/photogallery_new\/images\/2013\/06\/pista-malpensa-2013-apertura-58829.610x431.jpg"}],"_links":{"self":[{"href":"https:\/\/staging.varesenews.it\/swgapi\/v1\/wp\/v2\/posts\/745007"}],"collection":[{"href":"https:\/\/staging.varesenews.it\/swgapi\/v1\/wp\/v2\/posts"}],"about":[{"href":"https:\/\/staging.varesenews.it\/swgapi\/v1\/wp\/v2\/types\/post"}],"author":[{"embeddable":true,"href":"https:\/\/staging.varesenews.it\/swgapi\/v1\/wp\/v2\/users\/46"}],"replies":[{"embeddable":true,"href":"https:\/\/staging.varesenews.it\/swgapi\/v1\/wp\/v2\/comments?post=745007"}],"version-history":[{"count":0,"href":"https:\/\/staging.varesenews.it\/swgapi\/v1\/wp\/v2\/posts\/745007\/revisions"}],"wp:attachment":[{"href":"https:\/\/staging.varesenews.it\/swgapi\/v1\/wp\/v2\/media?parent=745007"}],"wp:term":[{"taxonomy":"category","embeddable":true,"href":"https:\/\/staging.varesenews.it\/swgapi\/v1\/wp\/v2\/categories?post=745007"},{"taxonomy":"post_tag","embeddable":true,"href":"https:\/\/staging.varesenews.it\/swgapi\/v1\/wp\/v2\/tags?post=745007"}],"curies":[{"name":"wp","href":"https:\/\/api.w.org\/{rel}","templated":true}]}}