{"id":74514,"date":"2012-11-20T00:00:00","date_gmt":"2012-11-20T00:00:00","guid":{"rendered":""},"modified":"2012-11-20T00:00:00","modified_gmt":"2012-11-20T00:00:00","slug":"scuola-in-fermento-tra-scioperi-bianchi-e-sit-in","status":"publish","type":"post","link":"https:\/\/staging.varesenews.it\/2012\/11\/scuola-in-fermento-tra-scioperi-bianchi-e-sit-in\/74514\/","title":{"rendered":"Scuola in fermento, tra scioperi bianchi e sit-in"},"content":{"rendered":"<p><strong><img loading=\"lazy\" decoding=\"async\" width=\"197\" vspace=\"5\" hspace=\"5\" height=\"250\" border=\"1\" align=\"right\" alt=\"\" src=\"https:\/\/www3.varesenews.it\/immagini_articoli\/201012\/sdc18007.jpg\" \/>C&rsquo;&egrave; fermento tra gli studenti di Busto Arsizio e zone limitrofe.<\/strong> Il tutto in attesa della manifestazione di mercoled&igrave; 21 novembre, momento clou della settimana pi&ugrave; calda per la scuola del sud della provincia. Il corteo si annuncia nutrito e le forze dell&rsquo;ordine si stanno organizzando di conseguenza per evitare momenti di tensione. <strong>La protesta nasce dalla contrariet&agrave; nei confronti dei tagli alla scuola e del disegno di legge Aprea.<\/strong> Gli studenti sono organizzati in un collettivo che raccoglie i rappresentanti di tutti gli istituti di Busto Arsizio, Castellanza, Saronno, Tradate e Gallarate (da Varese parteciperanno alcune rappresentanze delle varie scuole del capoluogo). Anche Legnano vedr&agrave; sfilare i suoi ragazzi mercoled&igrave;. <strong>In molti istituti le proteste sono partite gi&agrave; ad inizio settimana<\/strong>: al Candiani di Busto c&rsquo;&egrave; stata la notte della protesta, al Facchinetti di Castellanza una manifestazione con sit-in, all&rsquo;Ipc Verri e all&rsquo;Itc Tosi di Busto Arsizio &egrave; in corso lo sciopero bianco. <\/p>\n<p><strong>VareseNews seguir&agrave; le proteste con una diretta aperta gi&agrave; dalla giornata di oggi<\/strong>, marted&igrave; 20 novembre, fino al clou atteso nella giornata di mercoled&igrave; con la manifestazione di Busto Arsizio. Per segnalazioni e interventi &egrave; possibile scrivere alla posta della redazione (redazione@varesenews.it) o sulle bacheche delle nostre pagine Facebook e Twitter.<\/p>\n<div class=\"diretta_blocco\">\n<div style=\"border-top:1px #666666 dotted;margin-top:20px;margin-bottom:20px;\"><span style=\"color:red;font-weight:bold;\">15:50<\/span>  \t<b>Corteo di Busto, le vie interessate<\/b><br \/>\nL&#8217;amministrazione comunale ha comunicato le vie interessate dal corteo studentesco previsto per mercoled&igrave; tra le 8 e le 12,30 a Busto Arsizio. <br \/>\n<a href=\"http:\/\/www3.varesenews.it\/busto\/corteo-studentesco-possibili-disagi-alla-circolazione-248532.html\" target=\"_blank\">LEGGI L&#8217;ARTICOLO \t<\/a><\/div>\n<\/div>\n<div class=\"diretta_blocco\">\n<div style=\"border-top:1px #666666 dotted;margin-top:20px;margin-bottom:20px;\"><span style=\"color:red;font-weight:bold;\">15:00<\/span>  \t<b>Presidio dei docenti in piazza Monte Grappa<\/b><br \/>\nIn occasione dello sciopero indetto da Cisl, Uil, Snals e Gilda di sabato 24 novembre, i docenti attueranno un presidio dalle 9 alle 12 in Piazza Monte Grappa. Ci sar&agrave; un gazebo in cui spiegheranno, con volantini e manifesti, le ragioni del loro malcontento e risponderanno alle domande dei passanti. Il presidio &egrave; organizzato dal collettivo insegnanti che si &egrave; costituito recentemente<\/div>\n<\/div>\n<div class=\"diretta_blocco\">\n<div style=\"border-top:1px #666666 dotted;margin-top:20px;margin-bottom:20px;\"><span style=\"color:red;font-weight:bold;\">14:30<\/span>  \t<b>L&#8217;Einaudi vota per lo sciopero bianco<\/b><br \/>\nAnche l&#8217;istituto Einaudi sar&agrave; in &quot;sciopero bianco&quot; da domani sino a venerd&igrave; per poi partecipare allo sciopero di sabato indetto da Cisl, Uil, Gilda e Snals. Gli studenti, riuniti questa mattina in assemblea, protestano per le politiche dei tagli ma anche per la particolare situazIone del proprio istituto diviso in tre sedi <\/p>\n<p><a href=\"http:\/\/www3.varesenews.it\/scuola\/sciopero-bianco-all-einaudi-chiediamo-attenzione--248521.html\" target=\"_blank\">LEGGI L&#8217;ARTICOLO \t<\/a><\/div>\n<\/div>\n<div class=\"diretta_blocco\">\n<div style=\"border-top:1px #666666 dotted;margin-top:20px;margin-bottom:20px;\"><span style=\"color:red;font-weight:bold;\"><img loading=\"lazy\" decoding=\"async\" src=\"https:\/\/www3.varesenews.it\/immagini_articoli\/201211\/2012_11_20_12.41.16.jpg\" width=\"200\" height=\"150\" vspace=\"5\" hspace=\"5\" border=\"1\" align=\"left\" alt=\"\" \/>13:30<\/span>  \t<b>Assemblea autoconvocata dagli studenti all&#8217;Ite Tosi<\/b><br \/>\nE&#8217; considerata una delle eccellenze del sistema scolastico nazionale ma i suoi studenti hanno voluto manifestare il loro disaccordo con gli ultimi provvedimenti del governo nei confronti dell&#8217;istruzione. Per questo gli stessi studenti hanno autoconvocato un&#8217;assemblea studentesca non autorizzata in giardino in vista della manifestazione di mercoled&igrave;<br \/>\n<a href=\"http:\/\/www3.varesenews.it\/busto\/dovevamo-incontrarci-in-500-all-assemblea-auto-convocata-all-itc-248547.html\" target=\"_blank\">LEGGI L&#8217;ARTICOLO<\/a><\/div>\n<\/div>\n<div class=\"diretta_blocco\">\n<div style=\"border-top:1px #666666 dotted;margin-top:20px;margin-bottom:20px;\"><span style=\"color:red;font-weight:bold;\">12:15<\/span>  \t<b>Assemblea al Candiani di Busto Arsizio<\/b><br \/>\nGli studenti del liceo Candiani si sono riuniti in assemblea attorno alle 12 nel cortile interno dell&#8217;istituto di via Manara. Verranno spiegati i motivi della protesta e verranno invitati tutti a partecipare al grande corteo di mercoled&igrave; mattina per le vie del centro di Busto Arsizio<\/div>\n<\/div>\n<div class=\"diretta_blocco\">\n<div style=\"border-top:1px #666666 dotted;margin-top:20px;margin-bottom:20px;\"><span style=\"color:red;font-weight:bold;\">11:30<\/span>  \t<b>Assemblee al liceo Tosi di Busto Arsizio<\/b><br \/>\nNell&#8217;istituto da questa mattina si susseguono assemblee in ogni classe nel corso delle quali i rappresentanti degli studenti spiegano gli aspetti dei tagli e delle riforme. Inoltre vengono illustrate le modalit&agrave; di partecipazione al corteo di mercoled&igrave; 21 novembre<br \/>\n<a href=\"http:\/\/www3.varesenews.it\/busto\/gli-studenti-del-tosi-saremo-in-600--248581.html\">LEGGI L&#8217;ARTICOLO<\/a><\/div>\n<\/div>\n<div class=\"diretta_blocco\">\n<div style=\"border-top:1px #666666 dotted;margin-top:20px;margin-bottom:20px;\"><span style=\"color:red;font-weight:bold;\">11:20<\/span>  \t<b>Sabato manifestazione a Gallarate<\/b><br \/>\nDavanti al Gadda Rosselli gi&agrave; si pensava alla manifestazione di sabato. &quot;La facciamo di pomeriggio. La motivazione &egrave; far vedere che a Gallarate la gente &egrave; seria, non fa battaglie solo per perdere i giorni di scuola. Quindi si far&agrave; per le 15 dopo il pranzo&quot; spiega Andrey sulla pagina FB del presidio Gadda Rosselli<\/div>\n<p><a href=\"http:\/\/www3.varesenews.it\/gallarate_malpensa\/assemblea-in-strada-per-cinquecento-studenti-248507.html\"><strong>LEGGI ARTICOLO<\/strong><\/a><\/p>\n<\/div>\n<div class=\"diretta_blocco\">\n<div style=\"border-top:1px #666666 dotted;margin-top:20px;margin-bottom:20px;\"><span style=\"color:red;font-weight:bold;\">11:10<\/span>  \t<b>Le studentesse dell&#8217;Itpa Casula di Varese scrivono al ministro<\/b><br \/>\nCon una lettera inviata al ministro Profumo le ragazze della IV HErica dell&#8217;Itpa Casula di Varese hanno scritto al ministro dell&#8217;Istruzione Profumo nel tentativo di far sentire la propria voce \t<\/p>\n<p><a href=\"http:\/\/www3.varesenews.it\/comunita\/lettere_al_direttore\/articolo.php?id=248493\"><strong>LEGGI LA LETTERA<\/strong><\/a><\/div>\n<\/div>\n<div class=\"diretta_blocco\">\n<div style=\"border-top:1px #666666 dotted;margin-top:20px;margin-bottom:20px;\"><span style=\"color:red;font-weight:bold;\"><img loading=\"lazy\" decoding=\"async\" width=\"147\" vspace=\"5\" hspace=\"5\" height=\"110\" border=\"1\" align=\"left\" src=\"https:\/\/www3.varesenews.it\/immagini_articoli\/201211\/foto_14_.jpg\" alt=\"\" \/>11:00<\/span>  \t<b>Presidio al Gadda Rosselli di Gallarate<\/b><br \/>\nSi &egrave; sciolto intorno alle 10 il presidio convocato al ITC Gadda Rosselli, che ha coinvolto decine di studenti anche di altre scuole. Davanti alla scuola rimane solo un gruppetto che suona. E rimangono gli striscioni dei ragazzi appesi alla cancellata \t<br \/>\n&nbsp;<\/div>\n<\/div>\n<div class=\"diretta_blocco\">\n<div style=\"border-top:1px #666666 dotted;margin-top:20px;margin-bottom:20px;\"><span style=\"color:red;font-weight:bold;\">10:50<\/span>  \t<b>Studenti del Candiani di Busto Arsizio dormono fuori dalla scuola<\/b><img loading=\"lazy\" decoding=\"async\" width=\"120\" vspace=\"5\" hspace=\"5\" height=\"110\" border=\"1\" align=\"right\" src=\"https:\/\/www3.varesenews.it\/immagini_articoli\/201211\/img_6223.jpg\" alt=\"\" \/><br \/>\nIn una trentina si sono accampati con le tende e uno striscione di fronte al nuovo edificio scolastico di via Manara per&nbsp;protestare contro i tagli all&#8217;istruzione e contro i finanziamenti alle scuole private.&nbsp;<br \/>\n<a target=\"_blank\" href=\"http:\/\/www3.varesenews.it\/busto\/notte-in-tenda-fuori-dal-candiani-noi-non-la-abbandoniamo-248488.html\"><br \/>\n<strong>LEGGI ARTICOLO<\/strong><\/a><\/div>\n<\/div>\n<div class=\"diretta_blocco\">\n<div style=\"border-top:1px #666666 dotted;margin-top:20px;margin-bottom:20px;\"><span style=\"color:red;font-weight:bold;\">10:25<\/span>  \t<b>Sit-in all&#8217;Isis Facchinetti di Castellanza<\/b><br \/>\n<img loading=\"lazy\" decoding=\"async\" width=\"150\" vspace=\"5\" hspace=\"5\" height=\"113\" border=\"1\" align=\"left\" src=\"https:\/\/www3.varesenews.it\/immagini_articoli\/201012\/img_2696_500.jpg\" alt=\"\" \/>I ragazzi dell&#8217;Itis e dell&#8217;Ipsia si sono ritrovati all&#8217;esterno dei cancelli questa mattina, marted&igrave; 20 novembre, per manifestare la propria contrariet&agrave; ai tagli alla scuola e a decreto legge Aprea. Ci sono stati alcuni momenti di tensione all&#8217;ingresso della scuola e all&#8217;esterno <br \/>\n<a href=\"http:\/\/www3.varesenews.it\/busto\/tensione-all-isis-facchinetti-248484.html\"><strong>LEGGI L&#8217;ARTICOLO \t<\/strong><\/a><\/div>\n<\/div>\n","protected":false},"excerpt":{"rendered":"<p>Mercoled\u00ec 21 novembre sar\u00e0 il momento clou della settimana pi\u00f9 calda per la scuola del sud della provincia: attesi studenti da tutti gli istituti di Busto Arsizio, Castellanza, Saronno, Tradate e Gallarate<\/p>\n","protected":false},"author":10,"featured_media":0,"comment_status":"open","ping_status":"open","sticky":false,"template":"","format":"standard","meta":{"footnotes":""},"categories":[4,3,5,90],"tags":[],"acf":[],"yoast_head":"<!-- This site is optimized with the Yoast SEO plugin v20.1 - https:\/\/yoast.com\/wordpress\/plugins\/seo\/ -->\n<title>Scuola in fermento, tra scioperi bianchi e sit-in<\/title>\n<meta name=\"description\" content=\"Mercoled\u00ec 21 novembre sar\u00e0 il momento clou della settimana pi\u00f9 calda per la scuola del sud della provincia: attesi studenti da tutti gli istituti di Busto Arsizio, Castellanza, Saronno, Tradate e Gallarate\" \/>\n<meta name=\"robots\" content=\"noindex, follow, max-snippet:-1, max-image-preview:large, max-video-preview:-1\" \/>\n<meta property=\"og:locale\" content=\"it_IT\" \/>\n<meta property=\"og:type\" content=\"article\" \/>\n<meta property=\"og:title\" content=\"Scuola in fermento, tra scioperi bianchi e sit-in\" \/>\n<meta property=\"og:description\" content=\"Mercoled\u00ec 21 novembre sar\u00e0 il momento clou della settimana pi\u00f9 calda per la scuola del sud della provincia: attesi studenti da tutti gli istituti di Busto Arsizio, Castellanza, Saronno, Tradate e Gallarate\" \/>\n<meta property=\"og:url\" content=\"https:\/\/staging.varesenews.it\/2012\/11\/scuola-in-fermento-tra-scioperi-bianchi-e-sit-in\/74514\/\" \/>\n<meta property=\"og:site_name\" content=\"VareseNews\" \/>\n<meta property=\"article:publisher\" content=\"https:\/\/www.facebook.com\/varesenews\" \/>\n<meta property=\"article:published_time\" content=\"2012-11-20T00:00:00+00:00\" \/>\n<meta property=\"og:image\" content=\"https:\/\/www3.varesenews.it\/immagini_articoli\/201012\/sdc18007.jpg\" \/>\n<meta name=\"author\" content=\"Redazione VareseNews\" \/>\n<meta name=\"twitter:card\" content=\"summary_large_image\" \/>\n<meta name=\"twitter:creator\" content=\"@varesenews\" \/>\n<meta name=\"twitter:site\" content=\"@varesenews\" \/>\n<meta name=\"twitter:label1\" content=\"Scritto da\" \/>\n\t<meta name=\"twitter:data1\" content=\"Redazione VareseNews\" \/>\n\t<meta name=\"twitter:label2\" content=\"Tempo di lettura stimato\" \/>\n\t<meta name=\"twitter:data2\" content=\"4 minuti\" \/>\n<script type=\"application\/ld+json\" class=\"yoast-schema-graph\">{\"@context\":\"https:\/\/schema.org\",\"@graph\":[{\"@type\":\"WebPage\",\"@id\":\"https:\/\/staging.varesenews.it\/2012\/11\/scuola-in-fermento-tra-scioperi-bianchi-e-sit-in\/74514\/\",\"url\":\"https:\/\/staging.varesenews.it\/2012\/11\/scuola-in-fermento-tra-scioperi-bianchi-e-sit-in\/74514\/\",\"name\":\"Scuola in fermento, tra scioperi bianchi e sit-in\",\"isPartOf\":{\"@id\":\"https:\/\/staging.varesenews.it\/#website\"},\"datePublished\":\"2012-11-20T00:00:00+00:00\",\"dateModified\":\"2012-11-20T00:00:00+00:00\",\"author\":{\"@id\":\"https:\/\/staging.varesenews.it\/#\/schema\/person\/fb20c4da0b7b16c291707a20db73e169\"},\"description\":\"Mercoled\u00ec 21 novembre sar\u00e0 il momento clou della settimana pi\u00f9 calda per la scuola del sud della provincia: attesi studenti da tutti gli istituti di Busto Arsizio, Castellanza, Saronno, Tradate e Gallarate\",\"breadcrumb\":{\"@id\":\"https:\/\/staging.varesenews.it\/2012\/11\/scuola-in-fermento-tra-scioperi-bianchi-e-sit-in\/74514\/#breadcrumb\"},\"inLanguage\":\"it-IT\",\"potentialAction\":[{\"@type\":\"ReadAction\",\"target\":[\"https:\/\/staging.varesenews.it\/2012\/11\/scuola-in-fermento-tra-scioperi-bianchi-e-sit-in\/74514\/\"]}]},{\"@type\":\"BreadcrumbList\",\"@id\":\"https:\/\/staging.varesenews.it\/2012\/11\/scuola-in-fermento-tra-scioperi-bianchi-e-sit-in\/74514\/#breadcrumb\",\"itemListElement\":[{\"@type\":\"ListItem\",\"position\":1,\"name\":\"Home\",\"item\":\"https:\/\/www.varesenews.it\/\"},{\"@type\":\"ListItem\",\"position\":2,\"name\":\"Scuola in fermento, tra scioperi bianchi e sit-in\"}]},{\"@type\":\"WebSite\",\"@id\":\"https:\/\/staging.varesenews.it\/#website\",\"url\":\"https:\/\/staging.varesenews.it\/\",\"name\":\"VareseNews\",\"description\":\"\",\"potentialAction\":[{\"@type\":\"SearchAction\",\"target\":{\"@type\":\"EntryPoint\",\"urlTemplate\":\"https:\/\/staging.varesenews.it\/?s={search_term_string}\"},\"query-input\":\"required name=search_term_string\"}],\"inLanguage\":\"it-IT\"},{\"@type\":\"Person\",\"@id\":\"https:\/\/staging.varesenews.it\/#\/schema\/person\/fb20c4da0b7b16c291707a20db73e169\",\"name\":\"Redazione VareseNews\",\"image\":{\"@type\":\"ImageObject\",\"inLanguage\":\"it-IT\",\"@id\":\"https:\/\/staging.varesenews.it\/#\/schema\/person\/image\/\",\"url\":\"https:\/\/staging.varesenews.it\/wp-content\/uploads\/2020\/12\/logo_VN_colori_500.png\",\"contentUrl\":\"https:\/\/staging.varesenews.it\/wp-content\/uploads\/2020\/12\/logo_VN_colori_500.png\",\"caption\":\"Redazione VareseNews\"},\"url\":\"https:\/\/staging.varesenews.it\/persona\/redazione1\/\"}]}<\/script>\n<!-- \/ Yoast SEO plugin. -->","yoast_head_json":{"title":"Scuola in fermento, tra scioperi bianchi e sit-in","description":"Mercoled\u00ec 21 novembre sar\u00e0 il momento clou della settimana pi\u00f9 calda per la scuola del sud della provincia: attesi studenti da tutti gli istituti di Busto Arsizio, Castellanza, Saronno, Tradate e Gallarate","robots":{"index":"noindex","follow":"follow","max-snippet":"max-snippet:-1","max-image-preview":"max-image-preview:large","max-video-preview":"max-video-preview:-1"},"og_locale":"it_IT","og_type":"article","og_title":"Scuola in fermento, tra scioperi bianchi e sit-in","og_description":"Mercoled\u00ec 21 novembre sar\u00e0 il momento clou della settimana pi\u00f9 calda per la scuola del sud della provincia: attesi studenti da tutti gli istituti di Busto Arsizio, Castellanza, Saronno, Tradate e Gallarate","og_url":"https:\/\/staging.varesenews.it\/2012\/11\/scuola-in-fermento-tra-scioperi-bianchi-e-sit-in\/74514\/","og_site_name":"VareseNews","article_publisher":"https:\/\/www.facebook.com\/varesenews","article_published_time":"2012-11-20T00:00:00+00:00","og_image":[{"url":"https:\/\/www3.varesenews.it\/immagini_articoli\/201012\/sdc18007.jpg"}],"author":"Redazione VareseNews","twitter_card":"summary_large_image","twitter_creator":"@varesenews","twitter_site":"@varesenews","twitter_misc":{"Scritto da":"Redazione VareseNews","Tempo di lettura stimato":"4 minuti"},"schema":{"@context":"https:\/\/schema.org","@graph":[{"@type":"WebPage","@id":"https:\/\/staging.varesenews.it\/2012\/11\/scuola-in-fermento-tra-scioperi-bianchi-e-sit-in\/74514\/","url":"https:\/\/staging.varesenews.it\/2012\/11\/scuola-in-fermento-tra-scioperi-bianchi-e-sit-in\/74514\/","name":"Scuola in fermento, tra scioperi bianchi e sit-in","isPartOf":{"@id":"https:\/\/staging.varesenews.it\/#website"},"datePublished":"2012-11-20T00:00:00+00:00","dateModified":"2012-11-20T00:00:00+00:00","author":{"@id":"https:\/\/staging.varesenews.it\/#\/schema\/person\/fb20c4da0b7b16c291707a20db73e169"},"description":"Mercoled\u00ec 21 novembre sar\u00e0 il momento clou della settimana pi\u00f9 calda per la scuola del sud della provincia: attesi studenti da tutti gli istituti di Busto Arsizio, Castellanza, Saronno, Tradate e Gallarate","breadcrumb":{"@id":"https:\/\/staging.varesenews.it\/2012\/11\/scuola-in-fermento-tra-scioperi-bianchi-e-sit-in\/74514\/#breadcrumb"},"inLanguage":"it-IT","potentialAction":[{"@type":"ReadAction","target":["https:\/\/staging.varesenews.it\/2012\/11\/scuola-in-fermento-tra-scioperi-bianchi-e-sit-in\/74514\/"]}]},{"@type":"BreadcrumbList","@id":"https:\/\/staging.varesenews.it\/2012\/11\/scuola-in-fermento-tra-scioperi-bianchi-e-sit-in\/74514\/#breadcrumb","itemListElement":[{"@type":"ListItem","position":1,"name":"Home","item":"https:\/\/www.varesenews.it\/"},{"@type":"ListItem","position":2,"name":"Scuola in fermento, tra scioperi bianchi e sit-in"}]},{"@type":"WebSite","@id":"https:\/\/staging.varesenews.it\/#website","url":"https:\/\/staging.varesenews.it\/","name":"VareseNews","description":"","potentialAction":[{"@type":"SearchAction","target":{"@type":"EntryPoint","urlTemplate":"https:\/\/staging.varesenews.it\/?s={search_term_string}"},"query-input":"required name=search_term_string"}],"inLanguage":"it-IT"},{"@type":"Person","@id":"https:\/\/staging.varesenews.it\/#\/schema\/person\/fb20c4da0b7b16c291707a20db73e169","name":"Redazione VareseNews","image":{"@type":"ImageObject","inLanguage":"it-IT","@id":"https:\/\/staging.varesenews.it\/#\/schema\/person\/image\/","url":"https:\/\/staging.varesenews.it\/wp-content\/uploads\/2020\/12\/logo_VN_colori_500.png","contentUrl":"https:\/\/staging.varesenews.it\/wp-content\/uploads\/2020\/12\/logo_VN_colori_500.png","caption":"Redazione VareseNews"},"url":"https:\/\/staging.varesenews.it\/persona\/redazione1\/"}]}},"post_meta":{"id_old":"248482","argomento":"Busto Arsizio","id_link_fotogallery":"301720","video":"317701"},"photos":[],"_links":{"self":[{"href":"https:\/\/staging.varesenews.it\/swgapi\/v1\/wp\/v2\/posts\/74514"}],"collection":[{"href":"https:\/\/staging.varesenews.it\/swgapi\/v1\/wp\/v2\/posts"}],"about":[{"href":"https:\/\/staging.varesenews.it\/swgapi\/v1\/wp\/v2\/types\/post"}],"author":[{"embeddable":true,"href":"https:\/\/staging.varesenews.it\/swgapi\/v1\/wp\/v2\/users\/10"}],"replies":[{"embeddable":true,"href":"https:\/\/staging.varesenews.it\/swgapi\/v1\/wp\/v2\/comments?post=74514"}],"version-history":[{"count":0,"href":"https:\/\/staging.varesenews.it\/swgapi\/v1\/wp\/v2\/posts\/74514\/revisions"}],"wp:attachment":[{"href":"https:\/\/staging.varesenews.it\/swgapi\/v1\/wp\/v2\/media?parent=74514"}],"wp:term":[{"taxonomy":"category","embeddable":true,"href":"https:\/\/staging.varesenews.it\/swgapi\/v1\/wp\/v2\/categories?post=74514"},{"taxonomy":"post_tag","embeddable":true,"href":"https:\/\/staging.varesenews.it\/swgapi\/v1\/wp\/v2\/tags?post=74514"}],"curies":[{"name":"wp","href":"https:\/\/api.w.org\/{rel}","templated":true}]}}