{"id":745171,"date":"2018-08-28T11:51:51","date_gmt":"2018-08-28T09:51:51","guid":{"rendered":"http:\/\/www.varesenews.it\/?p=745171"},"modified":"2018-08-28T11:51:51","modified_gmt":"2018-08-28T09:51:51","slug":"ciao-iolanda-guerriera-amica-mia","status":"publish","type":"post","link":"https:\/\/staging.varesenews.it\/2018\/08\/ciao-iolanda-guerriera-amica-mia\/745171\/","title":{"rendered":"Ciao Iolanda, guerriera e amica mia!"},"content":{"rendered":"<p><em>Volentieri pubblichiamo il ricordo di <a href=\"http:\/\/www.varesenews.it\/2018\/08\/e-morta-iolanda-nanni-deputata-del-movimento-5-stelle\/745095\/\">Iolanda Nanni <\/a>che Raffaele Cattaneo, assessore all&#8217;Ambiente di Regione Lombardia, ha pubblicato oggi sul <a href=\"https:\/\/www.facebook.com\/raffaele.cattaneo.50\">suo profilo Facebook .<\/a><\/em><\/p>\n<p>Ieri in serata \u00e8 mancata Iolanda Nanni, parlamentare del M5S e fino allo scorso marzo Consigliere Regionale in Lombardia. Prima ancora rappresentante dei pendolari della provincia di Pavia.<\/p>\n<p><strong>La voglio ricordare con particolare affetto<\/strong>. Come sanno in molti io e Iolanda abbiamo avuto scontri memorabili, sia quando ero Assessore ai Trasporti e lei esponente del comitato pendolari, ancor di pi\u00f9 in Consiglio Regionale. Notoriamente su molti temi la pensavamo in modo diametralmente opposto.<br \/>\nDunque non \u00e8 certo per affinit\u00e0 elettive n\u00e9 per vicinanza politica che ne piango la morte, sinceramente addolorato, e che sento il desiderio di ricordarla anche pubblicamente. Certamente rendo omaggio alla politica combattiva, che non faceva sconti e non mollava mai, con una forza e una combattivit\u00e0 che tutti le riconoscevano. Ma c\u2019\u00e9 un livello pi\u00f9 profondo.<br \/>\nDurante i lunghi mesi di una malattia tanto aggressiva quanto improvvisa, che sembrava voler vincere la partita contro la sua vita in poche settimane, <strong>Iolanda non solo ha combattuto con forza straordinaria, ma ha desiderato la vita nella sua forma pi\u00f9 profonda<\/strong>, quella di un significato pi\u00f9 vero e capace di dare un senso a tutto.<br \/>\nIn questa fase drammatica ci siamo ritrovati innanzitutto come persone, che condividono lo stesso desiderio di bene e di senso.<br \/>\nIl rapporto con lei, pur limitato a un certo numero di messaggi e conversazioni WA e a un paio di visite (nelle ultime settimane aveva manifestato attraverso la sua famiglia il desiderio di non ricevere pi\u00f9 visite), <strong>era arrivato al livello pi\u00f9 profondo del nostro essere persone<\/strong>. Quel livello che ci accomuna tutti e che supera ogni divisione politica o di idee. L\u00ec ho scoperto quanto Iolanda avesse un cuore grande e come il suo desiderio di verit\u00e0 e bene fosse profondo e sincero, anche quando prendeva forme che non condividevo e che oggettivamente ci vedevano su posizioni diverse.<br \/>\nNel rapporto con lei ho imparato a rispettare di pi\u00f9 le posizioni di chi condivide le sue valutazioni e a guardare il M5S in modo meno pregiudiziale. <strong>Ma soprattutto che il vero livello di una rapporto umano \u00e8 quello pi\u00f9 profondo, che ci accomuna tutti,<\/strong> nell\u2019evidenza della forza di certe domande ultime e nella ricerca di una risposta vera, cio\u00e8 corrispondente alla grandezza del nostro desiderio di significato. Alcuni segni mi hanno fatto ritenere che in questa dolorosa vicenda Iolanda si sia avvicinata alla fede. Non so se sia proprio cos\u00ec e non voglio certamente strumentalizzare una ricerca personale che merita ogni rispetto. Me lo auguro, perch\u00e9 un cuore grande come il suo merita certo l\u2019abbraccio con Chi di ogni giustizia, verit\u00e0 e bellezza \u00e8 l\u2019origine e il destino. Un abbraccio che in ogni caso lei oggi ha potuto incontrare.<br \/>\n<strong>Ciao Iolanda, guerriera e amica mia!<\/strong> perdona tutte le volte che ti ho guardato solo come un\u2019avversaria e non come una persona con un cuore grande cos\u00ec. Vorrei essere sempre capace di quello sguardo sulla vita che ho visto nei tuoi occhi nei nostri ultimi incontri. So che da dove sei ora non mancher\u00e0 il tuo aiuto. Ti abbraccio forte. A Dio Iolanda!<\/p>\n<p><iframe loading=\"lazy\" style=\"border: none; overflow: hidden;\" src=\"https:\/\/www.facebook.com\/plugins\/post.php?href=https%3A%2F%2Fwww.facebook.com%2Fraffaele.cattaneo.50%2Fposts%2F992307474283041&amp;width=500\" width=\"500\" height=\"550\" frameborder=\"0\" scrolling=\"no\"><\/iframe><\/p>\n","protected":false},"excerpt":{"rendered":"<p>Il commosso ricordo di Raffaele Cattaneo: da &#8220;rivali&#8221; in politica ad amici sinceri che hanno condiviso momenti di vita importanti<\/p>\n","protected":false},"author":49,"featured_media":0,"comment_status":"open","ping_status":"open","sticky":false,"template":"","format":"standard","meta":{"footnotes":""},"categories":[7],"tags":[89729,532],"acf":[],"yoast_head":"<!-- This site is optimized with the Yoast SEO plugin v20.1 - https:\/\/yoast.com\/wordpress\/plugins\/seo\/ -->\n<title>Ciao Iolanda, guerriera e amica mia!<\/title>\n<meta name=\"description\" content=\"Il commosso ricordo di Raffaele Cattaneo: da &quot;rivali&quot; in politica ad amici sinceri che hanno condiviso momenti di vita importanti\" \/>\n<meta name=\"robots\" content=\"noindex, follow, max-snippet:-1, max-image-preview:large, max-video-preview:-1\" \/>\n<meta property=\"og:locale\" content=\"it_IT\" \/>\n<meta property=\"og:type\" content=\"article\" \/>\n<meta property=\"og:title\" content=\"Ciao Iolanda, guerriera e amica mia!\" \/>\n<meta property=\"og:description\" content=\"Il commosso ricordo di Raffaele Cattaneo: da &quot;rivali&quot; in politica ad amici sinceri che hanno condiviso momenti di vita importanti\" \/>\n<meta property=\"og:url\" content=\"https:\/\/staging.varesenews.it\/2018\/08\/ciao-iolanda-guerriera-amica-mia\/745171\/\" \/>\n<meta property=\"og:site_name\" content=\"VareseNews\" \/>\n<meta property=\"article:publisher\" content=\"https:\/\/www.facebook.com\/varesenews\" \/>\n<meta property=\"article:author\" content=\"https:\/\/www.facebook.com\/roberta.bertolini.9\" \/>\n<meta property=\"article:published_time\" content=\"2018-08-28T09:51:51+00:00\" \/>\n<meta name=\"author\" content=\"Roberta Bertolini\" \/>\n<meta name=\"twitter:card\" content=\"summary_large_image\" \/>\n<meta name=\"twitter:creator\" content=\"@robybertolini\" \/>\n<meta name=\"twitter:site\" content=\"@varesenews\" \/>\n<meta name=\"twitter:label1\" content=\"Scritto da\" \/>\n\t<meta name=\"twitter:data1\" content=\"Roberta Bertolini\" \/>\n\t<meta name=\"twitter:label2\" content=\"Tempo di lettura stimato\" \/>\n\t<meta name=\"twitter:data2\" content=\"3 minuti\" \/>\n<script type=\"application\/ld+json\" class=\"yoast-schema-graph\">{\"@context\":\"https:\/\/schema.org\",\"@graph\":[{\"@type\":\"WebPage\",\"@id\":\"https:\/\/staging.varesenews.it\/2018\/08\/ciao-iolanda-guerriera-amica-mia\/745171\/\",\"url\":\"https:\/\/staging.varesenews.it\/2018\/08\/ciao-iolanda-guerriera-amica-mia\/745171\/\",\"name\":\"Ciao Iolanda, guerriera e amica mia!\",\"isPartOf\":{\"@id\":\"https:\/\/staging.varesenews.it\/#website\"},\"datePublished\":\"2018-08-28T09:51:51+00:00\",\"dateModified\":\"2018-08-28T09:51:51+00:00\",\"author\":{\"@id\":\"https:\/\/staging.varesenews.it\/#\/schema\/person\/58fbd3e567d5c00f0a64d5137fef3e68\"},\"description\":\"Il commosso ricordo di Raffaele Cattaneo: da \\\"rivali\\\" in politica ad amici sinceri che hanno condiviso momenti di vita importanti\",\"breadcrumb\":{\"@id\":\"https:\/\/staging.varesenews.it\/2018\/08\/ciao-iolanda-guerriera-amica-mia\/745171\/#breadcrumb\"},\"inLanguage\":\"it-IT\",\"potentialAction\":[{\"@type\":\"ReadAction\",\"target\":[\"https:\/\/staging.varesenews.it\/2018\/08\/ciao-iolanda-guerriera-amica-mia\/745171\/\"]}]},{\"@type\":\"BreadcrumbList\",\"@id\":\"https:\/\/staging.varesenews.it\/2018\/08\/ciao-iolanda-guerriera-amica-mia\/745171\/#breadcrumb\",\"itemListElement\":[{\"@type\":\"ListItem\",\"position\":1,\"name\":\"Home\",\"item\":\"https:\/\/www.varesenews.it\/\"},{\"@type\":\"ListItem\",\"position\":2,\"name\":\"Ciao Iolanda, guerriera e amica mia!\"}]},{\"@type\":\"WebSite\",\"@id\":\"https:\/\/staging.varesenews.it\/#website\",\"url\":\"https:\/\/staging.varesenews.it\/\",\"name\":\"VareseNews\",\"description\":\"\",\"potentialAction\":[{\"@type\":\"SearchAction\",\"target\":{\"@type\":\"EntryPoint\",\"urlTemplate\":\"https:\/\/staging.varesenews.it\/?s={search_term_string}\"},\"query-input\":\"required name=search_term_string\"}],\"inLanguage\":\"it-IT\"},{\"@type\":\"Person\",\"@id\":\"https:\/\/staging.varesenews.it\/#\/schema\/person\/58fbd3e567d5c00f0a64d5137fef3e68\",\"name\":\"Roberta Bertolini\",\"image\":{\"@type\":\"ImageObject\",\"inLanguage\":\"it-IT\",\"@id\":\"https:\/\/staging.varesenews.it\/#\/schema\/person\/image\/\",\"url\":\"https:\/\/staging.varesenews.it\/wp-content\/uploads\/2020\/12\/roberta_bertolini_colori_500.jpg\",\"contentUrl\":\"https:\/\/staging.varesenews.it\/wp-content\/uploads\/2020\/12\/roberta_bertolini_colori_500.jpg\",\"caption\":\"Roberta Bertolini\"},\"description\":\"Giornalista professionista dal 1991, sono passata, ormai molti anni fa, dalla carta al web. Oggi mi occupo di cronaca locale e guardo con curiosit&agrave; ed attenzione il mondo dei social. Parlo poco, ascolto molto.\",\"sameAs\":[\"https:\/\/www.facebook.com\/roberta.bertolini.9\",\"bettabertolini\",\"https:\/\/www.linkedin.com\/hp\/?dnr=v9e-Gp7a6_oxqTuQyZA0Lf4aEi4t91g6wMH\",\"https:\/\/twitter.com\/robybertolini\"],\"url\":\"https:\/\/staging.varesenews.it\/persona\/roberta-bertolini1\/\"}]}<\/script>\n<!-- \/ Yoast SEO plugin. -->","yoast_head_json":{"title":"Ciao Iolanda, guerriera e amica mia!","description":"Il commosso ricordo di Raffaele Cattaneo: da \"rivali\" in politica ad amici sinceri che hanno condiviso momenti di vita importanti","robots":{"index":"noindex","follow":"follow","max-snippet":"max-snippet:-1","max-image-preview":"max-image-preview:large","max-video-preview":"max-video-preview:-1"},"og_locale":"it_IT","og_type":"article","og_title":"Ciao Iolanda, guerriera e amica mia!","og_description":"Il commosso ricordo di Raffaele Cattaneo: da \"rivali\" in politica ad amici sinceri che hanno condiviso momenti di vita importanti","og_url":"https:\/\/staging.varesenews.it\/2018\/08\/ciao-iolanda-guerriera-amica-mia\/745171\/","og_site_name":"VareseNews","article_publisher":"https:\/\/www.facebook.com\/varesenews","article_author":"https:\/\/www.facebook.com\/roberta.bertolini.9","article_published_time":"2018-08-28T09:51:51+00:00","author":"Roberta Bertolini","twitter_card":"summary_large_image","twitter_creator":"@robybertolini","twitter_site":"@varesenews","twitter_misc":{"Scritto da":"Roberta Bertolini","Tempo di lettura stimato":"3 minuti"},"schema":{"@context":"https:\/\/schema.org","@graph":[{"@type":"WebPage","@id":"https:\/\/staging.varesenews.it\/2018\/08\/ciao-iolanda-guerriera-amica-mia\/745171\/","url":"https:\/\/staging.varesenews.it\/2018\/08\/ciao-iolanda-guerriera-amica-mia\/745171\/","name":"Ciao Iolanda, guerriera e amica mia!","isPartOf":{"@id":"https:\/\/staging.varesenews.it\/#website"},"datePublished":"2018-08-28T09:51:51+00:00","dateModified":"2018-08-28T09:51:51+00:00","author":{"@id":"https:\/\/staging.varesenews.it\/#\/schema\/person\/58fbd3e567d5c00f0a64d5137fef3e68"},"description":"Il commosso ricordo di Raffaele Cattaneo: da \"rivali\" in politica ad amici sinceri che hanno condiviso momenti di vita importanti","breadcrumb":{"@id":"https:\/\/staging.varesenews.it\/2018\/08\/ciao-iolanda-guerriera-amica-mia\/745171\/#breadcrumb"},"inLanguage":"it-IT","potentialAction":[{"@type":"ReadAction","target":["https:\/\/staging.varesenews.it\/2018\/08\/ciao-iolanda-guerriera-amica-mia\/745171\/"]}]},{"@type":"BreadcrumbList","@id":"https:\/\/staging.varesenews.it\/2018\/08\/ciao-iolanda-guerriera-amica-mia\/745171\/#breadcrumb","itemListElement":[{"@type":"ListItem","position":1,"name":"Home","item":"https:\/\/www.varesenews.it\/"},{"@type":"ListItem","position":2,"name":"Ciao Iolanda, guerriera e amica mia!"}]},{"@type":"WebSite","@id":"https:\/\/staging.varesenews.it\/#website","url":"https:\/\/staging.varesenews.it\/","name":"VareseNews","description":"","potentialAction":[{"@type":"SearchAction","target":{"@type":"EntryPoint","urlTemplate":"https:\/\/staging.varesenews.it\/?s={search_term_string}"},"query-input":"required name=search_term_string"}],"inLanguage":"it-IT"},{"@type":"Person","@id":"https:\/\/staging.varesenews.it\/#\/schema\/person\/58fbd3e567d5c00f0a64d5137fef3e68","name":"Roberta Bertolini","image":{"@type":"ImageObject","inLanguage":"it-IT","@id":"https:\/\/staging.varesenews.it\/#\/schema\/person\/image\/","url":"https:\/\/staging.varesenews.it\/wp-content\/uploads\/2020\/12\/roberta_bertolini_colori_500.jpg","contentUrl":"https:\/\/staging.varesenews.it\/wp-content\/uploads\/2020\/12\/roberta_bertolini_colori_500.jpg","caption":"Roberta Bertolini"},"description":"Giornalista professionista dal 1991, sono passata, ormai molti anni fa, dalla carta al web. Oggi mi occupo di cronaca locale e guardo con curiosit&agrave; ed attenzione il mondo dei social. Parlo poco, ascolto molto.","sameAs":["https:\/\/www.facebook.com\/roberta.bertolini.9","bettabertolini","https:\/\/www.linkedin.com\/hp\/?dnr=v9e-Gp7a6_oxqTuQyZA0Lf4aEi4t91g6wMH","https:\/\/twitter.com\/robybertolini"],"url":"https:\/\/staging.varesenews.it\/persona\/roberta-bertolini1\/"}]}},"post_meta":{"_edit_lock":"1535451711:49","_edit_last":"49","_category_permalink":"a:1:{s:8:\"category\";s:0:\"\";}","foto":"691373","firma_come_redazione":"1","argomento":"Milano","_yoast_wpseo_content_score":"30","_jd_tweet_this":"yes","ratings_users":"0","ratings_score":"0","ratings_average":"0","_wpt_short_url":"http:\/\/www.varesenews.it\/2018\/08\/ciao-iolanda-guerriera-amica-mia\/745171\/","_wp_jd_target":"http:\/\/www.varesenews.it\/2018\/08\/ciao-iolanda-guerriera-amica-mia\/745171\/","_jd_wp_twitter":"a:1:{i:0;s:123:\"Ciao Iolanda, guerriera e amica mia! http:\/\/www.varesenews.it\/2018\/08\/ciao-iolanda-guerriera-amica-mia\/745171\/ #IonadaNanni\";}","_wpt_status_message":"Tweet inviato con successo."},"photos":[{"original":"https:\/\/staging.varesenews.it\/photogallery_new\/images\/2018\/08\/generico-2018-691373.jpg","full":"https:\/\/staging.varesenews.it\/photogallery_new\/images\/2018\/08\/generico-2018-691373.1024x768.jpg","large":"https:\/\/staging.varesenews.it\/photogallery_new\/images\/2018\/08\/generico-2018-691373.610x431.jpg"}],"_links":{"self":[{"href":"https:\/\/staging.varesenews.it\/swgapi\/v1\/wp\/v2\/posts\/745171"}],"collection":[{"href":"https:\/\/staging.varesenews.it\/swgapi\/v1\/wp\/v2\/posts"}],"about":[{"href":"https:\/\/staging.varesenews.it\/swgapi\/v1\/wp\/v2\/types\/post"}],"author":[{"embeddable":true,"href":"https:\/\/staging.varesenews.it\/swgapi\/v1\/wp\/v2\/users\/49"}],"replies":[{"embeddable":true,"href":"https:\/\/staging.varesenews.it\/swgapi\/v1\/wp\/v2\/comments?post=745171"}],"version-history":[{"count":0,"href":"https:\/\/staging.varesenews.it\/swgapi\/v1\/wp\/v2\/posts\/745171\/revisions"}],"wp:attachment":[{"href":"https:\/\/staging.varesenews.it\/swgapi\/v1\/wp\/v2\/media?parent=745171"}],"wp:term":[{"taxonomy":"category","embeddable":true,"href":"https:\/\/staging.varesenews.it\/swgapi\/v1\/wp\/v2\/categories?post=745171"},{"taxonomy":"post_tag","embeddable":true,"href":"https:\/\/staging.varesenews.it\/swgapi\/v1\/wp\/v2\/tags?post=745171"}],"curies":[{"name":"wp","href":"https:\/\/api.w.org\/{rel}","templated":true}]}}