{"id":749727,"date":"2018-09-14T11:18:31","date_gmt":"2018-09-14T09:18:31","guid":{"rendered":"https:\/\/www.varesenews.it\/?p=749727"},"modified":"2018-09-14T11:18:31","modified_gmt":"2018-09-14T09:18:31","slug":"marketing-territoriale-si-puo-anche-sonetti","status":"publish","type":"post","link":"https:\/\/staging.varesenews.it\/2018\/09\/marketing-territoriale-si-puo-anche-sonetti\/749727\/","title":{"rendered":"&#8220;Il marketing territoriale? Si pu\u00f2 fare a anche con i sonetti&#8221;"},"content":{"rendered":"<p><a href=\"https:\/\/www.varesenews.it\/2018\/09\/scrivi-lamore-posa-delle-piastrelle-un-premio-francesco-alfredo-salvi\/749419\/\">Con la quinta cerimonia della posa della piastrella<\/a>\u00a0si chiude ufficialmente <strong>l&#8217;undicesima edizione del Premio &#8220;Scrivi l&#8217;amore&#8221;<\/strong>, organizzato dall&#8217;Associazione culturale Amici di Mario Berrino di Ispra con il patrocinio dell&#8217;amministrazione comunale di Ispra, della biblioteca\u00a0 e del Centro Studi Mario Pannunzio di Torino, della Fondazione Mario Berrino per il Muretto di Alassio e del Residence Millenium.<\/p>\n<p>La nuova edizione della rassegna culturale <strong>avr\u00e0 ufficialmente inizio sabato 15 settembre e l&#8217;invio delle opere in concorso si chiuder\u00e0 il 27 gennaio 2019.<\/strong><\/p>\n<p>Un nuovo traguardo importante per questa iniziativa che ha visto negli anni una crescita costante delle proposte in programma ma anche della partecipazione del pubblico e dei contributi inviati.<\/p>\n<p>Molti i personaggi celebri che hanno accompagnato il concorso letterario: il <strong>Maestro Mario Berrino<\/strong>, che ha curato la manifestazione dalla sua nascita e a cui \u00e8 dedicata, <strong>Claudio Lippi<\/strong>, in veste di padrino e i <strong>fratelli Salvi premiati quest&#8217;anno per la loro carriera artistica.<\/strong><\/p>\n<p>&#8220;Scrivi l&#8217;amore&#8221; riceve ogni anno centinaia di contributi da tutta Italia e anche dall&#8217;estero, un vero successo per una manifestazione nata in un piccolo comune, frutto dell&#8217;entusiasmo dei suoi promotori e dalla passione per la cultura, la scrittura e la bellezza.<\/p>\n<p><strong>A Davide Pagani, patron e ideatore del premio, chiediamo come valutate il percorso fatto finora?\u00a0<\/strong><br \/>\n\u00abNel corso degli anni la manifestazione si \u00e8 sviluppata fino a raggiungere tutte le regioni d\u2019Italia e 10 stati non solo europei: siamo molto soddisfatti che, la poesia e\u00a0 la cultura siano stati un veicolo di maggior conoscenza sia del nome di Ispra che del Lago Maggiore assieme a\u00a0 quello del Maestro Mario Berrino. Un altro aspetto fondamentale \u00e8 stato quello del rapporto sempre pi\u00f9 stretto instaurato con i molti partners privati che ci hanno sostenuto e ci supportano tuttora, oltre che il legame sia con la famiglia Berrino che con la Citt\u00e0 di Alassio. Un rapporto quello con la Citt\u00e0 del Muretto che permane e si rafforza come confermatoci recentemente nel corso dell\u2019incontro avuto con il nuovo sindaco Marco Melgrati. Siamo soddisfatti per il percorso fatto e, per questo, ringrazio il direttivo dell\u2019associazione, il comitato artistico, la giuria e gli scrittori ricordando uno dei capisaldi che contraddistingue l\u2019evoluzione della rassegna ovvero \u201cinnovare nella tradizione\u201d\u00bb.<\/p>\n<p><strong>Il premio, pronto per la sua dodicesima edizione, \u00e8 &#8220;pi\u00f9 maturo&#8221; ma ha ancora molta strada da fare. Cosa pensate per il futuro? Quali sviluppi vi augurate?\u00a0<\/strong><br \/>\n\u00abL\u2019augurio \u00e8 che la dodicesima edizione possa essere ancora pi\u00f9 entusiasmante ed emozionante rispetto alle undici precedenti: in realt\u00e0 ciascuna delle edizioni ha sempre avuto qualcosa di innovativo ma con lo sguardo gi\u00e0 rivolto a quello che si sarebbe potuto fare per migliorare, implementare e rendere maggiormente significativa, di anno in anno, la kermesse. Personalmente spererei di poter trovare un main media partner che possa unirsi assieme agli altri amici che ci supportano e di creare sinergie che possano consentire un maggior sviluppo culturale e turistico sia della rassegna che di Ispra e dell\u2019area del Lago Maggiore detta \u201cLa Costa Fiorita\u201d. Fare rete attraverso la cultura \u00e8 possibile lo si \u00e8 dimostrato con una costante crescita di scrittori italiani che hanno aderito a \u201cScrivi l\u2019amore\u201d. Il nostro obiettivo \u00e8 valorizzare la manifestazione oltre che come veicolo di cultura, poesia e scrittura come strumento di marketing territoriale. Sotto quest\u2019aspetto ritengo ci sia molta strada ancora da fare ma l\u2019entusiasmo e la determinazione da parte dell\u2019associazione e mia non mancano\u00bb.<\/p>\n<p><strong>Quali sono le novit\u00e0, se ci saranno, della dodicesima edizione?\u00a0<\/strong><br \/>\n\u00abLa dodicesima edizione della rassegna sar\u00e0 molto classica per quanto attiene al regolamento e si porr\u00e0, in modo deciso, nel solco dell\u2019undicesima che aveva gi\u00e0 visto l\u2019introduzione della prima edizione del Premio della Critica dedicato al Maestro Giovanni Seveso. Ci saranno ovviamente dei cambiamenti che stiamo gi\u00e0 approntando con il Comitato Artistico per quello che sar\u00e0 lo svolgimento della dodicesima finale il prossimo 10 febbraio. Un\u2019altra novit\u00e0 che ci attender\u00e0 sar\u00e0 quella di dare un ulteriore slancio, dal 2019, allo spin off di \u201cScrivi l\u2019amore\u201d ovvero alla seconda edizione del Premio Mario Berrino-Le Arti la cui prima edizione, dedicata ai paesaggi di lago e di mare, si \u00e8 conclusa lo scorso 31 agosto con i vincitori che verranno premiati domenica 16 settembre\u00bb.<\/p>\n","protected":false},"excerpt":{"rendered":"<p>Undici edizioni alle spalle, centinaia di partecipanti da tutta Italia e non solo: un bilancio del cammino percorso finora dal premio &#8220;Scrivi l&#8217;amore &#8211; Mario Berrino&#8221;<\/p>\n","protected":false},"author":43,"featured_media":0,"comment_status":"open","ping_status":"open","sticky":false,"template":"","format":"standard","meta":{"footnotes":""},"categories":[18,21,46,2],"tags":[15048,60896,41496,51945],"acf":[],"yoast_head":"<!-- This site is optimized with the Yoast SEO plugin v20.1 - https:\/\/yoast.com\/wordpress\/plugins\/seo\/ -->\n<title>&quot;Il marketing territoriale? Si pu\u00f2 fare a anche con i sonetti&quot;<\/title>\n<meta name=\"description\" content=\"Undici edizioni alle spalle, centinaia di partecipanti da tutta Italia e non solo: un bilancio del cammino percorso finora dal premio &quot;Scrivi l&#039;amore - Mario Berrino&quot;\" \/>\n<meta name=\"robots\" content=\"noindex, follow, max-snippet:-1, max-image-preview:large, max-video-preview:-1\" \/>\n<meta property=\"og:locale\" content=\"it_IT\" \/>\n<meta property=\"og:type\" content=\"article\" \/>\n<meta property=\"og:title\" content=\"&quot;Il marketing territoriale? Si pu\u00f2 fare a anche con i sonetti&quot;\" \/>\n<meta property=\"og:description\" content=\"Undici edizioni alle spalle, centinaia di partecipanti da tutta Italia e non solo: un bilancio del cammino percorso finora dal premio &quot;Scrivi l&#039;amore - Mario Berrino&quot;\" \/>\n<meta property=\"og:url\" content=\"https:\/\/staging.varesenews.it\/2018\/09\/marketing-territoriale-si-puo-anche-sonetti\/749727\/\" \/>\n<meta property=\"og:site_name\" content=\"VareseNews\" \/>\n<meta property=\"article:publisher\" content=\"https:\/\/www.facebook.com\/varesenews\" \/>\n<meta property=\"article:author\" content=\"https:\/\/www.facebook.com\/mariacarla.cebrelli\" \/>\n<meta property=\"article:published_time\" content=\"2018-09-14T09:18:31+00:00\" \/>\n<meta name=\"author\" content=\"Maria Carla Cebrelli\" \/>\n<meta name=\"twitter:card\" content=\"summary_large_image\" \/>\n<meta name=\"twitter:creator\" content=\"@pikapiketti\" \/>\n<meta name=\"twitter:site\" content=\"@varesenews\" \/>\n<meta name=\"twitter:label1\" content=\"Scritto da\" \/>\n\t<meta name=\"twitter:data1\" content=\"Maria Carla Cebrelli\" \/>\n\t<meta name=\"twitter:label2\" content=\"Tempo di lettura stimato\" \/>\n\t<meta name=\"twitter:data2\" content=\"3 minuti\" \/>\n<script type=\"application\/ld+json\" class=\"yoast-schema-graph\">{\"@context\":\"https:\/\/schema.org\",\"@graph\":[{\"@type\":\"WebPage\",\"@id\":\"https:\/\/staging.varesenews.it\/2018\/09\/marketing-territoriale-si-puo-anche-sonetti\/749727\/\",\"url\":\"https:\/\/staging.varesenews.it\/2018\/09\/marketing-territoriale-si-puo-anche-sonetti\/749727\/\",\"name\":\"\\\"Il marketing territoriale? Si pu\u00f2 fare a anche con i sonetti\\\"\",\"isPartOf\":{\"@id\":\"https:\/\/staging.varesenews.it\/#website\"},\"datePublished\":\"2018-09-14T09:18:31+00:00\",\"dateModified\":\"2018-09-14T09:18:31+00:00\",\"author\":{\"@id\":\"https:\/\/staging.varesenews.it\/#\/schema\/person\/5bf790e99d7ec50061119cc825c454de\"},\"description\":\"Undici edizioni alle spalle, centinaia di partecipanti da tutta Italia e non solo: un bilancio del cammino percorso finora dal premio \\\"Scrivi l'amore - Mario Berrino\\\"\",\"breadcrumb\":{\"@id\":\"https:\/\/staging.varesenews.it\/2018\/09\/marketing-territoriale-si-puo-anche-sonetti\/749727\/#breadcrumb\"},\"inLanguage\":\"it-IT\",\"potentialAction\":[{\"@type\":\"ReadAction\",\"target\":[\"https:\/\/staging.varesenews.it\/2018\/09\/marketing-territoriale-si-puo-anche-sonetti\/749727\/\"]}]},{\"@type\":\"BreadcrumbList\",\"@id\":\"https:\/\/staging.varesenews.it\/2018\/09\/marketing-territoriale-si-puo-anche-sonetti\/749727\/#breadcrumb\",\"itemListElement\":[{\"@type\":\"ListItem\",\"position\":1,\"name\":\"Home\",\"item\":\"https:\/\/www.varesenews.it\/\"},{\"@type\":\"ListItem\",\"position\":2,\"name\":\"&#8220;Il marketing territoriale? Si pu\u00f2 fare a anche con i sonetti&#8221;\"}]},{\"@type\":\"WebSite\",\"@id\":\"https:\/\/staging.varesenews.it\/#website\",\"url\":\"https:\/\/staging.varesenews.it\/\",\"name\":\"VareseNews\",\"description\":\"\",\"potentialAction\":[{\"@type\":\"SearchAction\",\"target\":{\"@type\":\"EntryPoint\",\"urlTemplate\":\"https:\/\/staging.varesenews.it\/?s={search_term_string}\"},\"query-input\":\"required name=search_term_string\"}],\"inLanguage\":\"it-IT\"},{\"@type\":\"Person\",\"@id\":\"https:\/\/staging.varesenews.it\/#\/schema\/person\/5bf790e99d7ec50061119cc825c454de\",\"name\":\"Maria Carla Cebrelli\",\"image\":{\"@type\":\"ImageObject\",\"inLanguage\":\"it-IT\",\"@id\":\"https:\/\/staging.varesenews.it\/#\/schema\/person\/image\/\",\"url\":\"https:\/\/staging.varesenews.it\/wp-content\/uploads\/2020\/12\/mariacarla_cebrelli_colori_500-1.jpg\",\"contentUrl\":\"https:\/\/staging.varesenews.it\/wp-content\/uploads\/2020\/12\/mariacarla_cebrelli_colori_500-1.jpg\",\"caption\":\"Maria Carla Cebrelli\"},\"description\":\"Economista di formazione, giornalista per passione. A VareseNews dal 2005, mi sono occupata negli anni di universit&agrave;, tematiche di confine, news locali e comunicazione nel settore sociale. Attualmente sono responsabile di VerbanoNews, del canale di VareseNews dedicato al Turismo e seguo i social dell'area business.\",\"sameAs\":[\"https:\/\/www.facebook.com\/mariacarla.cebrelli\",\"pikapiketti\",\"https:\/\/twitter.com\/pikapiketti\"],\"url\":\"https:\/\/staging.varesenews.it\/persona\/mariacarla-cebrelli1\/\"}]}<\/script>\n<!-- \/ Yoast SEO plugin. -->","yoast_head_json":{"title":"\"Il marketing territoriale? Si pu\u00f2 fare a anche con i sonetti\"","description":"Undici edizioni alle spalle, centinaia di partecipanti da tutta Italia e non solo: un bilancio del cammino percorso finora dal premio \"Scrivi l'amore - Mario Berrino\"","robots":{"index":"noindex","follow":"follow","max-snippet":"max-snippet:-1","max-image-preview":"max-image-preview:large","max-video-preview":"max-video-preview:-1"},"og_locale":"it_IT","og_type":"article","og_title":"\"Il marketing territoriale? Si pu\u00f2 fare a anche con i sonetti\"","og_description":"Undici edizioni alle spalle, centinaia di partecipanti da tutta Italia e non solo: un bilancio del cammino percorso finora dal premio \"Scrivi l'amore - Mario Berrino\"","og_url":"https:\/\/staging.varesenews.it\/2018\/09\/marketing-territoriale-si-puo-anche-sonetti\/749727\/","og_site_name":"VareseNews","article_publisher":"https:\/\/www.facebook.com\/varesenews","article_author":"https:\/\/www.facebook.com\/mariacarla.cebrelli","article_published_time":"2018-09-14T09:18:31+00:00","author":"Maria Carla Cebrelli","twitter_card":"summary_large_image","twitter_creator":"@pikapiketti","twitter_site":"@varesenews","twitter_misc":{"Scritto da":"Maria Carla Cebrelli","Tempo di lettura stimato":"3 minuti"},"schema":{"@context":"https:\/\/schema.org","@graph":[{"@type":"WebPage","@id":"https:\/\/staging.varesenews.it\/2018\/09\/marketing-territoriale-si-puo-anche-sonetti\/749727\/","url":"https:\/\/staging.varesenews.it\/2018\/09\/marketing-territoriale-si-puo-anche-sonetti\/749727\/","name":"\"Il marketing territoriale? Si pu\u00f2 fare a anche con i sonetti\"","isPartOf":{"@id":"https:\/\/staging.varesenews.it\/#website"},"datePublished":"2018-09-14T09:18:31+00:00","dateModified":"2018-09-14T09:18:31+00:00","author":{"@id":"https:\/\/staging.varesenews.it\/#\/schema\/person\/5bf790e99d7ec50061119cc825c454de"},"description":"Undici edizioni alle spalle, centinaia di partecipanti da tutta Italia e non solo: un bilancio del cammino percorso finora dal premio \"Scrivi l'amore - Mario Berrino\"","breadcrumb":{"@id":"https:\/\/staging.varesenews.it\/2018\/09\/marketing-territoriale-si-puo-anche-sonetti\/749727\/#breadcrumb"},"inLanguage":"it-IT","potentialAction":[{"@type":"ReadAction","target":["https:\/\/staging.varesenews.it\/2018\/09\/marketing-territoriale-si-puo-anche-sonetti\/749727\/"]}]},{"@type":"BreadcrumbList","@id":"https:\/\/staging.varesenews.it\/2018\/09\/marketing-territoriale-si-puo-anche-sonetti\/749727\/#breadcrumb","itemListElement":[{"@type":"ListItem","position":1,"name":"Home","item":"https:\/\/www.varesenews.it\/"},{"@type":"ListItem","position":2,"name":"&#8220;Il marketing territoriale? Si pu\u00f2 fare a anche con i sonetti&#8221;"}]},{"@type":"WebSite","@id":"https:\/\/staging.varesenews.it\/#website","url":"https:\/\/staging.varesenews.it\/","name":"VareseNews","description":"","potentialAction":[{"@type":"SearchAction","target":{"@type":"EntryPoint","urlTemplate":"https:\/\/staging.varesenews.it\/?s={search_term_string}"},"query-input":"required name=search_term_string"}],"inLanguage":"it-IT"},{"@type":"Person","@id":"https:\/\/staging.varesenews.it\/#\/schema\/person\/5bf790e99d7ec50061119cc825c454de","name":"Maria Carla Cebrelli","image":{"@type":"ImageObject","inLanguage":"it-IT","@id":"https:\/\/staging.varesenews.it\/#\/schema\/person\/image\/","url":"https:\/\/staging.varesenews.it\/wp-content\/uploads\/2020\/12\/mariacarla_cebrelli_colori_500-1.jpg","contentUrl":"https:\/\/staging.varesenews.it\/wp-content\/uploads\/2020\/12\/mariacarla_cebrelli_colori_500-1.jpg","caption":"Maria Carla Cebrelli"},"description":"Economista di formazione, giornalista per passione. A VareseNews dal 2005, mi sono occupata negli anni di universit&agrave;, tematiche di confine, news locali e comunicazione nel settore sociale. Attualmente sono responsabile di VerbanoNews, del canale di VareseNews dedicato al Turismo e seguo i social dell'area business.","sameAs":["https:\/\/www.facebook.com\/mariacarla.cebrelli","pikapiketti","https:\/\/twitter.com\/pikapiketti"],"url":"https:\/\/staging.varesenews.it\/persona\/mariacarla-cebrelli1\/"}]}},"post_meta":{"_edit_lock":"1536916577:43","_edit_last":"43","_category_permalink":"a:1:{s:8:\"category\";s:2:\"18\";}","ratings_users":"0","ratings_score":"0","ratings_average":"0","foto":"211604","firma-personalizzata":"m.c.c.","argomento":"Ispra","_yoast_wpseo_content_score":"30","_jd_tweet_this":"yes","_wpt_short_url":"https:\/\/www.varesenews.it\/2018\/09\/marketing-territoriale-si-puo-anche-sonetti\/749727\/","_wp_jd_target":"https:\/\/www.varesenews.it\/2018\/09\/marketing-territoriale-si-puo-anche-sonetti\/749727\/","_jd_wp_twitter":"a:1:{i:0;s:183:\"\u201cIl marketing territoriale? Si pu\u00f2 fare a anche con i sonetti\u201d https:\/\/www.varesenews.it\/2018\/09\/marketing-territoriale-si-puo-anche-sonetti\/749727\/ #alassio #ispra #scrivilamore\";}","_wpt_status_message":"Tweet inviato con successo."},"photos":[{"original":"https:\/\/staging.varesenews.it\/photogallery_new\/images\/2011\/08\/berrino-211604.jpg","full":"https:\/\/staging.varesenews.it\/photogallery_new\/images\/2011\/08\/berrino-211604.1024x768.jpg","large":"https:\/\/staging.varesenews.it\/photogallery_new\/images\/2011\/08\/berrino-211604.610x431.jpg"}],"_links":{"self":[{"href":"https:\/\/staging.varesenews.it\/swgapi\/v1\/wp\/v2\/posts\/749727"}],"collection":[{"href":"https:\/\/staging.varesenews.it\/swgapi\/v1\/wp\/v2\/posts"}],"about":[{"href":"https:\/\/staging.varesenews.it\/swgapi\/v1\/wp\/v2\/types\/post"}],"author":[{"embeddable":true,"href":"https:\/\/staging.varesenews.it\/swgapi\/v1\/wp\/v2\/users\/43"}],"replies":[{"embeddable":true,"href":"https:\/\/staging.varesenews.it\/swgapi\/v1\/wp\/v2\/comments?post=749727"}],"version-history":[{"count":0,"href":"https:\/\/staging.varesenews.it\/swgapi\/v1\/wp\/v2\/posts\/749727\/revisions"}],"wp:attachment":[{"href":"https:\/\/staging.varesenews.it\/swgapi\/v1\/wp\/v2\/media?parent=749727"}],"wp:term":[{"taxonomy":"category","embeddable":true,"href":"https:\/\/staging.varesenews.it\/swgapi\/v1\/wp\/v2\/categories?post=749727"},{"taxonomy":"post_tag","embeddable":true,"href":"https:\/\/staging.varesenews.it\/swgapi\/v1\/wp\/v2\/tags?post=749727"}],"curies":[{"name":"wp","href":"https:\/\/api.w.org\/{rel}","templated":true}]}}