{"id":749789,"date":"2018-09-14T13:10:44","date_gmt":"2018-09-14T11:10:44","guid":{"rendered":"https:\/\/www.varesenews.it\/?p=749789"},"modified":"2018-09-14T13:10:44","modified_gmt":"2018-09-14T11:10:44","slug":"presente-passato-futuro-villa-bagatti-valsecchi","status":"publish","type":"post","link":"https:\/\/staging.varesenews.it\/2018\/09\/presente-passato-futuro-villa-bagatti-valsecchi\/749789\/","title":{"rendered":"Presente, passato e futuro a Villa Bagatti Valsecchi"},"content":{"rendered":"<p class=\"western\"><strong>Il tema del futuro, del tempo che passa<\/strong> e a cui l\u2019uomo cerca di opporsi <strong>\u00e8 tra i temi principali della mostra internazionale \u201cAvevo vent\u2019anni\u201d.<\/strong> Emblematiche in tal senso sono le opere di due artiste che hanno vinto negli scorsi anni il premio <strong>CRAMUM: Giulia Manfredi e Francesca Piovesan.<\/strong><\/p>\n<p class=\"western\"><strong>Per sempre<\/strong> di<strong> Francesca Piovesan<\/strong> riflette sulla rincorsa umana all\u2019eternit\u00e0, al &#8220;per sempre&#8221;. Un tatuaggio \u00e8 uno dei modi attraverso cui l&#8217;essere umano cerca di far permanere su di s\u00e9 qualcosa che lo accompagni \u201cper sempre\u201d. Invece in alcuni punti del corpo, come sui palmi delle mani e sulle piante dei piedi, anche i tatuaggi posso svanire quasi completamente in breve tempo.<\/p>\n<p class=\"western\"><strong>Giulia Manfredi<\/strong> con <strong>Psicomanzie<\/strong> \u2013 scelta anche come copertina del libro che completa la mostra &#8220;Avr\u00f2 sempre vent&#8217;anni &#8211; rappresenta invece il tentativo dell\u2019uomo di ordinare la realta\u0300 e sopravvivere alla propria finitezza, almeno con le opere e con il ricordo. Il marmo, scolpito su disegni e mappe di giardini all\u2019italiana, racchiude ali di farfalle, provenienti da collezioni dismesse e abbandonate di insetti.<\/p>\n<p class=\"western\">Infine da segnalare tra le opere in mostra quelle di due grandi maestri dell&#8217;arte contemporanea italiana:<strong> Franco Mazzucchelli e Marcello Morandini<\/strong>. Le opere di questi Maestri sono state selezionate in quanto testimoni che il passare del tempo non sia in contrasto con la creativit\u00e0. Come ricorda il curatore<strong> Sabino Maria Frass\u00e0<\/strong> &#8220;Siamo in una societ\u00e0 che rifiuta l&#8217;idea di crescita e maturit\u00e0, credendole in antitesi con la capacit\u00e0 di essere creativi. Eppure Maestri di un tempo come Fontana o di oggi come Morandini e Mazzucchelli, capaci di innovare e accrescere la propria ricerca artistica di continuo, dimostrano che la vera arte contemporanea non \u00e8 una questione anagrafica. L&#8217;arte che rimarr\u00e0 \u00e8 l&#8217;arte che riesce a esser contemporanea al di l\u00e0 del proprio tempo&#8221;.<\/p>\n<p class=\"western\">CRAMUM, Comune di Varedo, Fondazione Cure Onlus e Fondazione la Versiera presentano a Villa Bagatti Valsecchi di Varedo dal 15 al 30 settembre la mostra internazionale &#8220;Avevo 20 anni&#8221; a cura di Sabino Maria Frass\u00e0. La mostra indaga il passare del tempo e l&#8217;inquietudine giovanile e ospita 25 opere di artisti provenienti da Italia, Cina, Corea, Olanda, Polonia: Ivan Barlafante,Yuting Cheng, Alberto di Fabio, Francesco Fossati, Marta Galbusera, Daesung Lee, Giulia Manfredi, Franco Mazzucchelli, Ryts Monet, Marcello Morandini, Maria Teresa Ortoleva, Noa Pane, Francesca Piovesan, Diego Randazzo, Marika Ricchi, Zheng Rong, Andreas Senoner, Rob van den Berg, Maria Wasilewska<\/p>\n","protected":false},"excerpt":{"rendered":"<p>Marcello Morandini e Franco Mazzucchelli ospiti al Premio Internazionale Cramum<\/p>\n","protected":false},"author":36,"featured_media":0,"comment_status":"open","ping_status":"open","sticky":false,"template":"","format":"standard","meta":{"footnotes":""},"categories":[18,7,21],"tags":[158],"acf":[],"yoast_head":"<!-- This site is optimized with the Yoast SEO plugin v20.1 - https:\/\/yoast.com\/wordpress\/plugins\/seo\/ -->\n<title>Presente, passato e futuro a Villa Bagatti Valsecchi<\/title>\n<meta name=\"description\" content=\"Marcello Morandini e Franco Mazzucchelli ospiti al Premio Internazionale Cramum\" \/>\n<meta name=\"robots\" content=\"noindex, follow, max-snippet:-1, max-image-preview:large, max-video-preview:-1\" \/>\n<meta property=\"og:locale\" content=\"it_IT\" \/>\n<meta property=\"og:type\" content=\"article\" \/>\n<meta property=\"og:title\" content=\"Presente, passato e futuro a Villa Bagatti Valsecchi\" \/>\n<meta property=\"og:description\" content=\"Marcello Morandini e Franco Mazzucchelli ospiti al Premio Internazionale Cramum\" \/>\n<meta property=\"og:url\" content=\"https:\/\/staging.varesenews.it\/2018\/09\/presente-passato-futuro-villa-bagatti-valsecchi\/749789\/\" \/>\n<meta property=\"og:site_name\" content=\"VareseNews\" \/>\n<meta property=\"article:publisher\" content=\"https:\/\/www.facebook.com\/varesenews\" \/>\n<meta property=\"article:published_time\" content=\"2018-09-14T11:10:44+00:00\" \/>\n<meta name=\"author\" content=\"Erika La Rosa\" \/>\n<meta name=\"twitter:card\" content=\"summary_large_image\" \/>\n<meta name=\"twitter:creator\" content=\"@twerirosa\" \/>\n<meta name=\"twitter:site\" content=\"@varesenews\" \/>\n<meta name=\"twitter:label1\" content=\"Scritto da\" \/>\n\t<meta name=\"twitter:data1\" content=\"Erika La Rosa\" \/>\n\t<meta name=\"twitter:label2\" content=\"Tempo di lettura stimato\" \/>\n\t<meta name=\"twitter:data2\" content=\"2 minuti\" \/>\n<script type=\"application\/ld+json\" class=\"yoast-schema-graph\">{\"@context\":\"https:\/\/schema.org\",\"@graph\":[{\"@type\":\"WebPage\",\"@id\":\"https:\/\/staging.varesenews.it\/2018\/09\/presente-passato-futuro-villa-bagatti-valsecchi\/749789\/\",\"url\":\"https:\/\/staging.varesenews.it\/2018\/09\/presente-passato-futuro-villa-bagatti-valsecchi\/749789\/\",\"name\":\"Presente, passato e futuro a Villa Bagatti Valsecchi\",\"isPartOf\":{\"@id\":\"https:\/\/staging.varesenews.it\/#website\"},\"datePublished\":\"2018-09-14T11:10:44+00:00\",\"dateModified\":\"2018-09-14T11:10:44+00:00\",\"author\":{\"@id\":\"https:\/\/staging.varesenews.it\/#\/schema\/person\/0512a4cda1d8b4f14c19f86d1016dc18\"},\"description\":\"Marcello Morandini e Franco Mazzucchelli ospiti al Premio Internazionale Cramum\",\"breadcrumb\":{\"@id\":\"https:\/\/staging.varesenews.it\/2018\/09\/presente-passato-futuro-villa-bagatti-valsecchi\/749789\/#breadcrumb\"},\"inLanguage\":\"it-IT\",\"potentialAction\":[{\"@type\":\"ReadAction\",\"target\":[\"https:\/\/staging.varesenews.it\/2018\/09\/presente-passato-futuro-villa-bagatti-valsecchi\/749789\/\"]}]},{\"@type\":\"BreadcrumbList\",\"@id\":\"https:\/\/staging.varesenews.it\/2018\/09\/presente-passato-futuro-villa-bagatti-valsecchi\/749789\/#breadcrumb\",\"itemListElement\":[{\"@type\":\"ListItem\",\"position\":1,\"name\":\"Home\",\"item\":\"https:\/\/www.varesenews.it\/\"},{\"@type\":\"ListItem\",\"position\":2,\"name\":\"Presente, passato e futuro a Villa Bagatti Valsecchi\"}]},{\"@type\":\"WebSite\",\"@id\":\"https:\/\/staging.varesenews.it\/#website\",\"url\":\"https:\/\/staging.varesenews.it\/\",\"name\":\"VareseNews\",\"description\":\"\",\"potentialAction\":[{\"@type\":\"SearchAction\",\"target\":{\"@type\":\"EntryPoint\",\"urlTemplate\":\"https:\/\/staging.varesenews.it\/?s={search_term_string}\"},\"query-input\":\"required name=search_term_string\"}],\"inLanguage\":\"it-IT\"},{\"@type\":\"Person\",\"@id\":\"https:\/\/staging.varesenews.it\/#\/schema\/person\/0512a4cda1d8b4f14c19f86d1016dc18\",\"name\":\"Erika La Rosa\",\"image\":{\"@type\":\"ImageObject\",\"inLanguage\":\"it-IT\",\"@id\":\"https:\/\/staging.varesenews.it\/#\/schema\/person\/image\/\",\"url\":\"https:\/\/staging.varesenews.it\/wp-content\/uploads\/2020\/12\/erika_larosa_colori_500.jpg\",\"contentUrl\":\"https:\/\/staging.varesenews.it\/wp-content\/uploads\/2020\/12\/erika_larosa_colori_500.jpg\",\"caption\":\"Erika La Rosa\"},\"description\":\"Giornalista pubblicista, collaboro con VareseNews dal lontano 1997 quando la redazione piccolissima ma l&rsquo;entusiasmo era tanto e la sfida titanica. Da allora siamo cresciuti, la redazione &egrave; diventata pi&ugrave; grande ma l&rsquo;entusiasmo &egrave; rimato lo stesso. Mi piace guardare il mondo attraverso gli occhi degli artisti, per questo scrivo, leggo e mi nutro di arte seguendo per il giornale le pagine dedicate alle mostre e agli artisti. Ho collaborato con diversi Musei e Istituzioni culturali italiane e svizzere. Da oltre dieci anni mi occupo di strategie e comunicazione sui social media di enti pubblici e privati. Vivo il presente e non dimentico mai che quando c&rsquo;&egrave; una meta, anche il deserto diventa una strada.\",\"sameAs\":[\"https:\/\/www.linkedin.com\/profile\/view?id=93070756&trk=nav_responsive_tab_profile_pic\",\"https:\/\/twitter.com\/twerirosa\"],\"url\":\"https:\/\/staging.varesenews.it\/persona\/erika_larosa\/\"}]}<\/script>\n<!-- \/ Yoast SEO plugin. -->","yoast_head_json":{"title":"Presente, passato e futuro a Villa Bagatti Valsecchi","description":"Marcello Morandini e Franco Mazzucchelli ospiti al Premio Internazionale Cramum","robots":{"index":"noindex","follow":"follow","max-snippet":"max-snippet:-1","max-image-preview":"max-image-preview:large","max-video-preview":"max-video-preview:-1"},"og_locale":"it_IT","og_type":"article","og_title":"Presente, passato e futuro a Villa Bagatti Valsecchi","og_description":"Marcello Morandini e Franco Mazzucchelli ospiti al Premio Internazionale Cramum","og_url":"https:\/\/staging.varesenews.it\/2018\/09\/presente-passato-futuro-villa-bagatti-valsecchi\/749789\/","og_site_name":"VareseNews","article_publisher":"https:\/\/www.facebook.com\/varesenews","article_published_time":"2018-09-14T11:10:44+00:00","author":"Erika La Rosa","twitter_card":"summary_large_image","twitter_creator":"@twerirosa","twitter_site":"@varesenews","twitter_misc":{"Scritto da":"Erika La Rosa","Tempo di lettura stimato":"2 minuti"},"schema":{"@context":"https:\/\/schema.org","@graph":[{"@type":"WebPage","@id":"https:\/\/staging.varesenews.it\/2018\/09\/presente-passato-futuro-villa-bagatti-valsecchi\/749789\/","url":"https:\/\/staging.varesenews.it\/2018\/09\/presente-passato-futuro-villa-bagatti-valsecchi\/749789\/","name":"Presente, passato e futuro a Villa Bagatti Valsecchi","isPartOf":{"@id":"https:\/\/staging.varesenews.it\/#website"},"datePublished":"2018-09-14T11:10:44+00:00","dateModified":"2018-09-14T11:10:44+00:00","author":{"@id":"https:\/\/staging.varesenews.it\/#\/schema\/person\/0512a4cda1d8b4f14c19f86d1016dc18"},"description":"Marcello Morandini e Franco Mazzucchelli ospiti al Premio Internazionale Cramum","breadcrumb":{"@id":"https:\/\/staging.varesenews.it\/2018\/09\/presente-passato-futuro-villa-bagatti-valsecchi\/749789\/#breadcrumb"},"inLanguage":"it-IT","potentialAction":[{"@type":"ReadAction","target":["https:\/\/staging.varesenews.it\/2018\/09\/presente-passato-futuro-villa-bagatti-valsecchi\/749789\/"]}]},{"@type":"BreadcrumbList","@id":"https:\/\/staging.varesenews.it\/2018\/09\/presente-passato-futuro-villa-bagatti-valsecchi\/749789\/#breadcrumb","itemListElement":[{"@type":"ListItem","position":1,"name":"Home","item":"https:\/\/www.varesenews.it\/"},{"@type":"ListItem","position":2,"name":"Presente, passato e futuro a Villa Bagatti Valsecchi"}]},{"@type":"WebSite","@id":"https:\/\/staging.varesenews.it\/#website","url":"https:\/\/staging.varesenews.it\/","name":"VareseNews","description":"","potentialAction":[{"@type":"SearchAction","target":{"@type":"EntryPoint","urlTemplate":"https:\/\/staging.varesenews.it\/?s={search_term_string}"},"query-input":"required name=search_term_string"}],"inLanguage":"it-IT"},{"@type":"Person","@id":"https:\/\/staging.varesenews.it\/#\/schema\/person\/0512a4cda1d8b4f14c19f86d1016dc18","name":"Erika La Rosa","image":{"@type":"ImageObject","inLanguage":"it-IT","@id":"https:\/\/staging.varesenews.it\/#\/schema\/person\/image\/","url":"https:\/\/staging.varesenews.it\/wp-content\/uploads\/2020\/12\/erika_larosa_colori_500.jpg","contentUrl":"https:\/\/staging.varesenews.it\/wp-content\/uploads\/2020\/12\/erika_larosa_colori_500.jpg","caption":"Erika La Rosa"},"description":"Giornalista pubblicista, collaboro con VareseNews dal lontano 1997 quando la redazione piccolissima ma l&rsquo;entusiasmo era tanto e la sfida titanica. Da allora siamo cresciuti, la redazione &egrave; diventata pi&ugrave; grande ma l&rsquo;entusiasmo &egrave; rimato lo stesso. Mi piace guardare il mondo attraverso gli occhi degli artisti, per questo scrivo, leggo e mi nutro di arte seguendo per il giornale le pagine dedicate alle mostre e agli artisti. Ho collaborato con diversi Musei e Istituzioni culturali italiane e svizzere. Da oltre dieci anni mi occupo di strategie e comunicazione sui social media di enti pubblici e privati. Vivo il presente e non dimentico mai che quando c&rsquo;&egrave; una meta, anche il deserto diventa una strada.","sameAs":["https:\/\/www.linkedin.com\/profile\/view?id=93070756&trk=nav_responsive_tab_profile_pic","https:\/\/twitter.com\/twerirosa"],"url":"https:\/\/staging.varesenews.it\/persona\/erika_larosa\/"}]}},"post_meta":{"_edit_lock":"1536923358:36","_edit_last":"36","_category_permalink":"a:1:{s:8:\"category\";s:0:\"\";}","ratings_users":"0","ratings_score":"0","ratings_average":"0","foto":"694469","firma-personalizzata":"E.L.R.","argomento":"Varedo","_yoast_wpseo_content_score":"30","_jd_tweet_this":"yes","_wpt_short_url":"https:\/\/www.varesenews.it\/2018\/09\/presente-passato-futuro-villa-bagatti-valsecchi\/749789\/","_wp_jd_target":"https:\/\/www.varesenews.it\/2018\/09\/presente-passato-futuro-villa-bagatti-valsecchi\/749789\/","_jd_wp_twitter":"a:1:{i:0;s:151:\"Presente, passato e futuro a Villa Bagatti Valsecchi https:\/\/www.varesenews.it\/2018\/09\/presente-passato-futuro-villa-bagatti-valsecchi\/749789\/ #weekend\";}","_wpt_status_message":"Tweet inviato con successo."},"photos":[{"original":"https:\/\/staging.varesenews.it\/photogallery_new\/images\/2018\/09\/arte-mostre-694469.jpg","full":"https:\/\/staging.varesenews.it\/photogallery_new\/images\/2018\/09\/arte-mostre-694469.1024x768.jpg","large":"https:\/\/staging.varesenews.it\/photogallery_new\/images\/2018\/09\/arte-mostre-694469.610x431.jpg"}],"_links":{"self":[{"href":"https:\/\/staging.varesenews.it\/swgapi\/v1\/wp\/v2\/posts\/749789"}],"collection":[{"href":"https:\/\/staging.varesenews.it\/swgapi\/v1\/wp\/v2\/posts"}],"about":[{"href":"https:\/\/staging.varesenews.it\/swgapi\/v1\/wp\/v2\/types\/post"}],"author":[{"embeddable":true,"href":"https:\/\/staging.varesenews.it\/swgapi\/v1\/wp\/v2\/users\/36"}],"replies":[{"embeddable":true,"href":"https:\/\/staging.varesenews.it\/swgapi\/v1\/wp\/v2\/comments?post=749789"}],"version-history":[{"count":0,"href":"https:\/\/staging.varesenews.it\/swgapi\/v1\/wp\/v2\/posts\/749789\/revisions"}],"wp:attachment":[{"href":"https:\/\/staging.varesenews.it\/swgapi\/v1\/wp\/v2\/media?parent=749789"}],"wp:term":[{"taxonomy":"category","embeddable":true,"href":"https:\/\/staging.varesenews.it\/swgapi\/v1\/wp\/v2\/categories?post=749789"},{"taxonomy":"post_tag","embeddable":true,"href":"https:\/\/staging.varesenews.it\/swgapi\/v1\/wp\/v2\/tags?post=749789"}],"curies":[{"name":"wp","href":"https:\/\/api.w.org\/{rel}","templated":true}]}}