{"id":749953,"date":"2018-09-14T17:59:57","date_gmt":"2018-09-14T15:59:57","guid":{"rendered":"https:\/\/www.varesenews.it\/?p=749953"},"modified":"2018-09-14T17:59:57","modified_gmt":"2018-09-14T15:59:57","slug":"controlli-mobili-velocita-sulle-strade-ticinesi-2","status":"publish","type":"post","link":"https:\/\/staging.varesenews.it\/2018\/09\/controlli-mobili-velocita-sulle-strade-ticinesi-2\/749953\/","title":{"rendered":"Attenzione alla velocit\u00e0 sulle strade ticinesi"},"content":{"rendered":"<p>La Polizia cantonale comunica le localit\u00e0 del Canton Ticino dove saranno effettuati controlli della velocit\u00e0 mobili nel corso della settimana dal 17 al 23 settembre<\/p>\n<p><strong>Distretto di Locarno<\/strong><br \/>\n\uf0b7 Intragna<br \/>\n\uf0b7 Vogorno<br \/>\n\uf0b7 Golino<br \/>\n\uf0b7 Losone<br \/>\n\uf0b7 Gerra Gambarogno<br \/>\n\uf0b7 Locarno<br \/>\n\uf0b7 Magadino<br \/>\n\uf0b7 Arcegno<br \/>\n\uf0b7 Ascona<\/p>\n<p><strong>Distretto di Lugano<\/strong><br \/>\n\uf0b7 Cadro<br \/>\n\uf0b7 Ruvigliana<br \/>\n\uf0b7 Pregassona<br \/>\n\uf0b7 Gentilino<br \/>\n\uf0b7 Montagnola<br \/>\n\uf0b7 Magliaso<br \/>\n\uf0b7 Ponte Tresa<br \/>\n\uf0b7 Melide<br \/>\n\uf0b7 Paradiso<br \/>\n\uf0b7 Morcote<br \/>\n\uf0b7 Bioggio<br \/>\n\uf0b7 Agno<br \/>\n\uf0b7 Cassarate<br \/>\n\uf0b7 Manno<br \/>\n\uf0b7 Gravesano<\/p>\n<p><strong>Distretto di Mendrisio<\/strong><br \/>\n\uf0b7 Stabio<br \/>\n\uf0b7 Coldrerio<br \/>\n\uf0b7 Mendrisio<br \/>\n\uf0b7 Rancate<br \/>\n\uf0b7 Ligornetto<br \/>\n\uf0b7 Capolago<br \/>\n\uf0b7 Novazzan<\/p>\n","protected":false},"excerpt":{"rendered":"<p>La Polizia cantonale comunica le localit\u00e0 dove saranno effettuati controlli mobili della velocit\u00e0 nella settimana dal 17 al 23 settembre<\/p>\n","protected":false},"author":44,"featured_media":0,"comment_status":"open","ping_status":"open","sticky":false,"template":"","format":"standard","meta":{"footnotes":""},"categories":[8],"tags":[73935,6632,3632],"acf":[],"yoast_head":"<!-- This site is optimized with the Yoast SEO plugin v20.1 - https:\/\/yoast.com\/wordpress\/plugins\/seo\/ -->\n<title>Attenzione alla velocit\u00e0 sulle strade ticinesi<\/title>\n<meta name=\"description\" content=\"La Polizia cantonale comunica le localit\u00e0 dove saranno effettuati controlli mobili della velocit\u00e0 nella settimana dal 17 al 23 settembre\" \/>\n<meta name=\"robots\" content=\"noindex, follow, max-snippet:-1, max-image-preview:large, max-video-preview:-1\" \/>\n<meta property=\"og:locale\" content=\"it_IT\" \/>\n<meta property=\"og:type\" content=\"article\" \/>\n<meta property=\"og:title\" content=\"Attenzione alla velocit\u00e0 sulle strade ticinesi\" \/>\n<meta property=\"og:description\" content=\"La Polizia cantonale comunica le localit\u00e0 dove saranno effettuati controlli mobili della velocit\u00e0 nella settimana dal 17 al 23 settembre\" \/>\n<meta property=\"og:url\" content=\"https:\/\/staging.varesenews.it\/2018\/09\/controlli-mobili-velocita-sulle-strade-ticinesi-2\/749953\/\" \/>\n<meta property=\"og:site_name\" content=\"VareseNews\" \/>\n<meta property=\"article:publisher\" content=\"https:\/\/www.facebook.com\/varesenews\" \/>\n<meta property=\"article:author\" content=\"https:\/\/www.facebook.com\/mariangela.gerletti\" \/>\n<meta property=\"article:published_time\" content=\"2018-09-14T15:59:57+00:00\" \/>\n<meta name=\"author\" content=\"Mariangela Gerletti\" \/>\n<meta name=\"twitter:card\" content=\"summary_large_image\" \/>\n<meta name=\"twitter:creator\" content=\"@MariGerletti\" \/>\n<meta name=\"twitter:site\" content=\"@varesenews\" \/>\n<meta name=\"twitter:label1\" content=\"Scritto da\" \/>\n\t<meta name=\"twitter:data1\" content=\"Mariangela Gerletti\" \/>\n<script type=\"application\/ld+json\" class=\"yoast-schema-graph\">{\"@context\":\"https:\/\/schema.org\",\"@graph\":[{\"@type\":\"WebPage\",\"@id\":\"https:\/\/staging.varesenews.it\/2018\/09\/controlli-mobili-velocita-sulle-strade-ticinesi-2\/749953\/\",\"url\":\"https:\/\/staging.varesenews.it\/2018\/09\/controlli-mobili-velocita-sulle-strade-ticinesi-2\/749953\/\",\"name\":\"Attenzione alla velocit\u00e0 sulle strade ticinesi\",\"isPartOf\":{\"@id\":\"https:\/\/staging.varesenews.it\/#website\"},\"datePublished\":\"2018-09-14T15:59:57+00:00\",\"dateModified\":\"2018-09-14T15:59:57+00:00\",\"author\":{\"@id\":\"https:\/\/staging.varesenews.it\/#\/schema\/person\/14f52876ea19bc10d0d2717b6e8f9b89\"},\"description\":\"La Polizia cantonale comunica le localit\u00e0 dove saranno effettuati controlli mobili della velocit\u00e0 nella settimana dal 17 al 23 settembre\",\"breadcrumb\":{\"@id\":\"https:\/\/staging.varesenews.it\/2018\/09\/controlli-mobili-velocita-sulle-strade-ticinesi-2\/749953\/#breadcrumb\"},\"inLanguage\":\"it-IT\",\"potentialAction\":[{\"@type\":\"ReadAction\",\"target\":[\"https:\/\/staging.varesenews.it\/2018\/09\/controlli-mobili-velocita-sulle-strade-ticinesi-2\/749953\/\"]}]},{\"@type\":\"BreadcrumbList\",\"@id\":\"https:\/\/staging.varesenews.it\/2018\/09\/controlli-mobili-velocita-sulle-strade-ticinesi-2\/749953\/#breadcrumb\",\"itemListElement\":[{\"@type\":\"ListItem\",\"position\":1,\"name\":\"Home\",\"item\":\"https:\/\/www.varesenews.it\/\"},{\"@type\":\"ListItem\",\"position\":2,\"name\":\"Attenzione alla velocit\u00e0 sulle strade ticinesi\"}]},{\"@type\":\"WebSite\",\"@id\":\"https:\/\/staging.varesenews.it\/#website\",\"url\":\"https:\/\/staging.varesenews.it\/\",\"name\":\"VareseNews\",\"description\":\"\",\"potentialAction\":[{\"@type\":\"SearchAction\",\"target\":{\"@type\":\"EntryPoint\",\"urlTemplate\":\"https:\/\/staging.varesenews.it\/?s={search_term_string}\"},\"query-input\":\"required name=search_term_string\"}],\"inLanguage\":\"it-IT\"},{\"@type\":\"Person\",\"@id\":\"https:\/\/staging.varesenews.it\/#\/schema\/person\/14f52876ea19bc10d0d2717b6e8f9b89\",\"name\":\"Mariangela Gerletti\",\"image\":{\"@type\":\"ImageObject\",\"inLanguage\":\"it-IT\",\"@id\":\"https:\/\/staging.varesenews.it\/#\/schema\/person\/image\/\",\"url\":\"https:\/\/staging.varesenews.it\/wp-content\/uploads\/2020\/12\/mariangela.jpeg\",\"contentUrl\":\"https:\/\/staging.varesenews.it\/wp-content\/uploads\/2020\/12\/mariangela.jpeg\",\"caption\":\"Mariangela Gerletti\"},\"description\":\"Da pi&ugrave; di trent'anni mi occupo di giornalismo e comunicazione Varesenews &egrave; il luogo dove ho trovato la passione, l'attenzione e le persone che ogni giorno mi fanno amare un po' di pi&ugrave; questo lavoro di cui non mi stanco mai. Far parte della redazione di Varesenews &egrave; un onore, sostenere il progetto della membership &egrave; un piacere perch&eacute; mi fa sentire ancora pi&ugrave; vicina alla grande comunit&agrave; dei nostri lettori.\",\"sameAs\":[\"https:\/\/www.facebook.com\/mariangela.gerletti\",\"marigerletti\",\"https:\/\/twitter.com\/MariGerletti\"],\"url\":\"https:\/\/staging.varesenews.it\/persona\/mariangela-gerletti1\/\"}]}<\/script>\n<!-- \/ Yoast SEO plugin. -->","yoast_head_json":{"title":"Attenzione alla velocit\u00e0 sulle strade ticinesi","description":"La Polizia cantonale comunica le localit\u00e0 dove saranno effettuati controlli mobili della velocit\u00e0 nella settimana dal 17 al 23 settembre","robots":{"index":"noindex","follow":"follow","max-snippet":"max-snippet:-1","max-image-preview":"max-image-preview:large","max-video-preview":"max-video-preview:-1"},"og_locale":"it_IT","og_type":"article","og_title":"Attenzione alla velocit\u00e0 sulle strade ticinesi","og_description":"La Polizia cantonale comunica le localit\u00e0 dove saranno effettuati controlli mobili della velocit\u00e0 nella settimana dal 17 al 23 settembre","og_url":"https:\/\/staging.varesenews.it\/2018\/09\/controlli-mobili-velocita-sulle-strade-ticinesi-2\/749953\/","og_site_name":"VareseNews","article_publisher":"https:\/\/www.facebook.com\/varesenews","article_author":"https:\/\/www.facebook.com\/mariangela.gerletti","article_published_time":"2018-09-14T15:59:57+00:00","author":"Mariangela Gerletti","twitter_card":"summary_large_image","twitter_creator":"@MariGerletti","twitter_site":"@varesenews","twitter_misc":{"Scritto da":"Mariangela Gerletti"},"schema":{"@context":"https:\/\/schema.org","@graph":[{"@type":"WebPage","@id":"https:\/\/staging.varesenews.it\/2018\/09\/controlli-mobili-velocita-sulle-strade-ticinesi-2\/749953\/","url":"https:\/\/staging.varesenews.it\/2018\/09\/controlli-mobili-velocita-sulle-strade-ticinesi-2\/749953\/","name":"Attenzione alla velocit\u00e0 sulle strade ticinesi","isPartOf":{"@id":"https:\/\/staging.varesenews.it\/#website"},"datePublished":"2018-09-14T15:59:57+00:00","dateModified":"2018-09-14T15:59:57+00:00","author":{"@id":"https:\/\/staging.varesenews.it\/#\/schema\/person\/14f52876ea19bc10d0d2717b6e8f9b89"},"description":"La Polizia cantonale comunica le localit\u00e0 dove saranno effettuati controlli mobili della velocit\u00e0 nella settimana dal 17 al 23 settembre","breadcrumb":{"@id":"https:\/\/staging.varesenews.it\/2018\/09\/controlli-mobili-velocita-sulle-strade-ticinesi-2\/749953\/#breadcrumb"},"inLanguage":"it-IT","potentialAction":[{"@type":"ReadAction","target":["https:\/\/staging.varesenews.it\/2018\/09\/controlli-mobili-velocita-sulle-strade-ticinesi-2\/749953\/"]}]},{"@type":"BreadcrumbList","@id":"https:\/\/staging.varesenews.it\/2018\/09\/controlli-mobili-velocita-sulle-strade-ticinesi-2\/749953\/#breadcrumb","itemListElement":[{"@type":"ListItem","position":1,"name":"Home","item":"https:\/\/www.varesenews.it\/"},{"@type":"ListItem","position":2,"name":"Attenzione alla velocit\u00e0 sulle strade ticinesi"}]},{"@type":"WebSite","@id":"https:\/\/staging.varesenews.it\/#website","url":"https:\/\/staging.varesenews.it\/","name":"VareseNews","description":"","potentialAction":[{"@type":"SearchAction","target":{"@type":"EntryPoint","urlTemplate":"https:\/\/staging.varesenews.it\/?s={search_term_string}"},"query-input":"required name=search_term_string"}],"inLanguage":"it-IT"},{"@type":"Person","@id":"https:\/\/staging.varesenews.it\/#\/schema\/person\/14f52876ea19bc10d0d2717b6e8f9b89","name":"Mariangela Gerletti","image":{"@type":"ImageObject","inLanguage":"it-IT","@id":"https:\/\/staging.varesenews.it\/#\/schema\/person\/image\/","url":"https:\/\/staging.varesenews.it\/wp-content\/uploads\/2020\/12\/mariangela.jpeg","contentUrl":"https:\/\/staging.varesenews.it\/wp-content\/uploads\/2020\/12\/mariangela.jpeg","caption":"Mariangela Gerletti"},"description":"Da pi&ugrave; di trent'anni mi occupo di giornalismo e comunicazione Varesenews &egrave; il luogo dove ho trovato la passione, l'attenzione e le persone che ogni giorno mi fanno amare un po' di pi&ugrave; questo lavoro di cui non mi stanco mai. Far parte della redazione di Varesenews &egrave; un onore, sostenere il progetto della membership &egrave; un piacere perch&eacute; mi fa sentire ancora pi&ugrave; vicina alla grande comunit&agrave; dei nostri lettori.","sameAs":["https:\/\/www.facebook.com\/mariangela.gerletti","marigerletti","https:\/\/twitter.com\/MariGerletti"],"url":"https:\/\/staging.varesenews.it\/persona\/mariangela-gerletti1\/"}]}},"post_meta":{"_category_permalink":"a:1:{s:8:\"category\";s:0:\"\";}","foto":"678694","_yoast_wpseo_content_score":"30","_jd_tweet_this":"yes","firma_come_redazione":"1","argomento":"Canton Ticino","ratings_users":"0","ratings_score":"0","ratings_average":"0","_wpt_short_url":"https:\/\/www.varesenews.it\/2018\/09\/controlli-mobili-della-velocita-sulle-strade-ticinesi\/747844\/","_wp_jd_target":"https:\/\/www.varesenews.it\/2018\/09\/controlli-mobili-della-velocita-sulle-strade-ticinesi\/747844\/","_jd_wp_twitter":"a:2:{i:0;s:177:\"Controlli \u201cmobili\u201d della velocit\u00e0 sulle strade ticinesi https:\/\/www.varesenews.it\/2018\/09\/controlli-mobili-della-velocita-sulle-strade-ticinesi\/747844\/ #CantonTicino #radar\";i:1;s:176:\"Attenzione alla velocit\u00e0 sulle strade ticinesi https:\/\/www.varesenews.it\/2018\/09\/controlli-mobili-della-velocita-sulle-strade-ticinesi\/747844\/ #CantonTicino #radar #Valceresio\";}","_wpt_status_message":"Tweet inviato con successo.","_dp_original":"747844","_edit_lock":"1536940668:44","_edit_last":"44"},"photos":[{"original":"https:\/\/staging.varesenews.it\/photogallery_new\/images\/2018\/06\/radar-mobili-velocita-678694.jpg","full":"https:\/\/staging.varesenews.it\/photogallery_new\/images\/2018\/06\/radar-mobili-velocita-678694.1024x768.jpg","large":"https:\/\/staging.varesenews.it\/photogallery_new\/images\/2018\/06\/radar-mobili-velocita-678694.610x431.jpg"}],"_links":{"self":[{"href":"https:\/\/staging.varesenews.it\/swgapi\/v1\/wp\/v2\/posts\/749953"}],"collection":[{"href":"https:\/\/staging.varesenews.it\/swgapi\/v1\/wp\/v2\/posts"}],"about":[{"href":"https:\/\/staging.varesenews.it\/swgapi\/v1\/wp\/v2\/types\/post"}],"author":[{"embeddable":true,"href":"https:\/\/staging.varesenews.it\/swgapi\/v1\/wp\/v2\/users\/44"}],"replies":[{"embeddable":true,"href":"https:\/\/staging.varesenews.it\/swgapi\/v1\/wp\/v2\/comments?post=749953"}],"version-history":[{"count":0,"href":"https:\/\/staging.varesenews.it\/swgapi\/v1\/wp\/v2\/posts\/749953\/revisions"}],"wp:attachment":[{"href":"https:\/\/staging.varesenews.it\/swgapi\/v1\/wp\/v2\/media?parent=749953"}],"wp:term":[{"taxonomy":"category","embeddable":true,"href":"https:\/\/staging.varesenews.it\/swgapi\/v1\/wp\/v2\/categories?post=749953"},{"taxonomy":"post_tag","embeddable":true,"href":"https:\/\/staging.varesenews.it\/swgapi\/v1\/wp\/v2\/tags?post=749953"}],"curies":[{"name":"wp","href":"https:\/\/api.w.org\/{rel}","templated":true}]}}