{"id":749990,"date":"2018-09-14T19:16:32","date_gmt":"2018-09-14T17:16:32","guid":{"rendered":"https:\/\/www.varesenews.it\/?p=749990"},"modified":"2018-09-14T19:16:32","modified_gmt":"2018-09-14T17:16:32","slug":"amichevole-lusso-rugby-varese","status":"publish","type":"post","link":"https:\/\/staging.varesenews.it\/2018\/09\/amichevole-lusso-rugby-varese\/749990\/","title":{"rendered":"Amichevole di lusso per il Rugby Varese"},"content":{"rendered":"<p>Sono cominciate le <strong>amichevoli prestagionali del Rugby Varese<\/strong> che nella prima uscita di sabato scorso, ha battuto il Rho iscritto alla prossima C1 con buone prospettive in ambito promozione. La squadra di Pella e Galante ha marcato<strong> nove mete<\/strong>, ne ha subite quattro e fatto una buona prova d&#8217;attacco.<\/p>\n<p>Domani &#8211;<strong> sabato 15<\/strong> settembre &#8211; alle 12,30<strong> si alzer\u00e0 l&#8217;asticella<\/strong> per la squadra biancorossa che andr\u00e0 <strong>al Plebiscito di Padova<\/strong> per giocare <strong>contro i cadetti del Petrarca<\/strong>, una compagine interessante d<strong>i Serie A<\/strong>, vera e propria succursale dei campioni d&#8217;Italia che alle 16:00 daranno il via sullo stesso campo al massimo campionato nazionale, <strong>il nuovo Super 12.\u00a0<\/strong>Formalmente in trasferta, <strong>l&#8217;Argos Petrarca affronter\u00e0 il Valsugana<\/strong> (proveniente dall&#8217;omonimo quartiere patavino) che dopo la promozione dello scorso anno si sta affacciando per la prima volta a una realt\u00e0 di tale livello.<\/p>\n<p>Per quanto riguarda la partita del Varese sar\u00e0 <strong>importante cogliere questo appuntamento<\/strong> per testare la rosa contro avversari di livello superiore<strong> in vista della serie B<\/strong> che prender\u00e0 il via tra un mese. <strong>Qualche assenza nelle fila biancorosse<\/strong>, per diversi motivi non ci saranno: Bobbato, Stefano Sessarego, Banfi e Contardi. Come sempre a dare vivacit\u00e0 ci saranno<strong> tanti giovani<\/strong> e magari qualcuno far\u00e0 il suo esordio proprio in una sfida cos\u00ec importante. <strong>Sabato 22 continuer\u00e0 la preparazione<\/strong> per i varesini che giocheranno<strong> contro i pari categoria del Lecco<\/strong>, sar\u00e0 il primo impegno stagionale all&#8217;Aldo Levi di Giubiano.<\/p>\n<blockquote class=\"wp-embedded-content\" data-secret=\"VeFLxdVDON\"><p><a href=\"https:\/\/www.varesenews.it\/2018\/08\/esordio-bergamo-rugby-varese\/742571\/\">Esordio a Bergamo per il Rugby Varese<\/a><\/p><\/blockquote>\n<p><iframe class=\"wp-embedded-content\" sandbox=\"allow-scripts\" security=\"restricted\" style=\"position: absolute; clip: rect(1px, 1px, 1px, 1px);\" src=\"https:\/\/www.varesenews.it\/2018\/08\/esordio-bergamo-rugby-varese\/742571\/embed\/#?secret=VeFLxdVDON\" data-secret=\"VeFLxdVDON\" width=\"500\" height=\"282\" title=\"&#8220;Esordio a Bergamo per il Rugby Varese&#8221; &#8212; VareseNews\" frameborder=\"0\" marginwidth=\"0\" marginheight=\"0\" scrolling=\"no\"><\/iframe><\/p>\n","protected":false},"excerpt":{"rendered":"<p>Sabato 15 settembre (12,30) i biancorossi in campo a Padova contro il Petrarca Cadetti nell&#8217;antipasto della partita d&#8217;esordio del Super12<\/p>\n","protected":false},"author":38,"featured_media":0,"comment_status":"open","ping_status":"open","sticky":false,"template":"","format":"standard","meta":{"footnotes":""},"categories":[14],"tags":[90171,955,954],"acf":[],"yoast_head":"<!-- This site is optimized with the Yoast SEO plugin v20.1 - https:\/\/yoast.com\/wordpress\/plugins\/seo\/ -->\n<title>Amichevole di lusso per il Rugby Varese<\/title>\n<meta name=\"description\" content=\"Sabato 15 settembre (12,30) i biancorossi in campo a Padova contro il Petrarca Cadetti nell&#039;antipasto della partita d&#039;esordio del Super12\" \/>\n<meta name=\"robots\" content=\"noindex, follow, max-snippet:-1, max-image-preview:large, max-video-preview:-1\" \/>\n<meta property=\"og:locale\" content=\"it_IT\" \/>\n<meta property=\"og:type\" content=\"article\" \/>\n<meta property=\"og:title\" content=\"Amichevole di lusso per il Rugby Varese\" \/>\n<meta property=\"og:description\" content=\"Sabato 15 settembre (12,30) i biancorossi in campo a Padova contro il Petrarca Cadetti nell&#039;antipasto della partita d&#039;esordio del Super12\" \/>\n<meta property=\"og:url\" content=\"https:\/\/staging.varesenews.it\/2018\/09\/amichevole-lusso-rugby-varese\/749990\/\" \/>\n<meta property=\"og:site_name\" content=\"VareseNews\" \/>\n<meta property=\"article:publisher\" content=\"https:\/\/www.facebook.com\/varesenews\" \/>\n<meta property=\"article:published_time\" content=\"2018-09-14T17:16:32+00:00\" \/>\n<meta name=\"author\" content=\"Damiano Franzetti\" \/>\n<meta name=\"twitter:card\" content=\"summary_large_image\" \/>\n<meta name=\"twitter:creator\" content=\"@damianofranz\" \/>\n<meta name=\"twitter:site\" content=\"@varesenews\" \/>\n<meta name=\"twitter:label1\" content=\"Scritto da\" \/>\n\t<meta name=\"twitter:data1\" content=\"Damiano Franzetti\" \/>\n\t<meta name=\"twitter:label2\" content=\"Tempo di lettura stimato\" \/>\n\t<meta name=\"twitter:data2\" content=\"1 minuto\" \/>\n<script type=\"application\/ld+json\" class=\"yoast-schema-graph\">{\"@context\":\"https:\/\/schema.org\",\"@graph\":[{\"@type\":\"WebPage\",\"@id\":\"https:\/\/staging.varesenews.it\/2018\/09\/amichevole-lusso-rugby-varese\/749990\/\",\"url\":\"https:\/\/staging.varesenews.it\/2018\/09\/amichevole-lusso-rugby-varese\/749990\/\",\"name\":\"Amichevole di lusso per il Rugby Varese\",\"isPartOf\":{\"@id\":\"https:\/\/staging.varesenews.it\/#website\"},\"datePublished\":\"2018-09-14T17:16:32+00:00\",\"dateModified\":\"2018-09-14T17:16:32+00:00\",\"author\":{\"@id\":\"https:\/\/staging.varesenews.it\/#\/schema\/person\/709ae3769f6b4dbde8ec332baede8a5b\"},\"description\":\"Sabato 15 settembre (12,30) i biancorossi in campo a Padova contro il Petrarca Cadetti nell'antipasto della partita d'esordio del Super12\",\"breadcrumb\":{\"@id\":\"https:\/\/staging.varesenews.it\/2018\/09\/amichevole-lusso-rugby-varese\/749990\/#breadcrumb\"},\"inLanguage\":\"it-IT\",\"potentialAction\":[{\"@type\":\"ReadAction\",\"target\":[\"https:\/\/staging.varesenews.it\/2018\/09\/amichevole-lusso-rugby-varese\/749990\/\"]}]},{\"@type\":\"BreadcrumbList\",\"@id\":\"https:\/\/staging.varesenews.it\/2018\/09\/amichevole-lusso-rugby-varese\/749990\/#breadcrumb\",\"itemListElement\":[{\"@type\":\"ListItem\",\"position\":1,\"name\":\"Home\",\"item\":\"https:\/\/www.varesenews.it\/\"},{\"@type\":\"ListItem\",\"position\":2,\"name\":\"Amichevole di lusso per il Rugby Varese\"}]},{\"@type\":\"WebSite\",\"@id\":\"https:\/\/staging.varesenews.it\/#website\",\"url\":\"https:\/\/staging.varesenews.it\/\",\"name\":\"VareseNews\",\"description\":\"\",\"potentialAction\":[{\"@type\":\"SearchAction\",\"target\":{\"@type\":\"EntryPoint\",\"urlTemplate\":\"https:\/\/staging.varesenews.it\/?s={search_term_string}\"},\"query-input\":\"required name=search_term_string\"}],\"inLanguage\":\"it-IT\"},{\"@type\":\"Person\",\"@id\":\"https:\/\/staging.varesenews.it\/#\/schema\/person\/709ae3769f6b4dbde8ec332baede8a5b\",\"name\":\"Damiano Franzetti\",\"image\":{\"@type\":\"ImageObject\",\"inLanguage\":\"it-IT\",\"@id\":\"https:\/\/staging.varesenews.it\/#\/schema\/person\/image\/\",\"url\":\"https:\/\/staging.varesenews.it\/wp-content\/uploads\/2020\/12\/damiano_franzetti_colori_500.jpg\",\"contentUrl\":\"https:\/\/staging.varesenews.it\/wp-content\/uploads\/2020\/12\/damiano_franzetti_colori_500.jpg\",\"caption\":\"Damiano Franzetti\"},\"description\":\"Classe 1976, una laurea (nel cassetto) in scienze e tecnologie alimentari; sono giornalista professionista dal 2009 nato e cresciuto con VareseNews dove mi occupo soprattutto di sport ormai da vent&rsquo;anni. Inviato sui campi (sulle piste, sulle strade...), intervistatore, coordinatore e responsabile delle pagine sportive, mi ritaglio volentieri lo spazio per scrivere di birra sul blog Malto Gradimento. Ho seguito innumerevoli campionati di Serie A di basket, di serie B di calcio, due Mondiali di ciclismo, qualche Giro d&rsquo;;Italia e tanto altro ancora. Collaboro con Tuttosport e altre testate, mi diletto di social. Ho una moglie, un figlio, vivo nella mia Gemonio e ho purtroppo smesso con il basket giocato. &nbsp;\",\"sameAs\":[\"damianofranz\",\"https:\/\/www.linkedin.com\/profile\/view?id=241597124&trk=nav_responsive_tab_profile\",\"https:\/\/twitter.com\/damianofranz\"],\"url\":\"https:\/\/staging.varesenews.it\/persona\/damiano_franzetti-2\/\"}]}<\/script>\n<!-- \/ Yoast SEO plugin. -->","yoast_head_json":{"title":"Amichevole di lusso per il Rugby Varese","description":"Sabato 15 settembre (12,30) i biancorossi in campo a Padova contro il Petrarca Cadetti nell'antipasto della partita d'esordio del Super12","robots":{"index":"noindex","follow":"follow","max-snippet":"max-snippet:-1","max-image-preview":"max-image-preview:large","max-video-preview":"max-video-preview:-1"},"og_locale":"it_IT","og_type":"article","og_title":"Amichevole di lusso per il Rugby Varese","og_description":"Sabato 15 settembre (12,30) i biancorossi in campo a Padova contro il Petrarca Cadetti nell'antipasto della partita d'esordio del Super12","og_url":"https:\/\/staging.varesenews.it\/2018\/09\/amichevole-lusso-rugby-varese\/749990\/","og_site_name":"VareseNews","article_publisher":"https:\/\/www.facebook.com\/varesenews","article_published_time":"2018-09-14T17:16:32+00:00","author":"Damiano Franzetti","twitter_card":"summary_large_image","twitter_creator":"@damianofranz","twitter_site":"@varesenews","twitter_misc":{"Scritto da":"Damiano Franzetti","Tempo di lettura stimato":"1 minuto"},"schema":{"@context":"https:\/\/schema.org","@graph":[{"@type":"WebPage","@id":"https:\/\/staging.varesenews.it\/2018\/09\/amichevole-lusso-rugby-varese\/749990\/","url":"https:\/\/staging.varesenews.it\/2018\/09\/amichevole-lusso-rugby-varese\/749990\/","name":"Amichevole di lusso per il Rugby Varese","isPartOf":{"@id":"https:\/\/staging.varesenews.it\/#website"},"datePublished":"2018-09-14T17:16:32+00:00","dateModified":"2018-09-14T17:16:32+00:00","author":{"@id":"https:\/\/staging.varesenews.it\/#\/schema\/person\/709ae3769f6b4dbde8ec332baede8a5b"},"description":"Sabato 15 settembre (12,30) i biancorossi in campo a Padova contro il Petrarca Cadetti nell'antipasto della partita d'esordio del Super12","breadcrumb":{"@id":"https:\/\/staging.varesenews.it\/2018\/09\/amichevole-lusso-rugby-varese\/749990\/#breadcrumb"},"inLanguage":"it-IT","potentialAction":[{"@type":"ReadAction","target":["https:\/\/staging.varesenews.it\/2018\/09\/amichevole-lusso-rugby-varese\/749990\/"]}]},{"@type":"BreadcrumbList","@id":"https:\/\/staging.varesenews.it\/2018\/09\/amichevole-lusso-rugby-varese\/749990\/#breadcrumb","itemListElement":[{"@type":"ListItem","position":1,"name":"Home","item":"https:\/\/www.varesenews.it\/"},{"@type":"ListItem","position":2,"name":"Amichevole di lusso per il Rugby Varese"}]},{"@type":"WebSite","@id":"https:\/\/staging.varesenews.it\/#website","url":"https:\/\/staging.varesenews.it\/","name":"VareseNews","description":"","potentialAction":[{"@type":"SearchAction","target":{"@type":"EntryPoint","urlTemplate":"https:\/\/staging.varesenews.it\/?s={search_term_string}"},"query-input":"required name=search_term_string"}],"inLanguage":"it-IT"},{"@type":"Person","@id":"https:\/\/staging.varesenews.it\/#\/schema\/person\/709ae3769f6b4dbde8ec332baede8a5b","name":"Damiano Franzetti","image":{"@type":"ImageObject","inLanguage":"it-IT","@id":"https:\/\/staging.varesenews.it\/#\/schema\/person\/image\/","url":"https:\/\/staging.varesenews.it\/wp-content\/uploads\/2020\/12\/damiano_franzetti_colori_500.jpg","contentUrl":"https:\/\/staging.varesenews.it\/wp-content\/uploads\/2020\/12\/damiano_franzetti_colori_500.jpg","caption":"Damiano Franzetti"},"description":"Classe 1976, una laurea (nel cassetto) in scienze e tecnologie alimentari; sono giornalista professionista dal 2009 nato e cresciuto con VareseNews dove mi occupo soprattutto di sport ormai da vent&rsquo;anni. Inviato sui campi (sulle piste, sulle strade...), intervistatore, coordinatore e responsabile delle pagine sportive, mi ritaglio volentieri lo spazio per scrivere di birra sul blog Malto Gradimento. Ho seguito innumerevoli campionati di Serie A di basket, di serie B di calcio, due Mondiali di ciclismo, qualche Giro d&rsquo;;Italia e tanto altro ancora. Collaboro con Tuttosport e altre testate, mi diletto di social. Ho una moglie, un figlio, vivo nella mia Gemonio e ho purtroppo smesso con il basket giocato. &nbsp;","sameAs":["damianofranz","https:\/\/www.linkedin.com\/profile\/view?id=241597124&trk=nav_responsive_tab_profile","https:\/\/twitter.com\/damianofranz"],"url":"https:\/\/staging.varesenews.it\/persona\/damiano_franzetti-2\/"}]}},"post_meta":{"_edit_lock":"1536945845:38","_edit_last":"38","_oembed_c706f043671cc4d5d1e2cf13f0788348":"<blockquote class=\"wp-embedded-content\" data-secret=\"VeFLxdVDON\"><a href=\"https:\/\/www.varesenews.it\/2018\/08\/esordio-bergamo-rugby-varese\/742571\/\">Esordio a Bergamo per il Rugby Varese<\/a><\/blockquote><iframe class=\"wp-embedded-content\" sandbox=\"allow-scripts\" security=\"restricted\" style=\"position: absolute; clip: rect(1px, 1px, 1px, 1px);\" src=\"https:\/\/www.varesenews.it\/2018\/08\/esordio-bergamo-rugby-varese\/742571\/embed\/#?secret=VeFLxdVDON\" data-secret=\"VeFLxdVDON\" width=\"500\" height=\"282\" title=\"&#8220;Esordio a Bergamo per il Rugby Varese&#8221; &#8212; VareseNews\" frameborder=\"0\" marginwidth=\"0\" marginheight=\"0\" scrolling=\"no\"><\/iframe>","_oembed_time_c706f043671cc4d5d1e2cf13f0788348":"1536945281","_category_permalink":"a:1:{s:8:\"category\";s:0:\"\";}","ratings_users":"0","ratings_score":"0","ratings_average":"0","foto":"671483","firma-personalizzata":"Matteo Liorre","argomento":"Rugby","_yoast_wpseo_content_score":"30","_jd_tweet_this":"yes","_wpt_short_url":"https:\/\/www.varesenews.it\/2018\/09\/amichevole-lusso-rugby-varese\/749990\/","_wp_jd_target":"https:\/\/www.varesenews.it\/2018\/09\/amichevole-lusso-rugby-varese\/749990\/","_jd_wp_twitter":"a:1:{i:0;s:147:\"Amichevole di lusso per il Rugby Varese https:\/\/www.varesenews.it\/2018\/09\/amichevole-lusso-rugby-varese\/749990\/ #petrarcapadova #rugby #rugbyvarese\";}","_wpt_status_message":"Tweet inviato con successo."},"photos":[{"original":"https:\/\/staging.varesenews.it\/photogallery_new\/images\/2018\/05\/caricamento-temporaneo-per-contributo-x0652vrn3o-671483.jpg","full":"https:\/\/staging.varesenews.it\/photogallery_new\/images\/2018\/05\/caricamento-temporaneo-per-contributo-x0652vrn3o-671483.1024x768.jpg","large":"https:\/\/staging.varesenews.it\/photogallery_new\/images\/2018\/05\/caricamento-temporaneo-per-contributo-x0652vrn3o-671483.610x431.jpg"}],"_links":{"self":[{"href":"https:\/\/staging.varesenews.it\/swgapi\/v1\/wp\/v2\/posts\/749990"}],"collection":[{"href":"https:\/\/staging.varesenews.it\/swgapi\/v1\/wp\/v2\/posts"}],"about":[{"href":"https:\/\/staging.varesenews.it\/swgapi\/v1\/wp\/v2\/types\/post"}],"author":[{"embeddable":true,"href":"https:\/\/staging.varesenews.it\/swgapi\/v1\/wp\/v2\/users\/38"}],"replies":[{"embeddable":true,"href":"https:\/\/staging.varesenews.it\/swgapi\/v1\/wp\/v2\/comments?post=749990"}],"version-history":[{"count":0,"href":"https:\/\/staging.varesenews.it\/swgapi\/v1\/wp\/v2\/posts\/749990\/revisions"}],"wp:attachment":[{"href":"https:\/\/staging.varesenews.it\/swgapi\/v1\/wp\/v2\/media?parent=749990"}],"wp:term":[{"taxonomy":"category","embeddable":true,"href":"https:\/\/staging.varesenews.it\/swgapi\/v1\/wp\/v2\/categories?post=749990"},{"taxonomy":"post_tag","embeddable":true,"href":"https:\/\/staging.varesenews.it\/swgapi\/v1\/wp\/v2\/tags?post=749990"}],"curies":[{"name":"wp","href":"https:\/\/api.w.org\/{rel}","templated":true}]}}