{"id":752620,"date":"2018-09-24T15:56:55","date_gmt":"2018-09-24T13:56:55","guid":{"rendered":"https:\/\/www.varesenews.it\/?p=752620"},"modified":"2018-09-24T16:16:47","modified_gmt":"2018-09-24T14:16:47","slug":"alla-scoperta-della-campagna-fattorie-aperte","status":"publish","type":"post","link":"https:\/\/staging.varesenews.it\/2018\/09\/alla-scoperta-della-campagna-fattorie-aperte\/752620\/","title":{"rendered":"Alla scoperta della campagna con Fattorie Aperte"},"content":{"rendered":"<p><strong>\u201cScopri la campagna con la giornata Fattorie Aperte\u201d<\/strong>. Proposta da <a href=\"http:\/\/www.lombardia.terranostra.it\" target=\"_blank\" rel=\"noopener\">Terranostra Lombardia<\/a>, l&#8217;iniziativa si terr\u00e0 anche nel Varesotto, a <strong>Lonate Pozzolo, Origgio, Azzate e Lonate Ceppino<\/strong>.<\/p>\n<p>L&#8217;appuntamento \u00e8 per <strong>domenica 30 settembre<\/strong> 2018.<\/p>\n<p>A Lonate aprir\u00e0 le sue porte la fattoria didattica dell&#8217;<strong>Agricola Valticino<\/strong>, in via Lungarno, dalle ore 14.00 alle ore 17.00. Ad Azzate sar\u00e0 invece la <strong>Fattoria Canale<\/strong> a mostrare il mondo agricolo (14-17), in via 25 Aprile, mentre a Lonate Ceppino \u00e8 coinvolta l&#8217;<strong>azienda agricola La Rondine<\/strong>, di via dei Noccioli. Mentre a Origgio <strong>l&#8217;azienda Ai boschi<\/strong> aprir\u00e0 dalle 9.15 alle 17.30.<\/p>\n<p>Sono previsti laboratori su vari temi, dall&#8217;ecosostenibilit\u00e0 alla produzione agricola, alla scoperta degli animali in fattoria. E inoltre si potr\u00e0 gustare la ristorazione agrituristica (ma c&#8217;\u00e8 comunque possibilit\u00e0 di portarsi il pranzo &#8220;al sacco&#8221;).<\/p>\n<p>Tutte le informazioni le trovate nel volantino che potete scaricare <a href=\"http:\/\/www.varesenews.it\/wp-content\/uploads\/2018\/09\/volantino_online_compresso.pdf\" target=\"_blank\" rel=\"noopener\">qui<\/a>.<\/p>\n","protected":false},"excerpt":{"rendered":"<p>Quattro le aziende agricole che offriranno laboratori nella giornata di Terranostra Lombardia dedicata alla valorizzazione della campagna e delle produzioni agricole<\/p>\n","protected":false},"author":46,"featured_media":0,"comment_status":"open","ping_status":"open","sticky":false,"template":"","format":"standard","meta":{"footnotes":""},"categories":[3,5,21,2],"tags":[90393,158],"acf":[],"yoast_head":"<!-- This site is optimized with the Yoast SEO plugin v20.1 - https:\/\/yoast.com\/wordpress\/plugins\/seo\/ -->\n<title>Alla scoperta della campagna con Fattorie Aperte<\/title>\n<meta name=\"description\" content=\"Quattro le aziende agricole che offriranno laboratori nella giornata di Terranostra Lombardia dedicata alla valorizzazione della campagna e delle produzioni agricole\" \/>\n<meta name=\"robots\" content=\"noindex, follow, max-snippet:-1, max-image-preview:large, max-video-preview:-1\" \/>\n<meta property=\"og:locale\" content=\"it_IT\" \/>\n<meta property=\"og:type\" content=\"article\" \/>\n<meta property=\"og:title\" content=\"Alla scoperta della campagna con Fattorie Aperte\" \/>\n<meta property=\"og:description\" content=\"Quattro le aziende agricole che offriranno laboratori nella giornata di Terranostra Lombardia dedicata alla valorizzazione della campagna e delle produzioni agricole\" \/>\n<meta property=\"og:url\" content=\"https:\/\/staging.varesenews.it\/2018\/09\/alla-scoperta-della-campagna-fattorie-aperte\/752620\/\" \/>\n<meta property=\"og:site_name\" content=\"VareseNews\" \/>\n<meta property=\"article:publisher\" content=\"https:\/\/www.facebook.com\/varesenews\" \/>\n<meta property=\"article:published_time\" content=\"2018-09-24T13:56:55+00:00\" \/>\n<meta property=\"article:modified_time\" content=\"2018-09-24T14:16:47+00:00\" \/>\n<meta name=\"author\" content=\"Roberto Morandi\" \/>\n<meta name=\"twitter:card\" content=\"summary_large_image\" \/>\n<meta name=\"twitter:creator\" content=\"@ilmorands\" \/>\n<meta name=\"twitter:site\" content=\"@varesenews\" \/>\n<meta name=\"twitter:label1\" content=\"Scritto da\" \/>\n\t<meta name=\"twitter:data1\" content=\"Roberto Morandi\" \/>\n\t<meta name=\"twitter:label2\" content=\"Tempo di lettura stimato\" \/>\n\t<meta name=\"twitter:data2\" content=\"1 minuto\" \/>\n<script type=\"application\/ld+json\" class=\"yoast-schema-graph\">{\"@context\":\"https:\/\/schema.org\",\"@graph\":[{\"@type\":\"WebPage\",\"@id\":\"https:\/\/staging.varesenews.it\/2018\/09\/alla-scoperta-della-campagna-fattorie-aperte\/752620\/\",\"url\":\"https:\/\/staging.varesenews.it\/2018\/09\/alla-scoperta-della-campagna-fattorie-aperte\/752620\/\",\"name\":\"Alla scoperta della campagna con Fattorie Aperte\",\"isPartOf\":{\"@id\":\"https:\/\/staging.varesenews.it\/#website\"},\"datePublished\":\"2018-09-24T13:56:55+00:00\",\"dateModified\":\"2018-09-24T14:16:47+00:00\",\"author\":{\"@id\":\"https:\/\/staging.varesenews.it\/#\/schema\/person\/efe592ae4c76536b551f89d8b6674bc3\"},\"description\":\"Quattro le aziende agricole che offriranno laboratori nella giornata di Terranostra Lombardia dedicata alla valorizzazione della campagna e delle produzioni agricole\",\"breadcrumb\":{\"@id\":\"https:\/\/staging.varesenews.it\/2018\/09\/alla-scoperta-della-campagna-fattorie-aperte\/752620\/#breadcrumb\"},\"inLanguage\":\"it-IT\",\"potentialAction\":[{\"@type\":\"ReadAction\",\"target\":[\"https:\/\/staging.varesenews.it\/2018\/09\/alla-scoperta-della-campagna-fattorie-aperte\/752620\/\"]}]},{\"@type\":\"BreadcrumbList\",\"@id\":\"https:\/\/staging.varesenews.it\/2018\/09\/alla-scoperta-della-campagna-fattorie-aperte\/752620\/#breadcrumb\",\"itemListElement\":[{\"@type\":\"ListItem\",\"position\":1,\"name\":\"Home\",\"item\":\"https:\/\/www.varesenews.it\/\"},{\"@type\":\"ListItem\",\"position\":2,\"name\":\"Alla scoperta della campagna con Fattorie Aperte\"}]},{\"@type\":\"WebSite\",\"@id\":\"https:\/\/staging.varesenews.it\/#website\",\"url\":\"https:\/\/staging.varesenews.it\/\",\"name\":\"VareseNews\",\"description\":\"\",\"potentialAction\":[{\"@type\":\"SearchAction\",\"target\":{\"@type\":\"EntryPoint\",\"urlTemplate\":\"https:\/\/staging.varesenews.it\/?s={search_term_string}\"},\"query-input\":\"required name=search_term_string\"}],\"inLanguage\":\"it-IT\"},{\"@type\":\"Person\",\"@id\":\"https:\/\/staging.varesenews.it\/#\/schema\/person\/efe592ae4c76536b551f89d8b6674bc3\",\"name\":\"Roberto Morandi\",\"image\":{\"@type\":\"ImageObject\",\"inLanguage\":\"it-IT\",\"@id\":\"https:\/\/staging.varesenews.it\/#\/schema\/person\/image\/\",\"url\":\"https:\/\/staging.varesenews.it\/wp-content\/uploads\/2020\/12\/roberto_morandi_colori_500.jpg\",\"contentUrl\":\"https:\/\/staging.varesenews.it\/wp-content\/uploads\/2020\/12\/roberto_morandi_colori_500.jpg\",\"caption\":\"Roberto Morandi\"},\"description\":\"Classe 1980, laureato in storia, mi occupo dell&rsquo;area di Gallarate e di Malpensa, di trasporti e mobilit&agrave;. Amo molto la dimensione della citt&agrave;, come luogo d&rsquo;incontro di persone diverse e come organismo che si trasforma costantemente. Mi piace anche raccontare le piccole e grandi vicende, anche locali, che compongono la Storia con la S maiuscola. Appassionato di bicicletta: la macchina perfetta per muoversi in citt&agrave; e per viaggiare.\",\"sameAs\":[\"https:\/\/twitter.com\/ilmorands\"],\"url\":\"https:\/\/staging.varesenews.it\/persona\/roberto-morandi1\/\"}]}<\/script>\n<!-- \/ Yoast SEO plugin. -->","yoast_head_json":{"title":"Alla scoperta della campagna con Fattorie Aperte","description":"Quattro le aziende agricole che offriranno laboratori nella giornata di Terranostra Lombardia dedicata alla valorizzazione della campagna e delle produzioni agricole","robots":{"index":"noindex","follow":"follow","max-snippet":"max-snippet:-1","max-image-preview":"max-image-preview:large","max-video-preview":"max-video-preview:-1"},"og_locale":"it_IT","og_type":"article","og_title":"Alla scoperta della campagna con Fattorie Aperte","og_description":"Quattro le aziende agricole che offriranno laboratori nella giornata di Terranostra Lombardia dedicata alla valorizzazione della campagna e delle produzioni agricole","og_url":"https:\/\/staging.varesenews.it\/2018\/09\/alla-scoperta-della-campagna-fattorie-aperte\/752620\/","og_site_name":"VareseNews","article_publisher":"https:\/\/www.facebook.com\/varesenews","article_published_time":"2018-09-24T13:56:55+00:00","article_modified_time":"2018-09-24T14:16:47+00:00","author":"Roberto Morandi","twitter_card":"summary_large_image","twitter_creator":"@ilmorands","twitter_site":"@varesenews","twitter_misc":{"Scritto da":"Roberto Morandi","Tempo di lettura stimato":"1 minuto"},"schema":{"@context":"https:\/\/schema.org","@graph":[{"@type":"WebPage","@id":"https:\/\/staging.varesenews.it\/2018\/09\/alla-scoperta-della-campagna-fattorie-aperte\/752620\/","url":"https:\/\/staging.varesenews.it\/2018\/09\/alla-scoperta-della-campagna-fattorie-aperte\/752620\/","name":"Alla scoperta della campagna con Fattorie Aperte","isPartOf":{"@id":"https:\/\/staging.varesenews.it\/#website"},"datePublished":"2018-09-24T13:56:55+00:00","dateModified":"2018-09-24T14:16:47+00:00","author":{"@id":"https:\/\/staging.varesenews.it\/#\/schema\/person\/efe592ae4c76536b551f89d8b6674bc3"},"description":"Quattro le aziende agricole che offriranno laboratori nella giornata di Terranostra Lombardia dedicata alla valorizzazione della campagna e delle produzioni agricole","breadcrumb":{"@id":"https:\/\/staging.varesenews.it\/2018\/09\/alla-scoperta-della-campagna-fattorie-aperte\/752620\/#breadcrumb"},"inLanguage":"it-IT","potentialAction":[{"@type":"ReadAction","target":["https:\/\/staging.varesenews.it\/2018\/09\/alla-scoperta-della-campagna-fattorie-aperte\/752620\/"]}]},{"@type":"BreadcrumbList","@id":"https:\/\/staging.varesenews.it\/2018\/09\/alla-scoperta-della-campagna-fattorie-aperte\/752620\/#breadcrumb","itemListElement":[{"@type":"ListItem","position":1,"name":"Home","item":"https:\/\/www.varesenews.it\/"},{"@type":"ListItem","position":2,"name":"Alla scoperta della campagna con Fattorie Aperte"}]},{"@type":"WebSite","@id":"https:\/\/staging.varesenews.it\/#website","url":"https:\/\/staging.varesenews.it\/","name":"VareseNews","description":"","potentialAction":[{"@type":"SearchAction","target":{"@type":"EntryPoint","urlTemplate":"https:\/\/staging.varesenews.it\/?s={search_term_string}"},"query-input":"required name=search_term_string"}],"inLanguage":"it-IT"},{"@type":"Person","@id":"https:\/\/staging.varesenews.it\/#\/schema\/person\/efe592ae4c76536b551f89d8b6674bc3","name":"Roberto Morandi","image":{"@type":"ImageObject","inLanguage":"it-IT","@id":"https:\/\/staging.varesenews.it\/#\/schema\/person\/image\/","url":"https:\/\/staging.varesenews.it\/wp-content\/uploads\/2020\/12\/roberto_morandi_colori_500.jpg","contentUrl":"https:\/\/staging.varesenews.it\/wp-content\/uploads\/2020\/12\/roberto_morandi_colori_500.jpg","caption":"Roberto Morandi"},"description":"Classe 1980, laureato in storia, mi occupo dell&rsquo;area di Gallarate e di Malpensa, di trasporti e mobilit&agrave;. Amo molto la dimensione della citt&agrave;, come luogo d&rsquo;incontro di persone diverse e come organismo che si trasforma costantemente. Mi piace anche raccontare le piccole e grandi vicende, anche locali, che compongono la Storia con la S maiuscola. Appassionato di bicicletta: la macchina perfetta per muoversi in citt&agrave; e per viaggiare.","sameAs":["https:\/\/twitter.com\/ilmorands"],"url":"https:\/\/staging.varesenews.it\/persona\/roberto-morandi1\/"}]}},"post_meta":{"_edit_lock":"1537803375:46","_edit_last":"46","_category_permalink":"a:1:{s:8:\"category\";s:1:\"3\";}","ratings_users":"0","ratings_score":"0","ratings_average":"0","foto":"679990","firma_come_redazione":"1","argomento":"Provincia","_yoast_wpseo_content_score":"30","_jd_tweet_this":"yes","_wpt_short_url":"https:\/\/www.varesenews.it\/2018\/09\/alla-scoperta-della-campagna-fattorie-aperte\/752620\/","_wp_jd_target":"https:\/\/www.varesenews.it\/2018\/09\/alla-scoperta-della-campagna-fattorie-aperte\/752620\/","_jd_wp_twitter":"a:1:{i:0;s:160:\"Alla scoperta della campagna con Fattorie Aperte https:\/\/www.varesenews.it\/2018\/09\/alla-scoperta-della-campagna-fattorie-aperte\/752620\/ #fattorieaperte #weekend\";}","_wpt_status_message":"Tweet inviato con successo."},"photos":[{"original":"https:\/\/staging.varesenews.it\/photogallery_new\/images\/2018\/06\/parco-altomilanese-agricoltura-bottega-agricola-679990.jpg","full":"https:\/\/staging.varesenews.it\/photogallery_new\/images\/2018\/06\/parco-altomilanese-agricoltura-bottega-agricola-679990.1024x768.jpg","large":"https:\/\/staging.varesenews.it\/photogallery_new\/images\/2018\/06\/parco-altomilanese-agricoltura-bottega-agricola-679990.610x431.jpg"}],"_links":{"self":[{"href":"https:\/\/staging.varesenews.it\/swgapi\/v1\/wp\/v2\/posts\/752620"}],"collection":[{"href":"https:\/\/staging.varesenews.it\/swgapi\/v1\/wp\/v2\/posts"}],"about":[{"href":"https:\/\/staging.varesenews.it\/swgapi\/v1\/wp\/v2\/types\/post"}],"author":[{"embeddable":true,"href":"https:\/\/staging.varesenews.it\/swgapi\/v1\/wp\/v2\/users\/46"}],"replies":[{"embeddable":true,"href":"https:\/\/staging.varesenews.it\/swgapi\/v1\/wp\/v2\/comments?post=752620"}],"version-history":[{"count":0,"href":"https:\/\/staging.varesenews.it\/swgapi\/v1\/wp\/v2\/posts\/752620\/revisions"}],"wp:attachment":[{"href":"https:\/\/staging.varesenews.it\/swgapi\/v1\/wp\/v2\/media?parent=752620"}],"wp:term":[{"taxonomy":"category","embeddable":true,"href":"https:\/\/staging.varesenews.it\/swgapi\/v1\/wp\/v2\/categories?post=752620"},{"taxonomy":"post_tag","embeddable":true,"href":"https:\/\/staging.varesenews.it\/swgapi\/v1\/wp\/v2\/tags?post=752620"}],"curies":[{"name":"wp","href":"https:\/\/api.w.org\/{rel}","templated":true}]}}