{"id":752913,"date":"2018-09-25T11:58:52","date_gmt":"2018-09-25T09:58:52","guid":{"rendered":"https:\/\/www.varesenews.it\/?p=752913"},"modified":"2018-09-25T11:58:52","modified_gmt":"2018-09-25T09:58:52","slug":"la-via-francisca-un-cammino-cammino","status":"publish","type":"post","link":"https:\/\/staging.varesenews.it\/2018\/09\/la-via-francisca-un-cammino-cammino\/752913\/","title":{"rendered":"La via Francisca: un cammino in cammino"},"content":{"rendered":"<p>I viandanti e i pellegrini sono in continuo aumento. Dal pi\u00f9 noto cammino di Santiago, fino alla nostra Francigena passando per una rete sempre pi\u00f9 fitta di proposte, <strong>sono centinaia di migliaia le persone che ogni anno si mettono in cammino.<\/strong><\/p>\n<p>Il Varesotto ha la fortuna di avere tanti sentieri immersi nel verde dei nostri parchi. Oltre a questi abbiamo una vera arteria che dal centro Europa, Costanza per la precisione, arriva fino a Pavia e da l\u00ec a Roma. Si tratta della <a href=\"http:\/\/www.vareselandoftourism.com\/via-francisca-del-lucomagno\" target=\"_blank\" rel=\"noopener\"><strong>Via Francisca del Lucomagno<\/strong><\/a>. Un nome che rievoca l\u2019antico tracciato percorso dai pellegrini che oltre mille anni fa percorrevano territori poco abitati e superavano la catena alpina sul passo svizzero tra Grigioni e Canton Ticino. Da l\u00ec la strada proseguiva fino a Lavena Ponte Tresa attraversando la Valganna per salire poi a Sacro Monte e da l\u00ec superando Varese si immetteva nella valle Olona, prendendo poi una via diretta nelle campagne dell\u2019Alto milanese del Pavese, dove vennero poi realizzati diversi navigli fino ad arrivare a Pavia. Da l\u00ec si entra direttamente nell\u2019attuale via Francigena per arrivare a Roma.<\/p>\n<p><strong>Venerd\u00ec prossimo alle 18.15 in salone Estense,<\/strong> all\u2019interno del programma di Nature urbane, si terr\u00e0 un incontro per fare il punto sul progetto di sviluppo della Via Francisca. Il programma prevede la presenza di diverse figure importanti per questo cammino.<\/p>\n<div class=\"photo-inside-post\"><img decoding=\"async\" loading=\"lazy\" fetchpriority=\"low\" width=\"610\" height=\"431\" src=\"https:\/\/staging.varesenews.it\/photogallery_new\/images\/2018\/09\/via-francisca-da-gazzada-a-busto-694897.610x431.jpg\" alt=\"Via Francisca, da Gazzada a Busto \"><\/div>\n<h3><strong>PROGRAMMA<\/strong><\/h3>\n<p>Ore 18.15 Saluto delle autorit\u00e0<\/p>\n<p>Ore 18.30: La Via Francisca: Attualizzazione di una antica Via\u00a0 con <strong>Ferruccio Maruca,\u00a0<\/strong>UTR Insubria<\/p>\n<p>Ore 18.40 La Via Francisca e la Via Francigena: Due cammini in uno! con <strong>Francesco Ferrari,\u00a0<\/strong>Associazione Europea Vie Francigene e <strong>Marco Giovannelli\u00a0<\/strong><\/p>\n<p>Ore 19.00 La Via Francisca: Un progetto trasfrontaliero con <strong>Alfonso Passera<\/strong>, Associazione Amici della Via Francisca<\/p>\n<p>Ore 19.10 La via Francisca: Una Via gi\u00e0 vissuta con testimonianze di camminatori<\/p>\n<p>Ore 19.30 Conclusioni con <strong>Stefano Bruno Galli<\/strong> &#8211; Assessore all\u2019Autonomia e Cultura Regione Lombardia<\/p>\n<p>Moderatore: <strong>Augusto Conti,<\/strong> Dirigente UTR Insubria<\/p>\n","protected":false},"excerpt":{"rendered":"<p>Venerd\u00ec alle 18.15 nel salone Estense si terr\u00e0 un incontro di presentazione dello storico cammino che dal lago di Costanza porta a Pavia e da l\u00ec a Roma lungo la Francigena. Presente anche l\u2019assessore Stefano Bruno Galli<\/p>\n","protected":false},"author":54,"featured_media":0,"comment_status":"open","ping_status":"open","sticky":false,"template":"","format":"standard","meta":{"footnotes":""},"categories":[8,7,21,46,2],"tags":[59433],"acf":[],"yoast_head":"<!-- This site is optimized with the Yoast SEO plugin v20.1 - https:\/\/yoast.com\/wordpress\/plugins\/seo\/ -->\n<title>La via Francisca: un cammino in cammino<\/title>\n<meta name=\"description\" content=\"Venerd\u00ec alle 18.15 nel salone Estense si terr\u00e0 un incontro di presentazione dello storico cammino che dal lago di Costanza porta a Pavia e da l\u00ec a Roma lungo la Francigena. Presente anche l\u2019assessore Stefano Bruno Galli\" \/>\n<meta name=\"robots\" content=\"noindex, follow, max-snippet:-1, max-image-preview:large, max-video-preview:-1\" \/>\n<meta property=\"og:locale\" content=\"it_IT\" \/>\n<meta property=\"og:type\" content=\"article\" \/>\n<meta property=\"og:title\" content=\"La via Francisca: un cammino in cammino\" \/>\n<meta property=\"og:description\" content=\"Venerd\u00ec alle 18.15 nel salone Estense si terr\u00e0 un incontro di presentazione dello storico cammino che dal lago di Costanza porta a Pavia e da l\u00ec a Roma lungo la Francigena. Presente anche l\u2019assessore Stefano Bruno Galli\" \/>\n<meta property=\"og:url\" content=\"https:\/\/staging.varesenews.it\/2018\/09\/la-via-francisca-un-cammino-cammino\/752913\/\" \/>\n<meta property=\"og:site_name\" content=\"VareseNews\" \/>\n<meta property=\"article:publisher\" content=\"https:\/\/www.facebook.com\/varesenews\" \/>\n<meta property=\"article:author\" content=\"https:\/\/www.facebook.com\/giovannelli.marco?fref=ts\" \/>\n<meta property=\"article:published_time\" content=\"2018-09-25T09:58:52+00:00\" \/>\n<meta name=\"author\" content=\"Marco Giovannelli\" \/>\n<meta name=\"twitter:card\" content=\"summary_large_image\" \/>\n<meta name=\"twitter:creator\" content=\"@marcogio59\" \/>\n<meta name=\"twitter:site\" content=\"@varesenews\" \/>\n<meta name=\"twitter:label1\" content=\"Scritto da\" \/>\n\t<meta name=\"twitter:data1\" content=\"Marco Giovannelli\" \/>\n\t<meta name=\"twitter:label2\" content=\"Tempo di lettura stimato\" \/>\n\t<meta name=\"twitter:data2\" content=\"2 minuti\" \/>\n<script type=\"application\/ld+json\" class=\"yoast-schema-graph\">{\"@context\":\"https:\/\/schema.org\",\"@graph\":[{\"@type\":\"WebPage\",\"@id\":\"https:\/\/staging.varesenews.it\/2018\/09\/la-via-francisca-un-cammino-cammino\/752913\/\",\"url\":\"https:\/\/staging.varesenews.it\/2018\/09\/la-via-francisca-un-cammino-cammino\/752913\/\",\"name\":\"La via Francisca: un cammino in cammino\",\"isPartOf\":{\"@id\":\"https:\/\/staging.varesenews.it\/#website\"},\"datePublished\":\"2018-09-25T09:58:52+00:00\",\"dateModified\":\"2018-09-25T09:58:52+00:00\",\"author\":{\"@id\":\"https:\/\/staging.varesenews.it\/#\/schema\/person\/b32b6f44664f8274f79469e452856024\"},\"description\":\"Venerd\u00ec alle 18.15 nel salone Estense si terr\u00e0 un incontro di presentazione dello storico cammino che dal lago di Costanza porta a Pavia e da l\u00ec a Roma lungo la Francigena. Presente anche l\u2019assessore Stefano Bruno Galli\",\"breadcrumb\":{\"@id\":\"https:\/\/staging.varesenews.it\/2018\/09\/la-via-francisca-un-cammino-cammino\/752913\/#breadcrumb\"},\"inLanguage\":\"it-IT\",\"potentialAction\":[{\"@type\":\"ReadAction\",\"target\":[\"https:\/\/staging.varesenews.it\/2018\/09\/la-via-francisca-un-cammino-cammino\/752913\/\"]}]},{\"@type\":\"BreadcrumbList\",\"@id\":\"https:\/\/staging.varesenews.it\/2018\/09\/la-via-francisca-un-cammino-cammino\/752913\/#breadcrumb\",\"itemListElement\":[{\"@type\":\"ListItem\",\"position\":1,\"name\":\"Home\",\"item\":\"https:\/\/www.varesenews.it\/\"},{\"@type\":\"ListItem\",\"position\":2,\"name\":\"La via Francisca: un cammino in cammino\"}]},{\"@type\":\"WebSite\",\"@id\":\"https:\/\/staging.varesenews.it\/#website\",\"url\":\"https:\/\/staging.varesenews.it\/\",\"name\":\"VareseNews\",\"description\":\"\",\"potentialAction\":[{\"@type\":\"SearchAction\",\"target\":{\"@type\":\"EntryPoint\",\"urlTemplate\":\"https:\/\/staging.varesenews.it\/?s={search_term_string}\"},\"query-input\":\"required name=search_term_string\"}],\"inLanguage\":\"it-IT\"},{\"@type\":\"Person\",\"@id\":\"https:\/\/staging.varesenews.it\/#\/schema\/person\/b32b6f44664f8274f79469e452856024\",\"name\":\"Marco Giovannelli\",\"image\":{\"@type\":\"ImageObject\",\"inLanguage\":\"it-IT\",\"@id\":\"https:\/\/staging.varesenews.it\/#\/schema\/person\/image\/\",\"url\":\"https:\/\/staging.varesenews.it\/wp-content\/uploads\/2020\/12\/marco_giovannelli_colori_500.jpg\",\"contentUrl\":\"https:\/\/staging.varesenews.it\/wp-content\/uploads\/2020\/12\/marco_giovannelli_colori_500.jpg\",\"caption\":\"Marco Giovannelli\"},\"description\":\"Viterbese di origine vivo a Varese dal 1978. Due figli grandi, due lauree in scienze &ldquo;inutili&rdquo; quanto affascinanti che mi portano a mettere lo studio ancora al primo posto. Dopo aver lavorato per il sindacato, fondato e lavorato al centro Gulliver, in una cooperativa che gestiva il Circolino a Varese, con un altro viterbese e un lucano ho fondato VareseNews quando nessuno o quasi sapeva cosa fosse Internet. Ho alcune grandi passioni, la prima &egrave; il cammino che cerco di vivere quotidianamente. Averne percorsi alcuni storici con Santiago e la Francigena mi ha poi portato a far diventare anche lavoro la loro valorizzazione e in particolare la Via Francisca del Lucomagno. Amo leggere, andare al cinema, viaggiare. Mi piace conoscere. La mia migliore attitudine &egrave; connettere mondi e per questo mi affascina la contemporaneit&agrave; e il digitale. Ho insegnato diritto ed economia per un decennio nelle scuole superiori. Ho tenuto diverse lezioni e laboratori allo Iulm e ora all&rsquo;Universit&agrave; dell&rsquo;Insubria con un corso di Giornalismo digitale alla specialistica. Ho fondato diversi progetti editoriali.&nbsp;\",\"sameAs\":[\"https:\/\/www.facebook.com\/giovannelli.marco?fref=ts\",\"marcogio59\",\"https:\/\/it.linkedin.com\/in\/giovannellimarco\",\"https:\/\/twitter.com\/marcogio59\"],\"url\":\"https:\/\/staging.varesenews.it\/persona\/marco_giovannelli-2\/\"}]}<\/script>\n<!-- \/ Yoast SEO plugin. -->","yoast_head_json":{"title":"La via Francisca: un cammino in cammino","description":"Venerd\u00ec alle 18.15 nel salone Estense si terr\u00e0 un incontro di presentazione dello storico cammino che dal lago di Costanza porta a Pavia e da l\u00ec a Roma lungo la Francigena. Presente anche l\u2019assessore Stefano Bruno Galli","robots":{"index":"noindex","follow":"follow","max-snippet":"max-snippet:-1","max-image-preview":"max-image-preview:large","max-video-preview":"max-video-preview:-1"},"og_locale":"it_IT","og_type":"article","og_title":"La via Francisca: un cammino in cammino","og_description":"Venerd\u00ec alle 18.15 nel salone Estense si terr\u00e0 un incontro di presentazione dello storico cammino che dal lago di Costanza porta a Pavia e da l\u00ec a Roma lungo la Francigena. Presente anche l\u2019assessore Stefano Bruno Galli","og_url":"https:\/\/staging.varesenews.it\/2018\/09\/la-via-francisca-un-cammino-cammino\/752913\/","og_site_name":"VareseNews","article_publisher":"https:\/\/www.facebook.com\/varesenews","article_author":"https:\/\/www.facebook.com\/giovannelli.marco?fref=ts","article_published_time":"2018-09-25T09:58:52+00:00","author":"Marco Giovannelli","twitter_card":"summary_large_image","twitter_creator":"@marcogio59","twitter_site":"@varesenews","twitter_misc":{"Scritto da":"Marco Giovannelli","Tempo di lettura stimato":"2 minuti"},"schema":{"@context":"https:\/\/schema.org","@graph":[{"@type":"WebPage","@id":"https:\/\/staging.varesenews.it\/2018\/09\/la-via-francisca-un-cammino-cammino\/752913\/","url":"https:\/\/staging.varesenews.it\/2018\/09\/la-via-francisca-un-cammino-cammino\/752913\/","name":"La via Francisca: un cammino in cammino","isPartOf":{"@id":"https:\/\/staging.varesenews.it\/#website"},"datePublished":"2018-09-25T09:58:52+00:00","dateModified":"2018-09-25T09:58:52+00:00","author":{"@id":"https:\/\/staging.varesenews.it\/#\/schema\/person\/b32b6f44664f8274f79469e452856024"},"description":"Venerd\u00ec alle 18.15 nel salone Estense si terr\u00e0 un incontro di presentazione dello storico cammino che dal lago di Costanza porta a Pavia e da l\u00ec a Roma lungo la Francigena. Presente anche l\u2019assessore Stefano Bruno Galli","breadcrumb":{"@id":"https:\/\/staging.varesenews.it\/2018\/09\/la-via-francisca-un-cammino-cammino\/752913\/#breadcrumb"},"inLanguage":"it-IT","potentialAction":[{"@type":"ReadAction","target":["https:\/\/staging.varesenews.it\/2018\/09\/la-via-francisca-un-cammino-cammino\/752913\/"]}]},{"@type":"BreadcrumbList","@id":"https:\/\/staging.varesenews.it\/2018\/09\/la-via-francisca-un-cammino-cammino\/752913\/#breadcrumb","itemListElement":[{"@type":"ListItem","position":1,"name":"Home","item":"https:\/\/www.varesenews.it\/"},{"@type":"ListItem","position":2,"name":"La via Francisca: un cammino in cammino"}]},{"@type":"WebSite","@id":"https:\/\/staging.varesenews.it\/#website","url":"https:\/\/staging.varesenews.it\/","name":"VareseNews","description":"","potentialAction":[{"@type":"SearchAction","target":{"@type":"EntryPoint","urlTemplate":"https:\/\/staging.varesenews.it\/?s={search_term_string}"},"query-input":"required name=search_term_string"}],"inLanguage":"it-IT"},{"@type":"Person","@id":"https:\/\/staging.varesenews.it\/#\/schema\/person\/b32b6f44664f8274f79469e452856024","name":"Marco Giovannelli","image":{"@type":"ImageObject","inLanguage":"it-IT","@id":"https:\/\/staging.varesenews.it\/#\/schema\/person\/image\/","url":"https:\/\/staging.varesenews.it\/wp-content\/uploads\/2020\/12\/marco_giovannelli_colori_500.jpg","contentUrl":"https:\/\/staging.varesenews.it\/wp-content\/uploads\/2020\/12\/marco_giovannelli_colori_500.jpg","caption":"Marco Giovannelli"},"description":"Viterbese di origine vivo a Varese dal 1978. Due figli grandi, due lauree in scienze &ldquo;inutili&rdquo; quanto affascinanti che mi portano a mettere lo studio ancora al primo posto. Dopo aver lavorato per il sindacato, fondato e lavorato al centro Gulliver, in una cooperativa che gestiva il Circolino a Varese, con un altro viterbese e un lucano ho fondato VareseNews quando nessuno o quasi sapeva cosa fosse Internet. Ho alcune grandi passioni, la prima &egrave; il cammino che cerco di vivere quotidianamente. Averne percorsi alcuni storici con Santiago e la Francigena mi ha poi portato a far diventare anche lavoro la loro valorizzazione e in particolare la Via Francisca del Lucomagno. Amo leggere, andare al cinema, viaggiare. Mi piace conoscere. La mia migliore attitudine &egrave; connettere mondi e per questo mi affascina la contemporaneit&agrave; e il digitale. Ho insegnato diritto ed economia per un decennio nelle scuole superiori. Ho tenuto diverse lezioni e laboratori allo Iulm e ora all&rsquo;Universit&agrave; dell&rsquo;Insubria con un corso di Giornalismo digitale alla specialistica. Ho fondato diversi progetti editoriali.&nbsp;","sameAs":["https:\/\/www.facebook.com\/giovannelli.marco?fref=ts","marcogio59","https:\/\/it.linkedin.com\/in\/giovannellimarco","https:\/\/twitter.com\/marcogio59"],"url":"https:\/\/staging.varesenews.it\/persona\/marco_giovannelli-2\/"}]}},"post_meta":{"_edit_lock":"1537869406:54","_edit_last":"54","_category_permalink":"a:1:{s:8:\"category\";s:2:\"21\";}","ratings_users":"0","ratings_score":"0","ratings_average":"0","id_leggi_anche":"513349,513664,650837,706002","foto":"695133","firma_come_redazione":"1","argomento":"Varese","_yoast_wpseo_content_score":"30","_jd_tweet_this":"yes","_wpt_short_url":"https:\/\/www.varesenews.it\/2018\/09\/la-via-francisca-un-cammino-cammino\/752913\/","_wp_jd_target":"https:\/\/www.varesenews.it\/2018\/09\/la-via-francisca-un-cammino-cammino\/752913\/","_jd_wp_twitter":"a:1:{i:0;s:131:\"La via Francisca: un cammino in cammino https:\/\/www.varesenews.it\/2018\/09\/la-via-francisca-un-cammino-cammino\/752913\/ #viafrancisca\";}","_wpt_status_message":"Tweet inviato con successo."},"photos":[{"original":"https:\/\/staging.varesenews.it\/photogallery_new\/images\/2018\/09\/via-francisca-busto-boffalora-695133.jpg","full":"https:\/\/staging.varesenews.it\/photogallery_new\/images\/2018\/09\/via-francisca-busto-boffalora-695133.1024x768.jpg","large":"https:\/\/staging.varesenews.it\/photogallery_new\/images\/2018\/09\/via-francisca-busto-boffalora-695133.610x431.jpg"}],"_links":{"self":[{"href":"https:\/\/staging.varesenews.it\/swgapi\/v1\/wp\/v2\/posts\/752913"}],"collection":[{"href":"https:\/\/staging.varesenews.it\/swgapi\/v1\/wp\/v2\/posts"}],"about":[{"href":"https:\/\/staging.varesenews.it\/swgapi\/v1\/wp\/v2\/types\/post"}],"author":[{"embeddable":true,"href":"https:\/\/staging.varesenews.it\/swgapi\/v1\/wp\/v2\/users\/54"}],"replies":[{"embeddable":true,"href":"https:\/\/staging.varesenews.it\/swgapi\/v1\/wp\/v2\/comments?post=752913"}],"version-history":[{"count":0,"href":"https:\/\/staging.varesenews.it\/swgapi\/v1\/wp\/v2\/posts\/752913\/revisions"}],"wp:attachment":[{"href":"https:\/\/staging.varesenews.it\/swgapi\/v1\/wp\/v2\/media?parent=752913"}],"wp:term":[{"taxonomy":"category","embeddable":true,"href":"https:\/\/staging.varesenews.it\/swgapi\/v1\/wp\/v2\/categories?post=752913"},{"taxonomy":"post_tag","embeddable":true,"href":"https:\/\/staging.varesenews.it\/swgapi\/v1\/wp\/v2\/tags?post=752913"}],"curies":[{"name":"wp","href":"https:\/\/api.w.org\/{rel}","templated":true}]}}