{"id":756057,"date":"2018-10-04T17:11:49","date_gmt":"2018-10-04T15:11:49","guid":{"rendered":"https:\/\/www.varesenews.it\/?p=756057"},"modified":"2018-10-04T17:11:49","modified_gmt":"2018-10-04T15:11:49","slug":"chiude-novembre-anche-rifugio-san-martino","status":"publish","type":"post","link":"https:\/\/staging.varesenews.it\/2018\/10\/chiude-novembre-anche-rifugio-san-martino\/756057\/","title":{"rendered":"Chiude a novembre anche il \u201cRifugio San Martino\u201d"},"content":{"rendered":"<p><strong>Dopo la notizia della chiusura, prevista per fine mese, <a href=\"https:\/\/www.varesenews.it\/2018\/10\/chiude-fine-mese-rifugio-dumenza\/755540\/\">del rifugio Dumenza<\/a><\/strong>, c\u2019\u00e8 un <strong>altro luogo storico<\/strong> legato agli appassionati di trekking, paesaggi e storia locale che<strong> chiuder\u00e0 i battenti<\/strong>.<\/p>\n<div class=\"related-posts related-01\"><h4>Leggi anche<\/h4><ul><li><a title=\"Chiude a fine mese il rifugio Dumenza\" target=\"_blank\" href=\"https:\/\/staging.varesenews.it\/2018\/10\/chiude-fine-mese-rifugio-dumenza\/755540\/\"><strong>Dumenza <\/strong> - Chiude a fine mese il rifugio Dumenza<\/a><\/li><li><a title=\"Il lungo sogno di Silvana, \u00abda Roma arrivano per il nostro October Grap\u00bb\" target=\"_blank\" href=\"https:\/\/staging.varesenews.it\/2018\/10\/lungo-sogno-silvana-roma-arrivano-nostro-october-grap\/756437\/\"><strong>Maccagno con Pino e Veddasca <\/strong> - Il lungo sogno di Silvana, \u00abda Roma arrivano per il nostro October Grap\u00bb<\/a><\/li><li><a title=\"Chiusure dei rifugi, i Cinquestelle: &#8220;Lega voltafaccia&#8221;\" target=\"_blank\" href=\"https:\/\/staging.varesenews.it\/2018\/10\/chiusure-dei-rifugi-cinquestelle-lega-voltafaccia\/756575\/\"><strong>Luino <\/strong> - Chiusure dei rifugi, i Cinquestelle: &#8220;Lega voltafaccia&#8221;<\/a><\/li><li><a title=\"San Martino \u201cPrima dell\u2019estate il ristoro riaprir\u00e0\u201d\" target=\"_blank\" href=\"https:\/\/staging.varesenews.it\/2019\/02\/san-martino-dellestate-ristoro-riaprira\/795087\/\"><strong>Duno <\/strong> - San Martino \u201cPrima dell\u2019estate il ristoro riaprir\u00e0\u201d<\/a><\/li><li><a title=\"A Duno riaprir\u00e0 il rifugio in cima alla montagna del San Martino\" target=\"_blank\" href=\"https:\/\/staging.varesenews.it\/2021\/10\/duno-riaprira-rifugio-cima-alla-montagna-del-san-martino\/1387061\/\"><strong>Duno <\/strong> - A Duno riaprir\u00e0 il rifugio in cima alla montagna del San Martino<\/a><\/li><\/ul><\/div>\n<p>Si tratta del <a href=\"http:\/\/www.rifugiosanmartino.com\/ristoro.htm\"><strong>Ristoro San Martino<\/strong><\/a>, in cima alla montagna che sovrasta la Valcuvia dove si combatt\u00e8 una delle prime battaglie della Resistenza italiana.<\/p>\n<p><strong>A dodici chilometri di curve dal fondovalle<\/strong> qui molti amanti della storia locale ritrovano spunti e testimonianze, ma il luogo si presta a soste per chi si addentra nei meravigliosi sentieri dei boschi che fanno da balcone naturale sulla valle.<\/p>\n<p><strong>La notizia \u00e8 di questi giorni e riguarda la cessazione dell\u2019attivit\u00e0 prevista per la fine del prossimo mese di novembre.<br \/>\n<\/strong><br \/>\nAlla base della decisione vi sarebbero problemi di natura giuridica sulla possibilit\u00e0 di proroga della convenzione fra i gestori e la propriet\u00e0, che \u00e8 della Provincia di Varese.<\/p>\n<p>Il luogo \u00e8 aperto solo nel fine settimana ed \u00e8 <strong>frequentato da migliaia di escursionisti l\u2019anno.<\/strong><\/p>\n<p><strong>Uno di questi \u00e8 il sindaco di Mesenzana Alberto Rossi,<\/strong> appassionato di trekking che ha sollevato la questione: \u00abSono rimasto profondamente colpito dalla notizia relativa la chiusura del rifugio Dumenza, un posto meraviglioso. Ora, un\u2019altra tegola si abbatte sulle concrete possibilit\u00e0 di rilancio turistico delle nostre valli. Abbiamo dei posti cos\u00ec belli, non buttiamoli via per poi lamentarci che non c\u2019\u00e8 nulla\u00bb.<\/p>\n<p><strong>Rossi racconta delle oggettive difficolt\u00e0 logistiche di questo posto,\u00a0<\/strong>privo dell\u2019allacciamento idrico: \u00abE ogni tanto diamo una mano con la protezione civile che fa qualche rifornimento d\u2019acqua per far s\u00ec che il rifugio viva\u00bb.<\/p>\n<p><strong>Francesca Boldrini, <a href=\"http:\/\/www.rifugiosanmartino.com\/index_htm_files\/Storia%20del%20Rifugio.pdf\">nella pagina storica del sito dedicato al rifugio<\/a> ha ricostruito la genesi del ristoro<\/strong>: gi\u00e0 nei primi anni \u201930 a Duno matur\u00f2 l\u2019idea di realizzare un rifugio e il parroco di allora, don Carlo Cambiano scrisse nientemeno che a Benito Mussolini per ricevere un \u201csussidio straordinario\u201d.<\/p>\n<p>Ma si dovette attendere gli anni \u201960 per veder realizzata la costruzione montana.<\/p>\n<p>\u201c<strong>La posa della prima pietra venne effettuata il 7 agosto 1961<\/strong> e l\u2019inaugurazione il 12 novembre dello stesso anno durante la celebrazione del XVIII anniversario della Battaglia del San Martino &#8211; scrive Francesca Boldrini. Il Ristoro fu dato in gestione dal 1962 al 1986 ai dunesi e dal 1986 ai coniugi Mariarosa e Giuseppe Arioli. Nel 1988 l\u2019edificio venne ristrutturato e in quell\u2019anno l\u2019Amministrazione Provinciale di Varese, presieduta da Alfonso Spozio, acquis\u00ec dal Comune di Duno, a una cifra simbolica, l\u2019intera area del San Martino, facendosi carico non solo degli immobili ubicati in quello spazio e del sistema viario, ma della salvaguardia e della valorizzazione di un patrimonio storico e della promozione turistica del comprensorio. Nel 2002 gli amministratori provinciali di Varese con il loro presidente Massimo Ferrario riuscirono a realizzare il progetto di dotare il Ristoro di corrente elettrica con i benefici che ne conseguirono\u201d.<\/p>\n<p><strong>Questo fino ad oggi, vigilia della chiusura.<\/strong><\/p>\n","protected":false},"excerpt":{"rendered":"<p>Un punto storico di ristoro per chi \u00e8 alla ricerca di relax e pace. \u00abViviamo in posti bellissimi, non buttiamoli via\u00bb<\/p>\n","protected":false},"author":34,"featured_media":0,"comment_status":"open","ping_status":"open","sticky":false,"template":"","format":"standard","meta":{"footnotes":""},"categories":[2],"tags":[85917,2451,55526],"acf":[],"yoast_head":"<!-- This site is optimized with the Yoast SEO plugin v20.1 - https:\/\/yoast.com\/wordpress\/plugins\/seo\/ -->\n<title>Chiude a novembre anche il \u201cRifugio San Martino\u201d<\/title>\n<meta name=\"description\" content=\"Un punto storico di ristoro per chi \u00e8 alla ricerca di relax e pace. \u00abViviamo in posti bellissimi, non buttiamoli via\u00bb\" \/>\n<meta name=\"robots\" content=\"noindex, follow, max-snippet:-1, max-image-preview:large, max-video-preview:-1\" \/>\n<meta property=\"og:locale\" content=\"it_IT\" \/>\n<meta property=\"og:type\" content=\"article\" \/>\n<meta property=\"og:title\" content=\"Chiude a novembre anche il \u201cRifugio San Martino\u201d\" \/>\n<meta property=\"og:description\" content=\"Un punto storico di ristoro per chi \u00e8 alla ricerca di relax e pace. \u00abViviamo in posti bellissimi, non buttiamoli via\u00bb\" \/>\n<meta property=\"og:url\" content=\"https:\/\/staging.varesenews.it\/2018\/10\/chiude-novembre-anche-rifugio-san-martino\/756057\/\" \/>\n<meta property=\"og:site_name\" content=\"VareseNews\" \/>\n<meta property=\"article:publisher\" content=\"https:\/\/www.facebook.com\/varesenews\" \/>\n<meta property=\"article:author\" content=\"https:\/\/www.facebook.com\/andrea.camurani?fref=photo\" \/>\n<meta property=\"article:published_time\" content=\"2018-10-04T15:11:49+00:00\" \/>\n<meta name=\"author\" content=\"Andrea Camurani\" \/>\n<meta name=\"twitter:card\" content=\"summary_large_image\" \/>\n<meta name=\"twitter:creator\" content=\"@AndreaCamurani\" \/>\n<meta name=\"twitter:site\" content=\"@varesenews\" \/>\n<meta name=\"twitter:label1\" content=\"Scritto da\" \/>\n\t<meta name=\"twitter:data1\" content=\"Andrea Camurani\" \/>\n\t<meta name=\"twitter:label2\" content=\"Tempo di lettura stimato\" \/>\n\t<meta name=\"twitter:data2\" content=\"2 minuti\" \/>\n<script type=\"application\/ld+json\" class=\"yoast-schema-graph\">{\"@context\":\"https:\/\/schema.org\",\"@graph\":[{\"@type\":\"WebPage\",\"@id\":\"https:\/\/staging.varesenews.it\/2018\/10\/chiude-novembre-anche-rifugio-san-martino\/756057\/\",\"url\":\"https:\/\/staging.varesenews.it\/2018\/10\/chiude-novembre-anche-rifugio-san-martino\/756057\/\",\"name\":\"Chiude a novembre anche il \u201cRifugio San Martino\u201d\",\"isPartOf\":{\"@id\":\"https:\/\/staging.varesenews.it\/#website\"},\"datePublished\":\"2018-10-04T15:11:49+00:00\",\"dateModified\":\"2018-10-04T15:11:49+00:00\",\"author\":{\"@id\":\"https:\/\/staging.varesenews.it\/#\/schema\/person\/3eb5832c6beae763de8d9596fdbe8c49\"},\"description\":\"Un punto storico di ristoro per chi \u00e8 alla ricerca di relax e pace. \u00abViviamo in posti bellissimi, non buttiamoli via\u00bb\",\"breadcrumb\":{\"@id\":\"https:\/\/staging.varesenews.it\/2018\/10\/chiude-novembre-anche-rifugio-san-martino\/756057\/#breadcrumb\"},\"inLanguage\":\"it-IT\",\"potentialAction\":[{\"@type\":\"ReadAction\",\"target\":[\"https:\/\/staging.varesenews.it\/2018\/10\/chiude-novembre-anche-rifugio-san-martino\/756057\/\"]}]},{\"@type\":\"BreadcrumbList\",\"@id\":\"https:\/\/staging.varesenews.it\/2018\/10\/chiude-novembre-anche-rifugio-san-martino\/756057\/#breadcrumb\",\"itemListElement\":[{\"@type\":\"ListItem\",\"position\":1,\"name\":\"Home\",\"item\":\"https:\/\/www.varesenews.it\/\"},{\"@type\":\"ListItem\",\"position\":2,\"name\":\"Chiude a novembre anche il \u201cRifugio San Martino\u201d\"}]},{\"@type\":\"WebSite\",\"@id\":\"https:\/\/staging.varesenews.it\/#website\",\"url\":\"https:\/\/staging.varesenews.it\/\",\"name\":\"VareseNews\",\"description\":\"\",\"potentialAction\":[{\"@type\":\"SearchAction\",\"target\":{\"@type\":\"EntryPoint\",\"urlTemplate\":\"https:\/\/staging.varesenews.it\/?s={search_term_string}\"},\"query-input\":\"required name=search_term_string\"}],\"inLanguage\":\"it-IT\"},{\"@type\":\"Person\",\"@id\":\"https:\/\/staging.varesenews.it\/#\/schema\/person\/3eb5832c6beae763de8d9596fdbe8c49\",\"name\":\"Andrea Camurani\",\"image\":{\"@type\":\"ImageObject\",\"inLanguage\":\"it-IT\",\"@id\":\"https:\/\/staging.varesenews.it\/#\/schema\/person\/image\/\",\"url\":\"https:\/\/staging.varesenews.it\/wp-content\/uploads\/2020\/12\/andrea_camurani_colori_500.jpg\",\"contentUrl\":\"https:\/\/staging.varesenews.it\/wp-content\/uploads\/2020\/12\/andrea_camurani_colori_500.jpg\",\"caption\":\"Andrea Camurani\"},\"description\":\"Sono figlio degli anni Settanta e di Milano, dove ho imparato a riconoscere buoni e cattivi. Laurea in scienze politiche, lavoro a VareseNews dal 2000. Racconto quel che trovo quando incontro chi vuole lasciare al mondo un pezzetto di vita, che si chiama cronaca. &ldquo;...perch&eacute; &egrave; la gente il pi&ugrave; grande spettacolo del mondo. E non si paga il biglietto...&rdquo; (Charles Bukowsky)\",\"sameAs\":[\"https:\/\/www.facebook.com\/andrea.camurani?fref=photo\",\"andreacamurani\",\"https:\/\/www.linkedin.com\/hp\/?dnr=A9a84RfzsLdo9xg4NcGV4dLiMknoc9ms4WM\",\"https:\/\/twitter.com\/AndreaCamurani\"],\"url\":\"https:\/\/staging.varesenews.it\/persona\/andrea_camurani\/\"}]}<\/script>\n<!-- \/ Yoast SEO plugin. -->","yoast_head_json":{"title":"Chiude a novembre anche il \u201cRifugio San Martino\u201d","description":"Un punto storico di ristoro per chi \u00e8 alla ricerca di relax e pace. \u00abViviamo in posti bellissimi, non buttiamoli via\u00bb","robots":{"index":"noindex","follow":"follow","max-snippet":"max-snippet:-1","max-image-preview":"max-image-preview:large","max-video-preview":"max-video-preview:-1"},"og_locale":"it_IT","og_type":"article","og_title":"Chiude a novembre anche il \u201cRifugio San Martino\u201d","og_description":"Un punto storico di ristoro per chi \u00e8 alla ricerca di relax e pace. \u00abViviamo in posti bellissimi, non buttiamoli via\u00bb","og_url":"https:\/\/staging.varesenews.it\/2018\/10\/chiude-novembre-anche-rifugio-san-martino\/756057\/","og_site_name":"VareseNews","article_publisher":"https:\/\/www.facebook.com\/varesenews","article_author":"https:\/\/www.facebook.com\/andrea.camurani?fref=photo","article_published_time":"2018-10-04T15:11:49+00:00","author":"Andrea Camurani","twitter_card":"summary_large_image","twitter_creator":"@AndreaCamurani","twitter_site":"@varesenews","twitter_misc":{"Scritto da":"Andrea Camurani","Tempo di lettura stimato":"2 minuti"},"schema":{"@context":"https:\/\/schema.org","@graph":[{"@type":"WebPage","@id":"https:\/\/staging.varesenews.it\/2018\/10\/chiude-novembre-anche-rifugio-san-martino\/756057\/","url":"https:\/\/staging.varesenews.it\/2018\/10\/chiude-novembre-anche-rifugio-san-martino\/756057\/","name":"Chiude a novembre anche il \u201cRifugio San Martino\u201d","isPartOf":{"@id":"https:\/\/staging.varesenews.it\/#website"},"datePublished":"2018-10-04T15:11:49+00:00","dateModified":"2018-10-04T15:11:49+00:00","author":{"@id":"https:\/\/staging.varesenews.it\/#\/schema\/person\/3eb5832c6beae763de8d9596fdbe8c49"},"description":"Un punto storico di ristoro per chi \u00e8 alla ricerca di relax e pace. \u00abViviamo in posti bellissimi, non buttiamoli via\u00bb","breadcrumb":{"@id":"https:\/\/staging.varesenews.it\/2018\/10\/chiude-novembre-anche-rifugio-san-martino\/756057\/#breadcrumb"},"inLanguage":"it-IT","potentialAction":[{"@type":"ReadAction","target":["https:\/\/staging.varesenews.it\/2018\/10\/chiude-novembre-anche-rifugio-san-martino\/756057\/"]}]},{"@type":"BreadcrumbList","@id":"https:\/\/staging.varesenews.it\/2018\/10\/chiude-novembre-anche-rifugio-san-martino\/756057\/#breadcrumb","itemListElement":[{"@type":"ListItem","position":1,"name":"Home","item":"https:\/\/www.varesenews.it\/"},{"@type":"ListItem","position":2,"name":"Chiude a novembre anche il \u201cRifugio San Martino\u201d"}]},{"@type":"WebSite","@id":"https:\/\/staging.varesenews.it\/#website","url":"https:\/\/staging.varesenews.it\/","name":"VareseNews","description":"","potentialAction":[{"@type":"SearchAction","target":{"@type":"EntryPoint","urlTemplate":"https:\/\/staging.varesenews.it\/?s={search_term_string}"},"query-input":"required name=search_term_string"}],"inLanguage":"it-IT"},{"@type":"Person","@id":"https:\/\/staging.varesenews.it\/#\/schema\/person\/3eb5832c6beae763de8d9596fdbe8c49","name":"Andrea Camurani","image":{"@type":"ImageObject","inLanguage":"it-IT","@id":"https:\/\/staging.varesenews.it\/#\/schema\/person\/image\/","url":"https:\/\/staging.varesenews.it\/wp-content\/uploads\/2020\/12\/andrea_camurani_colori_500.jpg","contentUrl":"https:\/\/staging.varesenews.it\/wp-content\/uploads\/2020\/12\/andrea_camurani_colori_500.jpg","caption":"Andrea Camurani"},"description":"Sono figlio degli anni Settanta e di Milano, dove ho imparato a riconoscere buoni e cattivi. Laurea in scienze politiche, lavoro a VareseNews dal 2000. Racconto quel che trovo quando incontro chi vuole lasciare al mondo un pezzetto di vita, che si chiama cronaca. &ldquo;...perch&eacute; &egrave; la gente il pi&ugrave; grande spettacolo del mondo. E non si paga il biglietto...&rdquo; (Charles Bukowsky)","sameAs":["https:\/\/www.facebook.com\/andrea.camurani?fref=photo","andreacamurani","https:\/\/www.linkedin.com\/hp\/?dnr=A9a84RfzsLdo9xg4NcGV4dLiMknoc9ms4WM","https:\/\/twitter.com\/AndreaCamurani"],"url":"https:\/\/staging.varesenews.it\/persona\/andrea_camurani\/"}]}},"post_meta":{"_edit_lock":"1538665918:34","_edit_last":"34","_category_permalink":"a:1:{s:8:\"category\";s:0:\"\";}","ratings_users":"0","ratings_score":"0","ratings_average":"0","id_leggi_anche":"755540,756437,756575,795087,1387061","foto":"698903","argomento":"Duno","_yoast_wpseo_content_score":"30","_jd_tweet_this":"yes","_wpt_short_url":"https:\/\/www.varesenews.it\/2018\/10\/chiude-novembre-anche-rifugio-san-martino\/756057\/","_wp_jd_target":"https:\/\/www.varesenews.it\/2018\/10\/chiude-novembre-anche-rifugio-san-martino\/756057\/","_jd_wp_twitter":"a:1:{i:0;s:162:\"Chiude a novembre anche il \u201cRifugio San Martino\u201d https:\/\/www.varesenews.it\/2018\/10\/chiude-novembre-anche-rifugio-san-martino\/756057\/ #rifugi #rifugio #ristoro\";}","_wpt_status_message":"Tweet inviato con successo."},"photos":[{"original":"https:\/\/staging.varesenews.it\/photogallery_new\/images\/2018\/10\/avarie-698903.jpg","full":"https:\/\/staging.varesenews.it\/photogallery_new\/images\/2018\/10\/avarie-698903.1024x768.jpg","large":"https:\/\/staging.varesenews.it\/photogallery_new\/images\/2018\/10\/avarie-698903.610x431.jpg"}],"_links":{"self":[{"href":"https:\/\/staging.varesenews.it\/swgapi\/v1\/wp\/v2\/posts\/756057"}],"collection":[{"href":"https:\/\/staging.varesenews.it\/swgapi\/v1\/wp\/v2\/posts"}],"about":[{"href":"https:\/\/staging.varesenews.it\/swgapi\/v1\/wp\/v2\/types\/post"}],"author":[{"embeddable":true,"href":"https:\/\/staging.varesenews.it\/swgapi\/v1\/wp\/v2\/users\/34"}],"replies":[{"embeddable":true,"href":"https:\/\/staging.varesenews.it\/swgapi\/v1\/wp\/v2\/comments?post=756057"}],"version-history":[{"count":0,"href":"https:\/\/staging.varesenews.it\/swgapi\/v1\/wp\/v2\/posts\/756057\/revisions"}],"wp:attachment":[{"href":"https:\/\/staging.varesenews.it\/swgapi\/v1\/wp\/v2\/media?parent=756057"}],"wp:term":[{"taxonomy":"category","embeddable":true,"href":"https:\/\/staging.varesenews.it\/swgapi\/v1\/wp\/v2\/categories?post=756057"},{"taxonomy":"post_tag","embeddable":true,"href":"https:\/\/staging.varesenews.it\/swgapi\/v1\/wp\/v2\/tags?post=756057"}],"curies":[{"name":"wp","href":"https:\/\/api.w.org\/{rel}","templated":true}]}}