{"id":756185,"date":"2018-10-05T10:42:46","date_gmt":"2018-10-05T08:42:46","guid":{"rendered":"https:\/\/www.varesenews.it\/?p=756185"},"modified":"2018-10-05T10:42:46","modified_gmt":"2018-10-05T08:42:46","slug":"doppio-appuntamento-alla-ghiggini-2","status":"publish","type":"post","link":"https:\/\/staging.varesenews.it\/2018\/10\/doppio-appuntamento-alla-ghiggini-2\/756185\/","title":{"rendered":"Doppio appuntamento alla Ghiggini"},"content":{"rendered":"<p>Inaugura sabato 6 ottobre alle 17 presso la Galleria Ghiggini di Varese, in Sala Rossa, la mostra di\u00a0Giulio Locatelli dal titolo \u201cTracciati\u201d.<\/p>\n<p>\u201cGeografie reali ritracciate con sentimenti ed esperienze personali anche vissute, che individuano punti dettati da coordinate intime \u2013 scrive Lara Treppiede &#8211; Lo sguardo, il pensiero e il cuore, nel vedere mappe filate mi riconduce a Maria Lai, l\u2019esempio della grandezza nell\u2019essenzialit\u00e0. Cos\u00ec inserisco nella sua Storia Universale, come in altre sue straordinarie geografie, l\u00ec dove lei stessa l\u2019avrebbe indicato, un piccolo punto cucito dal giovane artista, in un luogo qualunque del globo, dove l\u2019amore per il fare artistico, per il raccontare, per il saper far proprio il presente e ritracciarne strade e percorsi, accomunano chi parla attraverso questo mezzo dal fascino e dal sapere antico\u201d.<\/p>\n<p>inaugurazione sabato 6 ottobre ore 17.00 mostra in Sala Rossa fino al 4 novembre 2018<\/p>\n<p>Sempre sabato alle 17.30 \u00e8 in programma l\u2019incontro con Antonio Pedretti moderato da Claudio Lucchini.<\/p>\n<p>\u201cLa domanda \u00e8 \u201ccos&#8217;\u00e8 un pittore e cos&#8217;\u00e8 pittura?\u201d. Una questione per rispondere alla quale il modo pi\u00f9 semplice sarebbe prendere in mano un pennello. Perch\u00e9 se, al contrario, decidiamo di ricorrere alle parole, fatalmente scopriremo che le risposte sono molte e che, sebbene esse siano tutte collegate tra loro, ciascuna implica ulteriori domande di natura filosofica e storica. In sostanza, cio\u00e8, la faccenda, se esplorata utilizzando il (dominante nella nostra cultura) \u201csapere della profondit\u00e0\u201d, si rivela di una complessit\u00e0 davvero abissale. Ma, se la esaminiamo alla luce di quello che potremmo definire \u201csapere della superficie\u201d, la risposta si rivela non facile e, tuttavia, meravigliosamente semplice\u201d.<\/p>\n<p>Tracciati. Giulio Locatelli<\/p>\n<p>GHIGGINI 1822 Galleria d&#8217;arte \/ Via Albuzzi 17 \/ Varese \/ 0332.284025 \/<\/p>\n<p>Inaugurazione sabato 6 ottobre ore 17.00<\/p>\n<p>Claudio Lucchini incontra Antonio Pedretti sabato 6 ottobre ore 17.30<\/p>\n","protected":false},"excerpt":{"rendered":"<p>Sabato 6 ottobre in Galleria apre la mostra di Giulio Locatelli, a seguire l&#8217;incontro con l&#8217;artista Antonio Pedretti<\/p>\n","protected":false},"author":36,"featured_media":0,"comment_status":"open","ping_status":"open","sticky":false,"template":"","format":"standard","meta":{"footnotes":""},"categories":[18,21],"tags":[481,158],"acf":[],"yoast_head":"<!-- This site is optimized with the Yoast SEO plugin v20.1 - https:\/\/yoast.com\/wordpress\/plugins\/seo\/ -->\n<title>Doppio appuntamento alla Ghiggini<\/title>\n<meta name=\"description\" content=\"Sabato 6 ottobre in Galleria apre la mostra di Giulio Locatelli, a seguire l&#039;incontro con l&#039;artista Antonio Pedretti\" \/>\n<meta name=\"robots\" content=\"noindex, follow, max-snippet:-1, max-image-preview:large, max-video-preview:-1\" \/>\n<meta property=\"og:locale\" content=\"it_IT\" \/>\n<meta property=\"og:type\" content=\"article\" \/>\n<meta property=\"og:title\" content=\"Doppio appuntamento alla Ghiggini\" \/>\n<meta property=\"og:description\" content=\"Sabato 6 ottobre in Galleria apre la mostra di Giulio Locatelli, a seguire l&#039;incontro con l&#039;artista Antonio Pedretti\" \/>\n<meta property=\"og:url\" content=\"https:\/\/staging.varesenews.it\/2018\/10\/doppio-appuntamento-alla-ghiggini-2\/756185\/\" \/>\n<meta property=\"og:site_name\" content=\"VareseNews\" \/>\n<meta property=\"article:publisher\" content=\"https:\/\/www.facebook.com\/varesenews\" \/>\n<meta property=\"article:published_time\" content=\"2018-10-05T08:42:46+00:00\" \/>\n<meta name=\"author\" content=\"Erika La Rosa\" \/>\n<meta name=\"twitter:card\" content=\"summary_large_image\" \/>\n<meta name=\"twitter:creator\" content=\"@twerirosa\" \/>\n<meta name=\"twitter:site\" content=\"@varesenews\" \/>\n<meta name=\"twitter:label1\" content=\"Scritto da\" \/>\n\t<meta name=\"twitter:data1\" content=\"Erika La Rosa\" \/>\n\t<meta name=\"twitter:label2\" content=\"Tempo di lettura stimato\" \/>\n\t<meta name=\"twitter:data2\" content=\"1 minuto\" \/>\n<script type=\"application\/ld+json\" class=\"yoast-schema-graph\">{\"@context\":\"https:\/\/schema.org\",\"@graph\":[{\"@type\":\"WebPage\",\"@id\":\"https:\/\/staging.varesenews.it\/2018\/10\/doppio-appuntamento-alla-ghiggini-2\/756185\/\",\"url\":\"https:\/\/staging.varesenews.it\/2018\/10\/doppio-appuntamento-alla-ghiggini-2\/756185\/\",\"name\":\"Doppio appuntamento alla Ghiggini\",\"isPartOf\":{\"@id\":\"https:\/\/staging.varesenews.it\/#website\"},\"datePublished\":\"2018-10-05T08:42:46+00:00\",\"dateModified\":\"2018-10-05T08:42:46+00:00\",\"author\":{\"@id\":\"https:\/\/staging.varesenews.it\/#\/schema\/person\/0512a4cda1d8b4f14c19f86d1016dc18\"},\"description\":\"Sabato 6 ottobre in Galleria apre la mostra di Giulio Locatelli, a seguire l'incontro con l'artista Antonio Pedretti\",\"breadcrumb\":{\"@id\":\"https:\/\/staging.varesenews.it\/2018\/10\/doppio-appuntamento-alla-ghiggini-2\/756185\/#breadcrumb\"},\"inLanguage\":\"it-IT\",\"potentialAction\":[{\"@type\":\"ReadAction\",\"target\":[\"https:\/\/staging.varesenews.it\/2018\/10\/doppio-appuntamento-alla-ghiggini-2\/756185\/\"]}]},{\"@type\":\"BreadcrumbList\",\"@id\":\"https:\/\/staging.varesenews.it\/2018\/10\/doppio-appuntamento-alla-ghiggini-2\/756185\/#breadcrumb\",\"itemListElement\":[{\"@type\":\"ListItem\",\"position\":1,\"name\":\"Home\",\"item\":\"https:\/\/www.varesenews.it\/\"},{\"@type\":\"ListItem\",\"position\":2,\"name\":\"Doppio appuntamento alla Ghiggini\"}]},{\"@type\":\"WebSite\",\"@id\":\"https:\/\/staging.varesenews.it\/#website\",\"url\":\"https:\/\/staging.varesenews.it\/\",\"name\":\"VareseNews\",\"description\":\"\",\"potentialAction\":[{\"@type\":\"SearchAction\",\"target\":{\"@type\":\"EntryPoint\",\"urlTemplate\":\"https:\/\/staging.varesenews.it\/?s={search_term_string}\"},\"query-input\":\"required name=search_term_string\"}],\"inLanguage\":\"it-IT\"},{\"@type\":\"Person\",\"@id\":\"https:\/\/staging.varesenews.it\/#\/schema\/person\/0512a4cda1d8b4f14c19f86d1016dc18\",\"name\":\"Erika La Rosa\",\"image\":{\"@type\":\"ImageObject\",\"inLanguage\":\"it-IT\",\"@id\":\"https:\/\/staging.varesenews.it\/#\/schema\/person\/image\/\",\"url\":\"https:\/\/staging.varesenews.it\/wp-content\/uploads\/2020\/12\/erika_larosa_colori_500.jpg\",\"contentUrl\":\"https:\/\/staging.varesenews.it\/wp-content\/uploads\/2020\/12\/erika_larosa_colori_500.jpg\",\"caption\":\"Erika La Rosa\"},\"description\":\"Giornalista pubblicista, collaboro con VareseNews dal lontano 1997 quando la redazione piccolissima ma l&rsquo;entusiasmo era tanto e la sfida titanica. Da allora siamo cresciuti, la redazione &egrave; diventata pi&ugrave; grande ma l&rsquo;entusiasmo &egrave; rimato lo stesso. Mi piace guardare il mondo attraverso gli occhi degli artisti, per questo scrivo, leggo e mi nutro di arte seguendo per il giornale le pagine dedicate alle mostre e agli artisti. Ho collaborato con diversi Musei e Istituzioni culturali italiane e svizzere. Da oltre dieci anni mi occupo di strategie e comunicazione sui social media di enti pubblici e privati. Vivo il presente e non dimentico mai che quando c&rsquo;&egrave; una meta, anche il deserto diventa una strada.\",\"sameAs\":[\"https:\/\/www.linkedin.com\/profile\/view?id=93070756&trk=nav_responsive_tab_profile_pic\",\"https:\/\/twitter.com\/twerirosa\"],\"url\":\"https:\/\/staging.varesenews.it\/persona\/erika_larosa\/\"}]}<\/script>\n<!-- \/ Yoast SEO plugin. -->","yoast_head_json":{"title":"Doppio appuntamento alla Ghiggini","description":"Sabato 6 ottobre in Galleria apre la mostra di Giulio Locatelli, a seguire l'incontro con l'artista Antonio Pedretti","robots":{"index":"noindex","follow":"follow","max-snippet":"max-snippet:-1","max-image-preview":"max-image-preview:large","max-video-preview":"max-video-preview:-1"},"og_locale":"it_IT","og_type":"article","og_title":"Doppio appuntamento alla Ghiggini","og_description":"Sabato 6 ottobre in Galleria apre la mostra di Giulio Locatelli, a seguire l'incontro con l'artista Antonio Pedretti","og_url":"https:\/\/staging.varesenews.it\/2018\/10\/doppio-appuntamento-alla-ghiggini-2\/756185\/","og_site_name":"VareseNews","article_publisher":"https:\/\/www.facebook.com\/varesenews","article_published_time":"2018-10-05T08:42:46+00:00","author":"Erika La Rosa","twitter_card":"summary_large_image","twitter_creator":"@twerirosa","twitter_site":"@varesenews","twitter_misc":{"Scritto da":"Erika La Rosa","Tempo di lettura stimato":"1 minuto"},"schema":{"@context":"https:\/\/schema.org","@graph":[{"@type":"WebPage","@id":"https:\/\/staging.varesenews.it\/2018\/10\/doppio-appuntamento-alla-ghiggini-2\/756185\/","url":"https:\/\/staging.varesenews.it\/2018\/10\/doppio-appuntamento-alla-ghiggini-2\/756185\/","name":"Doppio appuntamento alla Ghiggini","isPartOf":{"@id":"https:\/\/staging.varesenews.it\/#website"},"datePublished":"2018-10-05T08:42:46+00:00","dateModified":"2018-10-05T08:42:46+00:00","author":{"@id":"https:\/\/staging.varesenews.it\/#\/schema\/person\/0512a4cda1d8b4f14c19f86d1016dc18"},"description":"Sabato 6 ottobre in Galleria apre la mostra di Giulio Locatelli, a seguire l'incontro con l'artista Antonio Pedretti","breadcrumb":{"@id":"https:\/\/staging.varesenews.it\/2018\/10\/doppio-appuntamento-alla-ghiggini-2\/756185\/#breadcrumb"},"inLanguage":"it-IT","potentialAction":[{"@type":"ReadAction","target":["https:\/\/staging.varesenews.it\/2018\/10\/doppio-appuntamento-alla-ghiggini-2\/756185\/"]}]},{"@type":"BreadcrumbList","@id":"https:\/\/staging.varesenews.it\/2018\/10\/doppio-appuntamento-alla-ghiggini-2\/756185\/#breadcrumb","itemListElement":[{"@type":"ListItem","position":1,"name":"Home","item":"https:\/\/www.varesenews.it\/"},{"@type":"ListItem","position":2,"name":"Doppio appuntamento alla Ghiggini"}]},{"@type":"WebSite","@id":"https:\/\/staging.varesenews.it\/#website","url":"https:\/\/staging.varesenews.it\/","name":"VareseNews","description":"","potentialAction":[{"@type":"SearchAction","target":{"@type":"EntryPoint","urlTemplate":"https:\/\/staging.varesenews.it\/?s={search_term_string}"},"query-input":"required name=search_term_string"}],"inLanguage":"it-IT"},{"@type":"Person","@id":"https:\/\/staging.varesenews.it\/#\/schema\/person\/0512a4cda1d8b4f14c19f86d1016dc18","name":"Erika La Rosa","image":{"@type":"ImageObject","inLanguage":"it-IT","@id":"https:\/\/staging.varesenews.it\/#\/schema\/person\/image\/","url":"https:\/\/staging.varesenews.it\/wp-content\/uploads\/2020\/12\/erika_larosa_colori_500.jpg","contentUrl":"https:\/\/staging.varesenews.it\/wp-content\/uploads\/2020\/12\/erika_larosa_colori_500.jpg","caption":"Erika La Rosa"},"description":"Giornalista pubblicista, collaboro con VareseNews dal lontano 1997 quando la redazione piccolissima ma l&rsquo;entusiasmo era tanto e la sfida titanica. Da allora siamo cresciuti, la redazione &egrave; diventata pi&ugrave; grande ma l&rsquo;entusiasmo &egrave; rimato lo stesso. Mi piace guardare il mondo attraverso gli occhi degli artisti, per questo scrivo, leggo e mi nutro di arte seguendo per il giornale le pagine dedicate alle mostre e agli artisti. Ho collaborato con diversi Musei e Istituzioni culturali italiane e svizzere. Da oltre dieci anni mi occupo di strategie e comunicazione sui social media di enti pubblici e privati. Vivo il presente e non dimentico mai che quando c&rsquo;&egrave; una meta, anche il deserto diventa una strada.","sameAs":["https:\/\/www.linkedin.com\/profile\/view?id=93070756&trk=nav_responsive_tab_profile_pic","https:\/\/twitter.com\/twerirosa"],"url":"https:\/\/staging.varesenews.it\/persona\/erika_larosa\/"}]}},"post_meta":{"_edit_lock":"1538729206:36","_edit_last":"36","_category_permalink":"a:1:{s:8:\"category\";s:0:\"\";}","ratings_users":"0","ratings_score":"0","ratings_average":"0","foto":"698942","firma-personalizzata":"E.L.R.","argomento":"Varese","_yoast_wpseo_content_score":"30","_jd_tweet_this":"yes","_wpt_short_url":"https:\/\/www.varesenews.it\/2018\/10\/doppio-appuntamento-alla-ghiggini-2\/756185\/","_wp_jd_target":"https:\/\/www.varesenews.it\/2018\/10\/doppio-appuntamento-alla-ghiggini-2\/756185\/","_jd_wp_twitter":"a:1:{i:0;s:130:\"Doppio appuntamento alla Ghiggini https:\/\/www.varesenews.it\/2018\/10\/doppio-appuntamento-alla-ghiggini-2\/756185\/ #ghiggini #weekend\";}","_wpt_status_message":"Tweet inviato con successo."},"photos":[{"original":"https:\/\/staging.varesenews.it\/photogallery_new\/images\/2018\/10\/arte-mostre-698942.jpg","full":"https:\/\/staging.varesenews.it\/photogallery_new\/images\/2018\/10\/arte-mostre-698942.1024x768.jpg","large":"https:\/\/staging.varesenews.it\/photogallery_new\/images\/2018\/10\/arte-mostre-698942.610x431.jpg"}],"_links":{"self":[{"href":"https:\/\/staging.varesenews.it\/swgapi\/v1\/wp\/v2\/posts\/756185"}],"collection":[{"href":"https:\/\/staging.varesenews.it\/swgapi\/v1\/wp\/v2\/posts"}],"about":[{"href":"https:\/\/staging.varesenews.it\/swgapi\/v1\/wp\/v2\/types\/post"}],"author":[{"embeddable":true,"href":"https:\/\/staging.varesenews.it\/swgapi\/v1\/wp\/v2\/users\/36"}],"replies":[{"embeddable":true,"href":"https:\/\/staging.varesenews.it\/swgapi\/v1\/wp\/v2\/comments?post=756185"}],"version-history":[{"count":0,"href":"https:\/\/staging.varesenews.it\/swgapi\/v1\/wp\/v2\/posts\/756185\/revisions"}],"wp:attachment":[{"href":"https:\/\/staging.varesenews.it\/swgapi\/v1\/wp\/v2\/media?parent=756185"}],"wp:term":[{"taxonomy":"category","embeddable":true,"href":"https:\/\/staging.varesenews.it\/swgapi\/v1\/wp\/v2\/categories?post=756185"},{"taxonomy":"post_tag","embeddable":true,"href":"https:\/\/staging.varesenews.it\/swgapi\/v1\/wp\/v2\/tags?post=756185"}],"curies":[{"name":"wp","href":"https:\/\/api.w.org\/{rel}","templated":true}]}}