{"id":756333,"date":"2018-10-05T16:34:45","date_gmt":"2018-10-05T14:34:45","guid":{"rendered":"https:\/\/www.varesenews.it\/?p=756333"},"modified":"2018-10-06T10:30:48","modified_gmt":"2018-10-06T08:30:48","slug":"vodafone-automotive-varese-connette-mondo","status":"publish","type":"post","link":"https:\/\/staging.varesenews.it\/2018\/10\/vodafone-automotive-varese-connette-mondo\/756333\/","title":{"rendered":"Vodafone automotive da Varese connette il mondo"},"content":{"rendered":"<p>Il futuro non si prevede, ma si costruisce. E alla<a href=\"https:\/\/www.varesefocus.it\/vf\/dx\/L%E2%80%99auto-si-connette-a-Varese-e-Busto-Arsizio-19-Mar-18\"> <strong>Vodafone Automotive spa di Varese<\/strong><\/a> hanno iniziato a costruirlo ancora quando si chiamava <strong>Cobra<\/strong>, marchio leader nel settore degli antifurti per auto che in provincia di Varese aveva il distretto pi\u00f9 importante d&#8217;Italia. Ma delle <strong>45 aziende<\/strong> presenti nel <strong>1975<\/strong> ne sono rimaste soltanto tre e Cobra \u00e8 tra queste. Chi non ha innovato invece \u00e8 stato spazzato via.<\/p>\n<p>Con l&#8217;acquisizione da parte del <strong>Gruppo Vodafone nel 2014,<\/strong> sono arrivati capitali freschi, investimenti e soprattutto una nuova visione sull&#8217;innovazione di prodotto. Oggi <strong>Vodafone Automotive spa<\/strong> \u00e8 presente sul territorio con due unit\u00e0: la prima a <strong>Varese<\/strong>\u00a0dove si fa <strong>progettazione<\/strong>, <strong>produzione<\/strong>, <strong>sviluppo<\/strong> e <strong>distribuzione<\/strong> di sistemi e componenti elettronici, la seconda a<strong> Busto Arsizio<\/strong>, dedicata allo sviluppo di <strong>infrastrutture <\/strong>e<strong> servizi telematici<\/strong>.\u00a0 Una metamorfosi per nulla scontata, come racconta <strong>Gion Baker<\/strong>, ceo Vodafone Automotive, che dodici anni fa venne mandato dalla Germania per la prima volta in missione alla Cobra. \u00abMi chiesi dove fosse Varese e di che cosa si stesse parlando. Una volta qui per\u00f2 ho trovato un team fantastico, una realt\u00e0 all&#8217;avanguardia\u00bb. <div class=\"related-posts related-01\"><h4>Leggi anche<\/h4><ul><li><a title=\"Varese potrebbe diventare la mobility valley\" target=\"_blank\" href=\"https:\/\/staging.varesenews.it\/2018\/10\/varese-diventare-la-mobility-valley\/756449\/\"><strong>Varese <\/strong> - Varese potrebbe diventare la mobility valley<\/a><\/li><\/ul><\/div><\/p>\n<p>Nello stabilimento di via <strong>Astico<\/strong>, dove <strong>l&#8217;industria 4.0<\/strong> non \u00e8 solo teoria, oggi lavorano <strong>350 persone<\/strong>, per lo pi\u00f9 ingegneri e periti tecnici, tra cui un centinaio di donne. C&#8217;\u00e8 un&#8217;attenzione particolare al personale, alla sua formazione e al suo benessere, tanto che due anni fa fu siglato il <strong><a href=\"https:\/\/www.varesenews.it\/2017\/04\/ti-dono-il-mio-tempo-ferie-solidali-per-i-dipendenti-di-vodafone\/612461\/\">primo contratto aziendale in Italia<\/a> <\/strong>per la cessione <strong>solidale delle ferie<\/strong>.\u00a0 \u00abNel periodo della crisi non abbiamo lasciato a casa nessuno &#8211; dice<a href=\"https:\/\/www.varesefocus.it\/vf\/dx\/L%E2%80%99auto-si-connette-a-Varese-e-Busto-Arsizio-19-Mar-18\"> <strong>Che Naraine<\/strong><\/a>, direttore generale\u00a0<strong>Vodafone Automotive<\/strong> &#8211; anzi, abbiamo assunto, soprattutto giovani ingegneri\u00bb. <strong><a href=\"https:\/\/www.varesefocus.it\/vf\/dx\/L%E2%80%99auto-si-connette-a-Varese-e-Busto-Arsizio-19-Mar-18\">(leggi l&#8217;intervista di VareseFocus)<\/a><\/strong><\/p>\n<p>Che Naraine parla esplicitamente di \u00ab<strong>responsabilit\u00e0 verso la comunit\u00e0<\/strong>\u00bb. Quella stessa comunit\u00e0 che si \u00e8 ritrovata ad ascoltare il management durante un evento organizzato da\u00a0<a href=\"https:\/\/www.varesefocus.it\/vf\/dx\/L%E2%80%99auto-si-connette-a-Varese-e-Busto-Arsizio-19-Mar-18\"><strong>Vodafone Automotive <\/strong><\/a>nella sede varesina. Erano presenti il governatore della Regione Lombardia, <strong>Attilio Fontana, <\/strong>il\u00a0sindaco di Varese, <strong>Davide Galimberti<\/strong>, i <strong>vertici di Univa<\/strong>\u00a0e i rappresentanti dei sindacati dei metalmeccanici, <strong>Fiom Cgil e Fim Cisl dei laghi<\/strong>. \u00abL&#8217;azienda ha un valore sociale &#8211; continua il direttore generale- perch\u00e9 \u00e8 parte integrante della societ\u00e0 in cui \u00e8 inserita\u00bb.<\/p>\n<p>La cultura di impresa non pu\u00f2 essere un esercizio di stile e nemmeno un vestito che si indossa alla bisogna. <strong>Brian Humphries<\/strong>, amministratore delegato del gruppo Vodafone, usa una parola precisa: \u00ab<strong>inclusione<\/strong>\u00bb. Il compito delle imprese \u00e8 coinvolgere persone e territori in un progetto, in una visione. \u00abIl futuro &#8211; spiega Humphries &#8211; \u00e8 la connessione di luoghi, persone e cose. E Vodafone connette il mondo, piccole aziende, singole persone, che sono il nostro zoccolo duro, ma anche big, come <strong>General Electric e Coca Cola<\/strong>, utilizzando tecnologie che si sviluppano qui a Varese\u00bb.<\/p>\n<p>Vodafone Automotive punta molto su <strong>Internet delle cose<\/strong> (Iot) e con <strong>74 milioni di connessioni<\/strong>\u00a0, che crescono di <strong>2 milioni al mese<\/strong>, si pone tra i leader del settore. A <strong>Milano<\/strong> sta facendo una sperimentazione avanzata sul <strong>5G,<\/strong> la quinta generazione della rete mobile. Una vera rivoluzione, secondo <strong>Stefano Gastaut<\/strong>, direttore internet of things di Vodafone. \u00abStiamo creando un ecosistema funzionale all&#8217;Iot &#8211; sottolinea il manager &#8211;\u00a0<strong>Con 18 milioni<\/strong> di auto connesse in Europa, a cui aggiungiamo dieci milioni di contatori di luce, acqua e gas e quattro milioni di apparati medici, stiamo parlando del presente e non del futuro, non ce ne accorgiamo perch\u00e9 tutto funziona. Credo che Varese dovrebbe sfruttare la vicinanza con Milano\u00bb.<\/p>\n","protected":false},"excerpt":{"rendered":"<p>L&#8217;azienda di via Astico ha aperto le porte alla comunit\u00e0. Presenti il governatore Attilio Fontana, il sindaco di Varese Davide Galimberti, i vertici di Univa e il sindacato dei metalmeccanici<\/p>\n","protected":false},"author":45,"featured_media":0,"comment_status":"open","ping_status":"open","sticky":false,"template":"","format":"standard","meta":{"footnotes":""},"categories":[15],"tags":[69010],"acf":[],"yoast_head":"<!-- This site is optimized with the Yoast SEO plugin v20.1 - https:\/\/yoast.com\/wordpress\/plugins\/seo\/ -->\n<title>Vodafone automotive da Varese connette il mondo<\/title>\n<meta name=\"description\" content=\"L&#039;azienda di via Astico ha aperto le porte alla comunit\u00e0. Presenti il governatore Attilio Fontana, il sindaco di Varese Davide Galimberti, i vertici di Univa e il sindacato dei metalmeccanici\" \/>\n<meta name=\"robots\" content=\"noindex, follow, max-snippet:-1, max-image-preview:large, max-video-preview:-1\" \/>\n<meta property=\"og:locale\" content=\"it_IT\" \/>\n<meta property=\"og:type\" content=\"article\" \/>\n<meta property=\"og:title\" content=\"Vodafone automotive da Varese connette il mondo\" \/>\n<meta property=\"og:description\" content=\"L&#039;azienda di via Astico ha aperto le porte alla comunit\u00e0. Presenti il governatore Attilio Fontana, il sindaco di Varese Davide Galimberti, i vertici di Univa e il sindacato dei metalmeccanici\" \/>\n<meta property=\"og:url\" content=\"https:\/\/www.varesenews.it\/2018\/10\/vodafone-automotive-varese-connette-mondo\/756333\/\" \/>\n<meta property=\"og:site_name\" content=\"VareseNews\" \/>\n<meta property=\"article:publisher\" content=\"https:\/\/www.facebook.com\/varesenews\" \/>\n<meta property=\"article:author\" content=\"https:\/\/www.facebook.com\/michele.mancino.5\" \/>\n<meta property=\"article:published_time\" content=\"2018-10-05T14:34:45+00:00\" \/>\n<meta property=\"article:modified_time\" content=\"2018-10-06T08:30:48+00:00\" \/>\n<meta name=\"author\" content=\"Michele Mancino\" \/>\n<meta name=\"twitter:card\" content=\"summary_large_image\" \/>\n<meta name=\"twitter:creator\" content=\"@micmancio\" \/>\n<meta name=\"twitter:site\" content=\"@varesenews\" \/>\n<meta name=\"twitter:label1\" content=\"Scritto da\" \/>\n\t<meta name=\"twitter:data1\" content=\"Michele Mancino\" \/>\n\t<meta name=\"twitter:label2\" content=\"Tempo di lettura stimato\" \/>\n\t<meta name=\"twitter:data2\" content=\"3 minuti\" \/>\n<script type=\"application\/ld+json\" class=\"yoast-schema-graph\">{\"@context\":\"https:\/\/schema.org\",\"@graph\":[{\"@type\":\"WebPage\",\"@id\":\"https:\/\/www.varesenews.it\/2018\/10\/vodafone-automotive-varese-connette-mondo\/756333\/\",\"url\":\"https:\/\/www.varesenews.it\/2018\/10\/vodafone-automotive-varese-connette-mondo\/756333\/\",\"name\":\"Vodafone automotive da Varese connette il mondo\",\"isPartOf\":{\"@id\":\"https:\/\/staging.varesenews.it\/#website\"},\"datePublished\":\"2018-10-05T14:34:45+00:00\",\"dateModified\":\"2018-10-06T08:30:48+00:00\",\"author\":{\"@id\":\"https:\/\/staging.varesenews.it\/#\/schema\/person\/308b491d3cb680ead199e5ff6c6ce540\"},\"description\":\"L'azienda di via Astico ha aperto le porte alla comunit\u00e0. Presenti il governatore Attilio Fontana, il sindaco di Varese Davide Galimberti, i vertici di Univa e il sindacato dei metalmeccanici\",\"breadcrumb\":{\"@id\":\"https:\/\/www.varesenews.it\/2018\/10\/vodafone-automotive-varese-connette-mondo\/756333\/#breadcrumb\"},\"inLanguage\":\"it-IT\",\"potentialAction\":[{\"@type\":\"ReadAction\",\"target\":[\"https:\/\/www.varesenews.it\/2018\/10\/vodafone-automotive-varese-connette-mondo\/756333\/\"]}]},{\"@type\":\"BreadcrumbList\",\"@id\":\"https:\/\/www.varesenews.it\/2018\/10\/vodafone-automotive-varese-connette-mondo\/756333\/#breadcrumb\",\"itemListElement\":[{\"@type\":\"ListItem\",\"position\":1,\"name\":\"Home\",\"item\":\"https:\/\/www.varesenews.it\/\"},{\"@type\":\"ListItem\",\"position\":2,\"name\":\"Vodafone automotive da Varese connette il mondo\"}]},{\"@type\":\"WebSite\",\"@id\":\"https:\/\/staging.varesenews.it\/#website\",\"url\":\"https:\/\/staging.varesenews.it\/\",\"name\":\"VareseNews\",\"description\":\"\",\"potentialAction\":[{\"@type\":\"SearchAction\",\"target\":{\"@type\":\"EntryPoint\",\"urlTemplate\":\"https:\/\/staging.varesenews.it\/?s={search_term_string}\"},\"query-input\":\"required name=search_term_string\"}],\"inLanguage\":\"it-IT\"},{\"@type\":\"Person\",\"@id\":\"https:\/\/staging.varesenews.it\/#\/schema\/person\/308b491d3cb680ead199e5ff6c6ce540\",\"name\":\"Michele Mancino\",\"image\":{\"@type\":\"ImageObject\",\"inLanguage\":\"it-IT\",\"@id\":\"https:\/\/staging.varesenews.it\/#\/schema\/person\/image\/\",\"url\":\"https:\/\/staging.varesenews.it\/wp-content\/uploads\/2020\/12\/michele_mancino_colori_500.jpg\",\"contentUrl\":\"https:\/\/staging.varesenews.it\/wp-content\/uploads\/2020\/12\/michele_mancino_colori_500.jpg\",\"caption\":\"Michele Mancino\"},\"description\":\"Sono a VareseNews da prima che nascesse. Ho inserito le prime notizie in una stringa di codice html, la lingua di internet. Aprivo i computer, cambiavo schede di rete e portavo i server dal provider. A met&agrave; degli anni &rsquo;90 il giornalista online doveva saper fare anche questo. Ho vissuto gli anni drammatici della bolla speculativa di Internet e quelli entusiastici della crescita, anni in cui VareseNews era un Davide in mezzo a tanti Golia. Poi sono arrivati i social, le nuove piattaforme e soprattutto gli smartphone, una postazione di lavoro racchiusa in una mano. Una nuova rivoluzione. Insomma, &egrave; stata, ed &egrave; ancora, un&rsquo;avventura entusiasmante perch&eacute; mi insegna giorno dopo giorno che il cambiamento &egrave; l&rsquo;unica certezza di questa fragile esistenza.\",\"sameAs\":[\"https:\/\/www.facebook.com\/michele.mancino.5\",\"micmancio\",\"Aggiorna le impostazioni del tuo profilo pubblicoit.linkedin.com\/pub\/michele-mancino\/28\/b71\/890\/it\",\"https:\/\/twitter.com\/micmancio\"],\"url\":\"https:\/\/staging.varesenews.it\/persona\/michele_mancino\/\"}]}<\/script>\n<!-- \/ Yoast SEO plugin. -->","yoast_head_json":{"title":"Vodafone automotive da Varese connette il mondo","description":"L'azienda di via Astico ha aperto le porte alla comunit\u00e0. Presenti il governatore Attilio Fontana, il sindaco di Varese Davide Galimberti, i vertici di Univa e il sindacato dei metalmeccanici","robots":{"index":"noindex","follow":"follow","max-snippet":"max-snippet:-1","max-image-preview":"max-image-preview:large","max-video-preview":"max-video-preview:-1"},"og_locale":"it_IT","og_type":"article","og_title":"Vodafone automotive da Varese connette il mondo","og_description":"L'azienda di via Astico ha aperto le porte alla comunit\u00e0. Presenti il governatore Attilio Fontana, il sindaco di Varese Davide Galimberti, i vertici di Univa e il sindacato dei metalmeccanici","og_url":"https:\/\/www.varesenews.it\/2018\/10\/vodafone-automotive-varese-connette-mondo\/756333\/","og_site_name":"VareseNews","article_publisher":"https:\/\/www.facebook.com\/varesenews","article_author":"https:\/\/www.facebook.com\/michele.mancino.5","article_published_time":"2018-10-05T14:34:45+00:00","article_modified_time":"2018-10-06T08:30:48+00:00","author":"Michele Mancino","twitter_card":"summary_large_image","twitter_creator":"@micmancio","twitter_site":"@varesenews","twitter_misc":{"Scritto da":"Michele Mancino","Tempo di lettura stimato":"3 minuti"},"schema":{"@context":"https:\/\/schema.org","@graph":[{"@type":"WebPage","@id":"https:\/\/www.varesenews.it\/2018\/10\/vodafone-automotive-varese-connette-mondo\/756333\/","url":"https:\/\/www.varesenews.it\/2018\/10\/vodafone-automotive-varese-connette-mondo\/756333\/","name":"Vodafone automotive da Varese connette il mondo","isPartOf":{"@id":"https:\/\/staging.varesenews.it\/#website"},"datePublished":"2018-10-05T14:34:45+00:00","dateModified":"2018-10-06T08:30:48+00:00","author":{"@id":"https:\/\/staging.varesenews.it\/#\/schema\/person\/308b491d3cb680ead199e5ff6c6ce540"},"description":"L'azienda di via Astico ha aperto le porte alla comunit\u00e0. Presenti il governatore Attilio Fontana, il sindaco di Varese Davide Galimberti, i vertici di Univa e il sindacato dei metalmeccanici","breadcrumb":{"@id":"https:\/\/www.varesenews.it\/2018\/10\/vodafone-automotive-varese-connette-mondo\/756333\/#breadcrumb"},"inLanguage":"it-IT","potentialAction":[{"@type":"ReadAction","target":["https:\/\/www.varesenews.it\/2018\/10\/vodafone-automotive-varese-connette-mondo\/756333\/"]}]},{"@type":"BreadcrumbList","@id":"https:\/\/www.varesenews.it\/2018\/10\/vodafone-automotive-varese-connette-mondo\/756333\/#breadcrumb","itemListElement":[{"@type":"ListItem","position":1,"name":"Home","item":"https:\/\/www.varesenews.it\/"},{"@type":"ListItem","position":2,"name":"Vodafone automotive da Varese connette il mondo"}]},{"@type":"WebSite","@id":"https:\/\/staging.varesenews.it\/#website","url":"https:\/\/staging.varesenews.it\/","name":"VareseNews","description":"","potentialAction":[{"@type":"SearchAction","target":{"@type":"EntryPoint","urlTemplate":"https:\/\/staging.varesenews.it\/?s={search_term_string}"},"query-input":"required name=search_term_string"}],"inLanguage":"it-IT"},{"@type":"Person","@id":"https:\/\/staging.varesenews.it\/#\/schema\/person\/308b491d3cb680ead199e5ff6c6ce540","name":"Michele Mancino","image":{"@type":"ImageObject","inLanguage":"it-IT","@id":"https:\/\/staging.varesenews.it\/#\/schema\/person\/image\/","url":"https:\/\/staging.varesenews.it\/wp-content\/uploads\/2020\/12\/michele_mancino_colori_500.jpg","contentUrl":"https:\/\/staging.varesenews.it\/wp-content\/uploads\/2020\/12\/michele_mancino_colori_500.jpg","caption":"Michele Mancino"},"description":"Sono a VareseNews da prima che nascesse. Ho inserito le prime notizie in una stringa di codice html, la lingua di internet. Aprivo i computer, cambiavo schede di rete e portavo i server dal provider. A met&agrave; degli anni &rsquo;90 il giornalista online doveva saper fare anche questo. Ho vissuto gli anni drammatici della bolla speculativa di Internet e quelli entusiastici della crescita, anni in cui VareseNews era un Davide in mezzo a tanti Golia. Poi sono arrivati i social, le nuove piattaforme e soprattutto gli smartphone, una postazione di lavoro racchiusa in una mano. Una nuova rivoluzione. Insomma, &egrave; stata, ed &egrave; ancora, un&rsquo;avventura entusiasmante perch&eacute; mi insegna giorno dopo giorno che il cambiamento &egrave; l&rsquo;unica certezza di questa fragile esistenza.","sameAs":["https:\/\/www.facebook.com\/michele.mancino.5","micmancio","Aggiorna le impostazioni del tuo profilo pubblicoit.linkedin.com\/pub\/michele-mancino\/28\/b71\/890\/it","https:\/\/twitter.com\/micmancio"],"url":"https:\/\/staging.varesenews.it\/persona\/michele_mancino\/"}]}},"post_meta":{"_edit_lock":"1538814650:45","_edit_last":"45","_category_permalink":"a:1:{s:8:\"category\";s:2:\"15\";}","_yoast_wpseo_content_score":"30","_jd_tweet_this":"yes","ratings_users":"0","ratings_score":"0","ratings_average":"0","foto":"699038","_wpt_short_url":"https:\/\/www.varesenews.it\/2018\/10\/vodafone-automotive-varese-connette-mondo\/756333\/","_wp_jd_target":"https:\/\/www.varesenews.it\/2018\/10\/vodafone-automotive-varese-connette-mondo\/756333\/","_jd_wp_twitter":"a:1:{i:0;s:132:\"Vodafone automotive da Varese connette il mondo https:\/\/www.varesenews.it\/2018\/10\/vodafone-automotive-varese-connette-mondo\/756333\/ \";}","_wpt_status_message":"Tweet inviato con successo.","argomento":"Economia","id_leggi_anche":"756449","id_link_fotogallery":"756445"},"photos":[{"original":"https:\/\/staging.varesenews.it\/photogallery_new\/images\/2018\/10\/vodafone-automotive-699038.jpg","full":"https:\/\/staging.varesenews.it\/photogallery_new\/images\/2018\/10\/vodafone-automotive-699038.1024x768.jpg","large":"https:\/\/staging.varesenews.it\/photogallery_new\/images\/2018\/10\/vodafone-automotive-699038.610x431.jpg"}],"_links":{"self":[{"href":"https:\/\/staging.varesenews.it\/swgapi\/v1\/wp\/v2\/posts\/756333"}],"collection":[{"href":"https:\/\/staging.varesenews.it\/swgapi\/v1\/wp\/v2\/posts"}],"about":[{"href":"https:\/\/staging.varesenews.it\/swgapi\/v1\/wp\/v2\/types\/post"}],"author":[{"embeddable":true,"href":"https:\/\/staging.varesenews.it\/swgapi\/v1\/wp\/v2\/users\/45"}],"replies":[{"embeddable":true,"href":"https:\/\/staging.varesenews.it\/swgapi\/v1\/wp\/v2\/comments?post=756333"}],"version-history":[{"count":0,"href":"https:\/\/staging.varesenews.it\/swgapi\/v1\/wp\/v2\/posts\/756333\/revisions"}],"wp:attachment":[{"href":"https:\/\/staging.varesenews.it\/swgapi\/v1\/wp\/v2\/media?parent=756333"}],"wp:term":[{"taxonomy":"category","embeddable":true,"href":"https:\/\/staging.varesenews.it\/swgapi\/v1\/wp\/v2\/categories?post=756333"},{"taxonomy":"post_tag","embeddable":true,"href":"https:\/\/staging.varesenews.it\/swgapi\/v1\/wp\/v2\/tags?post=756333"}],"curies":[{"name":"wp","href":"https:\/\/api.w.org\/{rel}","templated":true}]}}