{"id":756874,"date":"2018-10-08T12:53:26","date_gmt":"2018-10-08T10:53:26","guid":{"rendered":"https:\/\/www.varesenews.it\/?p=756874"},"modified":"2018-10-08T12:53:26","modified_gmt":"2018-10-08T10:53:26","slug":"sul-lago-caccia-draghi","status":"publish","type":"post","link":"https:\/\/staging.varesenews.it\/2018\/10\/sul-lago-caccia-draghi\/756874\/","title":{"rendered":"Sul lago a caccia di Draghi"},"content":{"rendered":"<p>Fantasia e realt\u00e0 si incontrano questo fine settimana ad Omegna, la citt\u00e0 di Gianni Rodari, per svelare ai bambini tutti i segreti del Lago dei Draghi. Perch\u00e9<strong> sulle rive del Lago d\u2019Orta i draghi sono di casa, popolano leggende e racconti<\/strong>, tanto che sull\u2019Isola di San Giulio pare che sia addirittura conservata la vertebra di una di queste magiche creature.<br \/>\nNasce da questa suggestione<strong> l\u2019iniziativa \u201cLago dei draghi<\/strong>\u201d promossa dallo staff della \u201cGrotta di Babbo Natale\u201d per <strong>sabato 13 e domenica 14 ottobre:<\/strong> un\u2019avventura alla ricerca di draghi e leggende a partire dall\u2019Accademia di dragologia, ospitata per l\u2019occasione dal Forum di Omegna, nel parco Pasquale Maulini, punto di riferimento e di partenza per tutti i piccoli esploratori, che avranno modo di approfondire la materia prima di lanciarsi in una safari in motoscafo, alla ricerca dei Draghi.<br \/>\n<div class=\"photo-inside-post\"><img decoding=\"async\" loading=\"lazy\" fetchpriority=\"low\" width=\"610\" height=\"431\" src=\"https:\/\/staging.varesenews.it\/photogallery_new\/images\/2018\/10\/draghi-lago-d-orta-699387.610x431.jpg\" alt=\"draghi lago d'orta\"><\/div><\/p>\n<p>A SCUOLA DI DRAGOLOGIA<br \/>\nL\u2019Accademia di Dragologia (il Forum) offre un rapido percorso di approfondimento su tutto ci\u00f2 che riguarda queste magiche creature, tra pietre preziose, pozioni e habitat da scoprire nel percorso didattico (20 minuti ogni lezione) e poi lungo l\u2019area espositiva, lo spazio giochi a tema \u201cDrago ludens\u201d e laboratori sino alla prova finale: specchiarsi nell\u2019occhio del drago e sostenere il suo sguardo (da soli o con un genitore). Al termine (il percorso in Accademia dura circa un\u2019ora),<strong> ogni partecipante ritirer\u00e0 un Diploma con il Brevetto in dragologia.<\/strong><\/p>\n<p>PASSEGGIATA AL CONTRARIO<br \/>\nDall\u2019Accademia si procede quindi verso il centro di Omegna, attraverso<strong> la passeggiata pensile lungo il Torrente Nigoglia<\/strong> (in circa 20 minuti anche con i passeggini), lungo la quale individuare i primi \u201csegni\u201d del passaggio dei draghi. Il percorso \u00e8 unico ed originale perch\u00e9 camminando \u201cin gi\u00f9\u201d, verso il lago, si scoprir\u00e0 che il torrente scorre inaspettatamente al contrario: \u201call\u2019ins\u00f9\u201d.<br \/>\n<div class=\"photo-inside-post\"><img decoding=\"async\" loading=\"lazy\" fetchpriority=\"low\" width=\"610\" height=\"431\" src=\"https:\/\/staging.varesenews.it\/photogallery_new\/images\/2018\/10\/draghi-lago-d-orta-699385.610x431.jpg\" alt=\"draghi lago d'orta\"><\/div><\/p>\n<p>IL SAFARI IN MOTOSCAFO<br \/>\nDal centro di Omegna si raggiunge il molo di imbarco dei motoscafi, dove un eccentrico dragologo accoglier\u00e0 i partecipanti e li accompagner\u00e0 durante<strong> l\u2019avvistamento dei draghi, lungo le rive del Lago d\u2019Orta che li ospita notoriamente da secoli. Il safari dura circa 25 minuti<\/strong> ed \u00e8 importante rispettare l\u2019orario e l\u2019imbarcazione indicati sulla prenotazione.<br \/>\nAl termine del viaggio si percorre lo stesso tragitto in senso contrario per partecipare alle lezioni dell\u2019Accademia di Dragologia (se non lo si \u00e8 fatto prima), per partecipare alle altre attivit\u00e0 o riprendere l\u2019auto ai posteggi gratuiti e tornare a casa.<\/p>\n<p>ATTIVIT<span style=\"font-family: Liberation Serif, serif\">\u00c0<\/span><span style=\"font-family: Liberation Serif, serif\"> COLLATERALI<br \/>\n<\/span><span style=\"font-family: Liberation Serif, serif\">Per tutto il fine settimana lungo la passeggiata pedonale della Nigoglia sar\u00e0 allestita un\u2019area ristoro al coperto con uno speciale Men\u00f9 dei draghi, mentre l\u2019Isola San Giulio propone speciali visite guidate alla scoperta dei punti \u201ctoccati\u201d dal drago e dal santo, raccontati da un appassionato esperto di leggende ortesi.<\/span><br \/>\n<div class=\"photo-inside-post\"><img decoding=\"async\" loading=\"lazy\" fetchpriority=\"low\" width=\"610\" height=\"431\" src=\"https:\/\/staging.varesenews.it\/photogallery_new\/images\/2018\/10\/draghi-lago-d-orta-699386.610x431.jpg\" alt=\"draghi lago d'orta\"><\/div><\/p>\n<p>COME PARTECIPARE<br \/>\nPer partecipare all\u2019evento \u00e8 necessario prenotare il biglietto <a href=\"https:\/\/www.lagodeidraghi.it\/\">qui<\/a>, sul sito dedicato della manifestazione. Ed \u00e8 comunque sempre necessario fare tappa alla biglietteria dell\u2019Accademia (il Forum di Omegna) per ritirare i braccialetti che danno accesso alle diverse attivit\u00e0. L\u2019orario di apertura dell\u2019Accademia \u00e8 dalle 9:30 (primo ingresso) alle 12:30 (ultimo ingresso della mattina) e dalle 14:00 alle 17:00 (ultimo ingresso). Aree parcheggio gratuite nei pressi del Forum.<\/p>\n<p>L\u2019evento \u00e8 assicurato con qualsiasi condizione meteo: le attivit\u00e0 al Forum sono al coperto, i motoscafi hanno la copertura.<br \/>\nPer maggiori informazioni: 0323 497349 oppure info@lagodeidraghi.it.<\/p>\n","protected":false},"excerpt":{"rendered":"<p>Sabato 13 e domenica 14 ottobre &#8220;Il Lago dei Draghi&#8221; propone ai bambini un percorso in &#8220;Accademia di dragologia&#8221; e l&#8217;avvistamento di magiche creature in motoscafo sul Lago d&#8217;Orta<\/p>\n","protected":false},"author":14095,"featured_media":0,"comment_status":"open","ping_status":"open","sticky":false,"template":"","format":"standard","meta":{"footnotes":""},"categories":[23,21,46],"tags":[87765,87451,87452,87200,4229,85737,87851],"acf":[],"yoast_head":"<!-- This site is optimized with the Yoast SEO plugin v20.1 - https:\/\/yoast.com\/wordpress\/plugins\/seo\/ -->\n<title>Sul lago a caccia di Draghi<\/title>\n<meta name=\"description\" content=\"Sabato 13 e domenica 14 ottobre &quot;Il Lago dei Draghi&quot; propone ai bambini un percorso in &quot;Accademia di dragologia&quot; e l&#039;avvistamento di magiche creature in motoscafo sul Lago d&#039;Orta\" \/>\n<meta name=\"robots\" content=\"noindex, follow, max-snippet:-1, max-image-preview:large, max-video-preview:-1\" \/>\n<meta property=\"og:locale\" content=\"it_IT\" \/>\n<meta property=\"og:type\" content=\"article\" \/>\n<meta property=\"og:title\" content=\"Sul lago a caccia di Draghi\" \/>\n<meta property=\"og:description\" content=\"Sabato 13 e domenica 14 ottobre &quot;Il Lago dei Draghi&quot; propone ai bambini un percorso in &quot;Accademia di dragologia&quot; e l&#039;avvistamento di magiche creature in motoscafo sul Lago d&#039;Orta\" \/>\n<meta property=\"og:url\" content=\"https:\/\/staging.varesenews.it\/2018\/10\/sul-lago-caccia-draghi\/756874\/\" \/>\n<meta property=\"og:site_name\" content=\"VareseNews\" \/>\n<meta property=\"article:publisher\" content=\"https:\/\/www.facebook.com\/varesenews\" \/>\n<meta property=\"article:published_time\" content=\"2018-10-08T10:53:26+00:00\" \/>\n<meta name=\"author\" content=\"Lidia Romeo\" \/>\n<meta name=\"twitter:card\" content=\"summary_large_image\" \/>\n<meta name=\"twitter:creator\" content=\"@varesenews\" \/>\n<meta name=\"twitter:site\" content=\"@varesenews\" \/>\n<meta name=\"twitter:label1\" content=\"Scritto da\" \/>\n\t<meta name=\"twitter:data1\" content=\"Lidia Romeo\" \/>\n\t<meta name=\"twitter:label2\" content=\"Tempo di lettura stimato\" \/>\n\t<meta name=\"twitter:data2\" content=\"3 minuti\" \/>\n<script type=\"application\/ld+json\" class=\"yoast-schema-graph\">{\"@context\":\"https:\/\/schema.org\",\"@graph\":[{\"@type\":\"WebPage\",\"@id\":\"https:\/\/staging.varesenews.it\/2018\/10\/sul-lago-caccia-draghi\/756874\/\",\"url\":\"https:\/\/staging.varesenews.it\/2018\/10\/sul-lago-caccia-draghi\/756874\/\",\"name\":\"Sul lago a caccia di Draghi\",\"isPartOf\":{\"@id\":\"https:\/\/staging.varesenews.it\/#website\"},\"datePublished\":\"2018-10-08T10:53:26+00:00\",\"dateModified\":\"2018-10-08T10:53:26+00:00\",\"author\":{\"@id\":\"https:\/\/staging.varesenews.it\/#\/schema\/person\/83b39e5ac77662e18c07cdb07f0b4e7a\"},\"description\":\"Sabato 13 e domenica 14 ottobre \\\"Il Lago dei Draghi\\\" propone ai bambini un percorso in \\\"Accademia di dragologia\\\" e l'avvistamento di magiche creature in motoscafo sul Lago d'Orta\",\"breadcrumb\":{\"@id\":\"https:\/\/staging.varesenews.it\/2018\/10\/sul-lago-caccia-draghi\/756874\/#breadcrumb\"},\"inLanguage\":\"it-IT\",\"potentialAction\":[{\"@type\":\"ReadAction\",\"target\":[\"https:\/\/staging.varesenews.it\/2018\/10\/sul-lago-caccia-draghi\/756874\/\"]}]},{\"@type\":\"BreadcrumbList\",\"@id\":\"https:\/\/staging.varesenews.it\/2018\/10\/sul-lago-caccia-draghi\/756874\/#breadcrumb\",\"itemListElement\":[{\"@type\":\"ListItem\",\"position\":1,\"name\":\"Home\",\"item\":\"https:\/\/www.varesenews.it\/\"},{\"@type\":\"ListItem\",\"position\":2,\"name\":\"Sul lago a caccia di Draghi\"}]},{\"@type\":\"WebSite\",\"@id\":\"https:\/\/staging.varesenews.it\/#website\",\"url\":\"https:\/\/staging.varesenews.it\/\",\"name\":\"VareseNews\",\"description\":\"\",\"potentialAction\":[{\"@type\":\"SearchAction\",\"target\":{\"@type\":\"EntryPoint\",\"urlTemplate\":\"https:\/\/staging.varesenews.it\/?s={search_term_string}\"},\"query-input\":\"required name=search_term_string\"}],\"inLanguage\":\"it-IT\"},{\"@type\":\"Person\",\"@id\":\"https:\/\/staging.varesenews.it\/#\/schema\/person\/83b39e5ac77662e18c07cdb07f0b4e7a\",\"name\":\"Lidia Romeo\",\"image\":{\"@type\":\"ImageObject\",\"inLanguage\":\"it-IT\",\"@id\":\"https:\/\/staging.varesenews.it\/#\/schema\/person\/image\/\",\"url\":\"https:\/\/staging.varesenews.it\/wp-content\/uploads\/2020\/12\/lidia_romeo_colori_500.jpg\",\"contentUrl\":\"https:\/\/staging.varesenews.it\/wp-content\/uploads\/2020\/12\/lidia_romeo_colori_500.jpg\",\"caption\":\"Lidia Romeo\"},\"description\":\"Giornalista professionista dal 2010, una laurea in Scienze politiche e tante, tantissime domande. Ascolto risposte, ne cerco altre e alcune le scrivo. Mi piacciono le chiacchiere, le idee capaci di guardare lontano e camminare in spazi aperti senza altra meta che l&rsquo;orizzonte.&nbsp;Per VareseNews sono responsabile del canale Bambini, a proposito di orizzonti ampi... quanto il futuro. &nbsp;\",\"url\":\"https:\/\/staging.varesenews.it\/persona\/lidia-romeo-a\/\"}]}<\/script>\n<!-- \/ Yoast SEO plugin. -->","yoast_head_json":{"title":"Sul lago a caccia di Draghi","description":"Sabato 13 e domenica 14 ottobre \"Il Lago dei Draghi\" propone ai bambini un percorso in \"Accademia di dragologia\" e l'avvistamento di magiche creature in motoscafo sul Lago d'Orta","robots":{"index":"noindex","follow":"follow","max-snippet":"max-snippet:-1","max-image-preview":"max-image-preview:large","max-video-preview":"max-video-preview:-1"},"og_locale":"it_IT","og_type":"article","og_title":"Sul lago a caccia di Draghi","og_description":"Sabato 13 e domenica 14 ottobre \"Il Lago dei Draghi\" propone ai bambini un percorso in \"Accademia di dragologia\" e l'avvistamento di magiche creature in motoscafo sul Lago d'Orta","og_url":"https:\/\/staging.varesenews.it\/2018\/10\/sul-lago-caccia-draghi\/756874\/","og_site_name":"VareseNews","article_publisher":"https:\/\/www.facebook.com\/varesenews","article_published_time":"2018-10-08T10:53:26+00:00","author":"Lidia Romeo","twitter_card":"summary_large_image","twitter_creator":"@varesenews","twitter_site":"@varesenews","twitter_misc":{"Scritto da":"Lidia Romeo","Tempo di lettura stimato":"3 minuti"},"schema":{"@context":"https:\/\/schema.org","@graph":[{"@type":"WebPage","@id":"https:\/\/staging.varesenews.it\/2018\/10\/sul-lago-caccia-draghi\/756874\/","url":"https:\/\/staging.varesenews.it\/2018\/10\/sul-lago-caccia-draghi\/756874\/","name":"Sul lago a caccia di Draghi","isPartOf":{"@id":"https:\/\/staging.varesenews.it\/#website"},"datePublished":"2018-10-08T10:53:26+00:00","dateModified":"2018-10-08T10:53:26+00:00","author":{"@id":"https:\/\/staging.varesenews.it\/#\/schema\/person\/83b39e5ac77662e18c07cdb07f0b4e7a"},"description":"Sabato 13 e domenica 14 ottobre \"Il Lago dei Draghi\" propone ai bambini un percorso in \"Accademia di dragologia\" e l'avvistamento di magiche creature in motoscafo sul Lago d'Orta","breadcrumb":{"@id":"https:\/\/staging.varesenews.it\/2018\/10\/sul-lago-caccia-draghi\/756874\/#breadcrumb"},"inLanguage":"it-IT","potentialAction":[{"@type":"ReadAction","target":["https:\/\/staging.varesenews.it\/2018\/10\/sul-lago-caccia-draghi\/756874\/"]}]},{"@type":"BreadcrumbList","@id":"https:\/\/staging.varesenews.it\/2018\/10\/sul-lago-caccia-draghi\/756874\/#breadcrumb","itemListElement":[{"@type":"ListItem","position":1,"name":"Home","item":"https:\/\/www.varesenews.it\/"},{"@type":"ListItem","position":2,"name":"Sul lago a caccia di Draghi"}]},{"@type":"WebSite","@id":"https:\/\/staging.varesenews.it\/#website","url":"https:\/\/staging.varesenews.it\/","name":"VareseNews","description":"","potentialAction":[{"@type":"SearchAction","target":{"@type":"EntryPoint","urlTemplate":"https:\/\/staging.varesenews.it\/?s={search_term_string}"},"query-input":"required name=search_term_string"}],"inLanguage":"it-IT"},{"@type":"Person","@id":"https:\/\/staging.varesenews.it\/#\/schema\/person\/83b39e5ac77662e18c07cdb07f0b4e7a","name":"Lidia Romeo","image":{"@type":"ImageObject","inLanguage":"it-IT","@id":"https:\/\/staging.varesenews.it\/#\/schema\/person\/image\/","url":"https:\/\/staging.varesenews.it\/wp-content\/uploads\/2020\/12\/lidia_romeo_colori_500.jpg","contentUrl":"https:\/\/staging.varesenews.it\/wp-content\/uploads\/2020\/12\/lidia_romeo_colori_500.jpg","caption":"Lidia Romeo"},"description":"Giornalista professionista dal 2010, una laurea in Scienze politiche e tante, tantissime domande. Ascolto risposte, ne cerco altre e alcune le scrivo. Mi piacciono le chiacchiere, le idee capaci di guardare lontano e camminare in spazi aperti senza altra meta che l&rsquo;orizzonte.&nbsp;Per VareseNews sono responsabile del canale Bambini, a proposito di orizzonti ampi... quanto il futuro. &nbsp;","url":"https:\/\/staging.varesenews.it\/persona\/lidia-romeo-a\/"}]}},"post_meta":{"_edit_lock":"1539002660:14095","_edit_last":"14095","_category_permalink":"a:1:{s:8:\"category\";s:2:\"23\";}","foto":"699384","firma-personalizzata":"bambini@varesenews.it","argomento":"Omegna","_yoast_wpseo_content_score":"30","_jd_tweet_this":"yes","ratings_users":"0","ratings_score":"0","ratings_average":"0","_wpt_short_url":"https:\/\/www.varesenews.it\/2018\/10\/sul-lago-caccia-draghi\/756874\/","_wp_jd_target":"https:\/\/www.varesenews.it\/2018\/10\/sul-lago-caccia-draghi\/756874\/","_jd_wp_twitter":"a:1:{i:0;s:125:\"Sul lago a caccia di Draghi https:\/\/www.varesenews.it\/2018\/10\/sul-lago-caccia-draghi\/756874\/ #Bambinienatura #Et\u00e036 #Et\u00e0610\";}","_wpt_status_message":"Tweet inviato con successo."},"photos":[{"original":"https:\/\/staging.varesenews.it\/photogallery_new\/images\/2018\/10\/draghi-lago-d-orta-699384.jpg","full":"https:\/\/staging.varesenews.it\/photogallery_new\/images\/2018\/10\/draghi-lago-d-orta-699384.1024x768.jpg","large":"https:\/\/staging.varesenews.it\/photogallery_new\/images\/2018\/10\/draghi-lago-d-orta-699384.610x431.jpg"}],"_links":{"self":[{"href":"https:\/\/staging.varesenews.it\/swgapi\/v1\/wp\/v2\/posts\/756874"}],"collection":[{"href":"https:\/\/staging.varesenews.it\/swgapi\/v1\/wp\/v2\/posts"}],"about":[{"href":"https:\/\/staging.varesenews.it\/swgapi\/v1\/wp\/v2\/types\/post"}],"author":[{"embeddable":true,"href":"https:\/\/staging.varesenews.it\/swgapi\/v1\/wp\/v2\/users\/14095"}],"replies":[{"embeddable":true,"href":"https:\/\/staging.varesenews.it\/swgapi\/v1\/wp\/v2\/comments?post=756874"}],"version-history":[{"count":0,"href":"https:\/\/staging.varesenews.it\/swgapi\/v1\/wp\/v2\/posts\/756874\/revisions"}],"wp:attachment":[{"href":"https:\/\/staging.varesenews.it\/swgapi\/v1\/wp\/v2\/media?parent=756874"}],"wp:term":[{"taxonomy":"category","embeddable":true,"href":"https:\/\/staging.varesenews.it\/swgapi\/v1\/wp\/v2\/categories?post=756874"},{"taxonomy":"post_tag","embeddable":true,"href":"https:\/\/staging.varesenews.it\/swgapi\/v1\/wp\/v2\/tags?post=756874"}],"curies":[{"name":"wp","href":"https:\/\/api.w.org\/{rel}","templated":true}]}}