{"id":758890,"date":"2018-10-14T19:46:37","date_gmt":"2018-10-14T17:46:37","guid":{"rendered":"https:\/\/www.varesenews.it\/?p=758890"},"modified":"2018-10-14T19:46:37","modified_gmt":"2018-10-14T17:46:37","slug":"domenicali-si-gode-suoi-giovani-benissimo","status":"publish","type":"post","link":"https:\/\/staging.varesenews.it\/2018\/10\/domenicali-si-gode-suoi-giovani-benissimo\/758890\/","title":{"rendered":"Domenicali si gode i suoi giovani: &#8220;Hanno fatto benissimo&#8221;"},"content":{"rendered":"<p>I due tecnici di Varese e Fenegr\u00f2, Manuele Domenicali e Simone Broccanello, e il match winner dell&#8217;incontro Matias Vegnaduzzo sono i tre ospiti della sala stampa del \u201cFranco Ossola\u201d dopo l&#8217;1-0 con cui i biancorossi hanno sconfitto gli ospiti.<\/p>\n<p><strong>DOMENICALI 1<\/strong><\/p>\n<p>\u00abIl Varese \u00e8 un po&#8217; sempre in emergenza perch\u00e9 ci sono molte assenze, per\u00f2 i ragazzi che hanno giocato hanno fatto molto molto molto bene. Sono contento di questa prestazione al di l\u00e0 dal risultato che \u00e8 importante: arrivavamo da una brutta sconfitta, ci siamo rifatti contro una delle favorite, squadra organizzata e molto forte fisicamente\u00bb.<\/p>\n<p><strong>DOMENICALI 2<\/strong><\/p>\n<p>\u00abAbbiamo finito la partita con 10 under in campo, tutti a parte Gestra. Questo \u00e8 un gruppo che ogni giorno si impegna e lavora duro, che sta migliorando tanto con il passare del tempo. Poi \u00e8 chiaro che abbiamo bisogno anche di quelli che ci sono fuori. La difesa era giovanissima e non ha concesso nulla ai quotati attaccanti avversari e si poteva anche finire 3-0 per noi. Arriviamo spesso in area ma sbagliamo troppo: qui dobbiamo migliorare\u00bb.<\/p>\n<p><strong>BROCCANELLO 1<\/strong><\/p>\n<p>\u00abQuella di oggi \u00e8 stata una partita equilibrata come mi aspettavo, e spesso e volentieri in questo tipo di gare bisogna sfruttare le poche occasioni che si creano. Il Varese ha segnato subito e da l\u00ec si \u00e8 costruito il resto del match\u00bb.<\/p>\n<blockquote class=\"wp-embedded-content\" data-secret=\"aLzXC4k4C7\"><p><a href=\"https:\/\/www.varesenews.it\/2018\/10\/vegnaduzzo-segna-la-difesa-regge-varese-torna-al-successo\/758844\/\">Vegnaduzzo segna, la difesa regge: il Varese torna al successo<\/a><\/p><\/blockquote>\n<p><iframe class=\"wp-embedded-content\" sandbox=\"allow-scripts\" security=\"restricted\" style=\"position: absolute; clip: rect(1px, 1px, 1px, 1px);\" src=\"https:\/\/www.varesenews.it\/2018\/10\/vegnaduzzo-segna-la-difesa-regge-varese-torna-al-successo\/758844\/embed\/#?secret=aLzXC4k4C7\" data-secret=\"aLzXC4k4C7\" width=\"500\" height=\"282\" title=\"&#8220;Vegnaduzzo segna, la difesa regge: il Varese torna al successo&#8221; &#8212; VareseNews\" frameborder=\"0\" marginwidth=\"0\" marginheight=\"0\" scrolling=\"no\"><\/iframe><\/p>\n<p><strong>DOMENICALI 3<\/strong><\/p>\n<p>\u00abLa presenza di Vegnaduzzo \u00e8 fondamentale: ne parlava ieri Mancini sulla nazionale. Nel calcio si pu\u00f2 giocare in tanti modi, compreso il cosiddetto falso nueve ma quando hai un attaccante forte l\u00e0 davanti, \u00e8 meglio averlo. Siamo una squadra che produce molto, avere un Vegnaduzzo che finalizza \u00e8 importante. Ma anche gli altri devono provare a segnare, sia provando da fuori, sia diventando pi\u00f9 cattivi sottoporta\u00bb.<\/p>\n<p><strong>BROCCANELLO 2<\/strong><\/p>\n<p>\u00abEra il Varese che mi aspettavo, avevamo preparato la partita per restare il pi\u00f9 possibile attaccati ai loro esterni che sono le armi migliori del Varese ma sul gol abbiamo sbagliato qualcosa. In avvio abbiamo faticato un po&#8217; su Camara che \u00e8 un ottimo giocatore e ci pu\u00f2 stare. Poi per\u00f2 \u00e8 stata una partita equilibrata\u00bb.<\/p>\n<p><strong>VEGNADUZZO 1<\/strong><\/p>\n<p>\u00abPer fortuna l&#8217;istinto del gol ce l&#8217;ho: provo sempre a essere laddove c&#8217;\u00e8 la palla anche se la cosa pi\u00f9 importante sono i tre punti per il gruppo. Abbiamo dimostrato che ci siamo, che non abbiamo mollato dopo la sconfitta di domenica scorsa ma ci siamo messi al lavoro per battere un&#8217;avversaria ottima come quella di oggi\u00bb.<\/p>\n<p><strong>BROCCANELLO 3<\/strong><\/p>\n<p>\u00abStiamo zoppicando perch\u00e9 abbiamo diverse problematiche che abbiamo analizzato e individuato. Per\u00f2 abbiamo incontrato quasi tutte le grandi del girone, ci manca solo la Varesina, e visto che non siamo al 100% ogni tanto paghiamo dazio. Non siamo gli unici per\u00f2&#8230; Abbiamo pagato qualche episodio come a Legnano quando alla fine siamo stati raggiunti solo da un&#8217;autorete\u00bb.<\/p>\n<p><strong>VEGNADUZZO 2<\/strong><\/p>\n<p>\u00abNon conto i miei gol, spero di farne il pi\u00f9 possibile e la dedica \u00e8 sempre per mia moglie e le mie bimbe che sono rimaste in Argentina: loro mi danno forza. Sono il pi\u00f9 vecchio ma non importa, quello che conta \u00e8 correre e vincere tutti insieme. Potevamo chiudere prima la partita, \u00e8 vero, e dovremo lavorare su quello. Per\u00f2 ci siamo difesi bene, senza allungarci. Personalmente mi sento bene dal punto di vista fisico, anche se devo continuare a lavorare per dare sempre qualcosa in pi\u00f9\u00bb.<\/p>\n","protected":false},"excerpt":{"rendered":"<p>I due tecnici di Varese e Fenegr\u00f2, Manuele Domenicali e Simone Broccanello, e il match winner dell&#8217;incontro Matias Vegnaduzzo sono<\/p>\n","protected":false},"author":38,"featured_media":0,"comment_status":"open","ping_status":"open","sticky":false,"template":"","format":"standard","meta":{"footnotes":""},"categories":[14,2],"tags":[144,34820,9192],"acf":[],"yoast_head":"<!-- This site is optimized with the Yoast SEO plugin v20.1 - https:\/\/yoast.com\/wordpress\/plugins\/seo\/ -->\n<title>Domenicali si gode i suoi giovani: &quot;Hanno fatto benissimo&quot;<\/title>\n<meta name=\"description\" content=\"I due tecnici di Varese e Fenegr\u00f2, Manuele Domenicali e Simone Broccanello, e il match winner dell&#039;incontro Matias Vegnaduzzo sono i tre ospiti della sala\" \/>\n<meta name=\"robots\" content=\"noindex, follow, max-snippet:-1, max-image-preview:large, max-video-preview:-1\" \/>\n<meta property=\"og:locale\" content=\"it_IT\" \/>\n<meta property=\"og:type\" content=\"article\" \/>\n<meta property=\"og:title\" content=\"Domenicali si gode i suoi giovani: &quot;Hanno fatto benissimo&quot;\" \/>\n<meta property=\"og:description\" content=\"I due tecnici di Varese e Fenegr\u00f2, Manuele Domenicali e Simone Broccanello, e il match winner dell&#039;incontro Matias Vegnaduzzo sono i tre ospiti della sala\" \/>\n<meta property=\"og:url\" content=\"https:\/\/staging.varesenews.it\/2018\/10\/domenicali-si-gode-suoi-giovani-benissimo\/758890\/\" \/>\n<meta property=\"og:site_name\" content=\"VareseNews\" \/>\n<meta property=\"article:publisher\" content=\"https:\/\/www.facebook.com\/varesenews\" \/>\n<meta property=\"article:published_time\" content=\"2018-10-14T17:46:37+00:00\" \/>\n<meta name=\"author\" content=\"Damiano Franzetti\" \/>\n<meta name=\"twitter:card\" content=\"summary_large_image\" \/>\n<meta name=\"twitter:creator\" content=\"@damianofranz\" \/>\n<meta name=\"twitter:site\" content=\"@varesenews\" \/>\n<meta name=\"twitter:label1\" content=\"Scritto da\" \/>\n\t<meta name=\"twitter:data1\" content=\"Damiano Franzetti\" \/>\n\t<meta name=\"twitter:label2\" content=\"Tempo di lettura stimato\" \/>\n\t<meta name=\"twitter:data2\" content=\"3 minuti\" \/>\n<script type=\"application\/ld+json\" class=\"yoast-schema-graph\">{\"@context\":\"https:\/\/schema.org\",\"@graph\":[{\"@type\":\"WebPage\",\"@id\":\"https:\/\/staging.varesenews.it\/2018\/10\/domenicali-si-gode-suoi-giovani-benissimo\/758890\/\",\"url\":\"https:\/\/staging.varesenews.it\/2018\/10\/domenicali-si-gode-suoi-giovani-benissimo\/758890\/\",\"name\":\"Domenicali si gode i suoi giovani: \\\"Hanno fatto benissimo\\\"\",\"isPartOf\":{\"@id\":\"https:\/\/staging.varesenews.it\/#website\"},\"datePublished\":\"2018-10-14T17:46:37+00:00\",\"dateModified\":\"2018-10-14T17:46:37+00:00\",\"author\":{\"@id\":\"https:\/\/staging.varesenews.it\/#\/schema\/person\/709ae3769f6b4dbde8ec332baede8a5b\"},\"description\":\"I due tecnici di Varese e Fenegr\u00f2, Manuele Domenicali e Simone Broccanello, e il match winner dell'incontro Matias Vegnaduzzo sono i tre ospiti della sala\",\"breadcrumb\":{\"@id\":\"https:\/\/staging.varesenews.it\/2018\/10\/domenicali-si-gode-suoi-giovani-benissimo\/758890\/#breadcrumb\"},\"inLanguage\":\"it-IT\",\"potentialAction\":[{\"@type\":\"ReadAction\",\"target\":[\"https:\/\/staging.varesenews.it\/2018\/10\/domenicali-si-gode-suoi-giovani-benissimo\/758890\/\"]}]},{\"@type\":\"BreadcrumbList\",\"@id\":\"https:\/\/staging.varesenews.it\/2018\/10\/domenicali-si-gode-suoi-giovani-benissimo\/758890\/#breadcrumb\",\"itemListElement\":[{\"@type\":\"ListItem\",\"position\":1,\"name\":\"Home\",\"item\":\"https:\/\/www.varesenews.it\/\"},{\"@type\":\"ListItem\",\"position\":2,\"name\":\"Domenicali si gode i suoi giovani: &#8220;Hanno fatto benissimo&#8221;\"}]},{\"@type\":\"WebSite\",\"@id\":\"https:\/\/staging.varesenews.it\/#website\",\"url\":\"https:\/\/staging.varesenews.it\/\",\"name\":\"VareseNews\",\"description\":\"\",\"potentialAction\":[{\"@type\":\"SearchAction\",\"target\":{\"@type\":\"EntryPoint\",\"urlTemplate\":\"https:\/\/staging.varesenews.it\/?s={search_term_string}\"},\"query-input\":\"required name=search_term_string\"}],\"inLanguage\":\"it-IT\"},{\"@type\":\"Person\",\"@id\":\"https:\/\/staging.varesenews.it\/#\/schema\/person\/709ae3769f6b4dbde8ec332baede8a5b\",\"name\":\"Damiano Franzetti\",\"image\":{\"@type\":\"ImageObject\",\"inLanguage\":\"it-IT\",\"@id\":\"https:\/\/staging.varesenews.it\/#\/schema\/person\/image\/\",\"url\":\"https:\/\/staging.varesenews.it\/wp-content\/uploads\/2020\/12\/damiano_franzetti_colori_500.jpg\",\"contentUrl\":\"https:\/\/staging.varesenews.it\/wp-content\/uploads\/2020\/12\/damiano_franzetti_colori_500.jpg\",\"caption\":\"Damiano Franzetti\"},\"description\":\"Classe 1976, una laurea (nel cassetto) in scienze e tecnologie alimentari; sono giornalista professionista dal 2009 nato e cresciuto con VareseNews dove mi occupo soprattutto di sport ormai da vent&rsquo;anni. Inviato sui campi (sulle piste, sulle strade...), intervistatore, coordinatore e responsabile delle pagine sportive, mi ritaglio volentieri lo spazio per scrivere di birra sul blog Malto Gradimento. Ho seguito innumerevoli campionati di Serie A di basket, di serie B di calcio, due Mondiali di ciclismo, qualche Giro d&rsquo;;Italia e tanto altro ancora. Collaboro con Tuttosport e altre testate, mi diletto di social. Ho una moglie, un figlio, vivo nella mia Gemonio e ho purtroppo smesso con il basket giocato. &nbsp;\",\"sameAs\":[\"damianofranz\",\"https:\/\/www.linkedin.com\/profile\/view?id=241597124&trk=nav_responsive_tab_profile\",\"https:\/\/twitter.com\/damianofranz\"],\"url\":\"https:\/\/staging.varesenews.it\/persona\/damiano_franzetti-2\/\"}]}<\/script>\n<!-- \/ Yoast SEO plugin. -->","yoast_head_json":{"title":"Domenicali si gode i suoi giovani: \"Hanno fatto benissimo\"","description":"I due tecnici di Varese e Fenegr\u00f2, Manuele Domenicali e Simone Broccanello, e il match winner dell'incontro Matias Vegnaduzzo sono i tre ospiti della sala","robots":{"index":"noindex","follow":"follow","max-snippet":"max-snippet:-1","max-image-preview":"max-image-preview:large","max-video-preview":"max-video-preview:-1"},"og_locale":"it_IT","og_type":"article","og_title":"Domenicali si gode i suoi giovani: \"Hanno fatto benissimo\"","og_description":"I due tecnici di Varese e Fenegr\u00f2, Manuele Domenicali e Simone Broccanello, e il match winner dell'incontro Matias Vegnaduzzo sono i tre ospiti della sala","og_url":"https:\/\/staging.varesenews.it\/2018\/10\/domenicali-si-gode-suoi-giovani-benissimo\/758890\/","og_site_name":"VareseNews","article_publisher":"https:\/\/www.facebook.com\/varesenews","article_published_time":"2018-10-14T17:46:37+00:00","author":"Damiano Franzetti","twitter_card":"summary_large_image","twitter_creator":"@damianofranz","twitter_site":"@varesenews","twitter_misc":{"Scritto da":"Damiano Franzetti","Tempo di lettura stimato":"3 minuti"},"schema":{"@context":"https:\/\/schema.org","@graph":[{"@type":"WebPage","@id":"https:\/\/staging.varesenews.it\/2018\/10\/domenicali-si-gode-suoi-giovani-benissimo\/758890\/","url":"https:\/\/staging.varesenews.it\/2018\/10\/domenicali-si-gode-suoi-giovani-benissimo\/758890\/","name":"Domenicali si gode i suoi giovani: \"Hanno fatto benissimo\"","isPartOf":{"@id":"https:\/\/staging.varesenews.it\/#website"},"datePublished":"2018-10-14T17:46:37+00:00","dateModified":"2018-10-14T17:46:37+00:00","author":{"@id":"https:\/\/staging.varesenews.it\/#\/schema\/person\/709ae3769f6b4dbde8ec332baede8a5b"},"description":"I due tecnici di Varese e Fenegr\u00f2, Manuele Domenicali e Simone Broccanello, e il match winner dell'incontro Matias Vegnaduzzo sono i tre ospiti della sala","breadcrumb":{"@id":"https:\/\/staging.varesenews.it\/2018\/10\/domenicali-si-gode-suoi-giovani-benissimo\/758890\/#breadcrumb"},"inLanguage":"it-IT","potentialAction":[{"@type":"ReadAction","target":["https:\/\/staging.varesenews.it\/2018\/10\/domenicali-si-gode-suoi-giovani-benissimo\/758890\/"]}]},{"@type":"BreadcrumbList","@id":"https:\/\/staging.varesenews.it\/2018\/10\/domenicali-si-gode-suoi-giovani-benissimo\/758890\/#breadcrumb","itemListElement":[{"@type":"ListItem","position":1,"name":"Home","item":"https:\/\/www.varesenews.it\/"},{"@type":"ListItem","position":2,"name":"Domenicali si gode i suoi giovani: &#8220;Hanno fatto benissimo&#8221;"}]},{"@type":"WebSite","@id":"https:\/\/staging.varesenews.it\/#website","url":"https:\/\/staging.varesenews.it\/","name":"VareseNews","description":"","potentialAction":[{"@type":"SearchAction","target":{"@type":"EntryPoint","urlTemplate":"https:\/\/staging.varesenews.it\/?s={search_term_string}"},"query-input":"required name=search_term_string"}],"inLanguage":"it-IT"},{"@type":"Person","@id":"https:\/\/staging.varesenews.it\/#\/schema\/person\/709ae3769f6b4dbde8ec332baede8a5b","name":"Damiano Franzetti","image":{"@type":"ImageObject","inLanguage":"it-IT","@id":"https:\/\/staging.varesenews.it\/#\/schema\/person\/image\/","url":"https:\/\/staging.varesenews.it\/wp-content\/uploads\/2020\/12\/damiano_franzetti_colori_500.jpg","contentUrl":"https:\/\/staging.varesenews.it\/wp-content\/uploads\/2020\/12\/damiano_franzetti_colori_500.jpg","caption":"Damiano Franzetti"},"description":"Classe 1976, una laurea (nel cassetto) in scienze e tecnologie alimentari; sono giornalista professionista dal 2009 nato e cresciuto con VareseNews dove mi occupo soprattutto di sport ormai da vent&rsquo;anni. Inviato sui campi (sulle piste, sulle strade...), intervistatore, coordinatore e responsabile delle pagine sportive, mi ritaglio volentieri lo spazio per scrivere di birra sul blog Malto Gradimento. Ho seguito innumerevoli campionati di Serie A di basket, di serie B di calcio, due Mondiali di ciclismo, qualche Giro d&rsquo;;Italia e tanto altro ancora. Collaboro con Tuttosport e altre testate, mi diletto di social. Ho una moglie, un figlio, vivo nella mia Gemonio e ho purtroppo smesso con il basket giocato. &nbsp;","sameAs":["damianofranz","https:\/\/www.linkedin.com\/profile\/view?id=241597124&trk=nav_responsive_tab_profile","https:\/\/twitter.com\/damianofranz"],"url":"https:\/\/staging.varesenews.it\/persona\/damiano_franzetti-2\/"}]}},"post_meta":{"_edit_lock":"1539539961:38","_edit_last":"38","_oembed_6eaa99a36845d78c13c8b67230a13404":"<blockquote class=\"wp-embedded-content\" data-secret=\"aLzXC4k4C7\"><a href=\"https:\/\/www.varesenews.it\/2018\/10\/vegnaduzzo-segna-la-difesa-regge-varese-torna-al-successo\/758844\/\">Vegnaduzzo segna, la difesa regge: il Varese torna al successo<\/a><\/blockquote><iframe class=\"wp-embedded-content\" sandbox=\"allow-scripts\" security=\"restricted\" style=\"position: absolute; clip: rect(1px, 1px, 1px, 1px);\" src=\"https:\/\/www.varesenews.it\/2018\/10\/vegnaduzzo-segna-la-difesa-regge-varese-torna-al-successo\/758844\/embed\/#?secret=aLzXC4k4C7\" data-secret=\"aLzXC4k4C7\" width=\"500\" height=\"282\" title=\"&#8220;Vegnaduzzo segna, la difesa regge: il Varese torna al successo&#8221; &#8212; VareseNews\" frameborder=\"0\" marginwidth=\"0\" marginheight=\"0\" scrolling=\"no\"><\/iframe>","_oembed_time_6eaa99a36845d78c13c8b67230a13404":"1539539189","_category_permalink":"a:1:{s:8:\"category\";s:2:\"14\";}","ratings_users":"0","ratings_score":"0","ratings_average":"0","foto":"700722","argomento":"Calcio - Interviste","_yoast_wpseo_content_score":"60","_jd_tweet_this":"yes","_wpt_short_url":"https:\/\/www.varesenews.it\/2018\/10\/domenicali-si-gode-suoi-giovani-benissimo\/758890\/","_wp_jd_target":"https:\/\/www.varesenews.it\/2018\/10\/domenicali-si-gode-suoi-giovani-benissimo\/758890\/","_jd_wp_twitter":"a:1:{i:0;s:168:\"Domenicali si gode i suoi giovani: \u201cHanno fatto benissimo\u201d https:\/\/www.varesenews.it\/2018\/10\/domenicali-si-gode-suoi-giovani-benissimo\/758890\/ #calcio #varesecalcio\";}","_wpt_status_message":"Tweet inviato con successo.","id_leggi_anche":"758893"},"photos":[{"original":"https:\/\/staging.varesenews.it\/photogallery_new\/images\/2018\/10\/caricamento-temporaneo-per-contributo-4jxa8omdw8-700722.jpg","full":"https:\/\/staging.varesenews.it\/photogallery_new\/images\/2018\/10\/caricamento-temporaneo-per-contributo-4jxa8omdw8-700722.1024x768.jpg","large":"https:\/\/staging.varesenews.it\/photogallery_new\/images\/2018\/10\/caricamento-temporaneo-per-contributo-4jxa8omdw8-700722.610x431.jpg"}],"_links":{"self":[{"href":"https:\/\/staging.varesenews.it\/swgapi\/v1\/wp\/v2\/posts\/758890"}],"collection":[{"href":"https:\/\/staging.varesenews.it\/swgapi\/v1\/wp\/v2\/posts"}],"about":[{"href":"https:\/\/staging.varesenews.it\/swgapi\/v1\/wp\/v2\/types\/post"}],"author":[{"embeddable":true,"href":"https:\/\/staging.varesenews.it\/swgapi\/v1\/wp\/v2\/users\/38"}],"replies":[{"embeddable":true,"href":"https:\/\/staging.varesenews.it\/swgapi\/v1\/wp\/v2\/comments?post=758890"}],"version-history":[{"count":0,"href":"https:\/\/staging.varesenews.it\/swgapi\/v1\/wp\/v2\/posts\/758890\/revisions"}],"wp:attachment":[{"href":"https:\/\/staging.varesenews.it\/swgapi\/v1\/wp\/v2\/media?parent=758890"}],"wp:term":[{"taxonomy":"category","embeddable":true,"href":"https:\/\/staging.varesenews.it\/swgapi\/v1\/wp\/v2\/categories?post=758890"},{"taxonomy":"post_tag","embeddable":true,"href":"https:\/\/staging.varesenews.it\/swgapi\/v1\/wp\/v2\/tags?post=758890"}],"curies":[{"name":"wp","href":"https:\/\/api.w.org\/{rel}","templated":true}]}}