{"id":759296,"date":"2018-10-16T02:13:44","date_gmt":"2018-10-16T00:13:44","guid":{"rendered":"https:\/\/www.varesenews.it\/?p=759296"},"modified":"2018-10-16T13:02:45","modified_gmt":"2018-10-16T11:02:45","slug":"gino-michele-due-generazioni-formiche","status":"publish","type":"post","link":"https:\/\/staging.varesenews.it\/2018\/10\/gino-michele-due-generazioni-formiche\/759296\/","title":{"rendered":"Gino &#038; Michele, due generazioni di &#8220;Formiche&#8221;"},"content":{"rendered":"<p>Per una generazione che \u00e8 passata dalla carta carbone allo smartphone \u00e8 arrivato il momento di rinfrescare le risate: ed \u00e8 con questo intento che <b>Gino e Michele<\/b> si sono fatti \u201ctirare dentro\u201d dal pubblicitario <b>Francesco Bozza<\/b> nell\u2019avventura di \u201c<b>Anche le formiche nel loro piccolo postan<\/b><strong>o<\/strong>\u201d, la loro nuova antologia che vede altre 540 battute (tante erano anche nella prima edizione di \u201cAnche le formiche nel loro piccolo si incazzano\u201d) pronte a far ridere mezz\u2019Italia.<\/p>\n<p>Il libro \u00e8 stato presentato nella serata di luned\u00ec 15 ottobre nella sala convegni del museo MaGa di Gallarate, in una conversazione a quattro con il direttore di Varesenews <b>Marco Giovannelli<\/b>, che ha spaziato dal rapporto del duo di autori con gli smartphone ai ricordi delle prime Smemoranda, provando a tracciare un filo logico di questi ultimi decenni. <div class=\"photo-inside-post\"><img decoding=\"async\" loading=\"lazy\" fetchpriority=\"low\" width=\"610\" height=\"431\" src=\"https:\/\/staging.varesenews.it\/photogallery_new\/images\/2018\/10\/gino-e-michele-al-maga-per-duemilalibri-701117.610x431.jpg\" alt=\"Gino e Michele al MaGa per duemilalibri\"><\/div><\/p>\n<p>Partendo dal contesto in cui la prima edizione delle &#8220;Formiche&#8221;, quella degli anni 90, \u00e8 nata: quasi una provocazione di <strong>Oreste del Buono<\/strong> nei confronti della Einaudi, casa editrice serissima ma allora in estrema difficolt\u00e0. Portarono, con quel libro improbabile, una ventata di freschezza nel mercato librario e due milioni di copie vendute: un exploit che contribu\u00ec a mantenere in vita la storica casa editrice. <div class=\"related-posts related-01\"><h4>Leggi anche<\/h4><ul><li><a title=\"Arrivano le Formiche 2.0\" target=\"_blank\" href=\"https:\/\/staging.varesenews.it\/2018\/10\/arrivano-le-formiche-2-0\/758466\/\"><strong>Gallarate <\/strong> - Arrivano le Formiche 2.0<\/a><\/li><li><a title=\"Michele Mozzati e &#8220;i comici geniali della Rete&#8221;\" target=\"_blank\" href=\"https:\/\/staging.varesenews.it\/2018\/10\/michele-mozzati-comici-geniali-della-rete\/758920\/\"><strong>Gallarate <\/strong> - Michele Mozzati e &#8220;i comici geniali della Rete&#8221;<\/a><\/li><\/ul><\/div><\/p>\n<p>Ed un successo che si prepara a essere confermato da queste battute: che, raccolte tra spesso anonimi navigatori del web, rappresentano per il futuro della comicit\u00e0, e per il progresso tecnologico \u00abUna speranza, fatta di intelligente ironia, in una rete diventata sempre pi\u00f9 violenta e brutale\u00bb.<\/p>\n<div class=\"responsive-video\"><iframe loading=\"lazy\" width=\"500\" height=\"281\" src=\"https:\/\/www.youtube.com\/embed\/3-zeyFugBTk?feature=oembed\" frameborder=\"0\" allow=\"autoplay; encrypted-media\" allowfullscreen><\/iframe><\/div>\n","protected":false},"excerpt":{"rendered":"<p>Il loro nuovo libro \u00e8 stato presentato nella serata di luned\u00ec 15 ottobre nella sala convegni del museo MaGa, nell&#8217;ambito di Duemilalibri<\/p>\n","protected":false},"author":48,"featured_media":0,"comment_status":"open","ping_status":"open","sticky":false,"template":"","format":"standard","meta":{"footnotes":""},"categories":[18,3,21],"tags":[90889,4693],"acf":[],"yoast_head":"<!-- This site is optimized with the Yoast SEO plugin v20.1 - https:\/\/yoast.com\/wordpress\/plugins\/seo\/ -->\n<title>Gino &amp; Michele, due generazioni di &quot;Formiche&quot;<\/title>\n<meta name=\"description\" content=\"Il loro nuovo libro \u00e8 stato presentato nella serata di luned\u00ec 15 ottobre nella sala convegni del museo MaGa, nell&#039;ambito di Duemilalibri\" \/>\n<meta name=\"robots\" content=\"noindex, follow, max-snippet:-1, max-image-preview:large, max-video-preview:-1\" \/>\n<meta property=\"og:locale\" content=\"it_IT\" \/>\n<meta property=\"og:type\" content=\"article\" \/>\n<meta property=\"og:title\" content=\"Gino &amp; Michele, due generazioni di &quot;Formiche&quot;\" \/>\n<meta property=\"og:description\" content=\"Il loro nuovo libro \u00e8 stato presentato nella serata di luned\u00ec 15 ottobre nella sala convegni del museo MaGa, nell&#039;ambito di Duemilalibri\" \/>\n<meta property=\"og:url\" content=\"https:\/\/staging.varesenews.it\/2018\/10\/gino-michele-due-generazioni-formiche\/759296\/\" \/>\n<meta property=\"og:site_name\" content=\"VareseNews\" \/>\n<meta property=\"article:publisher\" content=\"https:\/\/www.facebook.com\/varesenews\" \/>\n<meta property=\"article:author\" content=\"https:\/\/www.facebook.com\/stefaniaradman\" \/>\n<meta property=\"article:published_time\" content=\"2018-10-16T00:13:44+00:00\" \/>\n<meta property=\"article:modified_time\" content=\"2018-10-16T11:02:45+00:00\" \/>\n<meta name=\"author\" content=\"Stefania Radman\" \/>\n<meta name=\"twitter:card\" content=\"summary_large_image\" \/>\n<meta name=\"twitter:creator\" content=\"@LaRadman\" \/>\n<meta name=\"twitter:site\" content=\"@varesenews\" \/>\n<meta name=\"twitter:label1\" content=\"Scritto da\" \/>\n\t<meta name=\"twitter:data1\" content=\"Stefania Radman\" \/>\n\t<meta name=\"twitter:label2\" content=\"Tempo di lettura stimato\" \/>\n\t<meta name=\"twitter:data2\" content=\"1 minuto\" \/>\n<script type=\"application\/ld+json\" class=\"yoast-schema-graph\">{\"@context\":\"https:\/\/schema.org\",\"@graph\":[{\"@type\":\"WebPage\",\"@id\":\"https:\/\/staging.varesenews.it\/2018\/10\/gino-michele-due-generazioni-formiche\/759296\/\",\"url\":\"https:\/\/staging.varesenews.it\/2018\/10\/gino-michele-due-generazioni-formiche\/759296\/\",\"name\":\"Gino & Michele, due generazioni di \\\"Formiche\\\"\",\"isPartOf\":{\"@id\":\"https:\/\/staging.varesenews.it\/#website\"},\"datePublished\":\"2018-10-16T00:13:44+00:00\",\"dateModified\":\"2018-10-16T11:02:45+00:00\",\"author\":{\"@id\":\"https:\/\/staging.varesenews.it\/#\/schema\/person\/995d2e6a31c67237a9a1bc1f0079f3aa\"},\"description\":\"Il loro nuovo libro \u00e8 stato presentato nella serata di luned\u00ec 15 ottobre nella sala convegni del museo MaGa, nell'ambito di Duemilalibri\",\"breadcrumb\":{\"@id\":\"https:\/\/staging.varesenews.it\/2018\/10\/gino-michele-due-generazioni-formiche\/759296\/#breadcrumb\"},\"inLanguage\":\"it-IT\",\"potentialAction\":[{\"@type\":\"ReadAction\",\"target\":[\"https:\/\/staging.varesenews.it\/2018\/10\/gino-michele-due-generazioni-formiche\/759296\/\"]}]},{\"@type\":\"BreadcrumbList\",\"@id\":\"https:\/\/staging.varesenews.it\/2018\/10\/gino-michele-due-generazioni-formiche\/759296\/#breadcrumb\",\"itemListElement\":[{\"@type\":\"ListItem\",\"position\":1,\"name\":\"Home\",\"item\":\"https:\/\/www.varesenews.it\/\"},{\"@type\":\"ListItem\",\"position\":2,\"name\":\"Gino &#038; Michele, due generazioni di &#8220;Formiche&#8221;\"}]},{\"@type\":\"WebSite\",\"@id\":\"https:\/\/staging.varesenews.it\/#website\",\"url\":\"https:\/\/staging.varesenews.it\/\",\"name\":\"VareseNews\",\"description\":\"\",\"potentialAction\":[{\"@type\":\"SearchAction\",\"target\":{\"@type\":\"EntryPoint\",\"urlTemplate\":\"https:\/\/staging.varesenews.it\/?s={search_term_string}\"},\"query-input\":\"required name=search_term_string\"}],\"inLanguage\":\"it-IT\"},{\"@type\":\"Person\",\"@id\":\"https:\/\/staging.varesenews.it\/#\/schema\/person\/995d2e6a31c67237a9a1bc1f0079f3aa\",\"name\":\"Stefania Radman\",\"image\":{\"@type\":\"ImageObject\",\"inLanguage\":\"it-IT\",\"@id\":\"https:\/\/staging.varesenews.it\/#\/schema\/person\/image\/\",\"url\":\"https:\/\/staging.varesenews.it\/wp-content\/uploads\/2020\/12\/stefania_radman_colori_500.jpg\",\"contentUrl\":\"https:\/\/staging.varesenews.it\/wp-content\/uploads\/2020\/12\/stefania_radman_colori_500.jpg\",\"caption\":\"Stefania Radman\"},\"description\":\"Varesina dal 1991, lavoro dal 2000 per Varesenews.it, prima come responsabile della pagina dell&rsquo;economia, poi della pagina life, ora della citt&agrave; di Varese.Ma sono (e sono stata) anche altro: per esempio, agli albori delle radio private ero dj in una radio milanese, Onda Radio. Da 20 anni sono corrispondente da Varese di Radio Popolare e ho collaborato con Espresso, Repubblica, Diario della Settimana, Italia Oggi. &ldquo;Smanettona&rdquo; da sempre, ho aperto il mio primo sito personale con Geocities nei primi anni novanta (chi se lo ricorda?) e i miei primi blog in Splinder all&rsquo;inizio del 2000. Ora sono sui social: qui quasi sempre sono semplicemente \\\"LaRadman&rdquo;.\",\"sameAs\":[\"http:\/\/laradman.blogspot.it\",\"https:\/\/www.facebook.com\/stefaniaradman\",\"@LaRadman\",\"https:\/\/www.linkedin.com\/in\/stefaniaradman\",\"https:\/\/twitter.com\/LaRadman\"],\"url\":\"https:\/\/staging.varesenews.it\/persona\/stefania-radman1\/\"}]}<\/script>\n<!-- \/ Yoast SEO plugin. -->","yoast_head_json":{"title":"Gino & Michele, due generazioni di \"Formiche\"","description":"Il loro nuovo libro \u00e8 stato presentato nella serata di luned\u00ec 15 ottobre nella sala convegni del museo MaGa, nell'ambito di Duemilalibri","robots":{"index":"noindex","follow":"follow","max-snippet":"max-snippet:-1","max-image-preview":"max-image-preview:large","max-video-preview":"max-video-preview:-1"},"og_locale":"it_IT","og_type":"article","og_title":"Gino & Michele, due generazioni di \"Formiche\"","og_description":"Il loro nuovo libro \u00e8 stato presentato nella serata di luned\u00ec 15 ottobre nella sala convegni del museo MaGa, nell'ambito di Duemilalibri","og_url":"https:\/\/staging.varesenews.it\/2018\/10\/gino-michele-due-generazioni-formiche\/759296\/","og_site_name":"VareseNews","article_publisher":"https:\/\/www.facebook.com\/varesenews","article_author":"https:\/\/www.facebook.com\/stefaniaradman","article_published_time":"2018-10-16T00:13:44+00:00","article_modified_time":"2018-10-16T11:02:45+00:00","author":"Stefania Radman","twitter_card":"summary_large_image","twitter_creator":"@LaRadman","twitter_site":"@varesenews","twitter_misc":{"Scritto da":"Stefania Radman","Tempo di lettura stimato":"1 minuto"},"schema":{"@context":"https:\/\/schema.org","@graph":[{"@type":"WebPage","@id":"https:\/\/staging.varesenews.it\/2018\/10\/gino-michele-due-generazioni-formiche\/759296\/","url":"https:\/\/staging.varesenews.it\/2018\/10\/gino-michele-due-generazioni-formiche\/759296\/","name":"Gino & Michele, due generazioni di \"Formiche\"","isPartOf":{"@id":"https:\/\/staging.varesenews.it\/#website"},"datePublished":"2018-10-16T00:13:44+00:00","dateModified":"2018-10-16T11:02:45+00:00","author":{"@id":"https:\/\/staging.varesenews.it\/#\/schema\/person\/995d2e6a31c67237a9a1bc1f0079f3aa"},"description":"Il loro nuovo libro \u00e8 stato presentato nella serata di luned\u00ec 15 ottobre nella sala convegni del museo MaGa, nell'ambito di Duemilalibri","breadcrumb":{"@id":"https:\/\/staging.varesenews.it\/2018\/10\/gino-michele-due-generazioni-formiche\/759296\/#breadcrumb"},"inLanguage":"it-IT","potentialAction":[{"@type":"ReadAction","target":["https:\/\/staging.varesenews.it\/2018\/10\/gino-michele-due-generazioni-formiche\/759296\/"]}]},{"@type":"BreadcrumbList","@id":"https:\/\/staging.varesenews.it\/2018\/10\/gino-michele-due-generazioni-formiche\/759296\/#breadcrumb","itemListElement":[{"@type":"ListItem","position":1,"name":"Home","item":"https:\/\/www.varesenews.it\/"},{"@type":"ListItem","position":2,"name":"Gino &#038; Michele, due generazioni di &#8220;Formiche&#8221;"}]},{"@type":"WebSite","@id":"https:\/\/staging.varesenews.it\/#website","url":"https:\/\/staging.varesenews.it\/","name":"VareseNews","description":"","potentialAction":[{"@type":"SearchAction","target":{"@type":"EntryPoint","urlTemplate":"https:\/\/staging.varesenews.it\/?s={search_term_string}"},"query-input":"required name=search_term_string"}],"inLanguage":"it-IT"},{"@type":"Person","@id":"https:\/\/staging.varesenews.it\/#\/schema\/person\/995d2e6a31c67237a9a1bc1f0079f3aa","name":"Stefania Radman","image":{"@type":"ImageObject","inLanguage":"it-IT","@id":"https:\/\/staging.varesenews.it\/#\/schema\/person\/image\/","url":"https:\/\/staging.varesenews.it\/wp-content\/uploads\/2020\/12\/stefania_radman_colori_500.jpg","contentUrl":"https:\/\/staging.varesenews.it\/wp-content\/uploads\/2020\/12\/stefania_radman_colori_500.jpg","caption":"Stefania Radman"},"description":"Varesina dal 1991, lavoro dal 2000 per Varesenews.it, prima come responsabile della pagina dell&rsquo;economia, poi della pagina life, ora della citt&agrave; di Varese.Ma sono (e sono stata) anche altro: per esempio, agli albori delle radio private ero dj in una radio milanese, Onda Radio. Da 20 anni sono corrispondente da Varese di Radio Popolare e ho collaborato con Espresso, Repubblica, Diario della Settimana, Italia Oggi. &ldquo;Smanettona&rdquo; da sempre, ho aperto il mio primo sito personale con Geocities nei primi anni novanta (chi se lo ricorda?) e i miei primi blog in Splinder all&rsquo;inizio del 2000. Ora sono sui social: qui quasi sempre sono semplicemente \"LaRadman&rdquo;.","sameAs":["http:\/\/laradman.blogspot.it","https:\/\/www.facebook.com\/stefaniaradman","@LaRadman","https:\/\/www.linkedin.com\/in\/stefaniaradman","https:\/\/twitter.com\/LaRadman"],"url":"https:\/\/staging.varesenews.it\/persona\/stefania-radman1\/"}]}},"post_meta":{"_edit_lock":"1539687873:48","_edit_last":"48","_category_permalink":"a:1:{s:8:\"category\";s:0:\"\";}","foto":"701134,701114","argomento":"Gallarate","_yoast_wpseo_content_score":"30","_jd_tweet_this":"yes","ratings_users":"0","ratings_score":"0","ratings_average":"0","id_leggi_anche":"758466,758920","_wpt_short_url":"https:\/\/www.varesenews.it\/2018\/10\/gino-michele-due-generazioni-formiche\/759296\/","_wp_jd_target":"https:\/\/www.varesenews.it\/2018\/10\/gino-michele-due-generazioni-formiche\/759296\/","_jd_wp_twitter":"a:1:{i:0;s:131:\"Gino & Michele e due generazioni di \u201cFormiche\u201d https:\/\/www.varesenews.it\/2018\/10\/gino-michele-due-generazioni-formiche\/759296\/ \";}","_wpt_status_message":"Tweet inviato con successo.","_oembed_36b5c2e041e7c95e1444f44d57aaf34b":"<iframe width=\"500\" height=\"281\" src=\"https:\/\/www.youtube.com\/embed\/3-zeyFugBTk?feature=oembed\" frameborder=\"0\" allow=\"autoplay; encrypted-media\" allowfullscreen><\/iframe>","_oembed_time_36b5c2e041e7c95e1444f44d57aaf34b":"1539687759","video":"759421"},"photos":[{"original":"https:\/\/staging.varesenews.it\/photogallery_new\/images\/2018\/10\/gino-e-michele-al-maga-per-duemilalibri-701134.jpg","full":"https:\/\/staging.varesenews.it\/photogallery_new\/images\/2018\/10\/gino-e-michele-al-maga-per-duemilalibri-701134.1024x768.jpg","large":"https:\/\/staging.varesenews.it\/photogallery_new\/images\/2018\/10\/gino-e-michele-al-maga-per-duemilalibri-701134.610x431.jpg"},{"original":"https:\/\/staging.varesenews.it\/photogallery_new\/images\/2018\/10\/gino-e-michele-al-maga-per-duemilalibri-701114.jpg","full":"https:\/\/staging.varesenews.it\/photogallery_new\/images\/2018\/10\/gino-e-michele-al-maga-per-duemilalibri-701114.1024x768.jpg","large":"https:\/\/staging.varesenews.it\/photogallery_new\/images\/2018\/10\/gino-e-michele-al-maga-per-duemilalibri-701114.610x431.jpg"}],"_links":{"self":[{"href":"https:\/\/staging.varesenews.it\/swgapi\/v1\/wp\/v2\/posts\/759296"}],"collection":[{"href":"https:\/\/staging.varesenews.it\/swgapi\/v1\/wp\/v2\/posts"}],"about":[{"href":"https:\/\/staging.varesenews.it\/swgapi\/v1\/wp\/v2\/types\/post"}],"author":[{"embeddable":true,"href":"https:\/\/staging.varesenews.it\/swgapi\/v1\/wp\/v2\/users\/48"}],"replies":[{"embeddable":true,"href":"https:\/\/staging.varesenews.it\/swgapi\/v1\/wp\/v2\/comments?post=759296"}],"version-history":[{"count":0,"href":"https:\/\/staging.varesenews.it\/swgapi\/v1\/wp\/v2\/posts\/759296\/revisions"}],"wp:attachment":[{"href":"https:\/\/staging.varesenews.it\/swgapi\/v1\/wp\/v2\/media?parent=759296"}],"wp:term":[{"taxonomy":"category","embeddable":true,"href":"https:\/\/staging.varesenews.it\/swgapi\/v1\/wp\/v2\/categories?post=759296"},{"taxonomy":"post_tag","embeddable":true,"href":"https:\/\/staging.varesenews.it\/swgapi\/v1\/wp\/v2\/tags?post=759296"}],"curies":[{"name":"wp","href":"https:\/\/api.w.org\/{rel}","templated":true}]}}