{"id":76132,"date":"2012-10-29T00:00:00","date_gmt":"2012-10-29T00:00:00","guid":{"rendered":""},"modified":"2012-10-29T00:00:00","modified_gmt":"2012-10-29T00:00:00","slug":"arriva-il-sereno-restano-i-giacconi","status":"publish","type":"post","link":"https:\/\/staging.varesenews.it\/2012\/10\/arriva-il-sereno-restano-i-giacconi\/76132\/","title":{"rendered":"Arriva il sereno, restano i giacconi"},"content":{"rendered":"<p><img loading=\"lazy\" decoding=\"async\" width=\"250\" height=\"220\" vspace=\"5\" hspace=\"5\" border=\"1\" align=\"right\" alt=\"\" src=\"https:\/\/www3.varesenews.it\/immagini_articoli\/201210\/campo_dei_fiori_neve_2012_2900.jpg\" \/>Il freddo rimane ma il maltempo dei giorni scorsi cede il posto al sereno. E godiamocelo perch&eacute; durer&agrave; soltanto un giorno.&nbsp;Il profondo vortice depressionario che ha portato domenica piogge e neve a quote collinari, si &egrave; allontanato verso i Balcani. Un temporaneo promontorio anticiclonico ha riportato il sole e masse d&#8217;aria occidentali meno fredde sulla regione Alpina ma <strong>un&#8217;altra attiva perturbazione &egrave; in arrivo mercoled&igrave;<\/strong>. <br \/>\nLe previsioni del Centro Geofisico per la giornata di domani annunciano <strong>cielo in parte soleggiato al mattino con velature di nubi alte<\/strong>. Dal pomeriggio o tarda mattina aumento della nuvolosit&agrave; a partire dalla fascia padana. Possibili banchi di nebbia e deboli brinate all&#8217;alba. Temperature comprese tra 1 e 12 gradi.<br \/>\n<strong>Mercoled&igrave; 31 ottobre torner&agrave; il maltempo<\/strong> con cielo coperto e nuove piogge, in intensificazione nel pomeriggio e che proseguiranno in nottata. Limite neve verso 1200-1500m. Le temperature saranno comprese tra i 4 e i 10 gradi.<\/p>\n","protected":false},"excerpt":{"rendered":"<p>Il maltempo ci dar\u00e0 un giorno di tregua ma il freddo continuer\u00e0 a farsi sentire. Dal pomeriggio di mercoled\u00ec torneranno le piogge <\/p>\n","protected":false},"author":10,"featured_media":0,"comment_status":"open","ping_status":"open","sticky":false,"template":"","format":"standard","meta":{"footnotes":""},"categories":[2],"tags":[163,3012,8674,11138,162],"acf":[],"yoast_head":"<!-- This site is optimized with the Yoast SEO plugin v20.1 - https:\/\/yoast.com\/wordpress\/plugins\/seo\/ -->\n<title>Arriva il sereno, restano i giacconi<\/title>\n<meta name=\"description\" content=\"Il maltempo ci dar\u00e0 un giorno di tregua ma il freddo continuer\u00e0 a farsi sentire. Dal pomeriggio di mercoled\u00ec torneranno le piogge\" \/>\n<meta name=\"robots\" content=\"noindex, follow, max-snippet:-1, max-image-preview:large, max-video-preview:-1\" \/>\n<meta property=\"og:locale\" content=\"it_IT\" \/>\n<meta property=\"og:type\" content=\"article\" \/>\n<meta property=\"og:title\" content=\"Arriva il sereno, restano i giacconi\" \/>\n<meta property=\"og:description\" content=\"Il maltempo ci dar\u00e0 un giorno di tregua ma il freddo continuer\u00e0 a farsi sentire. Dal pomeriggio di mercoled\u00ec torneranno le piogge\" \/>\n<meta property=\"og:url\" content=\"https:\/\/staging.varesenews.it\/2012\/10\/arriva-il-sereno-restano-i-giacconi\/76132\/\" \/>\n<meta property=\"og:site_name\" content=\"VareseNews\" \/>\n<meta property=\"article:publisher\" content=\"https:\/\/www.facebook.com\/varesenews\" \/>\n<meta property=\"article:published_time\" content=\"2012-10-29T00:00:00+00:00\" \/>\n<meta property=\"og:image\" content=\"https:\/\/www3.varesenews.it\/immagini_articoli\/201210\/campo_dei_fiori_neve_2012_2900.jpg\" \/>\n<meta name=\"author\" content=\"Redazione VareseNews\" \/>\n<meta name=\"twitter:card\" content=\"summary_large_image\" \/>\n<meta name=\"twitter:creator\" content=\"@varesenews\" \/>\n<meta name=\"twitter:site\" content=\"@varesenews\" \/>\n<meta name=\"twitter:label1\" content=\"Scritto da\" \/>\n\t<meta name=\"twitter:data1\" content=\"Redazione VareseNews\" \/>\n\t<meta name=\"twitter:label2\" content=\"Tempo di lettura stimato\" \/>\n\t<meta name=\"twitter:data2\" content=\"1 minuto\" \/>\n<script type=\"application\/ld+json\" class=\"yoast-schema-graph\">{\"@context\":\"https:\/\/schema.org\",\"@graph\":[{\"@type\":\"WebPage\",\"@id\":\"https:\/\/staging.varesenews.it\/2012\/10\/arriva-il-sereno-restano-i-giacconi\/76132\/\",\"url\":\"https:\/\/staging.varesenews.it\/2012\/10\/arriva-il-sereno-restano-i-giacconi\/76132\/\",\"name\":\"Arriva il sereno, restano i giacconi\",\"isPartOf\":{\"@id\":\"https:\/\/staging.varesenews.it\/#website\"},\"datePublished\":\"2012-10-29T00:00:00+00:00\",\"dateModified\":\"2012-10-29T00:00:00+00:00\",\"author\":{\"@id\":\"https:\/\/staging.varesenews.it\/#\/schema\/person\/fb20c4da0b7b16c291707a20db73e169\"},\"description\":\"Il maltempo ci dar\u00e0 un giorno di tregua ma il freddo continuer\u00e0 a farsi sentire. Dal pomeriggio di mercoled\u00ec torneranno le piogge\",\"breadcrumb\":{\"@id\":\"https:\/\/staging.varesenews.it\/2012\/10\/arriva-il-sereno-restano-i-giacconi\/76132\/#breadcrumb\"},\"inLanguage\":\"it-IT\",\"potentialAction\":[{\"@type\":\"ReadAction\",\"target\":[\"https:\/\/staging.varesenews.it\/2012\/10\/arriva-il-sereno-restano-i-giacconi\/76132\/\"]}]},{\"@type\":\"BreadcrumbList\",\"@id\":\"https:\/\/staging.varesenews.it\/2012\/10\/arriva-il-sereno-restano-i-giacconi\/76132\/#breadcrumb\",\"itemListElement\":[{\"@type\":\"ListItem\",\"position\":1,\"name\":\"Home\",\"item\":\"https:\/\/www.varesenews.it\/\"},{\"@type\":\"ListItem\",\"position\":2,\"name\":\"Arriva il sereno, restano i giacconi\"}]},{\"@type\":\"WebSite\",\"@id\":\"https:\/\/staging.varesenews.it\/#website\",\"url\":\"https:\/\/staging.varesenews.it\/\",\"name\":\"VareseNews\",\"description\":\"\",\"potentialAction\":[{\"@type\":\"SearchAction\",\"target\":{\"@type\":\"EntryPoint\",\"urlTemplate\":\"https:\/\/staging.varesenews.it\/?s={search_term_string}\"},\"query-input\":\"required name=search_term_string\"}],\"inLanguage\":\"it-IT\"},{\"@type\":\"Person\",\"@id\":\"https:\/\/staging.varesenews.it\/#\/schema\/person\/fb20c4da0b7b16c291707a20db73e169\",\"name\":\"Redazione VareseNews\",\"image\":{\"@type\":\"ImageObject\",\"inLanguage\":\"it-IT\",\"@id\":\"https:\/\/staging.varesenews.it\/#\/schema\/person\/image\/\",\"url\":\"https:\/\/staging.varesenews.it\/wp-content\/uploads\/2020\/12\/logo_VN_colori_500.png\",\"contentUrl\":\"https:\/\/staging.varesenews.it\/wp-content\/uploads\/2020\/12\/logo_VN_colori_500.png\",\"caption\":\"Redazione VareseNews\"},\"url\":\"https:\/\/staging.varesenews.it\/persona\/redazione1\/\"}]}<\/script>\n<!-- \/ Yoast SEO plugin. -->","yoast_head_json":{"title":"Arriva il sereno, restano i giacconi","description":"Il maltempo ci dar\u00e0 un giorno di tregua ma il freddo continuer\u00e0 a farsi sentire. Dal pomeriggio di mercoled\u00ec torneranno le piogge","robots":{"index":"noindex","follow":"follow","max-snippet":"max-snippet:-1","max-image-preview":"max-image-preview:large","max-video-preview":"max-video-preview:-1"},"og_locale":"it_IT","og_type":"article","og_title":"Arriva il sereno, restano i giacconi","og_description":"Il maltempo ci dar\u00e0 un giorno di tregua ma il freddo continuer\u00e0 a farsi sentire. Dal pomeriggio di mercoled\u00ec torneranno le piogge","og_url":"https:\/\/staging.varesenews.it\/2012\/10\/arriva-il-sereno-restano-i-giacconi\/76132\/","og_site_name":"VareseNews","article_publisher":"https:\/\/www.facebook.com\/varesenews","article_published_time":"2012-10-29T00:00:00+00:00","og_image":[{"url":"https:\/\/www3.varesenews.it\/immagini_articoli\/201210\/campo_dei_fiori_neve_2012_2900.jpg"}],"author":"Redazione VareseNews","twitter_card":"summary_large_image","twitter_creator":"@varesenews","twitter_site":"@varesenews","twitter_misc":{"Scritto da":"Redazione VareseNews","Tempo di lettura stimato":"1 minuto"},"schema":{"@context":"https:\/\/schema.org","@graph":[{"@type":"WebPage","@id":"https:\/\/staging.varesenews.it\/2012\/10\/arriva-il-sereno-restano-i-giacconi\/76132\/","url":"https:\/\/staging.varesenews.it\/2012\/10\/arriva-il-sereno-restano-i-giacconi\/76132\/","name":"Arriva il sereno, restano i giacconi","isPartOf":{"@id":"https:\/\/staging.varesenews.it\/#website"},"datePublished":"2012-10-29T00:00:00+00:00","dateModified":"2012-10-29T00:00:00+00:00","author":{"@id":"https:\/\/staging.varesenews.it\/#\/schema\/person\/fb20c4da0b7b16c291707a20db73e169"},"description":"Il maltempo ci dar\u00e0 un giorno di tregua ma il freddo continuer\u00e0 a farsi sentire. Dal pomeriggio di mercoled\u00ec torneranno le piogge","breadcrumb":{"@id":"https:\/\/staging.varesenews.it\/2012\/10\/arriva-il-sereno-restano-i-giacconi\/76132\/#breadcrumb"},"inLanguage":"it-IT","potentialAction":[{"@type":"ReadAction","target":["https:\/\/staging.varesenews.it\/2012\/10\/arriva-il-sereno-restano-i-giacconi\/76132\/"]}]},{"@type":"BreadcrumbList","@id":"https:\/\/staging.varesenews.it\/2012\/10\/arriva-il-sereno-restano-i-giacconi\/76132\/#breadcrumb","itemListElement":[{"@type":"ListItem","position":1,"name":"Home","item":"https:\/\/www.varesenews.it\/"},{"@type":"ListItem","position":2,"name":"Arriva il sereno, restano i giacconi"}]},{"@type":"WebSite","@id":"https:\/\/staging.varesenews.it\/#website","url":"https:\/\/staging.varesenews.it\/","name":"VareseNews","description":"","potentialAction":[{"@type":"SearchAction","target":{"@type":"EntryPoint","urlTemplate":"https:\/\/staging.varesenews.it\/?s={search_term_string}"},"query-input":"required name=search_term_string"}],"inLanguage":"it-IT"},{"@type":"Person","@id":"https:\/\/staging.varesenews.it\/#\/schema\/person\/fb20c4da0b7b16c291707a20db73e169","name":"Redazione VareseNews","image":{"@type":"ImageObject","inLanguage":"it-IT","@id":"https:\/\/staging.varesenews.it\/#\/schema\/person\/image\/","url":"https:\/\/staging.varesenews.it\/wp-content\/uploads\/2020\/12\/logo_VN_colori_500.png","contentUrl":"https:\/\/staging.varesenews.it\/wp-content\/uploads\/2020\/12\/logo_VN_colori_500.png","caption":"Redazione VareseNews"},"url":"https:\/\/staging.varesenews.it\/persona\/redazione1\/"}]}},"post_meta":{"id_old":"246827","argomento":"Meteo"},"photos":[],"_links":{"self":[{"href":"https:\/\/staging.varesenews.it\/swgapi\/v1\/wp\/v2\/posts\/76132"}],"collection":[{"href":"https:\/\/staging.varesenews.it\/swgapi\/v1\/wp\/v2\/posts"}],"about":[{"href":"https:\/\/staging.varesenews.it\/swgapi\/v1\/wp\/v2\/types\/post"}],"author":[{"embeddable":true,"href":"https:\/\/staging.varesenews.it\/swgapi\/v1\/wp\/v2\/users\/10"}],"replies":[{"embeddable":true,"href":"https:\/\/staging.varesenews.it\/swgapi\/v1\/wp\/v2\/comments?post=76132"}],"version-history":[{"count":0,"href":"https:\/\/staging.varesenews.it\/swgapi\/v1\/wp\/v2\/posts\/76132\/revisions"}],"wp:attachment":[{"href":"https:\/\/staging.varesenews.it\/swgapi\/v1\/wp\/v2\/media?parent=76132"}],"wp:term":[{"taxonomy":"category","embeddable":true,"href":"https:\/\/staging.varesenews.it\/swgapi\/v1\/wp\/v2\/categories?post=76132"},{"taxonomy":"post_tag","embeddable":true,"href":"https:\/\/staging.varesenews.it\/swgapi\/v1\/wp\/v2\/tags?post=76132"}],"curies":[{"name":"wp","href":"https:\/\/api.w.org\/{rel}","templated":true}]}}