{"id":762079,"date":"2018-10-24T13:23:55","date_gmt":"2018-10-24T11:23:55","guid":{"rendered":"https:\/\/www.varesenews.it\/?p=762079"},"modified":"2018-10-24T16:18:39","modified_gmt":"2018-10-24T14:18:39","slug":"domenica-si-torna-correre-giu-sette-campanili","status":"publish","type":"post","link":"https:\/\/staging.varesenews.it\/2018\/10\/domenica-si-torna-correre-giu-sette-campanili\/762079\/","title":{"rendered":"Domenica si torna a correre su e gi\u00f9 tra sette campanili"},"content":{"rendered":"<p><strong>\u00c8 il 104esimo anno<\/strong>. Per la centoquattresima volta su e gi\u00f9 per le colline della valle del torrente Arno, su e gi\u00f9 per sette campanili. Il <strong>&#8220;Cross Country dei Sette Campanili&#8221;<\/strong>\u00a0(domenica 28 l&#8217;edizione 2018) \u00e8 tra le pi\u00f9 antiche gare podistiche d&#8217;Italia e d&#8217;Europa, \u00a0la prima edizione infatti risale al 17 Gennaio 1914.<\/p>\n<p>Da quella data la corsa assunse sempre pi\u00f9 importanza e la<strong> \u201cDomenica del Corriere\u201d<\/strong> pi\u00f9 diffuso settimanale in Italia fino agli anni 70, <strong>mise in copertina (22 febbraio 1925) il dipinto del famoso disegnatore Achille Beltrame.<\/strong> Il disegno raffigurava la<strong> scalinata di Orago<\/strong> che dalla strada provinciale sale alla chiesa. Questo punto rappresentava \u00e8 tuttora uno dei pi\u00f9 impegnativi del tracciato lunga 140 metri, con un dislivello di 30<\/p>\n<p>Altro punto di notevole difficolt\u00e0 e la <strong>scalinata di Santo Stefano raffigurata a sua volta sulla copertina di \u201cSport Illustrato\u201d<\/strong> del 31 Gennaio 1920, caratteristico \u00e8 anche il passaggio sotto i sette campanili di <strong>Cavaria, Santo Stefano, Oggiona, Orago, Jerago, Premezzo e Cajello di Gallarate<\/strong> ed il tratto boschivo di circa 2 chilometri nella <a href=\"https:\/\/www.varesenews.it\/2018\/05\/la-valle-del-boia-un-polmone-verde-le-colline\/712596\/\">\u201cValle del Boia\u201d<\/a>.<\/p>\n<div class=\"photo-inside-post\"><img decoding=\"async\" loading=\"lazy\" fetchpriority=\"low\" width=\"610\" height=\"431\" src=\"https:\/\/staging.varesenews.it\/photogallery_new\/images\/2014\/10\/corsa-sette-campanili-inserita-in-galleria-416750.610x431.jpg\" alt=\"Corsa Sette campanili (inserita in galleria)\"><\/div>\n<p>I passaggi sulle scalette sono i pi\u00f9 spettacolari ancora oggi, in una gara che vede spesso al via grandi nomi ma che \u00e8 anche molto frequentata da semplici appassionati. L&#8217;edizione 2018 prender\u00e0 il via<strong> domenica 28 ottobre alle 9,00<\/strong>. Il ritrovo \u00e8 previsto presso l\u2019oratorio di Cavaria in via Amendola dalle ore 7,30 partenza ore 9,00.\u00a0L\u2019iscrizione costa 4 \u20ac e pu\u00f2 essere fatta al mattino della manifestazione, sempre al mattino ci si pu\u00f2 iscrivere anche alla corsa agonistica con il chip di giornata presentando certificato medico agonistico costo 10 \u20ac.<\/p>\n<p><em>In seguito al passaggio dei concorrenti risulteranno chiuse al traffico e\/o percorribili con difficolt\u00e0 le seguenti vie come da ordinanza Prefettizzia:<\/em><br \/>\nCavaria con Premezzo<br \/>\nVia Amendola, via Monte Rosa, via Pascoli, via Ronchetti, via IV Novembre, via San Rocco, via San Quirico, p.za Giovanni XXII, via Mazzini ,via IV Novembre, via De Gasperi, via Del Lavoro, via Portoni, via Cantalupa, via Bertolotti, via Dei Ferrandi, via Per Cedrate<br \/>\nOggiona S.Stefano<br \/>\nscaletta, via Calderara, via Garibaldi, via Aldo Moro, via Vittorio Veneto (STRADA PROVINCIALE 20), via Campiglio (STRADA PROVINCIALE 20), via S. Giovanni Bosco, p.za Dante, via Roma, via Monte Grappa, via Belvedere, via Ronchetti,<br \/>\nJerago con Orago<br \/>\nvia IV Novembre, via Autostrada, via C.Battisti, via Varesina, scalinata, via Bonomi, via De Gasperi, p.za Vittorio Veneto, via Galileo Galilei, via Gioberti, via Milano, viale Reina, via Dante, via Cristoforo Colombo, via Matteotti, via San Rocco, via Volta, via Garibaldi, via Vittoria, parco della valle del boia<br \/>\nCavaria con Premezzo<br \/>\nVia Brughiera, via Montello, via Padre Reginaldo Giuliani, via Per Gallarate,<br \/>\nGallarate<br \/>\nVia Per Premezzo, p.za Diaz, via Moroni, via Di Vagno<br \/>\nCavaria con Premezzo<br \/>\nVia Macchio, via Ticino, via Mameli, via Monte Grappa, attraversamento via Ronchetti, p.za Giovanni XXIII, via Mazzini, via Iv Novembre, via Matteotti, via Amendola.<\/p>\n","protected":false},"excerpt":{"rendered":"<p>\u00c8 la 104esima edizione del &#8220;Cross country dei sette campanili&#8221;, tra le gare pi\u00f9 antiche d&#8217;Europa, che attraversa i paesi sui due lati della valle del torrente Arno<\/p>\n","protected":false},"author":46,"featured_media":0,"comment_status":"open","ping_status":"open","sticky":false,"template":"","format":"standard","meta":{"footnotes":""},"categories":[3,14],"tags":[41324,756,64742],"acf":[],"yoast_head":"<!-- This site is optimized with the Yoast SEO plugin v20.1 - https:\/\/yoast.com\/wordpress\/plugins\/seo\/ -->\n<title>Domenica si torna a correre su e gi\u00f9 tra sette campanili<\/title>\n<meta name=\"description\" content=\"\u00c8 la 104esima edizione del &quot;Cross country dei sette campanili&quot;, tra le gare pi\u00f9 antiche d&#039;Europa, che attraversa i paesi sui due lati della valle del torrente Arno\" \/>\n<meta name=\"robots\" content=\"noindex, follow, max-snippet:-1, max-image-preview:large, max-video-preview:-1\" \/>\n<meta property=\"og:locale\" content=\"it_IT\" \/>\n<meta property=\"og:type\" content=\"article\" \/>\n<meta property=\"og:title\" content=\"Domenica si torna a correre su e gi\u00f9 tra sette campanili\" \/>\n<meta property=\"og:description\" content=\"\u00c8 la 104esima edizione del &quot;Cross country dei sette campanili&quot;, tra le gare pi\u00f9 antiche d&#039;Europa, che attraversa i paesi sui due lati della valle del torrente Arno\" \/>\n<meta property=\"og:url\" content=\"https:\/\/staging.varesenews.it\/2018\/10\/domenica-si-torna-correre-giu-sette-campanili\/762079\/\" \/>\n<meta property=\"og:site_name\" content=\"VareseNews\" \/>\n<meta property=\"article:publisher\" content=\"https:\/\/www.facebook.com\/varesenews\" \/>\n<meta property=\"article:published_time\" content=\"2018-10-24T11:23:55+00:00\" \/>\n<meta property=\"article:modified_time\" content=\"2018-10-24T14:18:39+00:00\" \/>\n<meta name=\"author\" content=\"Roberto Morandi\" \/>\n<meta name=\"twitter:card\" content=\"summary_large_image\" \/>\n<meta name=\"twitter:creator\" content=\"@ilmorands\" \/>\n<meta name=\"twitter:site\" content=\"@varesenews\" \/>\n<meta name=\"twitter:label1\" content=\"Scritto da\" \/>\n\t<meta name=\"twitter:data1\" content=\"Roberto Morandi\" \/>\n\t<meta name=\"twitter:label2\" content=\"Tempo di lettura stimato\" \/>\n\t<meta name=\"twitter:data2\" content=\"2 minuti\" \/>\n<script type=\"application\/ld+json\" class=\"yoast-schema-graph\">{\"@context\":\"https:\/\/schema.org\",\"@graph\":[{\"@type\":\"WebPage\",\"@id\":\"https:\/\/staging.varesenews.it\/2018\/10\/domenica-si-torna-correre-giu-sette-campanili\/762079\/\",\"url\":\"https:\/\/staging.varesenews.it\/2018\/10\/domenica-si-torna-correre-giu-sette-campanili\/762079\/\",\"name\":\"Domenica si torna a correre su e gi\u00f9 tra sette campanili\",\"isPartOf\":{\"@id\":\"https:\/\/staging.varesenews.it\/#website\"},\"datePublished\":\"2018-10-24T11:23:55+00:00\",\"dateModified\":\"2018-10-24T14:18:39+00:00\",\"author\":{\"@id\":\"https:\/\/staging.varesenews.it\/#\/schema\/person\/efe592ae4c76536b551f89d8b6674bc3\"},\"description\":\"\u00c8 la 104esima edizione del \\\"Cross country dei sette campanili\\\", tra le gare pi\u00f9 antiche d'Europa, che attraversa i paesi sui due lati della valle del torrente Arno\",\"breadcrumb\":{\"@id\":\"https:\/\/staging.varesenews.it\/2018\/10\/domenica-si-torna-correre-giu-sette-campanili\/762079\/#breadcrumb\"},\"inLanguage\":\"it-IT\",\"potentialAction\":[{\"@type\":\"ReadAction\",\"target\":[\"https:\/\/staging.varesenews.it\/2018\/10\/domenica-si-torna-correre-giu-sette-campanili\/762079\/\"]}]},{\"@type\":\"BreadcrumbList\",\"@id\":\"https:\/\/staging.varesenews.it\/2018\/10\/domenica-si-torna-correre-giu-sette-campanili\/762079\/#breadcrumb\",\"itemListElement\":[{\"@type\":\"ListItem\",\"position\":1,\"name\":\"Home\",\"item\":\"https:\/\/www.varesenews.it\/\"},{\"@type\":\"ListItem\",\"position\":2,\"name\":\"Domenica si torna a correre su e gi\u00f9 tra sette campanili\"}]},{\"@type\":\"WebSite\",\"@id\":\"https:\/\/staging.varesenews.it\/#website\",\"url\":\"https:\/\/staging.varesenews.it\/\",\"name\":\"VareseNews\",\"description\":\"\",\"potentialAction\":[{\"@type\":\"SearchAction\",\"target\":{\"@type\":\"EntryPoint\",\"urlTemplate\":\"https:\/\/staging.varesenews.it\/?s={search_term_string}\"},\"query-input\":\"required name=search_term_string\"}],\"inLanguage\":\"it-IT\"},{\"@type\":\"Person\",\"@id\":\"https:\/\/staging.varesenews.it\/#\/schema\/person\/efe592ae4c76536b551f89d8b6674bc3\",\"name\":\"Roberto Morandi\",\"image\":{\"@type\":\"ImageObject\",\"inLanguage\":\"it-IT\",\"@id\":\"https:\/\/staging.varesenews.it\/#\/schema\/person\/image\/\",\"url\":\"https:\/\/staging.varesenews.it\/wp-content\/uploads\/2020\/12\/roberto_morandi_colori_500.jpg\",\"contentUrl\":\"https:\/\/staging.varesenews.it\/wp-content\/uploads\/2020\/12\/roberto_morandi_colori_500.jpg\",\"caption\":\"Roberto Morandi\"},\"description\":\"Classe 1980, laureato in storia, mi occupo dell&rsquo;area di Gallarate e di Malpensa, di trasporti e mobilit&agrave;. Amo molto la dimensione della citt&agrave;, come luogo d&rsquo;incontro di persone diverse e come organismo che si trasforma costantemente. Mi piace anche raccontare le piccole e grandi vicende, anche locali, che compongono la Storia con la S maiuscola. Appassionato di bicicletta: la macchina perfetta per muoversi in citt&agrave; e per viaggiare.\",\"sameAs\":[\"https:\/\/twitter.com\/ilmorands\"],\"url\":\"https:\/\/staging.varesenews.it\/persona\/roberto-morandi1\/\"}]}<\/script>\n<!-- \/ Yoast SEO plugin. -->","yoast_head_json":{"title":"Domenica si torna a correre su e gi\u00f9 tra sette campanili","description":"\u00c8 la 104esima edizione del \"Cross country dei sette campanili\", tra le gare pi\u00f9 antiche d'Europa, che attraversa i paesi sui due lati della valle del torrente Arno","robots":{"index":"noindex","follow":"follow","max-snippet":"max-snippet:-1","max-image-preview":"max-image-preview:large","max-video-preview":"max-video-preview:-1"},"og_locale":"it_IT","og_type":"article","og_title":"Domenica si torna a correre su e gi\u00f9 tra sette campanili","og_description":"\u00c8 la 104esima edizione del \"Cross country dei sette campanili\", tra le gare pi\u00f9 antiche d'Europa, che attraversa i paesi sui due lati della valle del torrente Arno","og_url":"https:\/\/staging.varesenews.it\/2018\/10\/domenica-si-torna-correre-giu-sette-campanili\/762079\/","og_site_name":"VareseNews","article_publisher":"https:\/\/www.facebook.com\/varesenews","article_published_time":"2018-10-24T11:23:55+00:00","article_modified_time":"2018-10-24T14:18:39+00:00","author":"Roberto Morandi","twitter_card":"summary_large_image","twitter_creator":"@ilmorands","twitter_site":"@varesenews","twitter_misc":{"Scritto da":"Roberto Morandi","Tempo di lettura stimato":"2 minuti"},"schema":{"@context":"https:\/\/schema.org","@graph":[{"@type":"WebPage","@id":"https:\/\/staging.varesenews.it\/2018\/10\/domenica-si-torna-correre-giu-sette-campanili\/762079\/","url":"https:\/\/staging.varesenews.it\/2018\/10\/domenica-si-torna-correre-giu-sette-campanili\/762079\/","name":"Domenica si torna a correre su e gi\u00f9 tra sette campanili","isPartOf":{"@id":"https:\/\/staging.varesenews.it\/#website"},"datePublished":"2018-10-24T11:23:55+00:00","dateModified":"2018-10-24T14:18:39+00:00","author":{"@id":"https:\/\/staging.varesenews.it\/#\/schema\/person\/efe592ae4c76536b551f89d8b6674bc3"},"description":"\u00c8 la 104esima edizione del \"Cross country dei sette campanili\", tra le gare pi\u00f9 antiche d'Europa, che attraversa i paesi sui due lati della valle del torrente Arno","breadcrumb":{"@id":"https:\/\/staging.varesenews.it\/2018\/10\/domenica-si-torna-correre-giu-sette-campanili\/762079\/#breadcrumb"},"inLanguage":"it-IT","potentialAction":[{"@type":"ReadAction","target":["https:\/\/staging.varesenews.it\/2018\/10\/domenica-si-torna-correre-giu-sette-campanili\/762079\/"]}]},{"@type":"BreadcrumbList","@id":"https:\/\/staging.varesenews.it\/2018\/10\/domenica-si-torna-correre-giu-sette-campanili\/762079\/#breadcrumb","itemListElement":[{"@type":"ListItem","position":1,"name":"Home","item":"https:\/\/www.varesenews.it\/"},{"@type":"ListItem","position":2,"name":"Domenica si torna a correre su e gi\u00f9 tra sette campanili"}]},{"@type":"WebSite","@id":"https:\/\/staging.varesenews.it\/#website","url":"https:\/\/staging.varesenews.it\/","name":"VareseNews","description":"","potentialAction":[{"@type":"SearchAction","target":{"@type":"EntryPoint","urlTemplate":"https:\/\/staging.varesenews.it\/?s={search_term_string}"},"query-input":"required name=search_term_string"}],"inLanguage":"it-IT"},{"@type":"Person","@id":"https:\/\/staging.varesenews.it\/#\/schema\/person\/efe592ae4c76536b551f89d8b6674bc3","name":"Roberto Morandi","image":{"@type":"ImageObject","inLanguage":"it-IT","@id":"https:\/\/staging.varesenews.it\/#\/schema\/person\/image\/","url":"https:\/\/staging.varesenews.it\/wp-content\/uploads\/2020\/12\/roberto_morandi_colori_500.jpg","contentUrl":"https:\/\/staging.varesenews.it\/wp-content\/uploads\/2020\/12\/roberto_morandi_colori_500.jpg","caption":"Roberto Morandi"},"description":"Classe 1980, laureato in storia, mi occupo dell&rsquo;area di Gallarate e di Malpensa, di trasporti e mobilit&agrave;. Amo molto la dimensione della citt&agrave;, come luogo d&rsquo;incontro di persone diverse e come organismo che si trasforma costantemente. Mi piace anche raccontare le piccole e grandi vicende, anche locali, che compongono la Storia con la S maiuscola. Appassionato di bicicletta: la macchina perfetta per muoversi in citt&agrave; e per viaggiare.","sameAs":["https:\/\/twitter.com\/ilmorands"],"url":"https:\/\/staging.varesenews.it\/persona\/roberto-morandi1\/"}]}},"post_meta":{"_edit_lock":"1540391198:46","_edit_last":"46","_category_permalink":"a:1:{s:8:\"category\";s:1:\"3\";}","ratings_users":"0","ratings_score":"0","ratings_average":"0","foto":"415702","firma_come_redazione":"1","argomento":"Podismo","_yoast_wpseo_content_score":"30","_jd_tweet_this":"yes","_wpt_short_url":"https:\/\/www.varesenews.it\/2018\/10\/domenica-si-torna-correre-giu-sette-campanili\/762079\/","_wp_jd_target":"https:\/\/www.varesenews.it\/2018\/10\/domenica-si-torna-correre-giu-sette-campanili\/762079\/","_jd_wp_twitter":"a:1:{i:0;s:176:\"Domenica si torna a correre gi\u00f9 tra sette campanili https:\/\/www.varesenews.it\/2018\/10\/domenica-si-torna-correre-giu-sette-campanili\/762079\/ #gallarate #podismo #settecampanili\";}","_wpt_status_message":"Tweet inviato con successo."},"photos":[{"original":"https:\/\/staging.varesenews.it\/photogallery_new\/images\/2014\/10\/sette-campanili-podismo-copertina-415702.jpg","full":"https:\/\/staging.varesenews.it\/photogallery_new\/images\/2014\/10\/sette-campanili-podismo-copertina-415702.1024x768.jpg","large":"https:\/\/staging.varesenews.it\/photogallery_new\/images\/2014\/10\/sette-campanili-podismo-copertina-415702.610x431.jpg"}],"_links":{"self":[{"href":"https:\/\/staging.varesenews.it\/swgapi\/v1\/wp\/v2\/posts\/762079"}],"collection":[{"href":"https:\/\/staging.varesenews.it\/swgapi\/v1\/wp\/v2\/posts"}],"about":[{"href":"https:\/\/staging.varesenews.it\/swgapi\/v1\/wp\/v2\/types\/post"}],"author":[{"embeddable":true,"href":"https:\/\/staging.varesenews.it\/swgapi\/v1\/wp\/v2\/users\/46"}],"replies":[{"embeddable":true,"href":"https:\/\/staging.varesenews.it\/swgapi\/v1\/wp\/v2\/comments?post=762079"}],"version-history":[{"count":0,"href":"https:\/\/staging.varesenews.it\/swgapi\/v1\/wp\/v2\/posts\/762079\/revisions"}],"wp:attachment":[{"href":"https:\/\/staging.varesenews.it\/swgapi\/v1\/wp\/v2\/media?parent=762079"}],"wp:term":[{"taxonomy":"category","embeddable":true,"href":"https:\/\/staging.varesenews.it\/swgapi\/v1\/wp\/v2\/categories?post=762079"},{"taxonomy":"post_tag","embeddable":true,"href":"https:\/\/staging.varesenews.it\/swgapi\/v1\/wp\/v2\/tags?post=762079"}],"curies":[{"name":"wp","href":"https:\/\/api.w.org\/{rel}","templated":true}]}}