{"id":764208,"date":"2018-10-30T12:05:09","date_gmt":"2018-10-30T11:05:09","guid":{"rendered":"https:\/\/www.varesenews.it\/?p=764208"},"modified":"2018-10-30T12:05:09","modified_gmt":"2018-10-30T11:05:09","slug":"ecosistema-urbano-varese-migliora","status":"publish","type":"post","link":"https:\/\/staging.varesenews.it\/2018\/10\/ecosistema-urbano-varese-migliora\/764208\/","title":{"rendered":"&#8220;Ecosistema urbano&#8221;, Varese migliora"},"content":{"rendered":"<p style=\"font-weight: 400;\">L\u2019Italia del buon ecosistema urbano \u00e8 principalmente l\u2019Italia che fa, che fa bene e spende bene le sue risorse, che si evolve e pianifica le trasformazioni future, che non s\u2019accontenta dello scenario contemporaneo, che in uno o pi\u00f9 ambiti produce ottime performance o raggiunge l\u2019eccellenza. \u00c8 l\u2019Italia dei capoluoghi in testa alla graduatoria di Ecosistema Urbano di quest\u2019anno: Mantova, Parma, Bolzano, Trento e Cosenza. Ed\u00a0<strong>\u00e8 anche l\u2019Italia dell\u2019AreaC e della mobilit\u00e0 condivisa di Milano, della gestione dei rifiuti di\u00a0<\/strong>Oristano, Parma, Trento,\u00a0<strong>Mantova,\u00a0<\/strong>Treviso e Pordenone, della tramvia di Firenze (e magari in prospettiva quella dell\u2019ambiziosa rete su binari di Palermo), che contiene lo spreco di acqua come Macerata e Monza, che investe sul solare come Padova, che teleriscalda 6mila studenti delle superiori come ha fatto Udine esattamente un anno fa. O ancora \u00e8 quella parte di Paese che amplia gli spazi a disposizione dei pedoni come ha fatto Firenze, che\u00a0<strong>allarga come Bergamo la Ztl fino a farla diventare la pi\u00f9 estesa d\u2019Italia<\/strong>\u00a0o diventa bike friendly come Ferrara, Reggio Emilia, Bolzano con la sua ciclopolitana e Pesaro con la bicipolitana.<\/p>\n<p style=\"font-weight: 400;\"><strong>La classifica delle altre citt\u00e0 lombarde vede Bergamo 18esima, Cremona 22esima, Milano 23esima, Sondrio 25esima, Brescia 31esima, Lodi 35esima, Pavia 50esima. Varese 55esima, Como 62esima, Lecco 71esima e Monza addirittura 98esima.<\/strong><\/p>\n<p style=\"font-weight: 400;\">Rispetto all\u2019anno scorso spiccano i miglioramenti di Brescia (diciotto posizioni in pi\u00f9), Varese (+17) e Pavia (+19), oltre a Milano e Bergamo (+8 per entrambi). In calo invece Cremona, che l\u2019anno scorso era 11esima, Lodi e Lecco. Monza si conferma nelle retrovie, scendendo di altri quattro posti.<\/p>\n<p style=\"font-weight: 400;\">\u00c8 in sintesi la fotografia scattata da Ecosistema Urbano, l\u2019annuale rapporto di Legambiente, giunto alla sua venticinquesima edizione, presentato oggi a Milano e realizzato con il contributo scientifico di Ambiente Italia, la collaborazione editoriale de Il Sole 24 ore e con un contributo di Ispra sui corpi idrici.<\/p>\n<p style=\"font-weight: 400;\">\u201cLe citt\u00e0 devono diventare sempre di pi\u00f9 le protagoniste del cambiamento \u2013\u00a0<strong>dichiara Barbara Meggetto, presidente Legambiente Lombardia<\/strong>\u00a0\u2013 perch\u00e9 possono incidere con forza ed efficacia sulla trasformazione ecologica della societ\u00e0. Le buone pratiche esistenti dimostrano quale sia la strada, ma \u00e8 necessario metterle a sistema. Anche in Lombardia accanto a scelte politiche lungimiranti ci sono ancora resistenze e lentezze. Certo non basta l\u2019azione delle citt\u00e0, anche gli organi sovracomunali sono decisivi: basti pensare alla mobilit\u00e0 e allo smog dove la spinta di alcuni capoluoghi \u00e8 frenata da provvedimenti della Regione come le deroghe al divieto di circolazione dei diesel\u201d.<\/p>\n<p style=\"font-weight: 400;\">Quella urbana \u00e8 grande questione nazionale. E non si pu\u00f2 lasciare solo alla capacit\u00e0 e alla buona volont\u00e0 di questo o quel sindaco la scelta se affrontare o meno &#8211; e con efficacia &#8211; criticit\u00e0, inefficienze, emergenze. Dalle amministrazioni locali si deve certamente pretendere molto pi\u00f9 coraggio, molta pi\u00f9 discontinuit\u00e0 e capacit\u00e0 di innovazione, ma nello stesso tempo \u00e8 il Paese che deve fare un investimento politico ed economico e mettere tra le priorit\u00e0 di governo un piano per traghettare le citt\u00e0, tutte insieme e non una alla volta, al di l\u00e0 delle secche.<\/p>\n<p style=\"font-weight: 400;\">\u00abServe un governo delle citt\u00e0 a livello nazionale \u2013\u00a0<strong>sottolinea Stefano Ciafani, presidente di Legambiente<\/strong>\u00a0-Non bisogna rispolverare il ministero delle Aree urbane di 30 anni fa, quanto piuttosto una politica governativa trasversale sulla riconversione ecologica delle citt\u00e0 che guidi in modo sinergico le azioni dei vari dicasteri a vario titolo coinvolti, dall\u2019Ambiente alle Infrastrutture, dalla Salute ai Trasporti, fino ad arrivare allo Sviluppo economico. Su alcuni fronti le politiche ambientali nelle nostre citt\u00e0 migliorano anche in modo inaspettato, come nel caso dei rifiuti e dell\u2019economia circolare, su altri, ancora troppi, c\u2019\u00e8 molto da lavorare. Spesso \u00e8 stata l\u2019Europa a costringerci a darci da fare e a spingerci verso buone politiche ambientali. Se Milano ha inaugurato il suo primo depuratore 15 anni fa \u00e8 grazie alla condanna europea. Se Roma 5 anni fa ha chiuso finalmente la discarica di Malagrotta, lo dobbiamo alle multe comunitarie. Il nostro auspicio per\u00f2 \u00e8 che nel futuro non ci sia pi\u00f9 bisogno di condanne alla Corte di giustizia europea ma che si possa contare su una strategia nazionale all\u2019avanguardia, come fatto ad esempio sulle leggi italiane per la lotta all\u2019inquinamento da plastica, pi\u00f9 volte copiate nella UE. Speriamo che questo possa avvenire non solo per le politiche urbane ma per tutte quelle ambientali del nostro Paese\u201d.<\/p>\n<p style=\"font-weight: 400;\">La sfida per migliorare lo stato di salute delle citt\u00e0 italiane procede troppo a rilento e per di pi\u00f9 \u00e8 ancora affidata alla lungimiranza e alla buona volont\u00e0 del sindaco di turno. Pi\u00f9 in generale di fronte alle difficili sfide della lotta ai cambiamenti climatici, della riduzione di tutti gli impatti ambientali, della tutela della salute e della maggiore vivibilit\u00e0 delle citt\u00e0 italiane, ancora non ci siamo.<\/p>\n<p style=\"font-weight: 400;\">Quest\u2019anno in coda alla classifica di Ecosistema Urbano si piazzano Catania, Agrigento e Massa. Mentre uno sguardo alle grandi citt\u00e0 mostra situazioni altalenanti.\u00a0<strong>Nella prima edizione del report, nel \u201994 Milano occupava la penultima posizione, peggio faceva solo Napoli, all\u2019ultimo posto. Lo scorso anno Milano era 31esima, oggi \u00e8 23esima.\u00a0<\/strong>Napoli \u00e8 rimasta negli anni stabilmente nella parte bassa della graduatoria, Roma \u00e8 ripiombata in basso a partire dal 2010 dopo un\u2019ascesa che l\u2019aveva portata nel gruppo delle prime trenta, Torino addirittura quarta nel \u201898 e nona l\u2019anno successivo e poi, da oltre dieci anni, sempre abbondantemente sotto la sufficienza.<\/p>\n<p style=\"font-weight: 400;\">Novit\u00e0 di quest\u2019anno \u00e8 l\u2019analisi della capacit\u00e0 dei Comuni di smaltire i propri rifiuti nel proprio territorio che sar\u00e0 oggetto di un approfondimento completo il prossimo anno. Per ora pubblichiamo un\u2019anticipazione dello spazzatour \u2013 il viaggio dei rifiuti verso luoghi lontani da quello dove sono stati prodotti. Ebbene la Capitale fa fare ai propri rifiuti un vero e proprio giro turistico in Italia e all\u2019estero: ad esempio i resti di un\u2019insalata consumata vicino al Colosseo possono arrivare a centinaia di km di distanza e complessivamente decine di migliaia di Tir e convogli ferroviari nel 2017 disperdono scarti romani verso la Lombardia, l\u2019Emilia Romagna, la Puglia, il Veneto o addirittura oltre confine. Elaborando i dati Ama stimiamo che su 100 sacchetti di spazzatura gettati dai romani ben 44 vengano portati a spasso verso altre province e regioni.\u00a0<strong>Anche Milano \u00e8 protagonista di un eccessivo e negativo ricorso all\u2019export, percentualmente analogo a quello capitolino. Unica differenza ma rilevante: il raggio dello\u00a0<em>spazzatour<\/em>\u00a0meneghino \u00e8 decisamente pi\u00f9 contenuto.<\/strong><\/p>\n<p style=\"font-weight: 400;\">Una selezione di singole buone pratiche legate a Ecosistema Urbano saranno premiate da Legambiente a Rimini nel corso di Ecomondo (8 novembre): un\u2019occasione per segnalare esperienze che hanno il pregio di introdurre significativi cambiamenti in ambiti specifici e che potrebbero essere riprodotte in altre realt\u00e0 locali. Un\u2019ultima notazione riguarda l\u2019ampliamento dei temi affrontati. Con questa edizione del report abbiamo raccolto dati statistici sull\u2019accessibilit\u00e0 dei capoluoghi in collaborazione con la Fondazione Serono. Una prima analisi, la prima anche per l\u2019Italia, sar\u00e0 pronta nei primi mesi del 2019 e speriamo diventi la base per stimolare la costruzione di citt\u00e0 universalmente fruibili. Nella convinzione che una citt\u00e0 attenta alle esigenze delle persone con esigenze speciali \u00e8 una citt\u00e0 migliore. Per tutti.<\/p>\n","protected":false},"excerpt":{"rendered":"<p>La citt\u00e0 giardino scala posizioni sulla rilevazione annuale pubblicata da Legambiente<\/p>\n","protected":false},"author":34,"featured_media":0,"comment_status":"open","ping_status":"open","sticky":false,"template":"","format":"standard","meta":{"footnotes":""},"categories":[7,2],"tags":[73688],"acf":[],"yoast_head":"<!-- This site is optimized with the Yoast SEO plugin v20.1 - https:\/\/yoast.com\/wordpress\/plugins\/seo\/ -->\n<title>&quot;Ecosistema urbano&quot;, Varese migliora<\/title>\n<meta name=\"description\" content=\"La citt\u00e0 giardino scala posizioni sulla rilevazione annuale pubblicata da Legambiente\" \/>\n<meta name=\"robots\" content=\"noindex, follow, max-snippet:-1, max-image-preview:large, max-video-preview:-1\" \/>\n<meta property=\"og:locale\" content=\"it_IT\" \/>\n<meta property=\"og:type\" content=\"article\" \/>\n<meta property=\"og:title\" content=\"&quot;Ecosistema urbano&quot;, Varese migliora\" \/>\n<meta property=\"og:description\" content=\"La citt\u00e0 giardino scala posizioni sulla rilevazione annuale pubblicata da Legambiente\" \/>\n<meta property=\"og:url\" content=\"https:\/\/staging.varesenews.it\/2018\/10\/ecosistema-urbano-varese-migliora\/764208\/\" \/>\n<meta property=\"og:site_name\" content=\"VareseNews\" \/>\n<meta property=\"article:publisher\" content=\"https:\/\/www.facebook.com\/varesenews\" \/>\n<meta property=\"article:author\" content=\"https:\/\/www.facebook.com\/andrea.camurani?fref=photo\" \/>\n<meta property=\"article:published_time\" content=\"2018-10-30T11:05:09+00:00\" \/>\n<meta name=\"author\" content=\"Andrea Camurani\" \/>\n<meta name=\"twitter:card\" content=\"summary_large_image\" \/>\n<meta name=\"twitter:creator\" content=\"@AndreaCamurani\" \/>\n<meta name=\"twitter:site\" content=\"@varesenews\" \/>\n<meta name=\"twitter:label1\" content=\"Scritto da\" \/>\n\t<meta name=\"twitter:data1\" content=\"Andrea Camurani\" \/>\n\t<meta name=\"twitter:label2\" content=\"Tempo di lettura stimato\" \/>\n\t<meta name=\"twitter:data2\" content=\"6 minuti\" \/>\n<script type=\"application\/ld+json\" class=\"yoast-schema-graph\">{\"@context\":\"https:\/\/schema.org\",\"@graph\":[{\"@type\":\"WebPage\",\"@id\":\"https:\/\/staging.varesenews.it\/2018\/10\/ecosistema-urbano-varese-migliora\/764208\/\",\"url\":\"https:\/\/staging.varesenews.it\/2018\/10\/ecosistema-urbano-varese-migliora\/764208\/\",\"name\":\"\\\"Ecosistema urbano\\\", Varese migliora\",\"isPartOf\":{\"@id\":\"https:\/\/staging.varesenews.it\/#website\"},\"datePublished\":\"2018-10-30T11:05:09+00:00\",\"dateModified\":\"2018-10-30T11:05:09+00:00\",\"author\":{\"@id\":\"https:\/\/staging.varesenews.it\/#\/schema\/person\/3eb5832c6beae763de8d9596fdbe8c49\"},\"description\":\"La citt\u00e0 giardino scala posizioni sulla rilevazione annuale pubblicata da Legambiente\",\"breadcrumb\":{\"@id\":\"https:\/\/staging.varesenews.it\/2018\/10\/ecosistema-urbano-varese-migliora\/764208\/#breadcrumb\"},\"inLanguage\":\"it-IT\",\"potentialAction\":[{\"@type\":\"ReadAction\",\"target\":[\"https:\/\/staging.varesenews.it\/2018\/10\/ecosistema-urbano-varese-migliora\/764208\/\"]}]},{\"@type\":\"BreadcrumbList\",\"@id\":\"https:\/\/staging.varesenews.it\/2018\/10\/ecosistema-urbano-varese-migliora\/764208\/#breadcrumb\",\"itemListElement\":[{\"@type\":\"ListItem\",\"position\":1,\"name\":\"Home\",\"item\":\"https:\/\/www.varesenews.it\/\"},{\"@type\":\"ListItem\",\"position\":2,\"name\":\"&#8220;Ecosistema urbano&#8221;, Varese migliora\"}]},{\"@type\":\"WebSite\",\"@id\":\"https:\/\/staging.varesenews.it\/#website\",\"url\":\"https:\/\/staging.varesenews.it\/\",\"name\":\"VareseNews\",\"description\":\"\",\"potentialAction\":[{\"@type\":\"SearchAction\",\"target\":{\"@type\":\"EntryPoint\",\"urlTemplate\":\"https:\/\/staging.varesenews.it\/?s={search_term_string}\"},\"query-input\":\"required name=search_term_string\"}],\"inLanguage\":\"it-IT\"},{\"@type\":\"Person\",\"@id\":\"https:\/\/staging.varesenews.it\/#\/schema\/person\/3eb5832c6beae763de8d9596fdbe8c49\",\"name\":\"Andrea Camurani\",\"image\":{\"@type\":\"ImageObject\",\"inLanguage\":\"it-IT\",\"@id\":\"https:\/\/staging.varesenews.it\/#\/schema\/person\/image\/\",\"url\":\"https:\/\/staging.varesenews.it\/wp-content\/uploads\/2020\/12\/andrea_camurani_colori_500.jpg\",\"contentUrl\":\"https:\/\/staging.varesenews.it\/wp-content\/uploads\/2020\/12\/andrea_camurani_colori_500.jpg\",\"caption\":\"Andrea Camurani\"},\"description\":\"Sono figlio degli anni Settanta e di Milano, dove ho imparato a riconoscere buoni e cattivi. Laurea in scienze politiche, lavoro a VareseNews dal 2000. Racconto quel che trovo quando incontro chi vuole lasciare al mondo un pezzetto di vita, che si chiama cronaca. &ldquo;...perch&eacute; &egrave; la gente il pi&ugrave; grande spettacolo del mondo. E non si paga il biglietto...&rdquo; (Charles Bukowsky)\",\"sameAs\":[\"https:\/\/www.facebook.com\/andrea.camurani?fref=photo\",\"andreacamurani\",\"https:\/\/www.linkedin.com\/hp\/?dnr=A9a84RfzsLdo9xg4NcGV4dLiMknoc9ms4WM\",\"https:\/\/twitter.com\/AndreaCamurani\"],\"url\":\"https:\/\/staging.varesenews.it\/persona\/andrea_camurani\/\"}]}<\/script>\n<!-- \/ Yoast SEO plugin. -->","yoast_head_json":{"title":"\"Ecosistema urbano\", Varese migliora","description":"La citt\u00e0 giardino scala posizioni sulla rilevazione annuale pubblicata da Legambiente","robots":{"index":"noindex","follow":"follow","max-snippet":"max-snippet:-1","max-image-preview":"max-image-preview:large","max-video-preview":"max-video-preview:-1"},"og_locale":"it_IT","og_type":"article","og_title":"\"Ecosistema urbano\", Varese migliora","og_description":"La citt\u00e0 giardino scala posizioni sulla rilevazione annuale pubblicata da Legambiente","og_url":"https:\/\/staging.varesenews.it\/2018\/10\/ecosistema-urbano-varese-migliora\/764208\/","og_site_name":"VareseNews","article_publisher":"https:\/\/www.facebook.com\/varesenews","article_author":"https:\/\/www.facebook.com\/andrea.camurani?fref=photo","article_published_time":"2018-10-30T11:05:09+00:00","author":"Andrea Camurani","twitter_card":"summary_large_image","twitter_creator":"@AndreaCamurani","twitter_site":"@varesenews","twitter_misc":{"Scritto da":"Andrea Camurani","Tempo di lettura stimato":"6 minuti"},"schema":{"@context":"https:\/\/schema.org","@graph":[{"@type":"WebPage","@id":"https:\/\/staging.varesenews.it\/2018\/10\/ecosistema-urbano-varese-migliora\/764208\/","url":"https:\/\/staging.varesenews.it\/2018\/10\/ecosistema-urbano-varese-migliora\/764208\/","name":"\"Ecosistema urbano\", Varese migliora","isPartOf":{"@id":"https:\/\/staging.varesenews.it\/#website"},"datePublished":"2018-10-30T11:05:09+00:00","dateModified":"2018-10-30T11:05:09+00:00","author":{"@id":"https:\/\/staging.varesenews.it\/#\/schema\/person\/3eb5832c6beae763de8d9596fdbe8c49"},"description":"La citt\u00e0 giardino scala posizioni sulla rilevazione annuale pubblicata da Legambiente","breadcrumb":{"@id":"https:\/\/staging.varesenews.it\/2018\/10\/ecosistema-urbano-varese-migliora\/764208\/#breadcrumb"},"inLanguage":"it-IT","potentialAction":[{"@type":"ReadAction","target":["https:\/\/staging.varesenews.it\/2018\/10\/ecosistema-urbano-varese-migliora\/764208\/"]}]},{"@type":"BreadcrumbList","@id":"https:\/\/staging.varesenews.it\/2018\/10\/ecosistema-urbano-varese-migliora\/764208\/#breadcrumb","itemListElement":[{"@type":"ListItem","position":1,"name":"Home","item":"https:\/\/www.varesenews.it\/"},{"@type":"ListItem","position":2,"name":"&#8220;Ecosistema urbano&#8221;, Varese migliora"}]},{"@type":"WebSite","@id":"https:\/\/staging.varesenews.it\/#website","url":"https:\/\/staging.varesenews.it\/","name":"VareseNews","description":"","potentialAction":[{"@type":"SearchAction","target":{"@type":"EntryPoint","urlTemplate":"https:\/\/staging.varesenews.it\/?s={search_term_string}"},"query-input":"required name=search_term_string"}],"inLanguage":"it-IT"},{"@type":"Person","@id":"https:\/\/staging.varesenews.it\/#\/schema\/person\/3eb5832c6beae763de8d9596fdbe8c49","name":"Andrea Camurani","image":{"@type":"ImageObject","inLanguage":"it-IT","@id":"https:\/\/staging.varesenews.it\/#\/schema\/person\/image\/","url":"https:\/\/staging.varesenews.it\/wp-content\/uploads\/2020\/12\/andrea_camurani_colori_500.jpg","contentUrl":"https:\/\/staging.varesenews.it\/wp-content\/uploads\/2020\/12\/andrea_camurani_colori_500.jpg","caption":"Andrea Camurani"},"description":"Sono figlio degli anni Settanta e di Milano, dove ho imparato a riconoscere buoni e cattivi. Laurea in scienze politiche, lavoro a VareseNews dal 2000. Racconto quel che trovo quando incontro chi vuole lasciare al mondo un pezzetto di vita, che si chiama cronaca. &ldquo;...perch&eacute; &egrave; la gente il pi&ugrave; grande spettacolo del mondo. E non si paga il biglietto...&rdquo; (Charles Bukowsky)","sameAs":["https:\/\/www.facebook.com\/andrea.camurani?fref=photo","andreacamurani","https:\/\/www.linkedin.com\/hp\/?dnr=A9a84RfzsLdo9xg4NcGV4dLiMknoc9ms4WM","https:\/\/twitter.com\/AndreaCamurani"],"url":"https:\/\/staging.varesenews.it\/persona\/andrea_camurani\/"}]}},"post_meta":{"_edit_lock":"1540898568:34","_edit_last":"34","_category_permalink":"a:1:{s:8:\"category\";s:1:\"2\";}","ratings_users":"0","ratings_score":"0","ratings_average":"0","foto":"704542","firma_come_redazione":"1","argomento":"Varese","_yoast_wpseo_content_score":"30","_jd_tweet_this":"yes","_wpt_short_url":"https:\/\/www.varesenews.it\/2018\/10\/ecosistema-urbano-varese-migliora\/764208\/","_wp_jd_target":"https:\/\/www.varesenews.it\/2018\/10\/ecosistema-urbano-varese-migliora\/764208\/","_jd_wp_twitter":"a:1:{i:0;s:117:\"\u201cEcosistema urbano\u201d, Varese migliora https:\/\/www.varesenews.it\/2018\/10\/ecosistema-urbano-varese-migliora\/764208\/ \";}","_wpt_status_message":"Tweet inviato con successo."},"photos":[{"original":"https:\/\/staging.varesenews.it\/photogallery_new\/images\/2018\/10\/avarie-704542.jpg","full":"https:\/\/staging.varesenews.it\/photogallery_new\/images\/2018\/10\/avarie-704542.1024x768.jpg","large":"https:\/\/staging.varesenews.it\/photogallery_new\/images\/2018\/10\/avarie-704542.610x431.jpg"}],"_links":{"self":[{"href":"https:\/\/staging.varesenews.it\/swgapi\/v1\/wp\/v2\/posts\/764208"}],"collection":[{"href":"https:\/\/staging.varesenews.it\/swgapi\/v1\/wp\/v2\/posts"}],"about":[{"href":"https:\/\/staging.varesenews.it\/swgapi\/v1\/wp\/v2\/types\/post"}],"author":[{"embeddable":true,"href":"https:\/\/staging.varesenews.it\/swgapi\/v1\/wp\/v2\/users\/34"}],"replies":[{"embeddable":true,"href":"https:\/\/staging.varesenews.it\/swgapi\/v1\/wp\/v2\/comments?post=764208"}],"version-history":[{"count":0,"href":"https:\/\/staging.varesenews.it\/swgapi\/v1\/wp\/v2\/posts\/764208\/revisions"}],"wp:attachment":[{"href":"https:\/\/staging.varesenews.it\/swgapi\/v1\/wp\/v2\/media?parent=764208"}],"wp:term":[{"taxonomy":"category","embeddable":true,"href":"https:\/\/staging.varesenews.it\/swgapi\/v1\/wp\/v2\/categories?post=764208"},{"taxonomy":"post_tag","embeddable":true,"href":"https:\/\/staging.varesenews.it\/swgapi\/v1\/wp\/v2\/tags?post=764208"}],"curies":[{"name":"wp","href":"https:\/\/api.w.org\/{rel}","templated":true}]}}