{"id":764357,"date":"2018-10-30T17:52:47","date_gmt":"2018-10-30T16:52:47","guid":{"rendered":"https:\/\/www.varesenews.it\/?p=764357"},"modified":"2018-10-30T17:52:47","modified_gmt":"2018-10-30T16:52:47","slug":"villa-della-porta-bozzolo-tornano-le-giornate-delle-camelie","status":"publish","type":"post","link":"https:\/\/staging.varesenews.it\/2018\/10\/villa-della-porta-bozzolo-tornano-le-giornate-delle-camelie\/764357\/","title":{"rendered":"A Villa della Porta Bozzolo tornano le giornate delle camelie"},"content":{"rendered":"<p>Un intero fine settimana dedicato alle <strong>camelie invernali<\/strong>: <strong>sabato 3 e domenica 4 novembre<\/strong>, dalle 10 alle 18, il <strong>FAI \u2013 Fondo Ambiente Italiano<\/strong> organizzer\u00e0 infatti a <strong>Villa Della Porta Bozzolo a Casalzuigno<\/strong>\u00a0l\u2019edizione autunnale della mostra e mercato \u201cLe giornate delle camelie\u201d, in collaborazione con la <strong>Societ\u00e0 Italiana della Camelia<\/strong>.<\/p>\n<p>Tema della manifestazione sar\u00e0 il <strong>binomio pietra e fiori<\/strong>, che trova perfetta rappresentazione nei giardini del lago Maggiore &#8211; il cui paesaggio \u00e8 stato modellato nei secoli dall\u2019uomo attraverso il dissodamento della terra e la costruzione di terrazzamenti &#8211; dove la pietra costituisce l\u2019ossatura principale e i fiori la componente in divenire, che viene resa florida dall\u2019acqua. Un \u201cdialogo\u201d verde che verr\u00e0 raccontato anche grazie all\u2019esposizione a cura di Ivo Rocco di architetture di pietra in miniatura (case, chiese, edifici pubblici, etc.) abbellite con fiori di camelia sasanqua &#8211; che hanno trovato nella zona del lago la loro seconda patria dopo il Giappone &#8211; e bonsai di camelie con fioritura invernale e grazie a visite speciali con focus sui materiali usati per la costruzione di terrazzamenti, statue, balaustre e fontane che decorano il giardino di Villa Bozzolo, in particolare la pietra di Viggi\u00f9.<\/p>\n<p>Durante la manifestazione <strong>il pubblico potr\u00e0 ammirare e acquistare numerose piante di camelia<\/strong> a cura del vivaio La Camelia d\u2019Oro e visitare una mostra del fiore reciso a cura della Societ\u00e0 Italiana della Camelia. Le sale del piano terra della villa accoglieranno inoltre un\u2019affascinante esposizione di bonsai a cura del Centro Crespi Bonsai con piante di camelia sasanqua in fiore.<\/p>\n<p><strong>Tanti anche gli incontri e i laboratori organizzati nei due giorni di manifestazione:<\/strong><br \/>\n<strong>Sabato 3 novembre<\/strong>, alle ore 10.30 e alle 14.30, verr\u00e0 organizzato un laboratorio di fotografia macro di fiori a cura del fotografo Armando Pezzarossa (su prenotazione, con contributo di \u20ac 5 a persona) mentre alle ore 15 sar\u00e0 possibile partecipare alla conferenza dal titolo \u201cLe camelie del Portogallo\u201d tenuta da Andrea Corneo, Presidente della Societ\u00e0 Italiana della Camelia.<br \/>\n<strong>Domenica 4 novembre<\/strong>, alle ore 12 e alle 16, l\u2019appuntamento \u00e8 con il laboratorio sulla coltivazione e sulla propagazione delle camelie, a cura de La Camelia d\u2019Oro.<br \/>\n<strong>Inoltre sia sabato che domenica<\/strong>, alle ore 11 e alle 15, la Societ\u00e0 Italiana della Camelia proporr\u00e0 interessanti visite guidate alla mostra dei fiori recisi, mentre Ivo Rocco nel corso delle due giornate sar\u00e0 a disposizione dei visitatori per alcune dimostrazioni su come realizzare architetture di pietra in miniatura.<\/p>\n<p><strong>Con il Patrocinio della Provincia di Varese.<\/strong><br \/>\nIl calendario \u201cEventi nei beni del FAI 2018\u201d, \u00e8 reso possibile grazie al significativo sostegno di Ferrarelle, partner degli eventi istituzionali e acqua ufficiale del FAI, e al prezioso contributo di PIRELLI che conferma per il sesto anno consecutivo la sua storica vicinanza alla Fondazione. Si aggiunge quest\u2019anno la prestigiosa presenza di Radio Monte Carlo in qualit\u00e0 di Media Partner. Villa Della Porta Bozzolo \u00e8 museo riconosciuto da Regione Lombardia.<\/p>\n<p>*****<br \/>\nVilla Della Porta Bozzolo &#8211; viale Camillo Bozzolo 5, Casalzuigno (VA)<br \/>\nGiorni e orari: sabato 3 e domenica 4 novembre 2018, dalle ore 10 alle 18<br \/>\nIngressi: Intero: 10 \u20ac; Ridotto 4-14 anni: 5 \u20ac; Iscritti FAI e residenti Casalzuigno: 4 \u20ac; Famiglia (2 adulti + 2 bambini) 25 \u20ac.<br \/>\nPer informazioni servizio bar\/ristorante: La cucina di casa 348.5117534<br \/>\nPer informazioni: www.fondoambiente.it; faibozzolo@fondoambiente.it<\/p>\n","protected":false},"excerpt":{"rendered":"<p>Sabato e domenica il FAI \u2013 Fondo Ambiente Italiano organizzer\u00e0 infatti a Villa Della Porta Bozzolo a Casalzuigno\u00a0l\u2019edizione autunnale della mostra e mercato \u201cLe giornate delle camelie\u201d<\/p>\n","protected":false},"author":52,"featured_media":0,"comment_status":"open","ping_status":"open","sticky":false,"template":"","format":"standard","meta":{"footnotes":""},"categories":[21,2],"tags":[1247,53446,74804,158],"acf":[],"yoast_head":"<!-- This site is optimized with the Yoast SEO plugin v20.1 - https:\/\/yoast.com\/wordpress\/plugins\/seo\/ -->\n<title>A Villa della Porta Bozzolo tornano le giornate delle camelie<\/title>\n<meta name=\"description\" content=\"Sabato e domenica il FAI \u2013 Fondo Ambiente Italiano organizzer\u00e0 infatti a Villa Della Porta Bozzolo a Casalzuigno\u00a0l\u2019edizione autunnale della mostra e mercato \u201cLe giornate delle camelie\u201d\" \/>\n<meta name=\"robots\" content=\"noindex, follow, max-snippet:-1, max-image-preview:large, max-video-preview:-1\" \/>\n<meta property=\"og:locale\" content=\"it_IT\" \/>\n<meta property=\"og:type\" content=\"article\" \/>\n<meta property=\"og:title\" content=\"A Villa della Porta Bozzolo tornano le giornate delle camelie\" \/>\n<meta property=\"og:description\" content=\"Sabato e domenica il FAI \u2013 Fondo Ambiente Italiano organizzer\u00e0 infatti a Villa Della Porta Bozzolo a Casalzuigno\u00a0l\u2019edizione autunnale della mostra e mercato \u201cLe giornate delle camelie\u201d\" \/>\n<meta property=\"og:url\" content=\"https:\/\/staging.varesenews.it\/2018\/10\/villa-della-porta-bozzolo-tornano-le-giornate-delle-camelie\/764357\/\" \/>\n<meta property=\"og:site_name\" content=\"VareseNews\" \/>\n<meta property=\"article:publisher\" content=\"https:\/\/www.facebook.com\/varesenews\" \/>\n<meta property=\"article:published_time\" content=\"2018-10-30T16:52:47+00:00\" \/>\n<meta name=\"author\" content=\"Tomaso Bassani\" \/>\n<meta name=\"twitter:card\" content=\"summary_large_image\" \/>\n<meta name=\"twitter:creator\" content=\"@varesenews\" \/>\n<meta name=\"twitter:site\" content=\"@varesenews\" \/>\n<meta name=\"twitter:label1\" content=\"Scritto da\" \/>\n\t<meta name=\"twitter:data1\" content=\"Tomaso Bassani\" \/>\n\t<meta name=\"twitter:label2\" content=\"Tempo di lettura stimato\" \/>\n\t<meta name=\"twitter:data2\" content=\"3 minuti\" \/>\n<script type=\"application\/ld+json\" class=\"yoast-schema-graph\">{\"@context\":\"https:\/\/schema.org\",\"@graph\":[{\"@type\":\"WebPage\",\"@id\":\"https:\/\/staging.varesenews.it\/2018\/10\/villa-della-porta-bozzolo-tornano-le-giornate-delle-camelie\/764357\/\",\"url\":\"https:\/\/staging.varesenews.it\/2018\/10\/villa-della-porta-bozzolo-tornano-le-giornate-delle-camelie\/764357\/\",\"name\":\"A Villa della Porta Bozzolo tornano le giornate delle camelie\",\"isPartOf\":{\"@id\":\"https:\/\/staging.varesenews.it\/#website\"},\"datePublished\":\"2018-10-30T16:52:47+00:00\",\"dateModified\":\"2018-10-30T16:52:47+00:00\",\"author\":{\"@id\":\"https:\/\/staging.varesenews.it\/#\/schema\/person\/f8cc543029c96c954a35c042e01892bb\"},\"description\":\"Sabato e domenica il FAI \u2013 Fondo Ambiente Italiano organizzer\u00e0 infatti a Villa Della Porta Bozzolo a Casalzuigno\u00a0l\u2019edizione autunnale della mostra e mercato \u201cLe giornate delle camelie\u201d\",\"breadcrumb\":{\"@id\":\"https:\/\/staging.varesenews.it\/2018\/10\/villa-della-porta-bozzolo-tornano-le-giornate-delle-camelie\/764357\/#breadcrumb\"},\"inLanguage\":\"it-IT\",\"potentialAction\":[{\"@type\":\"ReadAction\",\"target\":[\"https:\/\/staging.varesenews.it\/2018\/10\/villa-della-porta-bozzolo-tornano-le-giornate-delle-camelie\/764357\/\"]}]},{\"@type\":\"BreadcrumbList\",\"@id\":\"https:\/\/staging.varesenews.it\/2018\/10\/villa-della-porta-bozzolo-tornano-le-giornate-delle-camelie\/764357\/#breadcrumb\",\"itemListElement\":[{\"@type\":\"ListItem\",\"position\":1,\"name\":\"Home\",\"item\":\"https:\/\/www.varesenews.it\/\"},{\"@type\":\"ListItem\",\"position\":2,\"name\":\"A Villa della Porta Bozzolo tornano le giornate delle camelie\"}]},{\"@type\":\"WebSite\",\"@id\":\"https:\/\/staging.varesenews.it\/#website\",\"url\":\"https:\/\/staging.varesenews.it\/\",\"name\":\"VareseNews\",\"description\":\"\",\"potentialAction\":[{\"@type\":\"SearchAction\",\"target\":{\"@type\":\"EntryPoint\",\"urlTemplate\":\"https:\/\/staging.varesenews.it\/?s={search_term_string}\"},\"query-input\":\"required name=search_term_string\"}],\"inLanguage\":\"it-IT\"},{\"@type\":\"Person\",\"@id\":\"https:\/\/staging.varesenews.it\/#\/schema\/person\/f8cc543029c96c954a35c042e01892bb\",\"name\":\"Tomaso Bassani\",\"image\":{\"@type\":\"ImageObject\",\"inLanguage\":\"it-IT\",\"@id\":\"https:\/\/staging.varesenews.it\/#\/schema\/person\/image\/\",\"url\":\"https:\/\/staging.varesenews.it\/wp-content\/uploads\/2020\/12\/tomaso_bassani_colori_500.jpg\",\"contentUrl\":\"https:\/\/staging.varesenews.it\/wp-content\/uploads\/2020\/12\/tomaso_bassani_colori_500.jpg\",\"caption\":\"Tomaso Bassani\"},\"description\":\"Sono nato nel 1988 e questo ha fatto s&igrave; che la mia vita sia coincisa con l'epoca di pi&ugrave; grande e veloce cambiamento della storia. Sono giornalista e caporedattore di Varesenews. Ho un master in data analysis, una laurea in storia e una formazione superiore commerciale. Sono cresciuto tra scout, tavola a rotelle, impegno associativo (in quella grande esperienza giovanile che &egrave; stato l&rsquo;Albizzate Valley Festival) e cooperativo (Circolo The Family di Albizzate). Per passione mi occupo di dati, videomaking, fotografia, scrittura e web. Per lavoro anche.&nbsp;\",\"sameAs\":[\"tomasobassani\",\"https:\/\/www.linkedin.com\/profile\/view?id=102759293&trk=nav_responsive_tab_profile\"],\"url\":\"https:\/\/staging.varesenews.it\/persona\/tomaso-bassani\/\"}]}<\/script>\n<!-- \/ Yoast SEO plugin. -->","yoast_head_json":{"title":"A Villa della Porta Bozzolo tornano le giornate delle camelie","description":"Sabato e domenica il FAI \u2013 Fondo Ambiente Italiano organizzer\u00e0 infatti a Villa Della Porta Bozzolo a Casalzuigno\u00a0l\u2019edizione autunnale della mostra e mercato \u201cLe giornate delle camelie\u201d","robots":{"index":"noindex","follow":"follow","max-snippet":"max-snippet:-1","max-image-preview":"max-image-preview:large","max-video-preview":"max-video-preview:-1"},"og_locale":"it_IT","og_type":"article","og_title":"A Villa della Porta Bozzolo tornano le giornate delle camelie","og_description":"Sabato e domenica il FAI \u2013 Fondo Ambiente Italiano organizzer\u00e0 infatti a Villa Della Porta Bozzolo a Casalzuigno\u00a0l\u2019edizione autunnale della mostra e mercato \u201cLe giornate delle camelie\u201d","og_url":"https:\/\/staging.varesenews.it\/2018\/10\/villa-della-porta-bozzolo-tornano-le-giornate-delle-camelie\/764357\/","og_site_name":"VareseNews","article_publisher":"https:\/\/www.facebook.com\/varesenews","article_published_time":"2018-10-30T16:52:47+00:00","author":"Tomaso Bassani","twitter_card":"summary_large_image","twitter_creator":"@varesenews","twitter_site":"@varesenews","twitter_misc":{"Scritto da":"Tomaso Bassani","Tempo di lettura stimato":"3 minuti"},"schema":{"@context":"https:\/\/schema.org","@graph":[{"@type":"WebPage","@id":"https:\/\/staging.varesenews.it\/2018\/10\/villa-della-porta-bozzolo-tornano-le-giornate-delle-camelie\/764357\/","url":"https:\/\/staging.varesenews.it\/2018\/10\/villa-della-porta-bozzolo-tornano-le-giornate-delle-camelie\/764357\/","name":"A Villa della Porta Bozzolo tornano le giornate delle camelie","isPartOf":{"@id":"https:\/\/staging.varesenews.it\/#website"},"datePublished":"2018-10-30T16:52:47+00:00","dateModified":"2018-10-30T16:52:47+00:00","author":{"@id":"https:\/\/staging.varesenews.it\/#\/schema\/person\/f8cc543029c96c954a35c042e01892bb"},"description":"Sabato e domenica il FAI \u2013 Fondo Ambiente Italiano organizzer\u00e0 infatti a Villa Della Porta Bozzolo a Casalzuigno\u00a0l\u2019edizione autunnale della mostra e mercato \u201cLe giornate delle camelie\u201d","breadcrumb":{"@id":"https:\/\/staging.varesenews.it\/2018\/10\/villa-della-porta-bozzolo-tornano-le-giornate-delle-camelie\/764357\/#breadcrumb"},"inLanguage":"it-IT","potentialAction":[{"@type":"ReadAction","target":["https:\/\/staging.varesenews.it\/2018\/10\/villa-della-porta-bozzolo-tornano-le-giornate-delle-camelie\/764357\/"]}]},{"@type":"BreadcrumbList","@id":"https:\/\/staging.varesenews.it\/2018\/10\/villa-della-porta-bozzolo-tornano-le-giornate-delle-camelie\/764357\/#breadcrumb","itemListElement":[{"@type":"ListItem","position":1,"name":"Home","item":"https:\/\/www.varesenews.it\/"},{"@type":"ListItem","position":2,"name":"A Villa della Porta Bozzolo tornano le giornate delle camelie"}]},{"@type":"WebSite","@id":"https:\/\/staging.varesenews.it\/#website","url":"https:\/\/staging.varesenews.it\/","name":"VareseNews","description":"","potentialAction":[{"@type":"SearchAction","target":{"@type":"EntryPoint","urlTemplate":"https:\/\/staging.varesenews.it\/?s={search_term_string}"},"query-input":"required name=search_term_string"}],"inLanguage":"it-IT"},{"@type":"Person","@id":"https:\/\/staging.varesenews.it\/#\/schema\/person\/f8cc543029c96c954a35c042e01892bb","name":"Tomaso Bassani","image":{"@type":"ImageObject","inLanguage":"it-IT","@id":"https:\/\/staging.varesenews.it\/#\/schema\/person\/image\/","url":"https:\/\/staging.varesenews.it\/wp-content\/uploads\/2020\/12\/tomaso_bassani_colori_500.jpg","contentUrl":"https:\/\/staging.varesenews.it\/wp-content\/uploads\/2020\/12\/tomaso_bassani_colori_500.jpg","caption":"Tomaso Bassani"},"description":"Sono nato nel 1988 e questo ha fatto s&igrave; che la mia vita sia coincisa con l'epoca di pi&ugrave; grande e veloce cambiamento della storia. Sono giornalista e caporedattore di Varesenews. Ho un master in data analysis, una laurea in storia e una formazione superiore commerciale. Sono cresciuto tra scout, tavola a rotelle, impegno associativo (in quella grande esperienza giovanile che &egrave; stato l&rsquo;Albizzate Valley Festival) e cooperativo (Circolo The Family di Albizzate). Per passione mi occupo di dati, videomaking, fotografia, scrittura e web. Per lavoro anche.&nbsp;","sameAs":["tomasobassani","https:\/\/www.linkedin.com\/profile\/view?id=102759293&trk=nav_responsive_tab_profile"],"url":"https:\/\/staging.varesenews.it\/persona\/tomaso-bassani\/"}]}},"post_meta":{"_edit_lock":"1540918790:52","_edit_last":"52","_category_permalink":"a:1:{s:8:\"category\";s:0:\"\";}","ratings_users":"0","ratings_score":"0","ratings_average":"0","foto":"704633","firma_come_redazione":"1","argomento":"Casalzuigno","_yoast_wpseo_content_score":"30","_jd_tweet_this":"yes","_wpt_short_url":"https:\/\/www.varesenews.it\/2018\/10\/villa-della-porta-bozzolo-tornano-le-giornate-delle-camelie\/764357\/","_wp_jd_target":"https:\/\/www.varesenews.it\/2018\/10\/villa-della-porta-bozzolo-tornano-le-giornate-delle-camelie\/764357\/","_jd_wp_twitter":"a:1:{i:0;s:177:\"A Villa della Porta Bozzolo tornano le giornate delle camelie https:\/\/www.varesenews.it\/2018\/10\/villa-della-porta-bozzolo-tornano-le-giornate-delle-camelie\/764357\/ #FAI #weekend\";}","_wpt_status_message":"Tweet inviato con successo."},"photos":[{"original":"https:\/\/staging.varesenews.it\/photogallery_new\/images\/2018\/10\/camelie-704633.jpg","full":"https:\/\/staging.varesenews.it\/photogallery_new\/images\/2018\/10\/camelie-704633.1024x768.jpg","large":"https:\/\/staging.varesenews.it\/photogallery_new\/images\/2018\/10\/camelie-704633.610x431.jpg"}],"_links":{"self":[{"href":"https:\/\/staging.varesenews.it\/swgapi\/v1\/wp\/v2\/posts\/764357"}],"collection":[{"href":"https:\/\/staging.varesenews.it\/swgapi\/v1\/wp\/v2\/posts"}],"about":[{"href":"https:\/\/staging.varesenews.it\/swgapi\/v1\/wp\/v2\/types\/post"}],"author":[{"embeddable":true,"href":"https:\/\/staging.varesenews.it\/swgapi\/v1\/wp\/v2\/users\/52"}],"replies":[{"embeddable":true,"href":"https:\/\/staging.varesenews.it\/swgapi\/v1\/wp\/v2\/comments?post=764357"}],"version-history":[{"count":0,"href":"https:\/\/staging.varesenews.it\/swgapi\/v1\/wp\/v2\/posts\/764357\/revisions"}],"wp:attachment":[{"href":"https:\/\/staging.varesenews.it\/swgapi\/v1\/wp\/v2\/media?parent=764357"}],"wp:term":[{"taxonomy":"category","embeddable":true,"href":"https:\/\/staging.varesenews.it\/swgapi\/v1\/wp\/v2\/categories?post=764357"},{"taxonomy":"post_tag","embeddable":true,"href":"https:\/\/staging.varesenews.it\/swgapi\/v1\/wp\/v2\/tags?post=764357"}],"curies":[{"name":"wp","href":"https:\/\/api.w.org\/{rel}","templated":true}]}}