{"id":76486,"date":"2012-10-25T00:00:00","date_gmt":"2012-10-25T00:00:00","guid":{"rendered":""},"modified":"2012-10-25T00:00:00","modified_gmt":"2012-10-25T00:00:00","slug":"il-caso-uva-torna-in-aula-ma-e-anche-al-cinema","status":"publish","type":"post","link":"https:\/\/staging.varesenews.it\/2012\/10\/il-caso-uva-torna-in-aula-ma-e-anche-al-cinema\/76486\/","title":{"rendered":"Il caso Uva torna in aula, ma \u00e8 anche al cinema"},"content":{"rendered":"<p><img loading=\"lazy\" decoding=\"async\" src=\"https:\/\/www3.varesenews.it\/immagini_articoli\/201006\/anselmo_e_tonghini.jpg\" width=\"300\" height=\"225\" vspace=\"5\" hspace=\"5\" align=\"left\" alt=\"\" \/>Torna in aula il caso Uva, e insieme al processo bis iniziato oggi davanti al gup Giuseppe Fazio, ricomincia il dibattito su una vicenda che sta dividendo la citt&agrave; da quattro anni, e che ha trovato una forte risonanza sui media nazionali.<strong> Luned&igrave; sera  &egrave; in programma una serata particolare: sar&agrave; proiettato al Cinema Nuovo di viale dei Mille il film, &ldquo;Nei secoli fedele&rdquo;,<\/strong> che ricostruisce la vicenda. (<em>Nella foto, l&#8217;avvocato di parte civile Fabio Anselmo<\/em>)<\/p>\n<p><strong><a href=\"http:\/\/vimeo.com\/48948250\">Il trailer <\/a><\/strong><\/p>\n<p>La pellicola si chiede perch&eacute; Giuseppe Uva quella notte del 2008 venne tenuto per tre ore e mezza nella caserma dei carabinieri nonostante non fosse in arresto.<strong>&nbsp;L&rsquo;operaio mor&igrave; qualche ora dopo nell&rsquo;ospedale di Varese.<\/strong>  Secondo la procura &egrave; in realt&agrave; proprio in ospedale che si devono cercare i colpevoli. Oggi davanti al giudice Giuseppe Fazio &egrave; iniziata l&rsquo;udienza preliminare a carico di Enrica Finazzi, la dottoressa psichiatra, indagata per omicidio colposo, in ordine alla morte dell&rsquo;uomo. <\/p>\n<p><strong>Il processo &egrave; stato rinviato al 14 marzo<\/strong>. Il pm Agostino Abate ha chiesto di riunirlo con il procedimento del terzo medico indagato, Matteo Catenazzi, inizialmente assolto dal gup ma la cui posizione &egrave; tornata in udienza preliminare dopo il ricorso presentato in cassazione dalla procura dellarepubblica. I<a href=\"http:\/\/www3.varesenews.it\/varese\/articolo.php?id=232028\">l terzo medico Carlo Fraticelli &egrave; stato tuttavia gi&agrave; assolto.<\/a> <strong>La vicenda processuale si pu&ograve; riassumere cos&igrave;.<\/strong> Il pm Abate &egrave; convinto della sua tesi e cio&egrave; che sia colpa dei medici e continua per questa strada. <strong>La parte civile di Lucia Uva (sorella della vittima)&nbsp;<\/strong>&egrave; invece convinta che la responsabilit&agrave; sia delle forze dell&rsquo;ordine e per questo attacca il pm che secondo lei non vuole tornare sui suoi passi. Lucia Uva tuttavia &egrave; riuscita a far divenire questo caso molto importante, accostandolo a quelli di Federico Aldrovandi e Stefano Cucchi. Tanto che oramai partecipa stabilmente a incontri internazionali sui diritti civili.<strong> Luned&igrave; sera il film sar&agrave; in visione alle 20 e 30. <\/strong>Ci sar&agrave; anche l&rsquo;attore Moni Ovadia.  I relatori sono  Lucia Uva, Ilaria Cucchi, Adriano Chiarelli, Fabio Anselmo, Luigi Manconi.&nbsp;<\/p>\n<p><strong><a href=\"http:\/\/www3.varesenews.it\/varese\/articolo.php?id=237888\">La sentenza del giudice Muscato che assolve il primo medico<\/a><\/strong><\/p>\n<p><strong><a href=\"http:\/\/www3.varesenews.it\/varese\/articolo.php?id=245019\">Il ricorso del pm che critica il giudice&nbsp;<\/a><\/strong><br type=\"_moz\" \/><\/p>\n","protected":false},"excerpt":{"rendered":"<p>Iniziate le nuove udienze. Per la famiglia e molti intellettuali c&#8217;\u00e8 una responsabilit\u00e0 delle forze dell&#8217;ordine nella morte dell&#8217;operaio, ma la procura difende la tesi dell&#8217;errore medico<\/p>\n","protected":false},"author":10,"featured_media":0,"comment_status":"open","ping_status":"open","sticky":false,"template":"","format":"standard","meta":{"footnotes":""},"categories":[2],"tags":[1475],"acf":[],"yoast_head":"<!-- This site is optimized with the Yoast SEO plugin v20.1 - https:\/\/yoast.com\/wordpress\/plugins\/seo\/ -->\n<title>Il caso Uva torna in aula, ma \u00e8 anche al cinema<\/title>\n<meta name=\"description\" content=\"Iniziate le nuove udienze. Per la famiglia e molti intellettuali c&#039;\u00e8 una responsabilit\u00e0 delle forze dell&#039;ordine nella morte dell&#039;operaio, ma la procura difende la tesi dell&#039;errore medico\" \/>\n<meta name=\"robots\" content=\"noindex, follow, max-snippet:-1, max-image-preview:large, max-video-preview:-1\" \/>\n<meta property=\"og:locale\" content=\"it_IT\" \/>\n<meta property=\"og:type\" content=\"article\" \/>\n<meta property=\"og:title\" content=\"Il caso Uva torna in aula, ma \u00e8 anche al cinema\" \/>\n<meta property=\"og:description\" content=\"Iniziate le nuove udienze. Per la famiglia e molti intellettuali c&#039;\u00e8 una responsabilit\u00e0 delle forze dell&#039;ordine nella morte dell&#039;operaio, ma la procura difende la tesi dell&#039;errore medico\" \/>\n<meta property=\"og:url\" content=\"https:\/\/staging.varesenews.it\/2012\/10\/il-caso-uva-torna-in-aula-ma-e-anche-al-cinema\/76486\/\" \/>\n<meta property=\"og:site_name\" content=\"VareseNews\" \/>\n<meta property=\"article:publisher\" content=\"https:\/\/www.facebook.com\/varesenews\" \/>\n<meta property=\"article:published_time\" content=\"2012-10-25T00:00:00+00:00\" \/>\n<meta property=\"og:image\" content=\"https:\/\/www3.varesenews.it\/immagini_articoli\/201006\/anselmo_e_tonghini.jpg\" \/>\n<meta name=\"author\" content=\"Redazione VareseNews\" \/>\n<meta name=\"twitter:card\" content=\"summary_large_image\" \/>\n<meta name=\"twitter:creator\" content=\"@varesenews\" \/>\n<meta name=\"twitter:site\" content=\"@varesenews\" \/>\n<meta name=\"twitter:label1\" content=\"Scritto da\" \/>\n\t<meta name=\"twitter:data1\" content=\"Redazione VareseNews\" \/>\n\t<meta name=\"twitter:label2\" content=\"Tempo di lettura stimato\" \/>\n\t<meta name=\"twitter:data2\" content=\"2 minuti\" \/>\n<script type=\"application\/ld+json\" class=\"yoast-schema-graph\">{\"@context\":\"https:\/\/schema.org\",\"@graph\":[{\"@type\":\"WebPage\",\"@id\":\"https:\/\/staging.varesenews.it\/2012\/10\/il-caso-uva-torna-in-aula-ma-e-anche-al-cinema\/76486\/\",\"url\":\"https:\/\/staging.varesenews.it\/2012\/10\/il-caso-uva-torna-in-aula-ma-e-anche-al-cinema\/76486\/\",\"name\":\"Il caso Uva torna in aula, ma \u00e8 anche al cinema\",\"isPartOf\":{\"@id\":\"https:\/\/staging.varesenews.it\/#website\"},\"datePublished\":\"2012-10-25T00:00:00+00:00\",\"dateModified\":\"2012-10-25T00:00:00+00:00\",\"author\":{\"@id\":\"https:\/\/staging.varesenews.it\/#\/schema\/person\/fb20c4da0b7b16c291707a20db73e169\"},\"description\":\"Iniziate le nuove udienze. Per la famiglia e molti intellettuali c'\u00e8 una responsabilit\u00e0 delle forze dell'ordine nella morte dell'operaio, ma la procura difende la tesi dell'errore medico\",\"breadcrumb\":{\"@id\":\"https:\/\/staging.varesenews.it\/2012\/10\/il-caso-uva-torna-in-aula-ma-e-anche-al-cinema\/76486\/#breadcrumb\"},\"inLanguage\":\"it-IT\",\"potentialAction\":[{\"@type\":\"ReadAction\",\"target\":[\"https:\/\/staging.varesenews.it\/2012\/10\/il-caso-uva-torna-in-aula-ma-e-anche-al-cinema\/76486\/\"]}]},{\"@type\":\"BreadcrumbList\",\"@id\":\"https:\/\/staging.varesenews.it\/2012\/10\/il-caso-uva-torna-in-aula-ma-e-anche-al-cinema\/76486\/#breadcrumb\",\"itemListElement\":[{\"@type\":\"ListItem\",\"position\":1,\"name\":\"Home\",\"item\":\"https:\/\/www.varesenews.it\/\"},{\"@type\":\"ListItem\",\"position\":2,\"name\":\"Il caso Uva torna in aula, ma \u00e8 anche al cinema\"}]},{\"@type\":\"WebSite\",\"@id\":\"https:\/\/staging.varesenews.it\/#website\",\"url\":\"https:\/\/staging.varesenews.it\/\",\"name\":\"VareseNews\",\"description\":\"\",\"potentialAction\":[{\"@type\":\"SearchAction\",\"target\":{\"@type\":\"EntryPoint\",\"urlTemplate\":\"https:\/\/staging.varesenews.it\/?s={search_term_string}\"},\"query-input\":\"required name=search_term_string\"}],\"inLanguage\":\"it-IT\"},{\"@type\":\"Person\",\"@id\":\"https:\/\/staging.varesenews.it\/#\/schema\/person\/fb20c4da0b7b16c291707a20db73e169\",\"name\":\"Redazione VareseNews\",\"image\":{\"@type\":\"ImageObject\",\"inLanguage\":\"it-IT\",\"@id\":\"https:\/\/staging.varesenews.it\/#\/schema\/person\/image\/\",\"url\":\"https:\/\/staging.varesenews.it\/wp-content\/uploads\/2020\/12\/logo_VN_colori_500.png\",\"contentUrl\":\"https:\/\/staging.varesenews.it\/wp-content\/uploads\/2020\/12\/logo_VN_colori_500.png\",\"caption\":\"Redazione VareseNews\"},\"url\":\"https:\/\/staging.varesenews.it\/persona\/redazione1\/\"}]}<\/script>\n<!-- \/ Yoast SEO plugin. -->","yoast_head_json":{"title":"Il caso Uva torna in aula, ma \u00e8 anche al cinema","description":"Iniziate le nuove udienze. Per la famiglia e molti intellettuali c'\u00e8 una responsabilit\u00e0 delle forze dell'ordine nella morte dell'operaio, ma la procura difende la tesi dell'errore medico","robots":{"index":"noindex","follow":"follow","max-snippet":"max-snippet:-1","max-image-preview":"max-image-preview:large","max-video-preview":"max-video-preview:-1"},"og_locale":"it_IT","og_type":"article","og_title":"Il caso Uva torna in aula, ma \u00e8 anche al cinema","og_description":"Iniziate le nuove udienze. Per la famiglia e molti intellettuali c'\u00e8 una responsabilit\u00e0 delle forze dell'ordine nella morte dell'operaio, ma la procura difende la tesi dell'errore medico","og_url":"https:\/\/staging.varesenews.it\/2012\/10\/il-caso-uva-torna-in-aula-ma-e-anche-al-cinema\/76486\/","og_site_name":"VareseNews","article_publisher":"https:\/\/www.facebook.com\/varesenews","article_published_time":"2012-10-25T00:00:00+00:00","og_image":[{"url":"https:\/\/www3.varesenews.it\/immagini_articoli\/201006\/anselmo_e_tonghini.jpg"}],"author":"Redazione VareseNews","twitter_card":"summary_large_image","twitter_creator":"@varesenews","twitter_site":"@varesenews","twitter_misc":{"Scritto da":"Redazione VareseNews","Tempo di lettura stimato":"2 minuti"},"schema":{"@context":"https:\/\/schema.org","@graph":[{"@type":"WebPage","@id":"https:\/\/staging.varesenews.it\/2012\/10\/il-caso-uva-torna-in-aula-ma-e-anche-al-cinema\/76486\/","url":"https:\/\/staging.varesenews.it\/2012\/10\/il-caso-uva-torna-in-aula-ma-e-anche-al-cinema\/76486\/","name":"Il caso Uva torna in aula, ma \u00e8 anche al cinema","isPartOf":{"@id":"https:\/\/staging.varesenews.it\/#website"},"datePublished":"2012-10-25T00:00:00+00:00","dateModified":"2012-10-25T00:00:00+00:00","author":{"@id":"https:\/\/staging.varesenews.it\/#\/schema\/person\/fb20c4da0b7b16c291707a20db73e169"},"description":"Iniziate le nuove udienze. Per la famiglia e molti intellettuali c'\u00e8 una responsabilit\u00e0 delle forze dell'ordine nella morte dell'operaio, ma la procura difende la tesi dell'errore medico","breadcrumb":{"@id":"https:\/\/staging.varesenews.it\/2012\/10\/il-caso-uva-torna-in-aula-ma-e-anche-al-cinema\/76486\/#breadcrumb"},"inLanguage":"it-IT","potentialAction":[{"@type":"ReadAction","target":["https:\/\/staging.varesenews.it\/2012\/10\/il-caso-uva-torna-in-aula-ma-e-anche-al-cinema\/76486\/"]}]},{"@type":"BreadcrumbList","@id":"https:\/\/staging.varesenews.it\/2012\/10\/il-caso-uva-torna-in-aula-ma-e-anche-al-cinema\/76486\/#breadcrumb","itemListElement":[{"@type":"ListItem","position":1,"name":"Home","item":"https:\/\/www.varesenews.it\/"},{"@type":"ListItem","position":2,"name":"Il caso Uva torna in aula, ma \u00e8 anche al cinema"}]},{"@type":"WebSite","@id":"https:\/\/staging.varesenews.it\/#website","url":"https:\/\/staging.varesenews.it\/","name":"VareseNews","description":"","potentialAction":[{"@type":"SearchAction","target":{"@type":"EntryPoint","urlTemplate":"https:\/\/staging.varesenews.it\/?s={search_term_string}"},"query-input":"required name=search_term_string"}],"inLanguage":"it-IT"},{"@type":"Person","@id":"https:\/\/staging.varesenews.it\/#\/schema\/person\/fb20c4da0b7b16c291707a20db73e169","name":"Redazione VareseNews","image":{"@type":"ImageObject","inLanguage":"it-IT","@id":"https:\/\/staging.varesenews.it\/#\/schema\/person\/image\/","url":"https:\/\/staging.varesenews.it\/wp-content\/uploads\/2020\/12\/logo_VN_colori_500.png","contentUrl":"https:\/\/staging.varesenews.it\/wp-content\/uploads\/2020\/12\/logo_VN_colori_500.png","caption":"Redazione VareseNews"},"url":"https:\/\/staging.varesenews.it\/persona\/redazione1\/"}]}},"post_meta":{"id_old":"246466","argomento":"Varese","autore_old":"Roberto Rotondo"},"photos":[],"_links":{"self":[{"href":"https:\/\/staging.varesenews.it\/swgapi\/v1\/wp\/v2\/posts\/76486"}],"collection":[{"href":"https:\/\/staging.varesenews.it\/swgapi\/v1\/wp\/v2\/posts"}],"about":[{"href":"https:\/\/staging.varesenews.it\/swgapi\/v1\/wp\/v2\/types\/post"}],"author":[{"embeddable":true,"href":"https:\/\/staging.varesenews.it\/swgapi\/v1\/wp\/v2\/users\/10"}],"replies":[{"embeddable":true,"href":"https:\/\/staging.varesenews.it\/swgapi\/v1\/wp\/v2\/comments?post=76486"}],"version-history":[{"count":0,"href":"https:\/\/staging.varesenews.it\/swgapi\/v1\/wp\/v2\/posts\/76486\/revisions"}],"wp:attachment":[{"href":"https:\/\/staging.varesenews.it\/swgapi\/v1\/wp\/v2\/media?parent=76486"}],"wp:term":[{"taxonomy":"category","embeddable":true,"href":"https:\/\/staging.varesenews.it\/swgapi\/v1\/wp\/v2\/categories?post=76486"},{"taxonomy":"post_tag","embeddable":true,"href":"https:\/\/staging.varesenews.it\/swgapi\/v1\/wp\/v2\/tags?post=76486"}],"curies":[{"name":"wp","href":"https:\/\/api.w.org\/{rel}","templated":true}]}}