{"id":767206,"date":"2018-11-10T13:47:05","date_gmt":"2018-11-10T12:47:05","guid":{"rendered":"https:\/\/www.varesenews.it\/?p=767206"},"modified":"2018-11-10T13:56:57","modified_gmt":"2018-11-10T12:56:57","slug":"bodio-mondo-sommerso-si-svela","status":"publish","type":"post","link":"https:\/\/staging.varesenews.it\/2018\/11\/bodio-mondo-sommerso-si-svela\/767206\/","title":{"rendered":"Bodio, il mondo sommerso si svela"},"content":{"rendered":"<p><strong>Sar\u00e0 un sito Unesco \u201cper tutti\u201d<\/strong>, perch\u00e9 amato dai cittadini, coccolato dalle istituzioni riuscite a parlarsi e a lavorare assieme. Ma soprattutto perch\u00e9 chiunque, da oggi, sar\u00e0 in grado di sapere cosa c\u2019\u00e8 l\u00e0 sotto, a pochi metri dalla riva, custodito da 4 metri d\u2019acqua dall\u2019et\u00e0 del \u201c<strong>Bronzo medio<\/strong>\u201d, che tradotto in datazione precisa vuol dire 1700 anni prima della nascita di Cristo: tutto raccontato da una pensilina \u201cin trasparenza\u201d studiata apposta per far leggere ai visitatori il contenuto di questo sito Unesco palafitticolo, un posto \u201cda leggere\u201d mentre si ammira la bellezza del lago.<\/p>\n<p><strong>Un lavoro durato diversi anni<\/strong>, e che si basa sugli studi della Sovrintendenza eseguiti dopo il 2004 e che hanno reso possibile conoscere i segreti di questo villaggio oramai sommerso che si trova s\u00ec a Bodio Lomnago &#8211; vera capitale di questo regno perduto &#8211; \u00abma in realt\u00e0 anche in diverse altre localit\u00e0 del lago di Varese\u00bb, come spiegano dal Comune, con grande orgoglio per la consapevolezza di un momento importante, culmine di un \u201csistema\u201d fatto insieme alla Regione e con tutti gli altri player che si sono mossi attorno a questo progetto.<\/p>\n<p><strong>Il sito \u00e8 entrato a far parte del patrimonio mondiale UNESCO nel corso della 35\u00b0 sessione del Comitato del patrimonio tenutasi a Parigi il 29 giugno 2011. <\/strong>Quello presentato oggi in Comune a Bodio dal sindaco <strong>Eleonora Paolelli<\/strong> e alla presenza dell\u2019assessore alla cultura di Regione Lombardia <strong>Stefano Bruno Galli<\/strong> consiste proprio nella ricerca effettuata dalla Soprintendenza culminata in <strong>un libro, un dvd, un documentario Rai e una sistemazione del sito<\/strong> che ha percorso tutte le tappe di valorizzazione: oggi l\u2019area si presenta con una perimetrazione fatta di boe che indicano ai visitatori l\u2019estensione non di una delle tante palafitte, ma \u201cla\u201d palafitta per eccellenza, quella di \u201cBodio centrale\u201d, scoperta nel corso dell\u2019Ottocento e poi studiata in epoca recente. Si tratta di una grande palafitta, dove trovava posto un edificio importante, forse il pi\u00f9 importante in quel villaggio di pescatori, ma anche di cacciatori &#8211; sono state trovate punte in selce &#8211; che scelsero l\u2019artificio di costruzioni palificate e sopraelevate per difendersi dalle intemperie e dagli animali.<\/p>\n<p>Un sistema &#8211; lo ha ricordato l\u2019assessore Galli, professore di storia delle dottrine politiche alla Statale di Milano &#8211; condiviso con altri luoghi abitati lungo la catena alpina fra Italia, Svizzera, Francia, Germania, Austria e Slovenia dove sono stati trovati oltre 1000 villaggi palafitticoli, di cui 111 quelli selezionati per far parte del sito seriale transnazionale \u201cSiti palafitticoli preistorici dell\u2019arco Alpino\u201d dell\u2019Unesco.<\/p>\n<p><strong>Le sorprese, come si diceva, non finiscono qui<\/strong>. Perch\u00e9 c\u2019\u00e8 s\u00ec l\u2019idea espressa da parte del sindaco di elevare questo luogo a cattedrale della cultura locale coinvolgendo scuole e istituti di ricerca, ma la ciliegina l\u2019ha messa un giovane laureato in ingegneria, <strong>Alessio Caiafa<\/strong>, che grazie alla collaborazione col professor <strong>Riccardo Aceti<\/strong> (che ha disegnato la pensilina informativa) ha realizzato una tesi-progetto che prevede la realizzazione di una passerella sul lago, attorno all\u2019area delimitata dalle boe sotto le quali \u00e8 presente il villaggio sommerso. Passerella dal costo \u00abinferiore a quella di una struttura analoga a quelle in legno sulla terra ferma\u00bb, ancorata al fondo in maniera non invasiva e capace di collegare lago e terra: sbucher\u00e0 in mezzo ai filari di pioppi.\u2028\u00abSolo un\u2019idea, per ora\u00bb, ha spiegato il professor Aceti, non passata inosservata dall\u2019assessore regionale Galli che, memore del successo dell\u2019installazione di Christo sul lago d\u2019Iseo si \u00e8 detto \u00abmolto interessato\u00bb.<\/p>\n<p>Cos\u00ec, con un percorso che si stacca da terra, forse i visitatori potranno davvero rivivere con grandi emozioni i passi che gli antenati mossero sul lago per fondare la loro civilt\u00e0.<\/p>\n<p><strong><a href=\"http:\/\/www.varese4u.it\/\">I SITI UNESCO DELLA PROVINCIA DI VARESE<\/a><\/strong><\/p>\n","protected":false},"excerpt":{"rendered":"<p>Presentato lo studio che racconta la portata del sito Unesco. L\u2019idea di una passerella sul lago per camminare sulle acque in mezzo alla storia<\/p>\n","protected":false},"author":34,"featured_media":0,"comment_status":"open","ping_status":"open","sticky":false,"template":"","format":"standard","meta":{"footnotes":""},"categories":[2],"tags":[36067,60560,71807],"acf":[],"yoast_head":"<!-- This site is optimized with the Yoast SEO plugin v20.1 - https:\/\/yoast.com\/wordpress\/plugins\/seo\/ -->\n<title>Bodio, il mondo sommerso si svela<\/title>\n<meta name=\"description\" content=\"Presentato lo studio che racconta la portata del sito Unesco. L\u2019idea di una passerella sul lago per camminare sulle acque in mezzo alla storia\" \/>\n<meta name=\"robots\" content=\"noindex, follow, max-snippet:-1, max-image-preview:large, max-video-preview:-1\" \/>\n<meta property=\"og:locale\" content=\"it_IT\" \/>\n<meta property=\"og:type\" content=\"article\" \/>\n<meta property=\"og:title\" content=\"Bodio, il mondo sommerso si svela\" \/>\n<meta property=\"og:description\" content=\"Presentato lo studio che racconta la portata del sito Unesco. L\u2019idea di una passerella sul lago per camminare sulle acque in mezzo alla storia\" \/>\n<meta property=\"og:url\" content=\"https:\/\/staging.varesenews.it\/2018\/11\/bodio-mondo-sommerso-si-svela\/767206\/\" \/>\n<meta property=\"og:site_name\" content=\"VareseNews\" \/>\n<meta property=\"article:publisher\" content=\"https:\/\/www.facebook.com\/varesenews\" \/>\n<meta property=\"article:author\" content=\"https:\/\/www.facebook.com\/andrea.camurani?fref=photo\" \/>\n<meta property=\"article:published_time\" content=\"2018-11-10T12:47:05+00:00\" \/>\n<meta property=\"article:modified_time\" content=\"2018-11-10T12:56:57+00:00\" \/>\n<meta name=\"author\" content=\"Andrea Camurani\" \/>\n<meta name=\"twitter:card\" content=\"summary_large_image\" \/>\n<meta name=\"twitter:creator\" content=\"@AndreaCamurani\" \/>\n<meta name=\"twitter:site\" content=\"@varesenews\" \/>\n<meta name=\"twitter:label1\" content=\"Scritto da\" \/>\n\t<meta name=\"twitter:data1\" content=\"Andrea Camurani\" \/>\n\t<meta name=\"twitter:label2\" content=\"Tempo di lettura stimato\" \/>\n\t<meta name=\"twitter:data2\" content=\"3 minuti\" \/>\n<script type=\"application\/ld+json\" class=\"yoast-schema-graph\">{\"@context\":\"https:\/\/schema.org\",\"@graph\":[{\"@type\":\"WebPage\",\"@id\":\"https:\/\/staging.varesenews.it\/2018\/11\/bodio-mondo-sommerso-si-svela\/767206\/\",\"url\":\"https:\/\/staging.varesenews.it\/2018\/11\/bodio-mondo-sommerso-si-svela\/767206\/\",\"name\":\"Bodio, il mondo sommerso si svela\",\"isPartOf\":{\"@id\":\"https:\/\/staging.varesenews.it\/#website\"},\"datePublished\":\"2018-11-10T12:47:05+00:00\",\"dateModified\":\"2018-11-10T12:56:57+00:00\",\"author\":{\"@id\":\"https:\/\/staging.varesenews.it\/#\/schema\/person\/3eb5832c6beae763de8d9596fdbe8c49\"},\"description\":\"Presentato lo studio che racconta la portata del sito Unesco. L\u2019idea di una passerella sul lago per camminare sulle acque in mezzo alla storia\",\"breadcrumb\":{\"@id\":\"https:\/\/staging.varesenews.it\/2018\/11\/bodio-mondo-sommerso-si-svela\/767206\/#breadcrumb\"},\"inLanguage\":\"it-IT\",\"potentialAction\":[{\"@type\":\"ReadAction\",\"target\":[\"https:\/\/staging.varesenews.it\/2018\/11\/bodio-mondo-sommerso-si-svela\/767206\/\"]}]},{\"@type\":\"BreadcrumbList\",\"@id\":\"https:\/\/staging.varesenews.it\/2018\/11\/bodio-mondo-sommerso-si-svela\/767206\/#breadcrumb\",\"itemListElement\":[{\"@type\":\"ListItem\",\"position\":1,\"name\":\"Home\",\"item\":\"https:\/\/www.varesenews.it\/\"},{\"@type\":\"ListItem\",\"position\":2,\"name\":\"Bodio, il mondo sommerso si svela\"}]},{\"@type\":\"WebSite\",\"@id\":\"https:\/\/staging.varesenews.it\/#website\",\"url\":\"https:\/\/staging.varesenews.it\/\",\"name\":\"VareseNews\",\"description\":\"\",\"potentialAction\":[{\"@type\":\"SearchAction\",\"target\":{\"@type\":\"EntryPoint\",\"urlTemplate\":\"https:\/\/staging.varesenews.it\/?s={search_term_string}\"},\"query-input\":\"required name=search_term_string\"}],\"inLanguage\":\"it-IT\"},{\"@type\":\"Person\",\"@id\":\"https:\/\/staging.varesenews.it\/#\/schema\/person\/3eb5832c6beae763de8d9596fdbe8c49\",\"name\":\"Andrea Camurani\",\"image\":{\"@type\":\"ImageObject\",\"inLanguage\":\"it-IT\",\"@id\":\"https:\/\/staging.varesenews.it\/#\/schema\/person\/image\/\",\"url\":\"https:\/\/staging.varesenews.it\/wp-content\/uploads\/2020\/12\/andrea_camurani_colori_500.jpg\",\"contentUrl\":\"https:\/\/staging.varesenews.it\/wp-content\/uploads\/2020\/12\/andrea_camurani_colori_500.jpg\",\"caption\":\"Andrea Camurani\"},\"description\":\"Sono figlio degli anni Settanta e di Milano, dove ho imparato a riconoscere buoni e cattivi. Laurea in scienze politiche, lavoro a VareseNews dal 2000. Racconto quel che trovo quando incontro chi vuole lasciare al mondo un pezzetto di vita, che si chiama cronaca. &ldquo;...perch&eacute; &egrave; la gente il pi&ugrave; grande spettacolo del mondo. E non si paga il biglietto...&rdquo; (Charles Bukowsky)\",\"sameAs\":[\"https:\/\/www.facebook.com\/andrea.camurani?fref=photo\",\"andreacamurani\",\"https:\/\/www.linkedin.com\/hp\/?dnr=A9a84RfzsLdo9xg4NcGV4dLiMknoc9ms4WM\",\"https:\/\/twitter.com\/AndreaCamurani\"],\"url\":\"https:\/\/staging.varesenews.it\/persona\/andrea_camurani\/\"}]}<\/script>\n<!-- \/ Yoast SEO plugin. -->","yoast_head_json":{"title":"Bodio, il mondo sommerso si svela","description":"Presentato lo studio che racconta la portata del sito Unesco. L\u2019idea di una passerella sul lago per camminare sulle acque in mezzo alla storia","robots":{"index":"noindex","follow":"follow","max-snippet":"max-snippet:-1","max-image-preview":"max-image-preview:large","max-video-preview":"max-video-preview:-1"},"og_locale":"it_IT","og_type":"article","og_title":"Bodio, il mondo sommerso si svela","og_description":"Presentato lo studio che racconta la portata del sito Unesco. L\u2019idea di una passerella sul lago per camminare sulle acque in mezzo alla storia","og_url":"https:\/\/staging.varesenews.it\/2018\/11\/bodio-mondo-sommerso-si-svela\/767206\/","og_site_name":"VareseNews","article_publisher":"https:\/\/www.facebook.com\/varesenews","article_author":"https:\/\/www.facebook.com\/andrea.camurani?fref=photo","article_published_time":"2018-11-10T12:47:05+00:00","article_modified_time":"2018-11-10T12:56:57+00:00","author":"Andrea Camurani","twitter_card":"summary_large_image","twitter_creator":"@AndreaCamurani","twitter_site":"@varesenews","twitter_misc":{"Scritto da":"Andrea Camurani","Tempo di lettura stimato":"3 minuti"},"schema":{"@context":"https:\/\/schema.org","@graph":[{"@type":"WebPage","@id":"https:\/\/staging.varesenews.it\/2018\/11\/bodio-mondo-sommerso-si-svela\/767206\/","url":"https:\/\/staging.varesenews.it\/2018\/11\/bodio-mondo-sommerso-si-svela\/767206\/","name":"Bodio, il mondo sommerso si svela","isPartOf":{"@id":"https:\/\/staging.varesenews.it\/#website"},"datePublished":"2018-11-10T12:47:05+00:00","dateModified":"2018-11-10T12:56:57+00:00","author":{"@id":"https:\/\/staging.varesenews.it\/#\/schema\/person\/3eb5832c6beae763de8d9596fdbe8c49"},"description":"Presentato lo studio che racconta la portata del sito Unesco. L\u2019idea di una passerella sul lago per camminare sulle acque in mezzo alla storia","breadcrumb":{"@id":"https:\/\/staging.varesenews.it\/2018\/11\/bodio-mondo-sommerso-si-svela\/767206\/#breadcrumb"},"inLanguage":"it-IT","potentialAction":[{"@type":"ReadAction","target":["https:\/\/staging.varesenews.it\/2018\/11\/bodio-mondo-sommerso-si-svela\/767206\/"]}]},{"@type":"BreadcrumbList","@id":"https:\/\/staging.varesenews.it\/2018\/11\/bodio-mondo-sommerso-si-svela\/767206\/#breadcrumb","itemListElement":[{"@type":"ListItem","position":1,"name":"Home","item":"https:\/\/www.varesenews.it\/"},{"@type":"ListItem","position":2,"name":"Bodio, il mondo sommerso si svela"}]},{"@type":"WebSite","@id":"https:\/\/staging.varesenews.it\/#website","url":"https:\/\/staging.varesenews.it\/","name":"VareseNews","description":"","potentialAction":[{"@type":"SearchAction","target":{"@type":"EntryPoint","urlTemplate":"https:\/\/staging.varesenews.it\/?s={search_term_string}"},"query-input":"required name=search_term_string"}],"inLanguage":"it-IT"},{"@type":"Person","@id":"https:\/\/staging.varesenews.it\/#\/schema\/person\/3eb5832c6beae763de8d9596fdbe8c49","name":"Andrea Camurani","image":{"@type":"ImageObject","inLanguage":"it-IT","@id":"https:\/\/staging.varesenews.it\/#\/schema\/person\/image\/","url":"https:\/\/staging.varesenews.it\/wp-content\/uploads\/2020\/12\/andrea_camurani_colori_500.jpg","contentUrl":"https:\/\/staging.varesenews.it\/wp-content\/uploads\/2020\/12\/andrea_camurani_colori_500.jpg","caption":"Andrea Camurani"},"description":"Sono figlio degli anni Settanta e di Milano, dove ho imparato a riconoscere buoni e cattivi. Laurea in scienze politiche, lavoro a VareseNews dal 2000. Racconto quel che trovo quando incontro chi vuole lasciare al mondo un pezzetto di vita, che si chiama cronaca. &ldquo;...perch&eacute; &egrave; la gente il pi&ugrave; grande spettacolo del mondo. E non si paga il biglietto...&rdquo; (Charles Bukowsky)","sameAs":["https:\/\/www.facebook.com\/andrea.camurani?fref=photo","andreacamurani","https:\/\/www.linkedin.com\/hp\/?dnr=A9a84RfzsLdo9xg4NcGV4dLiMknoc9ms4WM","https:\/\/twitter.com\/AndreaCamurani"],"url":"https:\/\/staging.varesenews.it\/persona\/andrea_camurani\/"}]}},"post_meta":{"_edit_lock":"1541863664:34","_edit_last":"39","_category_permalink":"a:1:{s:8:\"category\";s:0:\"\";}","ratings_users":"0","ratings_score":"0","ratings_average":"0","foto":"706949","id_link_fotogallery":"767205","firma-personalizzata":"ac andrea.camurani@varesenews.it","argomento":"Bodio Lomnago","_yoast_wpseo_content_score":"30","_jd_tweet_this":"yes","_wpt_short_url":"https:\/\/www.varesenews.it\/2018\/11\/bodio-mondo-sommerso-si-svela\/767206\/","_wp_jd_target":"https:\/\/www.varesenews.it\/2018\/11\/bodio-mondo-sommerso-si-svela\/767206\/","_jd_wp_twitter":"a:1:{i:0;s:138:\"Bodio, il mondo sommerso si svela https:\/\/www.varesenews.it\/2018\/11\/bodio-mondo-sommerso-si-svela\/767206\/ #palafitte #sitounesco #varese4u\";}","_wpt_status_message":"Tweet inviato con successo.","id_leggi_anche":"661227,680645,659254,642288,640888,366090,173826,229387,240529,290917,767206,710189,641622,641816,641407"},"photos":[{"original":"https:\/\/staging.varesenews.it\/photogallery_new\/images\/2018\/11\/caricamento-temporaneo-per-contributo-4isry4w1dq-706949.jpg","full":"https:\/\/staging.varesenews.it\/photogallery_new\/images\/2018\/11\/caricamento-temporaneo-per-contributo-4isry4w1dq-706949.1024x768.jpg","large":"https:\/\/staging.varesenews.it\/photogallery_new\/images\/2018\/11\/caricamento-temporaneo-per-contributo-4isry4w1dq-706949.610x431.jpg"}],"_links":{"self":[{"href":"https:\/\/staging.varesenews.it\/swgapi\/v1\/wp\/v2\/posts\/767206"}],"collection":[{"href":"https:\/\/staging.varesenews.it\/swgapi\/v1\/wp\/v2\/posts"}],"about":[{"href":"https:\/\/staging.varesenews.it\/swgapi\/v1\/wp\/v2\/types\/post"}],"author":[{"embeddable":true,"href":"https:\/\/staging.varesenews.it\/swgapi\/v1\/wp\/v2\/users\/34"}],"replies":[{"embeddable":true,"href":"https:\/\/staging.varesenews.it\/swgapi\/v1\/wp\/v2\/comments?post=767206"}],"version-history":[{"count":0,"href":"https:\/\/staging.varesenews.it\/swgapi\/v1\/wp\/v2\/posts\/767206\/revisions"}],"wp:attachment":[{"href":"https:\/\/staging.varesenews.it\/swgapi\/v1\/wp\/v2\/media?parent=767206"}],"wp:term":[{"taxonomy":"category","embeddable":true,"href":"https:\/\/staging.varesenews.it\/swgapi\/v1\/wp\/v2\/categories?post=767206"},{"taxonomy":"post_tag","embeddable":true,"href":"https:\/\/staging.varesenews.it\/swgapi\/v1\/wp\/v2\/tags?post=767206"}],"curies":[{"name":"wp","href":"https:\/\/api.w.org\/{rel}","templated":true}]}}