{"id":767472,"date":"2018-11-12T10:03:31","date_gmt":"2018-11-12T09:03:31","guid":{"rendered":"https:\/\/www.varesenews.it\/?p=767472"},"modified":"2018-11-12T10:05:45","modified_gmt":"2018-11-12T09:05:45","slug":"programmazione-qualita-le-sfide-della-sanita","status":"publish","type":"post","link":"https:\/\/staging.varesenews.it\/2018\/11\/programmazione-qualita-le-sfide-della-sanita\/767472\/","title":{"rendered":"Programmazione e qualit\u00e0: le sfide della sanit\u00e0"},"content":{"rendered":"<p class=\"p1\"><span class=\"s1\">Scenari futuri in campo medico e scientifico sono stati affrontati a<a href=\"https:\/\/www.festivalglocal.it\/incontro\/territorio-bene-comune\/\" target=\"_blank\" rel=\"noopener\"><strong> Glocal salute.<\/strong><\/a> Nel corso di un incontro che si \u00e8 svolto nella <strong>Sala Andrea di Ville Ponti,<\/strong> studiosi, medici e ricercatori hanno approfondito il tema della<strong> sostenibilit\u00e0 della spesa sanitaria.<\/strong><\/span><\/p>\n<p class=\"p3\"><span class=\"s1\"><b>Per introdurre il quadro complesso ha preso la parola la dottoressa Antonella Levante<\/b>,\u00a0Responsabile\u00a0di<strong>\u00a0IQVIA\u00a0in Italia<\/strong>\u00a0per la divisione\u00a0dati pazienti e studi osservazionali: \u00ab In Italia la sanit\u00e0 ha bisogno di un<strong> cambiamento di paradigma<\/strong> volto a gestire la tempesta perfetta che gi\u00e0\u00a0fronteggiamo, frutto delle\u00a0nuove\u00a0opzioni terapeutiche disponibili, ma a costi elevati,\u00a0e il\u00a0crescente peso della cronicit\u00e0 e della\u00a0fragilit\u00e0 sociale. Il<strong> progresso in campo clinico, evidente nell\u2019ambito delle patologie rare e\u00a0oncologiche,<\/strong> e non solo, rappresenta una straordinaria opportunit\u00e0 di dare nuove speranze\u00a0di cura ai pazienti.<strong> Le risorse finanziarie<\/strong> necessarie per garantirne l\u2019accesso non sono l\u2019unica sfida da fronteggiare: cresce infatti anche<strong> l\u2019esigenza di qualit\u00e0 e specializzazione<\/strong> dell\u2019organizzazione sanitaria in termini di nuovi ruoli e competenze da mettere in campo. In questo scenario, occorre in prima battuta ottimizzare l\u2019impiego delle risorse disponibili, lavorare sulla <strong>prevenzione, l\u2019educazione e l\u2019aderenza nella gestione della cronicit\u00e0<\/strong>. Si calcola infatti che il Sistema sanitario nazionale risparmierebbe 11-12 miliardi di euro se fosse pi\u00f9 efficace la presa in carico del paziente e l\u2019aderenza alla terapia, particolarmente nel paziente anziano. Secondo i nostri dati, a livello nazionale,\u00a0solo <strong>il 41% dei pazienti affetti da una patologia cronica \u00e8\u00a0in cura,<\/strong>\u00a0e l\u2019aderenza media alla terapia \u00e8 del 45%. \u00a0La percentuale sale al 60% tra la popolazione anziana\u00a0(oltre i 65 anni)\u00a0dove si rileva\u00a0una\u00a0scarsa qualit\u00e0 dell\u2019interazione e\u00a0dell\u2019ascolto\u00a0in oltre il 30% dei casi.<span class=\"Apple-converted-space\">\u00a0 <\/span>In sintesi, bisogna uscire dalla logica del risparmio\u00a0immediato\u00a0e sposare quella della<strong> miglior programmazione delle risorse\u00a0disponibili, sia finanziarie,\u00a0che\u00a0organizzative.<\/strong> E\u2019 necessario investire\u00a0sulla trasformazione del paradigma attuale per migliorare i risultati\u00a0sia\u00a0per i pazienti, che per il sistema,\u00a0intervenendo sulle leve pi\u00f9 importanti, sfruttando le grandi opportunit\u00e0 che la digitalizzazione\u00a0ed\u00a0i big data possono aprire anche in ambito sanitario\u00bb. <div class=\"photo-inside-post\"><img decoding=\"async\" loading=\"lazy\" fetchpriority=\"low\" width=\"610\" height=\"431\" src=\"https:\/\/staging.varesenews.it\/photogallery_new\/images\/2018\/11\/glocalsalute-707261.610x431.jpg\" alt=\"glocalsalute\"><\/div><\/span><\/p>\n<p class=\"p3\"><span class=\"s1\">La sfida, dunque, richiede impegno e risorse. <strong>La divisione pubblico privato in campo sanitaria diventa, perci\u00f2, un limite da superare.<\/strong> Lo evidenzia <strong>Claudio Pucci, amministratore delegato del Centro Polispecialistico Beccaria<\/strong> che approfondisce soprattutto il tema dell\u2019invecchiamento progressivo della popolazione con scenari futuri impegnativi nell\u2019ottica della programmazione e dell\u2019impegno di risorse. Un tema che il <strong>dottor Bernardo Rocco,<\/strong> professore di urologia all\u2019Universit\u00e0 degli studi di Modena e Regio Emilia arricchisce con ulteriori dati riguardo alla spesa sanitaria regionale dove la Lombardia, con un sistema virtuoso ed efficiente, si trova anche a dover pagare per prestazioni e cure di cittadini non lombardi le cui regioni, vendo i conti in rosso, non saldano i propri \u201cdebiti\u201d.<\/span><\/p>\n<p class=\"p3\"><span class=\"s1\">Da qui la scommessa: <strong>pubblico e privato come si possono integrare?<\/strong> Affidando la cronicit\u00e0 al pubblico e le alte specialit\u00e0 con tecnologie all\u2019avanguardia al privato che ha gi\u00e0 dimostrato di aver capacit\u00e0 e velocit\u00e0 di intervento? La risposta che suggerisce il dottor Rocco \u00e8 quello di un modello pi\u00f9 equo dove il pubblico torni ad alzare il proprio livello e a proporre ruoli e prestazioni di interesse per gli operatori. <\/span><\/p>\n<p class=\"p3\"><span class=\"s1\">Il fiato corto del mondo scientifico viene analizzato da\u00a0<strong>Carlo\u00a0Salvioni,<\/strong> Senior\u00a0director\u00a0di\u00a0IQVIA\u00a0Italia, che racconta l\u2019importanza della ricerca clinica per il sistema sanitario italiano:\u00ab\u00a0In Italia gli ospedali pi\u00f9 importanti, che rappresentano il 20% del totale,\u00a0raccolgono\u00a0l\u201980%\u00a0della ricerca clinica. <strong>La Lombardia \u00e8\u00a0largamente\u00a0il primo polo per la ricerca clinica<\/strong> con un ruolo superiore rispetto alla sua spesa farmaceutica ospedaliera.\u00a0Questo dipende sicuramente dall\u2019eccellenza degli ospedali lombardi in campi quali l\u2019oncologia e le malattie rare, ma anche dall\u2019esperienza che questi ospedali hanno accumulato nella gestione degli studi clinici.\u00a0Tuttavia,\u00a0negli ultimi ann<strong>i la rilevanza dell\u2019Italia nel panorama\u00a0della ricerca clinica,\u00a0rispetto agli altri paesi europei,\u00a0\u00e8\u00a0scesa.<\/strong> Questo a causa soprattutto del\u00a0peggioramento dei\u00a0tempi\u00a0di autorizzazione. Infatti, dai nostri rilievi, si evince che nel 2017 in\u00a0Italia\u00a0il tempo necessario per ricevere l\u2019autorizzazione superava\u00a0di oltre cento giorni la media europea\u00bb.<\/span><\/p>\n<p class=\"p1\"><span class=\"s1\">In uno scenario cos\u00ec ben definito, la politica \u00e8 chiamata a dare risposte immediate e precise. <strong>Emanuele Monti presidente della Commissione sanit\u00e0 di regione Lombardia non nega problemi :<\/strong> \u00ab Non nascondo che oggi abbiamo due grosse criticit\u00e0 che sono i pronto soccorso e le liste d\u2019attesa. Si tratta di emergenze che hanno bisogno di risposte rapide ma, soprattutto, di una programmazione. Con la Legge 23, la Lombardia ha adottato un modello innovativo proprio per cercare di ovviare alle tante pecche che ci sono. Siamo partiti mettendo al centro il paziente e stiamo creando un sistema sanitario che lo accolga e lo accudisca. Un modello che esca dal pensiero \u201cmilanocentrico\u201d e ponga l\u2019acceleratore sulle eccellenze che i singoli territori offrono mettendoli in rete. C\u2019\u00e8 poi il modello della presa in carico personalizzata attraverso i \u201cPDTA\u201d i percorsi diagnostico terapeutici personalizzati che stiamo avviando nella cronicit\u00e0\u00bb.<\/span><\/p>\n<p class=\"p5\"><span class=\"s2\">Presente all\u2019incontro, ma \u201cvia web\u201d <\/span><span class=\"s1\"><strong>Margherita La Rocca Ruvolo, Presidente della Commissione Salute e Servizi sociali Regione Sicilia<\/strong>\u00a0in missione in Tanzania che ha condiviso la necessit\u00e0 di affrontare con programmazione lo sviluppo dell\u2019offerta sanitaria: \u00ab Nella mia regione abbiamo due emergenze e sono la rete ospedaliera e il sistema di emergenza e urgenza che stiamo affrontando proprio con la consulenza di Regione Lombardia. <\/span><\/p>\n","protected":false},"excerpt":{"rendered":"<p>A GlocalSalute si \u00e8 parlato di scenari complessi di oggi e di domani. L&#8217;invecchiamento della popolazione e l&#8217;aumento della spesa impongono scelte coraggiose per mantenere efficiente il sistema<\/p>\n","protected":false},"author":33,"featured_media":0,"comment_status":"open","ping_status":"open","sticky":false,"template":"","format":"standard","meta":{"footnotes":""},"categories":[7,24,1],"tags":[87787,83494,91739,90158],"acf":[],"yoast_head":"<!-- This site is optimized with the Yoast SEO plugin v20.1 - https:\/\/yoast.com\/wordpress\/plugins\/seo\/ -->\n<title>Programmazione e qualit\u00e0: le sfide della sanit\u00e0<\/title>\n<meta name=\"description\" content=\"A GlocalSalute si \u00e8 parlato di scenari complessi di oggi e di domani. L&#039;invecchiamento della popolazione e l&#039;aumento della spesa impongono scelte coraggiose per mantenere efficiente il sistema\" \/>\n<meta name=\"robots\" content=\"noindex, follow, max-snippet:-1, max-image-preview:large, max-video-preview:-1\" \/>\n<meta property=\"og:locale\" content=\"it_IT\" \/>\n<meta property=\"og:type\" content=\"article\" \/>\n<meta property=\"og:title\" content=\"Programmazione e qualit\u00e0: le sfide della sanit\u00e0\" \/>\n<meta property=\"og:description\" content=\"A GlocalSalute si \u00e8 parlato di scenari complessi di oggi e di domani. L&#039;invecchiamento della popolazione e l&#039;aumento della spesa impongono scelte coraggiose per mantenere efficiente il sistema\" \/>\n<meta property=\"og:url\" content=\"https:\/\/www.varesenews.it\/2018\/11\/programmazione-qualita-le-sfide-della-sanita\/767472\/\" \/>\n<meta property=\"og:site_name\" content=\"VareseNews\" \/>\n<meta property=\"article:publisher\" content=\"https:\/\/www.facebook.com\/varesenews\" \/>\n<meta property=\"article:author\" content=\"alessandra.toni7\" \/>\n<meta property=\"article:published_time\" content=\"2018-11-12T09:03:31+00:00\" \/>\n<meta property=\"article:modified_time\" content=\"2018-11-12T09:05:45+00:00\" \/>\n<meta name=\"author\" content=\"Alessandra Toni\" \/>\n<meta name=\"twitter:card\" content=\"summary_large_image\" \/>\n<meta name=\"twitter:creator\" content=\"@alessandra_toni\" \/>\n<meta name=\"twitter:site\" content=\"@varesenews\" \/>\n<meta name=\"twitter:label1\" content=\"Scritto da\" \/>\n\t<meta name=\"twitter:data1\" content=\"Alessandra Toni\" \/>\n\t<meta name=\"twitter:label2\" content=\"Tempo di lettura stimato\" \/>\n\t<meta name=\"twitter:data2\" content=\"4 minuti\" \/>\n<script type=\"application\/ld+json\" class=\"yoast-schema-graph\">{\"@context\":\"https:\/\/schema.org\",\"@graph\":[{\"@type\":\"WebPage\",\"@id\":\"https:\/\/www.varesenews.it\/2018\/11\/programmazione-qualita-le-sfide-della-sanita\/767472\/\",\"url\":\"https:\/\/www.varesenews.it\/2018\/11\/programmazione-qualita-le-sfide-della-sanita\/767472\/\",\"name\":\"Programmazione e qualit\u00e0: le sfide della sanit\u00e0\",\"isPartOf\":{\"@id\":\"https:\/\/staging.varesenews.it\/#website\"},\"datePublished\":\"2018-11-12T09:03:31+00:00\",\"dateModified\":\"2018-11-12T09:05:45+00:00\",\"author\":{\"@id\":\"https:\/\/staging.varesenews.it\/#\/schema\/person\/2643ce123d4a3c9511e015dc548779b8\"},\"description\":\"A GlocalSalute si \u00e8 parlato di scenari complessi di oggi e di domani. L'invecchiamento della popolazione e l'aumento della spesa impongono scelte coraggiose per mantenere efficiente il sistema\",\"breadcrumb\":{\"@id\":\"https:\/\/www.varesenews.it\/2018\/11\/programmazione-qualita-le-sfide-della-sanita\/767472\/#breadcrumb\"},\"inLanguage\":\"it-IT\",\"potentialAction\":[{\"@type\":\"ReadAction\",\"target\":[\"https:\/\/www.varesenews.it\/2018\/11\/programmazione-qualita-le-sfide-della-sanita\/767472\/\"]}]},{\"@type\":\"BreadcrumbList\",\"@id\":\"https:\/\/www.varesenews.it\/2018\/11\/programmazione-qualita-le-sfide-della-sanita\/767472\/#breadcrumb\",\"itemListElement\":[{\"@type\":\"ListItem\",\"position\":1,\"name\":\"Home\",\"item\":\"https:\/\/www.varesenews.it\/\"},{\"@type\":\"ListItem\",\"position\":2,\"name\":\"Programmazione e qualit\u00e0: le sfide della sanit\u00e0\"}]},{\"@type\":\"WebSite\",\"@id\":\"https:\/\/staging.varesenews.it\/#website\",\"url\":\"https:\/\/staging.varesenews.it\/\",\"name\":\"VareseNews\",\"description\":\"\",\"potentialAction\":[{\"@type\":\"SearchAction\",\"target\":{\"@type\":\"EntryPoint\",\"urlTemplate\":\"https:\/\/staging.varesenews.it\/?s={search_term_string}\"},\"query-input\":\"required name=search_term_string\"}],\"inLanguage\":\"it-IT\"},{\"@type\":\"Person\",\"@id\":\"https:\/\/staging.varesenews.it\/#\/schema\/person\/2643ce123d4a3c9511e015dc548779b8\",\"name\":\"Alessandra Toni\",\"image\":{\"@type\":\"ImageObject\",\"inLanguage\":\"it-IT\",\"@id\":\"https:\/\/staging.varesenews.it\/#\/schema\/person\/image\/\",\"url\":\"https:\/\/staging.varesenews.it\/wp-content\/uploads\/2020\/12\/alessandra_toni_colori_500.jpg\",\"contentUrl\":\"https:\/\/staging.varesenews.it\/wp-content\/uploads\/2020\/12\/alessandra_toni_colori_500.jpg\",\"caption\":\"Alessandra Toni\"},\"description\":\"Sono entrata nella redazione di VareseNews nel lontano anno 2000. Ero reduce da una bellissima esperienza nella redazione giornalistica della TV Nuova Antennatre, sotto la direzione dell'indimenticabile direttore Adolfo Caldarini. Sono arrivata quando era ancora una piccola realt\u00e0 editoriale e insieme abbiamo fatto un lungo ed entusiasmante lavoro. Mi occupo prevalentemente di scuola e di sanit\u00e0, settori impegnativi di grande valore sociale.\u00a0\",\"sameAs\":[\"alessandra.toni7\",\"alessandra.toni\",\"https:\/\/twitter.com\/alessandra_toni\"],\"url\":\"https:\/\/staging.varesenews.it\/persona\/alessandra_toni1\/\"}]}<\/script>\n<!-- \/ Yoast SEO plugin. -->","yoast_head_json":{"title":"Programmazione e qualit\u00e0: le sfide della sanit\u00e0","description":"A GlocalSalute si \u00e8 parlato di scenari complessi di oggi e di domani. L'invecchiamento della popolazione e l'aumento della spesa impongono scelte coraggiose per mantenere efficiente il sistema","robots":{"index":"noindex","follow":"follow","max-snippet":"max-snippet:-1","max-image-preview":"max-image-preview:large","max-video-preview":"max-video-preview:-1"},"og_locale":"it_IT","og_type":"article","og_title":"Programmazione e qualit\u00e0: le sfide della sanit\u00e0","og_description":"A GlocalSalute si \u00e8 parlato di scenari complessi di oggi e di domani. L'invecchiamento della popolazione e l'aumento della spesa impongono scelte coraggiose per mantenere efficiente il sistema","og_url":"https:\/\/www.varesenews.it\/2018\/11\/programmazione-qualita-le-sfide-della-sanita\/767472\/","og_site_name":"VareseNews","article_publisher":"https:\/\/www.facebook.com\/varesenews","article_author":"alessandra.toni7","article_published_time":"2018-11-12T09:03:31+00:00","article_modified_time":"2018-11-12T09:05:45+00:00","author":"Alessandra Toni","twitter_card":"summary_large_image","twitter_creator":"@alessandra_toni","twitter_site":"@varesenews","twitter_misc":{"Scritto da":"Alessandra Toni","Tempo di lettura stimato":"4 minuti"},"schema":{"@context":"https:\/\/schema.org","@graph":[{"@type":"WebPage","@id":"https:\/\/www.varesenews.it\/2018\/11\/programmazione-qualita-le-sfide-della-sanita\/767472\/","url":"https:\/\/www.varesenews.it\/2018\/11\/programmazione-qualita-le-sfide-della-sanita\/767472\/","name":"Programmazione e qualit\u00e0: le sfide della sanit\u00e0","isPartOf":{"@id":"https:\/\/staging.varesenews.it\/#website"},"datePublished":"2018-11-12T09:03:31+00:00","dateModified":"2018-11-12T09:05:45+00:00","author":{"@id":"https:\/\/staging.varesenews.it\/#\/schema\/person\/2643ce123d4a3c9511e015dc548779b8"},"description":"A GlocalSalute si \u00e8 parlato di scenari complessi di oggi e di domani. L'invecchiamento della popolazione e l'aumento della spesa impongono scelte coraggiose per mantenere efficiente il sistema","breadcrumb":{"@id":"https:\/\/www.varesenews.it\/2018\/11\/programmazione-qualita-le-sfide-della-sanita\/767472\/#breadcrumb"},"inLanguage":"it-IT","potentialAction":[{"@type":"ReadAction","target":["https:\/\/www.varesenews.it\/2018\/11\/programmazione-qualita-le-sfide-della-sanita\/767472\/"]}]},{"@type":"BreadcrumbList","@id":"https:\/\/www.varesenews.it\/2018\/11\/programmazione-qualita-le-sfide-della-sanita\/767472\/#breadcrumb","itemListElement":[{"@type":"ListItem","position":1,"name":"Home","item":"https:\/\/www.varesenews.it\/"},{"@type":"ListItem","position":2,"name":"Programmazione e qualit\u00e0: le sfide della sanit\u00e0"}]},{"@type":"WebSite","@id":"https:\/\/staging.varesenews.it\/#website","url":"https:\/\/staging.varesenews.it\/","name":"VareseNews","description":"","potentialAction":[{"@type":"SearchAction","target":{"@type":"EntryPoint","urlTemplate":"https:\/\/staging.varesenews.it\/?s={search_term_string}"},"query-input":"required name=search_term_string"}],"inLanguage":"it-IT"},{"@type":"Person","@id":"https:\/\/staging.varesenews.it\/#\/schema\/person\/2643ce123d4a3c9511e015dc548779b8","name":"Alessandra Toni","image":{"@type":"ImageObject","inLanguage":"it-IT","@id":"https:\/\/staging.varesenews.it\/#\/schema\/person\/image\/","url":"https:\/\/staging.varesenews.it\/wp-content\/uploads\/2020\/12\/alessandra_toni_colori_500.jpg","contentUrl":"https:\/\/staging.varesenews.it\/wp-content\/uploads\/2020\/12\/alessandra_toni_colori_500.jpg","caption":"Alessandra Toni"},"description":"Sono entrata nella redazione di VareseNews nel lontano anno 2000. Ero reduce da una bellissima esperienza nella redazione giornalistica della TV Nuova Antennatre, sotto la direzione dell'indimenticabile direttore Adolfo Caldarini. Sono arrivata quando era ancora una piccola realt\u00e0 editoriale e insieme abbiamo fatto un lungo ed entusiasmante lavoro. Mi occupo prevalentemente di scuola e di sanit\u00e0, settori impegnativi di grande valore sociale.\u00a0","sameAs":["alessandra.toni7","alessandra.toni","https:\/\/twitter.com\/alessandra_toni"],"url":"https:\/\/staging.varesenews.it\/persona\/alessandra_toni1\/"}]}},"post_meta":{"_edit_lock":"1542039639:33","_edit_last":"33","_category_permalink":"a:1:{s:8:\"category\";s:2:\"24\";}","foto":"707260,707261","firma_come_redazione":"1","argomento":"Festival Glocal","_yoast_wpseo_content_score":"30","_jd_tweet_this":"yes","ratings_users":"0","ratings_score":"0","ratings_average":"0","_wpt_short_url":"https:\/\/www.varesenews.it\/2018\/11\/programmazione-qualita-le-sfide-della-sanita\/767472\/","_wp_jd_target":"https:\/\/www.varesenews.it\/2018\/11\/programmazione-qualita-le-sfide-della-sanita\/767472\/","_jd_wp_twitter":"a:1:{i:0;s:160:\"Programmazione e qualit\u00e0: le sfide della sanit\u00e0 https:\/\/www.varesenews.it\/2018\/11\/programmazione-qualita-le-sfide-della-sanita\/767472\/ #glocalsalute #saluteVN\";}","_wpt_status_message":"Tweet inviato con successo."},"photos":[{"original":"https:\/\/staging.varesenews.it\/photogallery_new\/images\/2018\/11\/glocalsalute-707260.jpg","full":"https:\/\/staging.varesenews.it\/photogallery_new\/images\/2018\/11\/glocalsalute-707260.1024x768.jpg","large":"https:\/\/staging.varesenews.it\/photogallery_new\/images\/2018\/11\/glocalsalute-707260.610x431.jpg"},{"original":"https:\/\/staging.varesenews.it\/photogallery_new\/images\/2018\/11\/glocalsalute-707261.jpg","full":"https:\/\/staging.varesenews.it\/photogallery_new\/images\/2018\/11\/glocalsalute-707261.1024x768.jpg","large":"https:\/\/staging.varesenews.it\/photogallery_new\/images\/2018\/11\/glocalsalute-707261.610x431.jpg"}],"_links":{"self":[{"href":"https:\/\/staging.varesenews.it\/swgapi\/v1\/wp\/v2\/posts\/767472"}],"collection":[{"href":"https:\/\/staging.varesenews.it\/swgapi\/v1\/wp\/v2\/posts"}],"about":[{"href":"https:\/\/staging.varesenews.it\/swgapi\/v1\/wp\/v2\/types\/post"}],"author":[{"embeddable":true,"href":"https:\/\/staging.varesenews.it\/swgapi\/v1\/wp\/v2\/users\/33"}],"replies":[{"embeddable":true,"href":"https:\/\/staging.varesenews.it\/swgapi\/v1\/wp\/v2\/comments?post=767472"}],"version-history":[{"count":0,"href":"https:\/\/staging.varesenews.it\/swgapi\/v1\/wp\/v2\/posts\/767472\/revisions"}],"wp:attachment":[{"href":"https:\/\/staging.varesenews.it\/swgapi\/v1\/wp\/v2\/media?parent=767472"}],"wp:term":[{"taxonomy":"category","embeddable":true,"href":"https:\/\/staging.varesenews.it\/swgapi\/v1\/wp\/v2\/categories?post=767472"},{"taxonomy":"post_tag","embeddable":true,"href":"https:\/\/staging.varesenews.it\/swgapi\/v1\/wp\/v2\/tags?post=767472"}],"curies":[{"name":"wp","href":"https:\/\/api.w.org\/{rel}","templated":true}]}}