{"id":767603,"date":"2018-11-12T16:03:49","date_gmt":"2018-11-12T15:03:49","guid":{"rendered":"https:\/\/www.varesenews.it\/?p=767603"},"modified":"2018-11-12T16:07:00","modified_gmt":"2018-11-12T15:07:00","slug":"giornalismo-digitale-protagonista-glocal","status":"publish","type":"post","link":"https:\/\/staging.varesenews.it\/2018\/11\/giornalismo-digitale-protagonista-glocal\/767603\/","title":{"rendered":"Il giornalismo digitale protagonista a Glocal"},"content":{"rendered":"<p><strong>Intelligenza artificiale, Internet delle cose, algoritmi<\/strong> sono parole che sempre pi\u00f9 entrano nell\u2019attivit\u00e0 giornalistica e cambiano aspetti sostanziali di questa professione. La<strong> settima edizione del festival del giornalismo digitale Glocal<\/strong> &#8211; a Varese all\u20198 all\u201911 novembre &#8211; ha affrontato<strong> temi classici della professione insieme a nuove frontiere<\/strong> che non hanno a che fare solo con aspetti tecnologici. Negli <strong>oltre sessanta appuntamenti<\/strong> si \u00e8 parlato di deontologia, data journalism, relazione con le community e con la pubblica amministrazione, di modelli di business in un\u2019epoca di grande trasformazione per il mondo dell\u2019editoria. Ci sono stati numerosi workshop di formazione.<\/p>\n<p>\u00abGlocal si conferma un momento di incontro e confronto per centinaia di professionisti dell\u2019informazione e comunicazione\u00bb ha affermato<strong> Marco Giovannelli<\/strong>, direttore del festival. \u00ab\u00c8 una <strong>occasione straordinaria per il variegato mondo delle testate locali e iperlocali<\/strong> che possono ascoltare ed entrare in relazione tra loro e anche con i grandi gruppi editoriali e con soggetti sempre pi\u00f9 presenti nella professione come Google e AgCom che hanno avuto un ruolo da protagonisti all\u2019interno dei quattro giorni. L\u2019altro aspetto di grande interesse \u00e8 la <strong>presenza di centinaia di studenti dalle medie superiori fino alle scuole di giornalismo<\/strong>. Con loro abbiamo costruito percorsi di formazione e di partecipazione attiva\u00bb.<\/p>\n<p><em>I numeri del festival<br \/>\n<\/em>A Varese, nei sessanta appuntamenti, sono passati<strong> circa 200 speaker<\/strong> con una presenza complessiva di oltre ottomila persone. A queste si aggiungono quelle che hanno seguito gli incontri in streaming e quelle che hanno interagito con le attivit\u00e0 social.<\/p>\n<p>L\u2019hashtag ufficiale del festival,<strong> #Glocal18 \u00e8 stato nei tweet trend per tutte le giornate<\/strong> e solo con Twitter sono state raggiunti 22mila account. Altrettanti con la pagina Facebook. <strong>Centinaia di foto su Instagram<\/strong> hanno raccontato e celebrato la citt\u00e0 dal punto di vista della manifestazione.<\/p>\n<p>Nelle<strong> tre serate hanno partecipato ottocento persone<\/strong> a cui se ne aggiungono altre quattrocento dei due incontri che hanno preceduto il festival.<\/p>\n<p><em>I premi<br \/>\n<\/em><strong>Altra grande novit\u00e0 di questa settima edizione sono stati due premi giornalistici.<\/strong> Il primo dedicato ad Angelo Agostini sul giornalismo multimediale <a href=\"https:\/\/www.varesenews.it\/2018\/11\/matti-sempre-vince-premio-angelo-agostini\/767193\/\">vinto da Daniela Sala e Maria Gabriella Lanza con il documentario \u201cMatti per Sempre\u201d<\/a>. Secondo classificato il progetto \u201cRoghi, rifiuti e cosche: attacco al Nord\u201d che \u00e8 stato realizzato da 15 studenti del master in giornalismo IULM 2016 \u2013 2018 e terza Carolina Lucchesini con \u201cPassaggi \u2013 Quando gli stranieri fanno integrazione\u201d.<br \/>\nL\u2019altro premio di Festival Glocal destinato al <strong>data Journalism<\/strong> \u00e8 stato vinto invece da <a href=\"https:\/\/www.varesenews.it\/2018\/11\/filippo-mastroianni-vince-premio-datajournalism-festival-glocal\/767507\/\">Filippo Mastroianni<\/a>.<\/p>\n<p><em>BlogLab<\/em><\/p>\n<p>Una straordinaria partecipazione anche per l\u2019edizione di <a href=\"https:\/\/bloglab.festivalglocal.it\" target=\"_blank\" rel=\"noopener\">BlogLab<\/a>, il laboratorio di giornalismo digitale. <strong>Novanta ragazzi, da ogni parte della provincia, divisi in 18 \u201credazioni\u201d<\/strong> hanno scritto, realizzato video e fotografato come veri team giornalistici. Il progetto, realizzato in collaborazione con il Consiglio regionale della Lombardia, \u00e8 stato una vera occasione di promozione per il mondo del giornalismo e di formazione per giovanissimi. Tra i bei lavori dei ragazzi \u00e8 stato premiato quello di Giulia Pantusa, Beatrice Bellezza, Francesco Pricolo e Andrea Kopsch componenti della redazione Noumenews. I ragazzi del Liceo scientifico di Gallarate si sono distinti per originalit\u00e0 e creativit\u00e0.<\/p>\n<p><em>Protagonisti<br \/>\n<\/em>Il festival \u00e8 organizzato con la collaborazione dell\u2019<a href=\"http:\/\/www.odg.mi.it\" target=\"_blank\" rel=\"noopener\">Ordine dei Giornalisti della Lombardia<\/a> e della <a href=\"http:\/\/www.va.camcom.it\" target=\"_blank\" rel=\"noopener\">Camera di Commercio della provincia di Varese<\/a>. A queste realt\u00e0 se ne aggiungono numerose altre quali l\u2019Ordine nazionale dei giornalisti, quello provinciale dei Consulenti del lavoro e degli avvocati, il Comune e la Provincia di Varese, le universit\u00e0 dell\u2019Insubria e la Liuc, le realt\u00e0 giornalistiche come Anso, Ona, Lsdi.<\/p>\n<p>Il \u201cracconto\u201d del Festival \u00e8 stato assegnato agli studenti universitari provenienti dall\u2019Insubria, dall\u2019Universit\u00e0 Cattolica del Sacro Cuore di Milano, dall\u2019universit\u00e0 di Perugia, dallo IULM di Milano, dall\u2019Its in Digital Communication e New Media Marketing di Varese e Busto Arsizio.<\/p>\n<p>Un ringraziamento particolare alle tante istituzioni che hanno partecipato a vario titolo al festival e ai tanti sponsor che hanno permesso di far crescere l\u2019iniziativa.<\/p>\n<p><em>Oltre il festival Glocal<\/em><\/p>\n<p>Glocal \u00e8 ormai un brand e nel corso del 2018 <strong>verr\u00e0 riproposto in altre due citt\u00e0 della Lombardia: Pavia e Cremona<\/strong>, che accoglieranno i giornalisti rispettivamente il 4 e il 6 dicembre.<br \/>\nNel 2019, oltre alla edizione autunnale a Varese,il Festival verr\u00e0 proposto anche in alcune localit\u00e0 del centro e sud Italia.<\/p>\n","protected":false},"excerpt":{"rendered":"<p>La settima edizione del festival \u00e8 stata un successo di pubblico. Nelle quattro giornate di lavori con oltre 60 appuntamenti, si sono incontrate migliaia di persone per ascoltare, dibattere e riflettere sui grandi cambiamenti della professione<\/p>\n","protected":false},"author":46,"featured_media":0,"comment_status":"open","ping_status":"open","sticky":false,"template":"","format":"standard","meta":{"footnotes":""},"categories":[25,2],"tags":[2417,91650,85538],"acf":[],"yoast_head":"<!-- This site is optimized with the Yoast SEO plugin v20.1 - https:\/\/yoast.com\/wordpress\/plugins\/seo\/ -->\n<title>Il giornalismo digitale protagonista a Glocal<\/title>\n<meta name=\"description\" content=\"La settima edizione del festival \u00e8 stata un successo di pubblico. Nelle quattro giornate di lavori con oltre 60 appuntamenti, si sono incontrate migliaia di persone per ascoltare, dibattere e riflettere sui grandi cambiamenti della professione\" \/>\n<meta name=\"robots\" content=\"noindex, follow, max-snippet:-1, max-image-preview:large, max-video-preview:-1\" \/>\n<meta property=\"og:locale\" content=\"it_IT\" \/>\n<meta property=\"og:type\" content=\"article\" \/>\n<meta property=\"og:title\" content=\"Il giornalismo digitale protagonista a Glocal\" \/>\n<meta property=\"og:description\" content=\"La settima edizione del festival \u00e8 stata un successo di pubblico. Nelle quattro giornate di lavori con oltre 60 appuntamenti, si sono incontrate migliaia di persone per ascoltare, dibattere e riflettere sui grandi cambiamenti della professione\" \/>\n<meta property=\"og:url\" content=\"https:\/\/staging.varesenews.it\/2018\/11\/giornalismo-digitale-protagonista-glocal\/767603\/\" \/>\n<meta property=\"og:site_name\" content=\"VareseNews\" \/>\n<meta property=\"article:publisher\" content=\"https:\/\/www.facebook.com\/varesenews\" \/>\n<meta property=\"article:published_time\" content=\"2018-11-12T15:03:49+00:00\" \/>\n<meta property=\"article:modified_time\" content=\"2018-11-12T15:07:00+00:00\" \/>\n<meta name=\"author\" content=\"Roberto Morandi\" \/>\n<meta name=\"twitter:card\" content=\"summary_large_image\" \/>\n<meta name=\"twitter:creator\" content=\"@ilmorands\" \/>\n<meta name=\"twitter:site\" content=\"@varesenews\" \/>\n<meta name=\"twitter:label1\" content=\"Scritto da\" \/>\n\t<meta name=\"twitter:data1\" content=\"Roberto Morandi\" \/>\n\t<meta name=\"twitter:label2\" content=\"Tempo di lettura stimato\" \/>\n\t<meta name=\"twitter:data2\" content=\"3 minuti\" \/>\n<script type=\"application\/ld+json\" class=\"yoast-schema-graph\">{\"@context\":\"https:\/\/schema.org\",\"@graph\":[{\"@type\":\"WebPage\",\"@id\":\"https:\/\/staging.varesenews.it\/2018\/11\/giornalismo-digitale-protagonista-glocal\/767603\/\",\"url\":\"https:\/\/staging.varesenews.it\/2018\/11\/giornalismo-digitale-protagonista-glocal\/767603\/\",\"name\":\"Il giornalismo digitale protagonista a Glocal\",\"isPartOf\":{\"@id\":\"https:\/\/staging.varesenews.it\/#website\"},\"datePublished\":\"2018-11-12T15:03:49+00:00\",\"dateModified\":\"2018-11-12T15:07:00+00:00\",\"author\":{\"@id\":\"https:\/\/staging.varesenews.it\/#\/schema\/person\/efe592ae4c76536b551f89d8b6674bc3\"},\"description\":\"La settima edizione del festival \u00e8 stata un successo di pubblico. Nelle quattro giornate di lavori con oltre 60 appuntamenti, si sono incontrate migliaia di persone per ascoltare, dibattere e riflettere sui grandi cambiamenti della professione\",\"breadcrumb\":{\"@id\":\"https:\/\/staging.varesenews.it\/2018\/11\/giornalismo-digitale-protagonista-glocal\/767603\/#breadcrumb\"},\"inLanguage\":\"it-IT\",\"potentialAction\":[{\"@type\":\"ReadAction\",\"target\":[\"https:\/\/staging.varesenews.it\/2018\/11\/giornalismo-digitale-protagonista-glocal\/767603\/\"]}]},{\"@type\":\"BreadcrumbList\",\"@id\":\"https:\/\/staging.varesenews.it\/2018\/11\/giornalismo-digitale-protagonista-glocal\/767603\/#breadcrumb\",\"itemListElement\":[{\"@type\":\"ListItem\",\"position\":1,\"name\":\"Home\",\"item\":\"https:\/\/www.varesenews.it\/\"},{\"@type\":\"ListItem\",\"position\":2,\"name\":\"Il giornalismo digitale protagonista a Glocal\"}]},{\"@type\":\"WebSite\",\"@id\":\"https:\/\/staging.varesenews.it\/#website\",\"url\":\"https:\/\/staging.varesenews.it\/\",\"name\":\"VareseNews\",\"description\":\"\",\"potentialAction\":[{\"@type\":\"SearchAction\",\"target\":{\"@type\":\"EntryPoint\",\"urlTemplate\":\"https:\/\/staging.varesenews.it\/?s={search_term_string}\"},\"query-input\":\"required name=search_term_string\"}],\"inLanguage\":\"it-IT\"},{\"@type\":\"Person\",\"@id\":\"https:\/\/staging.varesenews.it\/#\/schema\/person\/efe592ae4c76536b551f89d8b6674bc3\",\"name\":\"Roberto Morandi\",\"image\":{\"@type\":\"ImageObject\",\"inLanguage\":\"it-IT\",\"@id\":\"https:\/\/staging.varesenews.it\/#\/schema\/person\/image\/\",\"url\":\"https:\/\/staging.varesenews.it\/wp-content\/uploads\/2020\/12\/roberto_morandi_colori_500.jpg\",\"contentUrl\":\"https:\/\/staging.varesenews.it\/wp-content\/uploads\/2020\/12\/roberto_morandi_colori_500.jpg\",\"caption\":\"Roberto Morandi\"},\"description\":\"Classe 1980, laureato in storia, mi occupo dell&rsquo;area di Gallarate e di Malpensa, di trasporti e mobilit&agrave;. Amo molto la dimensione della citt&agrave;, come luogo d&rsquo;incontro di persone diverse e come organismo che si trasforma costantemente. Mi piace anche raccontare le piccole e grandi vicende, anche locali, che compongono la Storia con la S maiuscola. Appassionato di bicicletta: la macchina perfetta per muoversi in citt&agrave; e per viaggiare.\",\"sameAs\":[\"https:\/\/twitter.com\/ilmorands\"],\"url\":\"https:\/\/staging.varesenews.it\/persona\/roberto-morandi1\/\"}]}<\/script>\n<!-- \/ Yoast SEO plugin. -->","yoast_head_json":{"title":"Il giornalismo digitale protagonista a Glocal","description":"La settima edizione del festival \u00e8 stata un successo di pubblico. Nelle quattro giornate di lavori con oltre 60 appuntamenti, si sono incontrate migliaia di persone per ascoltare, dibattere e riflettere sui grandi cambiamenti della professione","robots":{"index":"noindex","follow":"follow","max-snippet":"max-snippet:-1","max-image-preview":"max-image-preview:large","max-video-preview":"max-video-preview:-1"},"og_locale":"it_IT","og_type":"article","og_title":"Il giornalismo digitale protagonista a Glocal","og_description":"La settima edizione del festival \u00e8 stata un successo di pubblico. Nelle quattro giornate di lavori con oltre 60 appuntamenti, si sono incontrate migliaia di persone per ascoltare, dibattere e riflettere sui grandi cambiamenti della professione","og_url":"https:\/\/staging.varesenews.it\/2018\/11\/giornalismo-digitale-protagonista-glocal\/767603\/","og_site_name":"VareseNews","article_publisher":"https:\/\/www.facebook.com\/varesenews","article_published_time":"2018-11-12T15:03:49+00:00","article_modified_time":"2018-11-12T15:07:00+00:00","author":"Roberto Morandi","twitter_card":"summary_large_image","twitter_creator":"@ilmorands","twitter_site":"@varesenews","twitter_misc":{"Scritto da":"Roberto Morandi","Tempo di lettura stimato":"3 minuti"},"schema":{"@context":"https:\/\/schema.org","@graph":[{"@type":"WebPage","@id":"https:\/\/staging.varesenews.it\/2018\/11\/giornalismo-digitale-protagonista-glocal\/767603\/","url":"https:\/\/staging.varesenews.it\/2018\/11\/giornalismo-digitale-protagonista-glocal\/767603\/","name":"Il giornalismo digitale protagonista a Glocal","isPartOf":{"@id":"https:\/\/staging.varesenews.it\/#website"},"datePublished":"2018-11-12T15:03:49+00:00","dateModified":"2018-11-12T15:07:00+00:00","author":{"@id":"https:\/\/staging.varesenews.it\/#\/schema\/person\/efe592ae4c76536b551f89d8b6674bc3"},"description":"La settima edizione del festival \u00e8 stata un successo di pubblico. Nelle quattro giornate di lavori con oltre 60 appuntamenti, si sono incontrate migliaia di persone per ascoltare, dibattere e riflettere sui grandi cambiamenti della professione","breadcrumb":{"@id":"https:\/\/staging.varesenews.it\/2018\/11\/giornalismo-digitale-protagonista-glocal\/767603\/#breadcrumb"},"inLanguage":"it-IT","potentialAction":[{"@type":"ReadAction","target":["https:\/\/staging.varesenews.it\/2018\/11\/giornalismo-digitale-protagonista-glocal\/767603\/"]}]},{"@type":"BreadcrumbList","@id":"https:\/\/staging.varesenews.it\/2018\/11\/giornalismo-digitale-protagonista-glocal\/767603\/#breadcrumb","itemListElement":[{"@type":"ListItem","position":1,"name":"Home","item":"https:\/\/www.varesenews.it\/"},{"@type":"ListItem","position":2,"name":"Il giornalismo digitale protagonista a Glocal"}]},{"@type":"WebSite","@id":"https:\/\/staging.varesenews.it\/#website","url":"https:\/\/staging.varesenews.it\/","name":"VareseNews","description":"","potentialAction":[{"@type":"SearchAction","target":{"@type":"EntryPoint","urlTemplate":"https:\/\/staging.varesenews.it\/?s={search_term_string}"},"query-input":"required name=search_term_string"}],"inLanguage":"it-IT"},{"@type":"Person","@id":"https:\/\/staging.varesenews.it\/#\/schema\/person\/efe592ae4c76536b551f89d8b6674bc3","name":"Roberto Morandi","image":{"@type":"ImageObject","inLanguage":"it-IT","@id":"https:\/\/staging.varesenews.it\/#\/schema\/person\/image\/","url":"https:\/\/staging.varesenews.it\/wp-content\/uploads\/2020\/12\/roberto_morandi_colori_500.jpg","contentUrl":"https:\/\/staging.varesenews.it\/wp-content\/uploads\/2020\/12\/roberto_morandi_colori_500.jpg","caption":"Roberto Morandi"},"description":"Classe 1980, laureato in storia, mi occupo dell&rsquo;area di Gallarate e di Malpensa, di trasporti e mobilit&agrave;. Amo molto la dimensione della citt&agrave;, come luogo d&rsquo;incontro di persone diverse e come organismo che si trasforma costantemente. Mi piace anche raccontare le piccole e grandi vicende, anche locali, che compongono la Storia con la S maiuscola. Appassionato di bicicletta: la macchina perfetta per muoversi in citt&agrave; e per viaggiare.","sameAs":["https:\/\/twitter.com\/ilmorands"],"url":"https:\/\/staging.varesenews.it\/persona\/roberto-morandi1\/"}]}},"post_meta":{"_edit_lock":"1542035833:46","_edit_last":"46","_category_permalink":"a:1:{s:8:\"category\";s:1:\"2\";}","ratings_users":"0","ratings_score":"0","ratings_average":"0","foto":"707421","firma_come_redazione":"1","argomento":"Glocal 2018","_yoast_wpseo_content_score":"30","_jd_tweet_this":"yes","_wpt_short_url":"https:\/\/www.varesenews.it\/2018\/11\/giornalismo-digitale-protagonista-glocal\/767603\/","_wp_jd_target":"https:\/\/www.varesenews.it\/2018\/11\/giornalismo-digitale-protagonista-glocal\/767603\/","_jd_wp_twitter":"a:1:{i:0;s:158:\"Il giornalismo digitale protagonista a Glocal https:\/\/www.varesenews.it\/2018\/11\/giornalismo-digitale-protagonista-glocal\/767603\/ #glocal #glocal2018 #glocal18\";}","_wpt_status_message":"Tweet inviato con successo.","id_leggi_anche":"767925"},"photos":[{"original":"https:\/\/staging.varesenews.it\/photogallery_new\/images\/2018\/11\/varese-generiche-707421.jpg","full":"https:\/\/staging.varesenews.it\/photogallery_new\/images\/2018\/11\/varese-generiche-707421.1024x768.jpg","large":"https:\/\/staging.varesenews.it\/photogallery_new\/images\/2018\/11\/varese-generiche-707421.610x431.jpg"}],"_links":{"self":[{"href":"https:\/\/staging.varesenews.it\/swgapi\/v1\/wp\/v2\/posts\/767603"}],"collection":[{"href":"https:\/\/staging.varesenews.it\/swgapi\/v1\/wp\/v2\/posts"}],"about":[{"href":"https:\/\/staging.varesenews.it\/swgapi\/v1\/wp\/v2\/types\/post"}],"author":[{"embeddable":true,"href":"https:\/\/staging.varesenews.it\/swgapi\/v1\/wp\/v2\/users\/46"}],"replies":[{"embeddable":true,"href":"https:\/\/staging.varesenews.it\/swgapi\/v1\/wp\/v2\/comments?post=767603"}],"version-history":[{"count":0,"href":"https:\/\/staging.varesenews.it\/swgapi\/v1\/wp\/v2\/posts\/767603\/revisions"}],"wp:attachment":[{"href":"https:\/\/staging.varesenews.it\/swgapi\/v1\/wp\/v2\/media?parent=767603"}],"wp:term":[{"taxonomy":"category","embeddable":true,"href":"https:\/\/staging.varesenews.it\/swgapi\/v1\/wp\/v2\/categories?post=767603"},{"taxonomy":"post_tag","embeddable":true,"href":"https:\/\/staging.varesenews.it\/swgapi\/v1\/wp\/v2\/tags?post=767603"}],"curies":[{"name":"wp","href":"https:\/\/api.w.org\/{rel}","templated":true}]}}