{"id":767704,"date":"2018-11-12T18:07:58","date_gmt":"2018-11-12T17:07:58","guid":{"rendered":"https:\/\/www.varesenews.it\/?p=767704"},"modified":"2018-11-12T18:07:58","modified_gmt":"2018-11-12T17:07:58","slug":"el-nost-milan-passeggiata-letteraria-navigli","status":"publish","type":"post","link":"https:\/\/staging.varesenews.it\/2018\/11\/el-nost-milan-passeggiata-letteraria-navigli\/767704\/","title":{"rendered":"\u201cEl nost Milan\u201d, una \u201cpasseggiata letteraria\u201d tra i Navigli"},"content":{"rendered":"<p>I Navigli saranno il \u201cfilo rosso\u201d di<strong> \u201cEl nost Milan\u201d, il corso 2018 &#8211; 2019 organizzato dal FAI-Fondo Ambiente Italiano<\/strong> e giunto alla tredicesima edizione.<\/p>\n<p>Dopo i corsi biografici su Michelangelo, Leonardo, Caravaggio e Tiziano, quest\u2019anno le lezioni \u2013 venti appuntamenti a cadenza settimanale tra novembre 2018 e maggio 2019 dalle ore 18 alle 19.15 presso l\u2019Aula Magna dell\u2019Universit\u00e0 degli Studi di Milano \u2013 non seguiranno pi\u00f9 il flusso del tempo, bens\u00ec lo scorrere delle acque di Milano e illustreranno i monumenti che si incontrano lungo i suoi canali.<\/p>\n<p>Una \u201cpasseggiata letteraria\u201d, ispirata a La Milano dei Navigli di Dante Isella, saggio del 1987 recentemente ristampato, custode di una competenza senza pari della tradizione culturale lombarda; un viaggio nel passato con uno sguardo al futuro della citt\u00e0, perch\u00e9 consentir\u00e0 di approfondire la conoscenza dei Navigli, al centro del dibattito pubblico sulla loro riapertura.<\/p>\n<p>La lezione inaugurale, in programma<strong> mercoled\u00ec 14 novembre alle ore 18, sar\u00e0 tenuta dai curatori del corso Giovanni Agosti e Jacopo Stoppa<\/strong>, docenti di Storia dell\u2019Arte Moderna presso l\u2019Universit\u00e0 degli Studi di Milano, e sar\u00e0 eccezionalmente a ingresso libero. \u201cIl percorso parte dall\u2019ingresso in citt\u00e0 del Naviglio della Martesana e da l\u00ec, attraverso la cerchia interna, raggiunge la darsena, per concludersi con un accenno ai Navigli che si dirigono a Sud. Verso la Certosa di Pavia termina infatti il corso \u2013 spiega il professor Giovanni Agosti \u2013 In ogni puntata il segmento di citt\u00e0 affrontato prevede un montaggio di immagini di monumenti, opere d\u2019arte e testi letterari, non rinunciando a incursioni cinematografiche, volte a documentare assetti urbani che non sono pi\u00f9 quelli odierni, ma anche a verificare il peso dei film nel mettere a punto le diverse immagini di Milano che si sono succedute nel corso del XX secolo. I temi spaziano infatti dall\u2019antichit\u00e0 classica alla contemporaneit\u00e0\u201d.<\/p>\n<p>Le lezioni verranno condotte da giovani studiosi provenienti dalle Universit\u00e0 degli Studi di Milano e Padova e saranno arricchite dagli interventi dell\u2019attrice milanese Anna Nogara, che legger\u00e0 brani di autori come Bonvesin da La Riva, Carlo Emilio Gadda, Carlo Maria Maggi e Carlo Cattaneo.<\/p>\n<p>\u00c8 possibile iscriversi in occasione della lezione inaugurale o contattando il numero 02\/467615252-349 o presso la sede del FAI &#8211; Cavallerizza in via Foldi 2, Milano.\u00a0Il corso \u00e8 realizzato in collaborazione con l\u2019Universit\u00e0 degli Studi di Milano e il Piccolo Teatro di Milano \u2013 Teatro d\u2019Europa.\u00a0Con il patrocinio di Regione Lombardia e Comune di Milano.\u00a0 Con il contributo di Fondazione Cariplo.<\/p>\n<p>Date e orari: da mercoled\u00ec 14 novembre 2018 a mercoled\u00ec 29 maggio 2019, dalle ore 18 alle 19.15, Aula Magna dell\u2019Universit\u00e0 degli Studi di Milano, Via Festa del Perdono 7, Milano.<br \/>\nMercoled\u00ec 14 novembre, ore 18, prima lezione con Giovanni Agosti e Jacopo Stoppa &#8211; INGRESSO LIBERO FINO A ESAURIMENTO POSTI<\/p>\n<p>Costo delle lezioni:<br \/>\n&#8211; Non Iscritti FAI: \u20ac 198 (comprensiva della quota ordinaria di iscrizione alla Fondazione)<br \/>\n&#8211; Iscritti FAI: \u20ac 159<br \/>\n&#8211; Iscritti FAI Giovani (fino a 25 anni compresi): \u20ac 89<br \/>\nLezione singola: \u20ac 10; Giovani (fino a 25 anni compresi) \u20ac 3<\/p>\n<p>Per iscrizioni e informazioni: tel. 02.467615252-349; faiarte@fondoambiente.it; www.elnostmilan.info<\/p>\n","protected":false},"excerpt":{"rendered":"<p>I Navigli saranno il \u201cfilo rosso\u201d di \u201cEl nost Milan\u201d, il corso 2018-2019 organizzato dal FAI-Fondo Ambiente Italiano e giunto alla tredicesima edizione. Da mercoled\u00ec 14 novembre <\/p>\n","protected":false},"author":32,"featured_media":0,"comment_status":"open","ping_status":"open","sticky":false,"template":"","format":"standard","meta":{"footnotes":""},"categories":[18,7],"tags":[53446],"acf":[],"yoast_head":"<!-- This site is optimized with the Yoast SEO plugin v20.1 - https:\/\/yoast.com\/wordpress\/plugins\/seo\/ -->\n<title>\u201cEl nost Milan\u201d, una \u201cpasseggiata letteraria\u201d tra i Navigli<\/title>\n<meta name=\"description\" content=\"I Navigli saranno il \u201cfilo rosso\u201d di \u201cEl nost Milan\u201d, il corso 2018-2019 organizzato dal FAI-Fondo Ambiente Italiano e giunto alla tredicesima edizione. Da mercoled\u00ec 14 novembre\" \/>\n<meta name=\"robots\" content=\"noindex, follow, max-snippet:-1, max-image-preview:large, max-video-preview:-1\" \/>\n<meta property=\"og:locale\" content=\"it_IT\" \/>\n<meta property=\"og:type\" content=\"article\" \/>\n<meta property=\"og:title\" content=\"\u201cEl nost Milan\u201d, una \u201cpasseggiata letteraria\u201d tra i Navigli\" \/>\n<meta property=\"og:description\" content=\"I Navigli saranno il \u201cfilo rosso\u201d di \u201cEl nost Milan\u201d, il corso 2018-2019 organizzato dal FAI-Fondo Ambiente Italiano e giunto alla tredicesima edizione. Da mercoled\u00ec 14 novembre\" \/>\n<meta property=\"og:url\" content=\"https:\/\/staging.varesenews.it\/2018\/11\/el-nost-milan-passeggiata-letteraria-navigli\/767704\/\" \/>\n<meta property=\"og:site_name\" content=\"VareseNews\" \/>\n<meta property=\"article:publisher\" content=\"https:\/\/www.facebook.com\/varesenews\" \/>\n<meta property=\"article:published_time\" content=\"2018-11-12T17:07:58+00:00\" \/>\n<meta name=\"author\" content=\"Adelia Brigo\" \/>\n<meta name=\"twitter:card\" content=\"summary_large_image\" \/>\n<meta name=\"twitter:creator\" content=\"@AdeliaBrigo\" \/>\n<meta name=\"twitter:site\" content=\"@varesenews\" \/>\n<meta name=\"twitter:label1\" content=\"Scritto da\" \/>\n\t<meta name=\"twitter:data1\" content=\"Adelia Brigo\" \/>\n\t<meta name=\"twitter:label2\" content=\"Tempo di lettura stimato\" \/>\n\t<meta name=\"twitter:data2\" content=\"2 minuti\" \/>\n<script type=\"application\/ld+json\" class=\"yoast-schema-graph\">{\"@context\":\"https:\/\/schema.org\",\"@graph\":[{\"@type\":\"WebPage\",\"@id\":\"https:\/\/staging.varesenews.it\/2018\/11\/el-nost-milan-passeggiata-letteraria-navigli\/767704\/\",\"url\":\"https:\/\/staging.varesenews.it\/2018\/11\/el-nost-milan-passeggiata-letteraria-navigli\/767704\/\",\"name\":\"\u201cEl nost Milan\u201d, una \u201cpasseggiata letteraria\u201d tra i Navigli\",\"isPartOf\":{\"@id\":\"https:\/\/staging.varesenews.it\/#website\"},\"datePublished\":\"2018-11-12T17:07:58+00:00\",\"dateModified\":\"2018-11-12T17:07:58+00:00\",\"author\":{\"@id\":\"https:\/\/staging.varesenews.it\/#\/schema\/person\/272ac0f5b2dbfd572218c2d86e013f1a\"},\"description\":\"I Navigli saranno il \u201cfilo rosso\u201d di \u201cEl nost Milan\u201d, il corso 2018-2019 organizzato dal FAI-Fondo Ambiente Italiano e giunto alla tredicesima edizione. Da mercoled\u00ec 14 novembre\",\"breadcrumb\":{\"@id\":\"https:\/\/staging.varesenews.it\/2018\/11\/el-nost-milan-passeggiata-letteraria-navigli\/767704\/#breadcrumb\"},\"inLanguage\":\"it-IT\",\"potentialAction\":[{\"@type\":\"ReadAction\",\"target\":[\"https:\/\/staging.varesenews.it\/2018\/11\/el-nost-milan-passeggiata-letteraria-navigli\/767704\/\"]}]},{\"@type\":\"BreadcrumbList\",\"@id\":\"https:\/\/staging.varesenews.it\/2018\/11\/el-nost-milan-passeggiata-letteraria-navigli\/767704\/#breadcrumb\",\"itemListElement\":[{\"@type\":\"ListItem\",\"position\":1,\"name\":\"Home\",\"item\":\"https:\/\/www.varesenews.it\/\"},{\"@type\":\"ListItem\",\"position\":2,\"name\":\"\u201cEl nost Milan\u201d, una \u201cpasseggiata letteraria\u201d tra i Navigli\"}]},{\"@type\":\"WebSite\",\"@id\":\"https:\/\/staging.varesenews.it\/#website\",\"url\":\"https:\/\/staging.varesenews.it\/\",\"name\":\"VareseNews\",\"description\":\"\",\"potentialAction\":[{\"@type\":\"SearchAction\",\"target\":{\"@type\":\"EntryPoint\",\"urlTemplate\":\"https:\/\/staging.varesenews.it\/?s={search_term_string}\"},\"query-input\":\"required name=search_term_string\"}],\"inLanguage\":\"it-IT\"},{\"@type\":\"Person\",\"@id\":\"https:\/\/staging.varesenews.it\/#\/schema\/person\/272ac0f5b2dbfd572218c2d86e013f1a\",\"name\":\"Adelia Brigo\",\"image\":{\"@type\":\"ImageObject\",\"inLanguage\":\"it-IT\",\"@id\":\"https:\/\/staging.varesenews.it\/#\/schema\/person\/image\/\",\"url\":\"https:\/\/staging.varesenews.it\/wp-content\/uploads\/2020\/12\/adelia_brigo_colori_500.jpg\",\"contentUrl\":\"https:\/\/staging.varesenews.it\/wp-content\/uploads\/2020\/12\/adelia_brigo_colori_500.jpg\",\"caption\":\"Adelia Brigo\"},\"description\":\"Giornalista pubblicista, lavoro a VareseNews dal 2007 e mi occupo di cronaca locale e del settore dedicato alla cultura. In questi anni ho seguito diversi progetti di comunicazione, amo sperimentare strategie per i Social Network e raccontare storie. Varesina, classe 1984, sono laureata in Scienze della Comunicazione.&nbsp;\",\"sameAs\":[\"AdeliaBrigo\",\"https:\/\/twitter.com\/AdeliaBrigo\"],\"url\":\"https:\/\/staging.varesenews.it\/persona\/adelia_brigo\/\"}]}<\/script>\n<!-- \/ Yoast SEO plugin. -->","yoast_head_json":{"title":"\u201cEl nost Milan\u201d, una \u201cpasseggiata letteraria\u201d tra i Navigli","description":"I Navigli saranno il \u201cfilo rosso\u201d di \u201cEl nost Milan\u201d, il corso 2018-2019 organizzato dal FAI-Fondo Ambiente Italiano e giunto alla tredicesima edizione. Da mercoled\u00ec 14 novembre","robots":{"index":"noindex","follow":"follow","max-snippet":"max-snippet:-1","max-image-preview":"max-image-preview:large","max-video-preview":"max-video-preview:-1"},"og_locale":"it_IT","og_type":"article","og_title":"\u201cEl nost Milan\u201d, una \u201cpasseggiata letteraria\u201d tra i Navigli","og_description":"I Navigli saranno il \u201cfilo rosso\u201d di \u201cEl nost Milan\u201d, il corso 2018-2019 organizzato dal FAI-Fondo Ambiente Italiano e giunto alla tredicesima edizione. Da mercoled\u00ec 14 novembre","og_url":"https:\/\/staging.varesenews.it\/2018\/11\/el-nost-milan-passeggiata-letteraria-navigli\/767704\/","og_site_name":"VareseNews","article_publisher":"https:\/\/www.facebook.com\/varesenews","article_published_time":"2018-11-12T17:07:58+00:00","author":"Adelia Brigo","twitter_card":"summary_large_image","twitter_creator":"@AdeliaBrigo","twitter_site":"@varesenews","twitter_misc":{"Scritto da":"Adelia Brigo","Tempo di lettura stimato":"2 minuti"},"schema":{"@context":"https:\/\/schema.org","@graph":[{"@type":"WebPage","@id":"https:\/\/staging.varesenews.it\/2018\/11\/el-nost-milan-passeggiata-letteraria-navigli\/767704\/","url":"https:\/\/staging.varesenews.it\/2018\/11\/el-nost-milan-passeggiata-letteraria-navigli\/767704\/","name":"\u201cEl nost Milan\u201d, una \u201cpasseggiata letteraria\u201d tra i Navigli","isPartOf":{"@id":"https:\/\/staging.varesenews.it\/#website"},"datePublished":"2018-11-12T17:07:58+00:00","dateModified":"2018-11-12T17:07:58+00:00","author":{"@id":"https:\/\/staging.varesenews.it\/#\/schema\/person\/272ac0f5b2dbfd572218c2d86e013f1a"},"description":"I Navigli saranno il \u201cfilo rosso\u201d di \u201cEl nost Milan\u201d, il corso 2018-2019 organizzato dal FAI-Fondo Ambiente Italiano e giunto alla tredicesima edizione. Da mercoled\u00ec 14 novembre","breadcrumb":{"@id":"https:\/\/staging.varesenews.it\/2018\/11\/el-nost-milan-passeggiata-letteraria-navigli\/767704\/#breadcrumb"},"inLanguage":"it-IT","potentialAction":[{"@type":"ReadAction","target":["https:\/\/staging.varesenews.it\/2018\/11\/el-nost-milan-passeggiata-letteraria-navigli\/767704\/"]}]},{"@type":"BreadcrumbList","@id":"https:\/\/staging.varesenews.it\/2018\/11\/el-nost-milan-passeggiata-letteraria-navigli\/767704\/#breadcrumb","itemListElement":[{"@type":"ListItem","position":1,"name":"Home","item":"https:\/\/www.varesenews.it\/"},{"@type":"ListItem","position":2,"name":"\u201cEl nost Milan\u201d, una \u201cpasseggiata letteraria\u201d tra i Navigli"}]},{"@type":"WebSite","@id":"https:\/\/staging.varesenews.it\/#website","url":"https:\/\/staging.varesenews.it\/","name":"VareseNews","description":"","potentialAction":[{"@type":"SearchAction","target":{"@type":"EntryPoint","urlTemplate":"https:\/\/staging.varesenews.it\/?s={search_term_string}"},"query-input":"required name=search_term_string"}],"inLanguage":"it-IT"},{"@type":"Person","@id":"https:\/\/staging.varesenews.it\/#\/schema\/person\/272ac0f5b2dbfd572218c2d86e013f1a","name":"Adelia Brigo","image":{"@type":"ImageObject","inLanguage":"it-IT","@id":"https:\/\/staging.varesenews.it\/#\/schema\/person\/image\/","url":"https:\/\/staging.varesenews.it\/wp-content\/uploads\/2020\/12\/adelia_brigo_colori_500.jpg","contentUrl":"https:\/\/staging.varesenews.it\/wp-content\/uploads\/2020\/12\/adelia_brigo_colori_500.jpg","caption":"Adelia Brigo"},"description":"Giornalista pubblicista, lavoro a VareseNews dal 2007 e mi occupo di cronaca locale e del settore dedicato alla cultura. In questi anni ho seguito diversi progetti di comunicazione, amo sperimentare strategie per i Social Network e raccontare storie. Varesina, classe 1984, sono laureata in Scienze della Comunicazione.&nbsp;","sameAs":["AdeliaBrigo","https:\/\/twitter.com\/AdeliaBrigo"],"url":"https:\/\/staging.varesenews.it\/persona\/adelia_brigo\/"}]}},"post_meta":{"_edit_lock":"1542042364:32","_edit_last":"32","_category_permalink":"a:1:{s:8:\"category\";s:0:\"\";}","ratings_users":"0","ratings_score":"0","ratings_average":"0","foto":"625253","firma_come_redazione":"1","argomento":"Milano","_yoast_wpseo_content_score":"30","_jd_tweet_this":"yes","_wpt_short_url":"https:\/\/www.varesenews.it\/2018\/11\/el-nost-milan-passeggiata-letteraria-navigli\/767704\/","_wp_jd_target":"https:\/\/www.varesenews.it\/2018\/11\/el-nost-milan-passeggiata-letteraria-navigli\/767704\/","_jd_wp_twitter":"a:1:{i:0;s:155:\"\u201cEl nost Milan\u201d, una \u201cpasseggiata letteraria\u201d tra i Navigli https:\/\/www.varesenews.it\/2018\/11\/el-nost-milan-passeggiata-letteraria-navigli\/767704\/ \";}","_wpt_status_message":"Tweet inviato con successo."},"photos":[{"original":"https:\/\/staging.varesenews.it\/photogallery_new\/images\/2017\/07\/caricamento-temporaneo-per-contributo-nnyt28od6e-625253.jpg","full":"https:\/\/staging.varesenews.it\/photogallery_new\/images\/2017\/07\/caricamento-temporaneo-per-contributo-nnyt28od6e-625253.1024x768.jpg","large":"https:\/\/staging.varesenews.it\/photogallery_new\/images\/2017\/07\/caricamento-temporaneo-per-contributo-nnyt28od6e-625253.610x431.jpg"}],"_links":{"self":[{"href":"https:\/\/staging.varesenews.it\/swgapi\/v1\/wp\/v2\/posts\/767704"}],"collection":[{"href":"https:\/\/staging.varesenews.it\/swgapi\/v1\/wp\/v2\/posts"}],"about":[{"href":"https:\/\/staging.varesenews.it\/swgapi\/v1\/wp\/v2\/types\/post"}],"author":[{"embeddable":true,"href":"https:\/\/staging.varesenews.it\/swgapi\/v1\/wp\/v2\/users\/32"}],"replies":[{"embeddable":true,"href":"https:\/\/staging.varesenews.it\/swgapi\/v1\/wp\/v2\/comments?post=767704"}],"version-history":[{"count":0,"href":"https:\/\/staging.varesenews.it\/swgapi\/v1\/wp\/v2\/posts\/767704\/revisions"}],"wp:attachment":[{"href":"https:\/\/staging.varesenews.it\/swgapi\/v1\/wp\/v2\/media?parent=767704"}],"wp:term":[{"taxonomy":"category","embeddable":true,"href":"https:\/\/staging.varesenews.it\/swgapi\/v1\/wp\/v2\/categories?post=767704"},{"taxonomy":"post_tag","embeddable":true,"href":"https:\/\/staging.varesenews.it\/swgapi\/v1\/wp\/v2\/tags?post=767704"}],"curies":[{"name":"wp","href":"https:\/\/api.w.org\/{rel}","templated":true}]}}