{"id":767963,"date":"2018-11-13T14:05:00","date_gmt":"2018-11-13T13:05:00","guid":{"rendered":"https:\/\/www.varesenews.it\/?p=767963"},"modified":"2018-11-13T14:34:37","modified_gmt":"2018-11-13T13:34:37","slug":"magazzino-generale-dei-libri-bambini-ragazzi","status":"publish","type":"post","link":"https:\/\/staging.varesenews.it\/2018\/11\/magazzino-generale-dei-libri-bambini-ragazzi\/767963\/","title":{"rendered":"Il &#8220;Magazzino generale&#8221; dei libri per bambini e ragazzi"},"content":{"rendered":"<p><strong>La biblioteca di Besozzo si allarga per aprire un nuovo spazio: il \u201cMagazzino generale del libro dell\u2019infanzia\u201d. Un \u201carchivio attivo\u201d<\/strong>, aperto a tutte le biblioteche, agli studiosi e ad eventi a tema, unico nel suo genere, destinato a dare una seconda vita ai libri per ragazzi, garantendo loro nuova vita e una conservazione sostenibile, accanto al fascino indiscusso delle novit\u00e0 editoriali.<br \/>\n<strong>Il progetto di chiama Ri-leggere e sabato 24 novembre celebra una vera e propria festa, <a href=\"https:\/\/www.varesenews.it\/2018\/11\/ri-leggiamo-la-festa-del-magazzino-dei-libri\/768012\/\">\u201cRi-leggiamo<\/a><\/strong>\u201d, piena di libri, mostre, storie, incontri e laboratori per bambini e famiglie, <strong>dalle ore 9:30 alle ore 18:00<\/strong>, nella sala letture della Biblioteca civica di Besozzo.<br \/>\nPromotore dell&#8217;iniziativa \u00e8 il Sistema bibliotecario dei Laghi assieme al Comune di Besozzo, in collaborazione con la Provincia di Varese e l\u2019associazione Nati per Leggere e con il cofinanziamento di Regione Lombardia.<\/p>\n<p>ARCHIVIO STORICO ATTIVO<br \/>\n<strong>Con il Magazzino del libro per l\u2019infanzia \u201cRi-leggere\u201d vuole dare una seconda vita ai libri per bambini altrimenti destinati a cadere nell\u2019oblio<\/strong> perch\u00e9 troppo vecchi.<br \/>\nCapita spesso che i libri conservati per il prestito dalle biblioteche con il tempo si rovinino diventino delicati o, anche se in buono stato, siano comunque destinati a far posto alle nuove pubblicazioni, fosse solo per ragioni di spazio. In questi casi le biblioteche regalano i volumi in eccesso, oppure li archiviano in spazi inaccessibili o, nel peggiore dei casi, li avviano allo smaltimento. Cos\u00ec, in assenza di un ente preposto alla tutela della memoria storica della produzione editoriale per ragazzi, alcune mirabili edizioni di testi classici o validi libri rischiano di andare per sempre perduti.<br \/>\nNon accadr\u00e0 pi\u00f9: questo <strong>Magazzino (attualmente in allestimento in una sala attigua alla biblioteca civica di Besozzo) sar\u00e0 un serbatoio cui le biblioteche potranno attingere e depositare, ma anche una realt\u00e0 altamente specializzata nella promozione della lettura per bambini gi\u00e0 dalla gravidanza<\/strong>.<br \/>\nUn Magazzino ad alta sostenibilit\u00e0 (alimentato dagli scarti delle altre biblioteche) dove conservare e promuovere il recupero dei libri, dando cos\u00ec ai volumi una seconda vita in cui saranno accessibili a biblioteche,\u00a0 ricercatori o privati nostalgici di qualche vecchia edizione<\/p>\n<p>REPARTO NOVIT\u00c0<br \/>\nAll\u2019interno del Magazzino generale del libro per l\u2019infanzia, accanto all\u2019archivio, ci sar\u00e0 uno <strong>spazio dedicato alle novit\u00e0., in cui si concentreranno i nuovi acquisti del Sistema bibliotecario dei laghi relativi all&#8217;infanzia<\/strong>: testi di riferimento, esemplari specifici, editoria specializzata.<br \/>\n<strong>\u201cDa molti anni il Sistema sostiene e promuove iniziative legate a Nati per leggere e per la promozione alla lettura in et\u00e0 prescolare e scolare<\/strong> attraverso manifestazioni, laboratori, mostre e acquisto di volumi&#8221;, spiegano i promotori.<br \/>\nOltre alle novit\u00e0 editoriali e ai volumi per la primissima infanzia, <strong>il Magazzino avr\u00e0 delle sezioni dedicate ai volumi per la lettura aumentata e ai libri specifici per i disturbi dell\u2019apprendimento e le neurodiversit\u00e0.<\/strong><\/p>\n<p>SPAZIO DA VIVERE<br \/>\nIl Magazzino dar\u00e0 vita a mostre, percorsi didattici, iniziative rivolte alle scuole, ai piccoli utenti e agli adulti che vogliono ritrovare l\u2019emozione delle letture della propria infanzia. <strong>Sar\u00e0 una Biblioteca nuova, dedicata esclusivamente all&#8217;infanzia che diventa uno spazio da condividere<\/strong> con i grandi, dove sia possibile trovare nuovi spunti per la lettura con figli, alunni o nipoti.<\/p>\n","protected":false},"excerpt":{"rendered":"<p>Promosso dal Sistema bibliotecario dei Laghi, sar\u00e0 un archivio &#8220;attivo&#8221; per i libri d&#8217;infanzia pi\u00f9 antichi e insieme una biblioteca a misura di bambino, con novit\u00e0 e testi specifici per Dsa e disabilit\u00e0<\/p>\n","protected":false},"author":14095,"featured_media":0,"comment_status":"open","ping_status":"open","sticky":false,"template":"","format":"standard","meta":{"footnotes":""},"categories":[23,21,2],"tags":[91783,88065,87632,87451,87452,1613,88185,87851,87843],"acf":[],"yoast_head":"<!-- This site is optimized with the Yoast SEO plugin v20.1 - https:\/\/yoast.com\/wordpress\/plugins\/seo\/ -->\n<title>Il &quot;Magazzino generale&quot; dei libri per bambini e ragazzi<\/title>\n<meta name=\"description\" content=\"Promosso dal Sistema bibliotecario dei Laghi, sar\u00e0 un archivio &quot;attivo&quot; per i libri d&#039;infanzia pi\u00f9 antichi e insieme una biblioteca a misura di bambino, con novit\u00e0 e testi specifici per Dsa e disabilit\u00e0\" \/>\n<meta name=\"robots\" content=\"noindex, follow, max-snippet:-1, max-image-preview:large, max-video-preview:-1\" \/>\n<meta property=\"og:locale\" content=\"it_IT\" \/>\n<meta property=\"og:type\" content=\"article\" \/>\n<meta property=\"og:title\" content=\"Il &quot;Magazzino generale&quot; dei libri per bambini e ragazzi\" \/>\n<meta property=\"og:description\" content=\"Promosso dal Sistema bibliotecario dei Laghi, sar\u00e0 un archivio &quot;attivo&quot; per i libri d&#039;infanzia pi\u00f9 antichi e insieme una biblioteca a misura di bambino, con novit\u00e0 e testi specifici per Dsa e disabilit\u00e0\" \/>\n<meta property=\"og:url\" content=\"https:\/\/staging.varesenews.it\/2018\/11\/magazzino-generale-dei-libri-bambini-ragazzi\/767963\/\" \/>\n<meta property=\"og:site_name\" content=\"VareseNews\" \/>\n<meta property=\"article:publisher\" content=\"https:\/\/www.facebook.com\/varesenews\" \/>\n<meta property=\"article:published_time\" content=\"2018-11-13T13:05:00+00:00\" \/>\n<meta property=\"article:modified_time\" content=\"2018-11-13T13:34:37+00:00\" \/>\n<meta name=\"author\" content=\"Lidia Romeo\" \/>\n<meta name=\"twitter:card\" content=\"summary_large_image\" \/>\n<meta name=\"twitter:creator\" content=\"@varesenews\" \/>\n<meta name=\"twitter:site\" content=\"@varesenews\" \/>\n<meta name=\"twitter:label1\" content=\"Scritto da\" \/>\n\t<meta name=\"twitter:data1\" content=\"Lidia Romeo\" \/>\n\t<meta name=\"twitter:label2\" content=\"Tempo di lettura stimato\" \/>\n\t<meta name=\"twitter:data2\" content=\"3 minuti\" \/>\n<script type=\"application\/ld+json\" class=\"yoast-schema-graph\">{\"@context\":\"https:\/\/schema.org\",\"@graph\":[{\"@type\":\"WebPage\",\"@id\":\"https:\/\/staging.varesenews.it\/2018\/11\/magazzino-generale-dei-libri-bambini-ragazzi\/767963\/\",\"url\":\"https:\/\/staging.varesenews.it\/2018\/11\/magazzino-generale-dei-libri-bambini-ragazzi\/767963\/\",\"name\":\"Il \\\"Magazzino generale\\\" dei libri per bambini e ragazzi\",\"isPartOf\":{\"@id\":\"https:\/\/staging.varesenews.it\/#website\"},\"datePublished\":\"2018-11-13T13:05:00+00:00\",\"dateModified\":\"2018-11-13T13:34:37+00:00\",\"author\":{\"@id\":\"https:\/\/staging.varesenews.it\/#\/schema\/person\/83b39e5ac77662e18c07cdb07f0b4e7a\"},\"description\":\"Promosso dal Sistema bibliotecario dei Laghi, sar\u00e0 un archivio \\\"attivo\\\" per i libri d'infanzia pi\u00f9 antichi e insieme una biblioteca a misura di bambino, con novit\u00e0 e testi specifici per Dsa e disabilit\u00e0\",\"breadcrumb\":{\"@id\":\"https:\/\/staging.varesenews.it\/2018\/11\/magazzino-generale-dei-libri-bambini-ragazzi\/767963\/#breadcrumb\"},\"inLanguage\":\"it-IT\",\"potentialAction\":[{\"@type\":\"ReadAction\",\"target\":[\"https:\/\/staging.varesenews.it\/2018\/11\/magazzino-generale-dei-libri-bambini-ragazzi\/767963\/\"]}]},{\"@type\":\"BreadcrumbList\",\"@id\":\"https:\/\/staging.varesenews.it\/2018\/11\/magazzino-generale-dei-libri-bambini-ragazzi\/767963\/#breadcrumb\",\"itemListElement\":[{\"@type\":\"ListItem\",\"position\":1,\"name\":\"Home\",\"item\":\"https:\/\/www.varesenews.it\/\"},{\"@type\":\"ListItem\",\"position\":2,\"name\":\"Il &#8220;Magazzino generale&#8221; dei libri per bambini e ragazzi\"}]},{\"@type\":\"WebSite\",\"@id\":\"https:\/\/staging.varesenews.it\/#website\",\"url\":\"https:\/\/staging.varesenews.it\/\",\"name\":\"VareseNews\",\"description\":\"\",\"potentialAction\":[{\"@type\":\"SearchAction\",\"target\":{\"@type\":\"EntryPoint\",\"urlTemplate\":\"https:\/\/staging.varesenews.it\/?s={search_term_string}\"},\"query-input\":\"required name=search_term_string\"}],\"inLanguage\":\"it-IT\"},{\"@type\":\"Person\",\"@id\":\"https:\/\/staging.varesenews.it\/#\/schema\/person\/83b39e5ac77662e18c07cdb07f0b4e7a\",\"name\":\"Lidia Romeo\",\"image\":{\"@type\":\"ImageObject\",\"inLanguage\":\"it-IT\",\"@id\":\"https:\/\/staging.varesenews.it\/#\/schema\/person\/image\/\",\"url\":\"https:\/\/staging.varesenews.it\/wp-content\/uploads\/2020\/12\/lidia_romeo_colori_500.jpg\",\"contentUrl\":\"https:\/\/staging.varesenews.it\/wp-content\/uploads\/2020\/12\/lidia_romeo_colori_500.jpg\",\"caption\":\"Lidia Romeo\"},\"description\":\"Giornalista professionista dal 2010, una laurea in Scienze politiche e tante, tantissime domande. Ascolto risposte, ne cerco altre e alcune le scrivo. Mi piacciono le chiacchiere, le idee capaci di guardare lontano e camminare in spazi aperti senza altra meta che l&rsquo;orizzonte.&nbsp;Per VareseNews sono responsabile del canale Bambini, a proposito di orizzonti ampi... quanto il futuro. &nbsp;\",\"url\":\"https:\/\/staging.varesenews.it\/persona\/lidia-romeo-a\/\"}]}<\/script>\n<!-- \/ Yoast SEO plugin. -->","yoast_head_json":{"title":"Il \"Magazzino generale\" dei libri per bambini e ragazzi","description":"Promosso dal Sistema bibliotecario dei Laghi, sar\u00e0 un archivio \"attivo\" per i libri d'infanzia pi\u00f9 antichi e insieme una biblioteca a misura di bambino, con novit\u00e0 e testi specifici per Dsa e disabilit\u00e0","robots":{"index":"noindex","follow":"follow","max-snippet":"max-snippet:-1","max-image-preview":"max-image-preview:large","max-video-preview":"max-video-preview:-1"},"og_locale":"it_IT","og_type":"article","og_title":"Il \"Magazzino generale\" dei libri per bambini e ragazzi","og_description":"Promosso dal Sistema bibliotecario dei Laghi, sar\u00e0 un archivio \"attivo\" per i libri d'infanzia pi\u00f9 antichi e insieme una biblioteca a misura di bambino, con novit\u00e0 e testi specifici per Dsa e disabilit\u00e0","og_url":"https:\/\/staging.varesenews.it\/2018\/11\/magazzino-generale-dei-libri-bambini-ragazzi\/767963\/","og_site_name":"VareseNews","article_publisher":"https:\/\/www.facebook.com\/varesenews","article_published_time":"2018-11-13T13:05:00+00:00","article_modified_time":"2018-11-13T13:34:37+00:00","author":"Lidia Romeo","twitter_card":"summary_large_image","twitter_creator":"@varesenews","twitter_site":"@varesenews","twitter_misc":{"Scritto da":"Lidia Romeo","Tempo di lettura stimato":"3 minuti"},"schema":{"@context":"https:\/\/schema.org","@graph":[{"@type":"WebPage","@id":"https:\/\/staging.varesenews.it\/2018\/11\/magazzino-generale-dei-libri-bambini-ragazzi\/767963\/","url":"https:\/\/staging.varesenews.it\/2018\/11\/magazzino-generale-dei-libri-bambini-ragazzi\/767963\/","name":"Il \"Magazzino generale\" dei libri per bambini e ragazzi","isPartOf":{"@id":"https:\/\/staging.varesenews.it\/#website"},"datePublished":"2018-11-13T13:05:00+00:00","dateModified":"2018-11-13T13:34:37+00:00","author":{"@id":"https:\/\/staging.varesenews.it\/#\/schema\/person\/83b39e5ac77662e18c07cdb07f0b4e7a"},"description":"Promosso dal Sistema bibliotecario dei Laghi, sar\u00e0 un archivio \"attivo\" per i libri d'infanzia pi\u00f9 antichi e insieme una biblioteca a misura di bambino, con novit\u00e0 e testi specifici per Dsa e disabilit\u00e0","breadcrumb":{"@id":"https:\/\/staging.varesenews.it\/2018\/11\/magazzino-generale-dei-libri-bambini-ragazzi\/767963\/#breadcrumb"},"inLanguage":"it-IT","potentialAction":[{"@type":"ReadAction","target":["https:\/\/staging.varesenews.it\/2018\/11\/magazzino-generale-dei-libri-bambini-ragazzi\/767963\/"]}]},{"@type":"BreadcrumbList","@id":"https:\/\/staging.varesenews.it\/2018\/11\/magazzino-generale-dei-libri-bambini-ragazzi\/767963\/#breadcrumb","itemListElement":[{"@type":"ListItem","position":1,"name":"Home","item":"https:\/\/www.varesenews.it\/"},{"@type":"ListItem","position":2,"name":"Il &#8220;Magazzino generale&#8221; dei libri per bambini e ragazzi"}]},{"@type":"WebSite","@id":"https:\/\/staging.varesenews.it\/#website","url":"https:\/\/staging.varesenews.it\/","name":"VareseNews","description":"","potentialAction":[{"@type":"SearchAction","target":{"@type":"EntryPoint","urlTemplate":"https:\/\/staging.varesenews.it\/?s={search_term_string}"},"query-input":"required name=search_term_string"}],"inLanguage":"it-IT"},{"@type":"Person","@id":"https:\/\/staging.varesenews.it\/#\/schema\/person\/83b39e5ac77662e18c07cdb07f0b4e7a","name":"Lidia Romeo","image":{"@type":"ImageObject","inLanguage":"it-IT","@id":"https:\/\/staging.varesenews.it\/#\/schema\/person\/image\/","url":"https:\/\/staging.varesenews.it\/wp-content\/uploads\/2020\/12\/lidia_romeo_colori_500.jpg","contentUrl":"https:\/\/staging.varesenews.it\/wp-content\/uploads\/2020\/12\/lidia_romeo_colori_500.jpg","caption":"Lidia Romeo"},"description":"Giornalista professionista dal 2010, una laurea in Scienze politiche e tante, tantissime domande. Ascolto risposte, ne cerco altre e alcune le scrivo. Mi piacciono le chiacchiere, le idee capaci di guardare lontano e camminare in spazi aperti senza altra meta che l&rsquo;orizzonte.&nbsp;Per VareseNews sono responsabile del canale Bambini, a proposito di orizzonti ampi... quanto il futuro. &nbsp;","url":"https:\/\/staging.varesenews.it\/persona\/lidia-romeo-a\/"}]}},"post_meta":{"_edit_lock":"1542116042:14095","_edit_last":"14095","_category_permalink":"a:1:{s:8:\"category\";s:2:\"23\";}","argomento":"Besozzo","_yoast_wpseo_content_score":"30","_jd_tweet_this":"yes","foto":"674891","firma-personalizzata":"bambini@varesenews.it","ratings_users":"0","ratings_score":"0","ratings_average":"0","_wpt_short_url":"https:\/\/www.varesenews.it\/2018\/11\/magazzino-generale-dei-libri-bambini-ragazzi\/767963\/","_wp_jd_target":"https:\/\/www.varesenews.it\/2018\/11\/magazzino-generale-dei-libri-bambini-ragazzi\/767963\/","_jd_wp_twitter":"a:1:{i:0;s:172:\"Il \u201cMagazzino generale\u201d dei libri per bambini e ragazzi https:\/\/www.varesenews.it\/2018\/11\/magazzino-generale-dei-libri-bambini-ragazzi\/767963\/ #educando #Et\u00e003 #Et\u00e036\";}","_wpt_status_message":"Tweet inviato con successo.","id_leggi_anche":"768012,771025,779544"},"photos":[{"original":"https:\/\/staging.varesenews.it\/photogallery_new\/images\/2018\/05\/la-biblioteca-comunale-di-besozzo-674891.jpg","full":"https:\/\/staging.varesenews.it\/photogallery_new\/images\/2018\/05\/la-biblioteca-comunale-di-besozzo-674891.1024x768.jpg","large":"https:\/\/staging.varesenews.it\/photogallery_new\/images\/2018\/05\/la-biblioteca-comunale-di-besozzo-674891.610x431.jpg"}],"_links":{"self":[{"href":"https:\/\/staging.varesenews.it\/swgapi\/v1\/wp\/v2\/posts\/767963"}],"collection":[{"href":"https:\/\/staging.varesenews.it\/swgapi\/v1\/wp\/v2\/posts"}],"about":[{"href":"https:\/\/staging.varesenews.it\/swgapi\/v1\/wp\/v2\/types\/post"}],"author":[{"embeddable":true,"href":"https:\/\/staging.varesenews.it\/swgapi\/v1\/wp\/v2\/users\/14095"}],"replies":[{"embeddable":true,"href":"https:\/\/staging.varesenews.it\/swgapi\/v1\/wp\/v2\/comments?post=767963"}],"version-history":[{"count":0,"href":"https:\/\/staging.varesenews.it\/swgapi\/v1\/wp\/v2\/posts\/767963\/revisions"}],"wp:attachment":[{"href":"https:\/\/staging.varesenews.it\/swgapi\/v1\/wp\/v2\/media?parent=767963"}],"wp:term":[{"taxonomy":"category","embeddable":true,"href":"https:\/\/staging.varesenews.it\/swgapi\/v1\/wp\/v2\/categories?post=767963"},{"taxonomy":"post_tag","embeddable":true,"href":"https:\/\/staging.varesenews.it\/swgapi\/v1\/wp\/v2\/tags?post=767963"}],"curies":[{"name":"wp","href":"https:\/\/api.w.org\/{rel}","templated":true}]}}