{"id":770232,"date":"2018-11-20T10:19:37","date_gmt":"2018-11-20T09:19:37","guid":{"rendered":"https:\/\/www.varesenews.it\/?p=770232"},"modified":"2018-11-20T10:19:37","modified_gmt":"2018-11-20T09:19:37","slug":"jamil-incontra-fan-varese-most-hated","status":"publish","type":"post","link":"https:\/\/staging.varesenews.it\/2018\/11\/jamil-incontra-fan-varese-most-hated\/770232\/","title":{"rendered":"Jamil incontra i fan a Varese per &#8220;Most Hated&#8221;"},"content":{"rendered":"<p><strong>&#8220;Most Hated&#8221;<\/strong> \u00e8 il nuovo passo ufficiale di uno degli artisti pi\u00f9 chiacchierati, controversi e spigolosi della nuova scena hip hop italiana.<strong> Jamil<\/strong> ritorna con un prodotto ufficiale dopo una serie di singoli e collaborazioni che lo hanno portato in pianta stabile nella top-gamma del movimento rap nostrano; questo disco rappresenta una naturale evoluzione del progetto artistico intrapreso dal rapper di Verona negli ultimi 5 anni e domenica 25 novembre sar\u00e0 a Varese, alla libreria Mondadori per incontrare i fan e presentarlo di persona. <a href=\"https:\/\/eventi.mondadoristore.it\/it\/event\/2018\/11\/25\/jamil-incontra-il-pubblico-e-firma-le-copie-dellalbum-most-hated\/6321\/\" target=\"_blank\" rel=\"noopener\">L&#8217;appuntamento \u00e8 alle 14 e 30 (per ricevere il pass \u00e8 necessario acquistare il disco).\u00a0<\/a><\/p>\n<p>Il disco \u00e8 creato con la produzione affidata in toto alla &#8220;young gun&#8221; Jaws (eccetto una traccia firmata interamente da Tom Beaver e un pezzo firmato da The Enemies). \u201cMost Hated\u201d contiene il recente singolo &#8220;KO&#8221; e all&#8217;interno ci sono alcuni featuring di qualit\u00e0 come quello con Laioung, del sodale Vacca e di un top della scena europea e mediterranea come il tunisino Lbenj. Altro featuring molto interessante \u00e8 quello con J-Ax per la seconda canzone della tracklist, &#8220;Di tutti i colori&#8221; dove il duetto affronta &#8220;le sfumature italiane, politiche e musicali, della nostra generazione&#8221;.<br \/>\nJamil \u00e8 certamente uno dei top artisti hip hop dell&#8217;ultimo triennio ed \u00e8 indicato da molti come uno che far\u00e0 molta strada. A dirlo sono i numeri (mixtape, visualizzazioni su YouTube e il suo primo disco \u2013 \u201cIl Nirvana\u201d &#8211; che nella prima settimana di vendita si piazz\u00f2 in Top Ten FIMI) ma soprattutto l\u2019endorsement di artisti mainstream come Vacca, Mondo Marcio, Emis Killa e ovviamente i protagonisti del nuovo disco, su tutti J-AX.<\/p>\n<p>&#8220;Most Hated&#8221; rimane un album duro, hardcore, senza mezze misure, un disco ben prodotto e rifinito, un disco che far\u00e0 gola agli ascoltatori italiani sempre pi\u00f9 affamati di hip hop music.<\/p>\n","protected":false},"excerpt":{"rendered":"<p>L&#8217;appuntamento \u00e8 per domenica 25 novembre, alla libreria Mondadori dove il rapper incontrer\u00e0 i fan in occasione dell&#8217;uscita del suo nuovo album <\/p>\n","protected":false},"author":32,"featured_media":0,"comment_status":"open","ping_status":"open","sticky":false,"template":"","format":"standard","meta":{"footnotes":""},"categories":[20,2],"tags":[84434],"acf":[],"yoast_head":"<!-- This site is optimized with the Yoast SEO plugin v20.1 - https:\/\/yoast.com\/wordpress\/plugins\/seo\/ -->\n<title>Jamil incontra i fan a Varese per &quot;Most Hated&quot;<\/title>\n<meta name=\"description\" content=\"L&#039;appuntamento \u00e8 per domenica 25 novembre, alla libreria Mondadori dove il rapper incontrer\u00e0 i fan in occasione dell&#039;uscita del suo nuovo album\" \/>\n<meta name=\"robots\" content=\"noindex, follow, max-snippet:-1, max-image-preview:large, max-video-preview:-1\" \/>\n<meta property=\"og:locale\" content=\"it_IT\" \/>\n<meta property=\"og:type\" content=\"article\" \/>\n<meta property=\"og:title\" content=\"Jamil incontra i fan a Varese per &quot;Most Hated&quot;\" \/>\n<meta property=\"og:description\" content=\"L&#039;appuntamento \u00e8 per domenica 25 novembre, alla libreria Mondadori dove il rapper incontrer\u00e0 i fan in occasione dell&#039;uscita del suo nuovo album\" \/>\n<meta property=\"og:url\" content=\"https:\/\/www.varesenews.it\/2018\/11\/jamil-incontra-fan-varese-most-hated\/770232\/\" \/>\n<meta property=\"og:site_name\" content=\"VareseNews\" \/>\n<meta property=\"article:publisher\" content=\"https:\/\/www.facebook.com\/varesenews\" \/>\n<meta property=\"article:published_time\" content=\"2018-11-20T09:19:37+00:00\" \/>\n<meta name=\"author\" content=\"Adelia Brigo\" \/>\n<meta name=\"twitter:card\" content=\"summary_large_image\" \/>\n<meta name=\"twitter:creator\" content=\"@AdeliaBrigo\" \/>\n<meta name=\"twitter:site\" content=\"@varesenews\" \/>\n<meta name=\"twitter:label1\" content=\"Scritto da\" \/>\n\t<meta name=\"twitter:data1\" content=\"Adelia Brigo\" \/>\n\t<meta name=\"twitter:label2\" content=\"Tempo di lettura stimato\" \/>\n\t<meta name=\"twitter:data2\" content=\"1 minuto\" \/>\n<script type=\"application\/ld+json\" class=\"yoast-schema-graph\">{\"@context\":\"https:\/\/schema.org\",\"@graph\":[{\"@type\":\"WebPage\",\"@id\":\"https:\/\/www.varesenews.it\/2018\/11\/jamil-incontra-fan-varese-most-hated\/770232\/\",\"url\":\"https:\/\/www.varesenews.it\/2018\/11\/jamil-incontra-fan-varese-most-hated\/770232\/\",\"name\":\"Jamil incontra i fan a Varese per \\\"Most Hated\\\"\",\"isPartOf\":{\"@id\":\"https:\/\/staging.varesenews.it\/#website\"},\"datePublished\":\"2018-11-20T09:19:37+00:00\",\"dateModified\":\"2018-11-20T09:19:37+00:00\",\"author\":{\"@id\":\"https:\/\/staging.varesenews.it\/#\/schema\/person\/272ac0f5b2dbfd572218c2d86e013f1a\"},\"description\":\"L'appuntamento \u00e8 per domenica 25 novembre, alla libreria Mondadori dove il rapper incontrer\u00e0 i fan in occasione dell'uscita del suo nuovo album\",\"breadcrumb\":{\"@id\":\"https:\/\/www.varesenews.it\/2018\/11\/jamil-incontra-fan-varese-most-hated\/770232\/#breadcrumb\"},\"inLanguage\":\"it-IT\",\"potentialAction\":[{\"@type\":\"ReadAction\",\"target\":[\"https:\/\/www.varesenews.it\/2018\/11\/jamil-incontra-fan-varese-most-hated\/770232\/\"]}]},{\"@type\":\"BreadcrumbList\",\"@id\":\"https:\/\/www.varesenews.it\/2018\/11\/jamil-incontra-fan-varese-most-hated\/770232\/#breadcrumb\",\"itemListElement\":[{\"@type\":\"ListItem\",\"position\":1,\"name\":\"Home\",\"item\":\"https:\/\/www.varesenews.it\/\"},{\"@type\":\"ListItem\",\"position\":2,\"name\":\"Jamil incontra i fan a Varese per &#8220;Most Hated&#8221;\"}]},{\"@type\":\"WebSite\",\"@id\":\"https:\/\/staging.varesenews.it\/#website\",\"url\":\"https:\/\/staging.varesenews.it\/\",\"name\":\"VareseNews\",\"description\":\"\",\"potentialAction\":[{\"@type\":\"SearchAction\",\"target\":{\"@type\":\"EntryPoint\",\"urlTemplate\":\"https:\/\/staging.varesenews.it\/?s={search_term_string}\"},\"query-input\":\"required name=search_term_string\"}],\"inLanguage\":\"it-IT\"},{\"@type\":\"Person\",\"@id\":\"https:\/\/staging.varesenews.it\/#\/schema\/person\/272ac0f5b2dbfd572218c2d86e013f1a\",\"name\":\"Adelia Brigo\",\"image\":{\"@type\":\"ImageObject\",\"inLanguage\":\"it-IT\",\"@id\":\"https:\/\/staging.varesenews.it\/#\/schema\/person\/image\/\",\"url\":\"https:\/\/staging.varesenews.it\/wp-content\/uploads\/2020\/12\/adelia_brigo_colori_500.jpg\",\"contentUrl\":\"https:\/\/staging.varesenews.it\/wp-content\/uploads\/2020\/12\/adelia_brigo_colori_500.jpg\",\"caption\":\"Adelia Brigo\"},\"description\":\"Giornalista pubblicista, lavoro a VareseNews dal 2007 e mi occupo di cronaca locale e del settore dedicato alla cultura. In questi anni ho seguito diversi progetti di comunicazione, amo sperimentare strategie per i Social Network e raccontare storie. Varesina, classe 1984, sono laureata in Scienze della Comunicazione.&nbsp;\",\"sameAs\":[\"AdeliaBrigo\",\"https:\/\/twitter.com\/AdeliaBrigo\"],\"url\":\"https:\/\/staging.varesenews.it\/persona\/adelia_brigo\/\"}]}<\/script>\n<!-- \/ Yoast SEO plugin. -->","yoast_head_json":{"title":"Jamil incontra i fan a Varese per \"Most Hated\"","description":"L'appuntamento \u00e8 per domenica 25 novembre, alla libreria Mondadori dove il rapper incontrer\u00e0 i fan in occasione dell'uscita del suo nuovo album","robots":{"index":"noindex","follow":"follow","max-snippet":"max-snippet:-1","max-image-preview":"max-image-preview:large","max-video-preview":"max-video-preview:-1"},"og_locale":"it_IT","og_type":"article","og_title":"Jamil incontra i fan a Varese per \"Most Hated\"","og_description":"L'appuntamento \u00e8 per domenica 25 novembre, alla libreria Mondadori dove il rapper incontrer\u00e0 i fan in occasione dell'uscita del suo nuovo album","og_url":"https:\/\/www.varesenews.it\/2018\/11\/jamil-incontra-fan-varese-most-hated\/770232\/","og_site_name":"VareseNews","article_publisher":"https:\/\/www.facebook.com\/varesenews","article_published_time":"2018-11-20T09:19:37+00:00","author":"Adelia Brigo","twitter_card":"summary_large_image","twitter_creator":"@AdeliaBrigo","twitter_site":"@varesenews","twitter_misc":{"Scritto da":"Adelia Brigo","Tempo di lettura stimato":"1 minuto"},"schema":{"@context":"https:\/\/schema.org","@graph":[{"@type":"WebPage","@id":"https:\/\/www.varesenews.it\/2018\/11\/jamil-incontra-fan-varese-most-hated\/770232\/","url":"https:\/\/www.varesenews.it\/2018\/11\/jamil-incontra-fan-varese-most-hated\/770232\/","name":"Jamil incontra i fan a Varese per \"Most Hated\"","isPartOf":{"@id":"https:\/\/staging.varesenews.it\/#website"},"datePublished":"2018-11-20T09:19:37+00:00","dateModified":"2018-11-20T09:19:37+00:00","author":{"@id":"https:\/\/staging.varesenews.it\/#\/schema\/person\/272ac0f5b2dbfd572218c2d86e013f1a"},"description":"L'appuntamento \u00e8 per domenica 25 novembre, alla libreria Mondadori dove il rapper incontrer\u00e0 i fan in occasione dell'uscita del suo nuovo album","breadcrumb":{"@id":"https:\/\/www.varesenews.it\/2018\/11\/jamil-incontra-fan-varese-most-hated\/770232\/#breadcrumb"},"inLanguage":"it-IT","potentialAction":[{"@type":"ReadAction","target":["https:\/\/www.varesenews.it\/2018\/11\/jamil-incontra-fan-varese-most-hated\/770232\/"]}]},{"@type":"BreadcrumbList","@id":"https:\/\/www.varesenews.it\/2018\/11\/jamil-incontra-fan-varese-most-hated\/770232\/#breadcrumb","itemListElement":[{"@type":"ListItem","position":1,"name":"Home","item":"https:\/\/www.varesenews.it\/"},{"@type":"ListItem","position":2,"name":"Jamil incontra i fan a Varese per &#8220;Most Hated&#8221;"}]},{"@type":"WebSite","@id":"https:\/\/staging.varesenews.it\/#website","url":"https:\/\/staging.varesenews.it\/","name":"VareseNews","description":"","potentialAction":[{"@type":"SearchAction","target":{"@type":"EntryPoint","urlTemplate":"https:\/\/staging.varesenews.it\/?s={search_term_string}"},"query-input":"required name=search_term_string"}],"inLanguage":"it-IT"},{"@type":"Person","@id":"https:\/\/staging.varesenews.it\/#\/schema\/person\/272ac0f5b2dbfd572218c2d86e013f1a","name":"Adelia Brigo","image":{"@type":"ImageObject","inLanguage":"it-IT","@id":"https:\/\/staging.varesenews.it\/#\/schema\/person\/image\/","url":"https:\/\/staging.varesenews.it\/wp-content\/uploads\/2020\/12\/adelia_brigo_colori_500.jpg","contentUrl":"https:\/\/staging.varesenews.it\/wp-content\/uploads\/2020\/12\/adelia_brigo_colori_500.jpg","caption":"Adelia Brigo"},"description":"Giornalista pubblicista, lavoro a VareseNews dal 2007 e mi occupo di cronaca locale e del settore dedicato alla cultura. In questi anni ho seguito diversi progetti di comunicazione, amo sperimentare strategie per i Social Network e raccontare storie. Varesina, classe 1984, sono laureata in Scienze della Comunicazione.&nbsp;","sameAs":["AdeliaBrigo","https:\/\/twitter.com\/AdeliaBrigo"],"url":"https:\/\/staging.varesenews.it\/persona\/adelia_brigo\/"}]}},"post_meta":{"_edit_lock":"1542705447:32","_edit_last":"32","_category_permalink":"a:1:{s:8:\"category\";s:0:\"\";}","ratings_users":"0","ratings_score":"0","ratings_average":"0","foto":"708929","firma_come_redazione":"1","argomento":"Varese","_yoast_wpseo_content_score":"30","_jd_tweet_this":"yes","_wpt_short_url":"https:\/\/www.varesenews.it\/2018\/11\/jamil-incontra-fan-varese-most-hated\/770232\/","_wp_jd_target":"https:\/\/www.varesenews.it\/2018\/11\/jamil-incontra-fan-varese-most-hated\/770232\/","_jd_wp_twitter":"a:1:{i:0;s:130:\"Jamil incontra i fan a Varese per \u201cMost Hated\u201d https:\/\/www.varesenews.it\/2018\/11\/jamil-incontra-fan-varese-most-hated\/770232\/ \";}","_wpt_status_message":"Tweet inviato con successo."},"photos":[{"original":"https:\/\/staging.varesenews.it\/photogallery_new\/images\/2018\/11\/tempo-libero-generica-708929.jpg","full":"https:\/\/staging.varesenews.it\/photogallery_new\/images\/2018\/11\/tempo-libero-generica-708929.1024x768.jpg","large":"https:\/\/staging.varesenews.it\/photogallery_new\/images\/2018\/11\/tempo-libero-generica-708929.610x431.jpg"}],"_links":{"self":[{"href":"https:\/\/staging.varesenews.it\/swgapi\/v1\/wp\/v2\/posts\/770232"}],"collection":[{"href":"https:\/\/staging.varesenews.it\/swgapi\/v1\/wp\/v2\/posts"}],"about":[{"href":"https:\/\/staging.varesenews.it\/swgapi\/v1\/wp\/v2\/types\/post"}],"author":[{"embeddable":true,"href":"https:\/\/staging.varesenews.it\/swgapi\/v1\/wp\/v2\/users\/32"}],"replies":[{"embeddable":true,"href":"https:\/\/staging.varesenews.it\/swgapi\/v1\/wp\/v2\/comments?post=770232"}],"version-history":[{"count":0,"href":"https:\/\/staging.varesenews.it\/swgapi\/v1\/wp\/v2\/posts\/770232\/revisions"}],"wp:attachment":[{"href":"https:\/\/staging.varesenews.it\/swgapi\/v1\/wp\/v2\/media?parent=770232"}],"wp:term":[{"taxonomy":"category","embeddable":true,"href":"https:\/\/staging.varesenews.it\/swgapi\/v1\/wp\/v2\/categories?post=770232"},{"taxonomy":"post_tag","embeddable":true,"href":"https:\/\/staging.varesenews.it\/swgapi\/v1\/wp\/v2\/tags?post=770232"}],"curies":[{"name":"wp","href":"https:\/\/api.w.org\/{rel}","templated":true}]}}