{"id":770647,"date":"2018-11-22T15:31:15","date_gmt":"2018-11-22T14:31:15","guid":{"rendered":"https:\/\/www.varesenews.it\/?p=770647"},"modified":"2018-11-22T16:14:43","modified_gmt":"2018-11-22T15:14:43","slug":"ex-stere-recupero-non-ancora-partito","status":"publish","type":"post","link":"https:\/\/staging.varesenews.it\/2018\/11\/ex-stere-recupero-non-ancora-partito\/770647\/","title":{"rendered":"Ex Stere, il recupero non \u00e8 ancora partito"},"content":{"rendered":"<p>Quanto ci vorr\u00e0 per veder rinascere un giorno quel pezzo di citt\u00e0 <a href=\"https:\/\/www.varesenews.it\/2017\/12\/tetti-amianto-cardano-al-campo-striscia-la-notizia\/673759\/\" target=\"_blank\" rel=\"noopener\">oggi occupato dai fatiscenti capannoni della ex ditta Stere<\/a>?<br \/>\nSe lo chiedono ancora oggi i residenti di tutta la zona intorno a questa mastodontica area fatta di due palazzine e di grandi capannoni coperti da tetti in amianto. \u00abQui si stanno costruendo ancora case intorno, ma noi vorremmo che togliessero almeno l&#8217;amianto da quei tetti\u00bb dicono.<\/p>\n<p>\u00c8 una vicenda che stiamo seguendo da un anno. Il compendio ex industriale &#8211; parte di una procedura di fallimento &#8211; \u00e8 stato <a href=\"https:\/\/www.varesenews.it\/2018\/02\/ce-un-compratore-lex-stere-cardano\/691293\/\">acquistato da un immobiliare<\/a>, che ora vorrebbe &#8220;valorizzarlo&#8221;, cio\u00e8<strong> costruirci sopra. Operazione non proprio immediata<\/strong>, perch\u00e9 l&#8217;area \u00e8 appunto molto vasta e inserita in un perimetro delimitato da due strette strade laterali e da una via di passaggio.<\/p>\n<p>Il tema non sfugge al sindaco di Cardano al Campo <strong>Angelo Bellora<\/strong>. Che gi\u00e0 nei mesi scorsi ha spiegato una serie di problemi dell&#8217;area da affrontare: da un lato la <strong>richiesta di volumetria, su cui Comune e costruttore devono trovare un accordo<\/strong> e che devono rientrare nei termini del Piano di Governo del Territorio vigente. L&#8217;altro problema \u00e8 emerso pi\u00f9 di recente: \u00ab<strong>Durante la procedura di fallimento \u00e8 stata scorporata e venduta la villa<\/strong>, l&#8217;edificio giallo che fa parte del complesso\u00bb spiegava Bellora. Una operazione che \u00e8 emersa solo in seguito alla vendita dell&#8217;area, che ha diminuito il valore economico del terreno acquisito dal privato e che ha ingarbugliato ancor pi\u00f9 la storia.<\/p>\n<div class=\"photo-inside-post\"><img decoding=\"async\" loading=\"lazy\" fetchpriority=\"low\" width=\"610\" height=\"431\" src=\"https:\/\/staging.varesenews.it\/photogallery_new\/images\/2018\/11\/ex-stere-cardano-novembre-2018-706622.610x431.jpg\" alt=\"ex Stere Cardano novembre 2018\"><\/div>\n<p>Attenzione: quando si parla di regole urbanistiche non si parla di semplice burocrazia. Valutare la volumetrie significa anche capire che servizi serviranno a chi verr\u00e0 ad abitare in zona, ad esempio (\u00e8 il pi\u00f9 immediato da immaginare) il parcheggio a disposizione dei nuovi alloggi o l&#8217;impatto del traffico. Dove si trova il punto d&#8217;incontro tra privato ed ente pubblico? \u00c8 proprio questo il tema. Resta il fatto che <strong>l&#8217;area \u00e8 molto degradata<\/strong>, dopo anni di abbandono. E <strong>c&#8217;\u00e8 sempre l&#8217;amianto sui tetti: i residenti si attendono che si riesca a fare un passo<\/strong> in avanti almeno su questo.<\/p>\n","protected":false},"excerpt":{"rendered":"<p>I residenti della zona speravano nella bonifica dei tetti in amianto e nell&#8217;abbattimento dei capannoni fatiscenti. Ma per ora il progetto non \u00e8 ancora partita: il proprietario dell&#8217;area e il Comune devono trovare un accordo su quanto costruire<\/p>\n","protected":false},"author":46,"featured_media":0,"comment_status":"open","ping_status":"open","sticky":false,"template":"","format":"standard","meta":{"footnotes":""},"categories":[3],"tags":[83847],"acf":[],"yoast_head":"<!-- This site is optimized with the Yoast SEO plugin v20.1 - https:\/\/yoast.com\/wordpress\/plugins\/seo\/ -->\n<title>Ex Stere, il recupero non \u00e8 ancora partito<\/title>\n<meta name=\"description\" content=\"I residenti della zona speravano nella bonifica dei tetti in amianto e nell&#039;abbattimento dei capannoni fatiscenti. Ma per ora il progetto non \u00e8 ancora partita: il proprietario dell&#039;area e il Comune devono trovare un accordo su quanto costruire\" \/>\n<meta name=\"robots\" content=\"noindex, follow, max-snippet:-1, max-image-preview:large, max-video-preview:-1\" \/>\n<meta property=\"og:locale\" content=\"it_IT\" \/>\n<meta property=\"og:type\" content=\"article\" \/>\n<meta property=\"og:title\" content=\"Ex Stere, il recupero non \u00e8 ancora partito\" \/>\n<meta property=\"og:description\" content=\"I residenti della zona speravano nella bonifica dei tetti in amianto e nell&#039;abbattimento dei capannoni fatiscenti. Ma per ora il progetto non \u00e8 ancora partita: il proprietario dell&#039;area e il Comune devono trovare un accordo su quanto costruire\" \/>\n<meta property=\"og:url\" content=\"https:\/\/staging.varesenews.it\/2018\/11\/ex-stere-recupero-non-ancora-partito\/770647\/\" \/>\n<meta property=\"og:site_name\" content=\"VareseNews\" \/>\n<meta property=\"article:publisher\" content=\"https:\/\/www.facebook.com\/varesenews\" \/>\n<meta property=\"article:published_time\" content=\"2018-11-22T14:31:15+00:00\" \/>\n<meta property=\"article:modified_time\" content=\"2018-11-22T15:14:43+00:00\" \/>\n<meta name=\"author\" content=\"Roberto Morandi\" \/>\n<meta name=\"twitter:card\" content=\"summary_large_image\" \/>\n<meta name=\"twitter:creator\" content=\"@ilmorands\" \/>\n<meta name=\"twitter:site\" content=\"@varesenews\" \/>\n<meta name=\"twitter:label1\" content=\"Scritto da\" \/>\n\t<meta name=\"twitter:data1\" content=\"Roberto Morandi\" \/>\n\t<meta name=\"twitter:label2\" content=\"Tempo di lettura stimato\" \/>\n\t<meta name=\"twitter:data2\" content=\"2 minuti\" \/>\n<script type=\"application\/ld+json\" class=\"yoast-schema-graph\">{\"@context\":\"https:\/\/schema.org\",\"@graph\":[{\"@type\":\"WebPage\",\"@id\":\"https:\/\/staging.varesenews.it\/2018\/11\/ex-stere-recupero-non-ancora-partito\/770647\/\",\"url\":\"https:\/\/staging.varesenews.it\/2018\/11\/ex-stere-recupero-non-ancora-partito\/770647\/\",\"name\":\"Ex Stere, il recupero non \u00e8 ancora partito\",\"isPartOf\":{\"@id\":\"https:\/\/staging.varesenews.it\/#website\"},\"datePublished\":\"2018-11-22T14:31:15+00:00\",\"dateModified\":\"2018-11-22T15:14:43+00:00\",\"author\":{\"@id\":\"https:\/\/staging.varesenews.it\/#\/schema\/person\/efe592ae4c76536b551f89d8b6674bc3\"},\"description\":\"I residenti della zona speravano nella bonifica dei tetti in amianto e nell'abbattimento dei capannoni fatiscenti. Ma per ora il progetto non \u00e8 ancora partita: il proprietario dell'area e il Comune devono trovare un accordo su quanto costruire\",\"breadcrumb\":{\"@id\":\"https:\/\/staging.varesenews.it\/2018\/11\/ex-stere-recupero-non-ancora-partito\/770647\/#breadcrumb\"},\"inLanguage\":\"it-IT\",\"potentialAction\":[{\"@type\":\"ReadAction\",\"target\":[\"https:\/\/staging.varesenews.it\/2018\/11\/ex-stere-recupero-non-ancora-partito\/770647\/\"]}]},{\"@type\":\"BreadcrumbList\",\"@id\":\"https:\/\/staging.varesenews.it\/2018\/11\/ex-stere-recupero-non-ancora-partito\/770647\/#breadcrumb\",\"itemListElement\":[{\"@type\":\"ListItem\",\"position\":1,\"name\":\"Home\",\"item\":\"https:\/\/www.varesenews.it\/\"},{\"@type\":\"ListItem\",\"position\":2,\"name\":\"Ex Stere, il recupero non \u00e8 ancora partito\"}]},{\"@type\":\"WebSite\",\"@id\":\"https:\/\/staging.varesenews.it\/#website\",\"url\":\"https:\/\/staging.varesenews.it\/\",\"name\":\"VareseNews\",\"description\":\"\",\"potentialAction\":[{\"@type\":\"SearchAction\",\"target\":{\"@type\":\"EntryPoint\",\"urlTemplate\":\"https:\/\/staging.varesenews.it\/?s={search_term_string}\"},\"query-input\":\"required name=search_term_string\"}],\"inLanguage\":\"it-IT\"},{\"@type\":\"Person\",\"@id\":\"https:\/\/staging.varesenews.it\/#\/schema\/person\/efe592ae4c76536b551f89d8b6674bc3\",\"name\":\"Roberto Morandi\",\"image\":{\"@type\":\"ImageObject\",\"inLanguage\":\"it-IT\",\"@id\":\"https:\/\/staging.varesenews.it\/#\/schema\/person\/image\/\",\"url\":\"https:\/\/staging.varesenews.it\/wp-content\/uploads\/2020\/12\/roberto_morandi_colori_500.jpg\",\"contentUrl\":\"https:\/\/staging.varesenews.it\/wp-content\/uploads\/2020\/12\/roberto_morandi_colori_500.jpg\",\"caption\":\"Roberto Morandi\"},\"description\":\"Classe 1980, laureato in storia, mi occupo dell&rsquo;area di Gallarate e di Malpensa, di trasporti e mobilit&agrave;. Amo molto la dimensione della citt&agrave;, come luogo d&rsquo;incontro di persone diverse e come organismo che si trasforma costantemente. Mi piace anche raccontare le piccole e grandi vicende, anche locali, che compongono la Storia con la S maiuscola. Appassionato di bicicletta: la macchina perfetta per muoversi in citt&agrave; e per viaggiare.\",\"sameAs\":[\"https:\/\/twitter.com\/ilmorands\"],\"url\":\"https:\/\/staging.varesenews.it\/persona\/roberto-morandi1\/\"}]}<\/script>\n<!-- \/ Yoast SEO plugin. -->","yoast_head_json":{"title":"Ex Stere, il recupero non \u00e8 ancora partito","description":"I residenti della zona speravano nella bonifica dei tetti in amianto e nell'abbattimento dei capannoni fatiscenti. Ma per ora il progetto non \u00e8 ancora partita: il proprietario dell'area e il Comune devono trovare un accordo su quanto costruire","robots":{"index":"noindex","follow":"follow","max-snippet":"max-snippet:-1","max-image-preview":"max-image-preview:large","max-video-preview":"max-video-preview:-1"},"og_locale":"it_IT","og_type":"article","og_title":"Ex Stere, il recupero non \u00e8 ancora partito","og_description":"I residenti della zona speravano nella bonifica dei tetti in amianto e nell'abbattimento dei capannoni fatiscenti. Ma per ora il progetto non \u00e8 ancora partita: il proprietario dell'area e il Comune devono trovare un accordo su quanto costruire","og_url":"https:\/\/staging.varesenews.it\/2018\/11\/ex-stere-recupero-non-ancora-partito\/770647\/","og_site_name":"VareseNews","article_publisher":"https:\/\/www.facebook.com\/varesenews","article_published_time":"2018-11-22T14:31:15+00:00","article_modified_time":"2018-11-22T15:14:43+00:00","author":"Roberto Morandi","twitter_card":"summary_large_image","twitter_creator":"@ilmorands","twitter_site":"@varesenews","twitter_misc":{"Scritto da":"Roberto Morandi","Tempo di lettura stimato":"2 minuti"},"schema":{"@context":"https:\/\/schema.org","@graph":[{"@type":"WebPage","@id":"https:\/\/staging.varesenews.it\/2018\/11\/ex-stere-recupero-non-ancora-partito\/770647\/","url":"https:\/\/staging.varesenews.it\/2018\/11\/ex-stere-recupero-non-ancora-partito\/770647\/","name":"Ex Stere, il recupero non \u00e8 ancora partito","isPartOf":{"@id":"https:\/\/staging.varesenews.it\/#website"},"datePublished":"2018-11-22T14:31:15+00:00","dateModified":"2018-11-22T15:14:43+00:00","author":{"@id":"https:\/\/staging.varesenews.it\/#\/schema\/person\/efe592ae4c76536b551f89d8b6674bc3"},"description":"I residenti della zona speravano nella bonifica dei tetti in amianto e nell'abbattimento dei capannoni fatiscenti. Ma per ora il progetto non \u00e8 ancora partita: il proprietario dell'area e il Comune devono trovare un accordo su quanto costruire","breadcrumb":{"@id":"https:\/\/staging.varesenews.it\/2018\/11\/ex-stere-recupero-non-ancora-partito\/770647\/#breadcrumb"},"inLanguage":"it-IT","potentialAction":[{"@type":"ReadAction","target":["https:\/\/staging.varesenews.it\/2018\/11\/ex-stere-recupero-non-ancora-partito\/770647\/"]}]},{"@type":"BreadcrumbList","@id":"https:\/\/staging.varesenews.it\/2018\/11\/ex-stere-recupero-non-ancora-partito\/770647\/#breadcrumb","itemListElement":[{"@type":"ListItem","position":1,"name":"Home","item":"https:\/\/www.varesenews.it\/"},{"@type":"ListItem","position":2,"name":"Ex Stere, il recupero non \u00e8 ancora partito"}]},{"@type":"WebSite","@id":"https:\/\/staging.varesenews.it\/#website","url":"https:\/\/staging.varesenews.it\/","name":"VareseNews","description":"","potentialAction":[{"@type":"SearchAction","target":{"@type":"EntryPoint","urlTemplate":"https:\/\/staging.varesenews.it\/?s={search_term_string}"},"query-input":"required name=search_term_string"}],"inLanguage":"it-IT"},{"@type":"Person","@id":"https:\/\/staging.varesenews.it\/#\/schema\/person\/efe592ae4c76536b551f89d8b6674bc3","name":"Roberto Morandi","image":{"@type":"ImageObject","inLanguage":"it-IT","@id":"https:\/\/staging.varesenews.it\/#\/schema\/person\/image\/","url":"https:\/\/staging.varesenews.it\/wp-content\/uploads\/2020\/12\/roberto_morandi_colori_500.jpg","contentUrl":"https:\/\/staging.varesenews.it\/wp-content\/uploads\/2020\/12\/roberto_morandi_colori_500.jpg","caption":"Roberto Morandi"},"description":"Classe 1980, laureato in storia, mi occupo dell&rsquo;area di Gallarate e di Malpensa, di trasporti e mobilit&agrave;. Amo molto la dimensione della citt&agrave;, come luogo d&rsquo;incontro di persone diverse e come organismo che si trasforma costantemente. Mi piace anche raccontare le piccole e grandi vicende, anche locali, che compongono la Storia con la S maiuscola. Appassionato di bicicletta: la macchina perfetta per muoversi in citt&agrave; e per viaggiare.","sameAs":["https:\/\/twitter.com\/ilmorands"],"url":"https:\/\/staging.varesenews.it\/persona\/roberto-morandi1\/"}]}},"post_meta":{"_edit_lock":"1543080892:46","_edit_last":"46","_category_permalink":"a:1:{s:8:\"category\";s:0:\"\";}","_yoast_wpseo_content_score":"30","_jd_tweet_this":"yes","foto":"706625","argomento":"Cardano al Campo","_wpt_short_url":"http:\/\/www.varesenews.it\/2018\/11\/ex-stere-recupero-non-ancora-partito\/770647\/","_wp_jd_target":"http:\/\/www.varesenews.it\/2018\/11\/ex-stere-recupero-non-ancora-partito\/770647\/","_jd_wp_twitter":"a:1:{i:0;s:130:\"Ex Stere, il recupero non \u00e8 ancora partito http:\/\/www.varesenews.it\/2018\/11\/ex-stere-recupero-non-ancora-partito\/770647\/ #exstere\";}","_wpt_status_message":"Tweet inviato con successo.","ratings_users":"0","ratings_score":"0","ratings_average":"0","id_leggi_anche":"797784"},"photos":[{"original":"https:\/\/staging.varesenews.it\/photogallery_new\/images\/2018\/11\/ex-stere-cardano-novembre-2018-706625.jpg","full":"https:\/\/staging.varesenews.it\/photogallery_new\/images\/2018\/11\/ex-stere-cardano-novembre-2018-706625.1024x768.jpg","large":"https:\/\/staging.varesenews.it\/photogallery_new\/images\/2018\/11\/ex-stere-cardano-novembre-2018-706625.610x431.jpg"}],"_links":{"self":[{"href":"https:\/\/staging.varesenews.it\/swgapi\/v1\/wp\/v2\/posts\/770647"}],"collection":[{"href":"https:\/\/staging.varesenews.it\/swgapi\/v1\/wp\/v2\/posts"}],"about":[{"href":"https:\/\/staging.varesenews.it\/swgapi\/v1\/wp\/v2\/types\/post"}],"author":[{"embeddable":true,"href":"https:\/\/staging.varesenews.it\/swgapi\/v1\/wp\/v2\/users\/46"}],"replies":[{"embeddable":true,"href":"https:\/\/staging.varesenews.it\/swgapi\/v1\/wp\/v2\/comments?post=770647"}],"version-history":[{"count":0,"href":"https:\/\/staging.varesenews.it\/swgapi\/v1\/wp\/v2\/posts\/770647\/revisions"}],"wp:attachment":[{"href":"https:\/\/staging.varesenews.it\/swgapi\/v1\/wp\/v2\/media?parent=770647"}],"wp:term":[{"taxonomy":"category","embeddable":true,"href":"https:\/\/staging.varesenews.it\/swgapi\/v1\/wp\/v2\/categories?post=770647"},{"taxonomy":"post_tag","embeddable":true,"href":"https:\/\/staging.varesenews.it\/swgapi\/v1\/wp\/v2\/tags?post=770647"}],"curies":[{"name":"wp","href":"https:\/\/api.w.org\/{rel}","templated":true}]}}