{"id":770821,"date":"2018-11-21T15:46:50","date_gmt":"2018-11-21T14:46:50","guid":{"rendered":"https:\/\/www.varesenews.it\/?p=770821"},"modified":"2018-11-21T15:46:50","modified_gmt":"2018-11-21T14:46:50","slug":"venerdi-le-premiazioni-mille-storia","status":"publish","type":"post","link":"https:\/\/staging.varesenews.it\/2018\/11\/venerdi-le-premiazioni-mille-storia\/770821\/","title":{"rendered":"Venerd\u00ec le premiazioni di &#8220;Mille e una storia&#8221;"},"content":{"rendered":"<p>Ospiti illustri (dal sindaco di Busto Arsizio Emanuele Antonelli al presidente dell\u2019Unione degli Industriali della provincia di Varese Riccardo Comerio), aspiranti scrittori provenienti da tutta Italia (a cominciare dagli studenti degli Istituti medi superiori e delle Scuole medie), testimoni d\u2019eccellenza e una nuova location: si preannuncia particolarmente ricca la serata delle premiazioni della nona edizione di \u201cMille e\u2026 Una Storia\u201d, il concorso letterario promosso dalla GMC Editore e dalla testata l\u2019Inform@zioneonline.<\/p>\n<p>L\u2019appuntamento \u00e8 per venerd\u00ec 23 novembre alle 21 al Teatro \u201cSociale\u201d di Busto Arsizio, che aveva gi\u00e0 tenuto a battesimo l\u2019iniziativa ospitandone la prima edizione. \u00abNegli ultimi anni la cerimonia si era sempre tenuta alla sala \u201cTramogge\u201d dei Molini Marzoli, ma il crescente successo di pubblico ci ha indotti a cercare una location pi\u00f9 capiente \u2013 spiegano i conduttori della serata Gianluigi Marcora (direttore de l\u2019Inform@zioneonline e fondatore con Massimo Castiglioni della GMC Editore) e Luciano Landoni (giornalista economico e responsabile della collana editoriale \u201cRomanzi Industriali\u201d della GMC Editore) \u2013 Al \u201cSociale\u201d ci sono oltre 640 posti a sedere. La sfida sar\u00e0 occuparli tutti e speriamo magari di doverne aggiungere altri\u00bb.<\/p>\n<p>Una caratteristica fondamentale che da sempre distingue \u201cMille e \u2026 Una Storia\u201d \u00e8 il coinvolgimento di numerosissimi imprenditori del territorio che, visto l\u2019innegabile valore sociale e culturale del concorso letterario e la sua diffusione a livello nazionale, lo sponsorizzano con generosit\u00e0 e lungimiranza sin dall\u2019inizio.<\/p>\n<p>\u201cHo sempre aderito con grande piacere a questa importante manifestazione culturale\u00a0\u2013 spiega uno di loro \u2013\u00a0perch\u00e9 il suo fulcro \u00e8 la valorizzazione dei giovani e, di conseguenza, del futuro. La particolare fase socio-economica che stiamo attraversando \u00e8 fra le pi\u00f9 complesse di sempre e la tentazione diffusa \u00e8 quella di assecondare la conservazione (impossibile) del passato, anche attraverso misure assistenziali tanto costose quanto miopi, piuttosto che la progettazione e la conquista del domani. Un\u2019iniziativa come questa\u00a0\u2013 conclude l\u2019imprenditore \u2013\u00a0si pone in positiva contro-tendenza, crede nei giovani e vuole premiarli, rappresenta quindi una specie di \u2018inno\u2019 al futuro. Ecco perch\u00e9 sono felice di sostenerla!\u201d.<\/p>\n<p>Il tema della 9\u00b0 edizione del premio, con cui si sono cimentati aspiranti scrittori di ogni et\u00e0, \u00e8 racchiuso nella formula \u201cLa tua chiave di scrittura\/lettura del mondo\u201d e gli organizzatori hanno invitato una serie di testimoni eccellenti che lo espliciteranno nel corso della serata di venerd\u00ec prossimo con le loro storie: ciascuno ha dato una personalissima chiave di lettura della propria vita e del proprio lavoro.<\/p>\n<p>In sala ci saranno l\u2019artista varesino Peter Hide 311065 (alias dell\u2019architetto Franco Crugnola), che da anni dedica le proprie opere al tema del denaro declinandolo in modo originale; l\u2019urban artist Andrea Ravo Mattoni, che da Luvinate si \u00e8 fatto conoscere in tutto il mondo per le sue riproduzioni dei capolavori della storia dell\u2019arte realizzate con la bomboletta spray; la sposa single brianzola Laura Mesi, divenuta celebre a livello internazionale per essersi sposata da sola; e infine Massimo Rossi, portavoce di Marina, la gatta-sindaco di Gravellona Lomellina (nel Pavese) che ha all\u2019attivo persino la celebrazione di un matrimonio.<\/p>\n<p>Inoltre sar\u00e0 presente in qualit\u00e0 di ospite d\u2019eccezione Samuel Artale, sopravvissuto al campo di sterminio nazista di Auschwitz, che porter\u00e0 la propria testimonianza. \u00abDurante la serata sono previste ben 19 premiazioni e a tutti i partecipanti verranno donati due volumi, ognuno dei quali di oltre 300 pagine, \u2013 spiega Massimo Castiglioni, direttore editoriale de l\u2019Inform@zioneonline &#8211; contenenti i racconti valutati dalla giuria del premio per le tre categorie Lettori, Studenti e Piccoli Autori\u201d.<\/p>\n","protected":false},"excerpt":{"rendered":"<p>La serata di premiazione della nona edizione del concorso letterario dedicato ai giovani, torna l\u00ec dove tutto era iniziato<\/p>\n","protected":false},"author":47,"featured_media":0,"comment_status":"open","ping_status":"open","sticky":false,"template":"","format":"standard","meta":{"footnotes":""},"categories":[4],"tags":[17511,92046],"acf":[],"yoast_head":"<!-- This site is optimized with the Yoast SEO plugin v20.1 - https:\/\/yoast.com\/wordpress\/plugins\/seo\/ -->\n<title>Venerd\u00ec le premiazioni di &quot;Mille e una storia&quot;<\/title>\n<meta name=\"description\" content=\"La serata di premiazione della nona edizione del concorso letterario dedicato ai giovani, torna l\u00ec dove tutto era iniziato\" \/>\n<meta name=\"robots\" content=\"noindex, follow, max-snippet:-1, max-image-preview:large, max-video-preview:-1\" \/>\n<meta property=\"og:locale\" content=\"it_IT\" \/>\n<meta property=\"og:type\" content=\"article\" \/>\n<meta property=\"og:title\" content=\"Venerd\u00ec le premiazioni di &quot;Mille e una storia&quot;\" \/>\n<meta property=\"og:description\" content=\"La serata di premiazione della nona edizione del concorso letterario dedicato ai giovani, torna l\u00ec dove tutto era iniziato\" \/>\n<meta property=\"og:url\" content=\"https:\/\/staging.varesenews.it\/2018\/11\/venerdi-le-premiazioni-mille-storia\/770821\/\" \/>\n<meta property=\"og:site_name\" content=\"VareseNews\" \/>\n<meta property=\"article:publisher\" content=\"https:\/\/www.facebook.com\/varesenews\" \/>\n<meta property=\"article:published_time\" content=\"2018-11-21T14:46:50+00:00\" \/>\n<meta name=\"author\" content=\"Orlando Mastrillo\" \/>\n<meta name=\"twitter:card\" content=\"summary_large_image\" \/>\n<meta name=\"twitter:creator\" content=\"@nando_mastrillo\" \/>\n<meta name=\"twitter:site\" content=\"@varesenews\" \/>\n<meta name=\"twitter:label1\" content=\"Scritto da\" \/>\n\t<meta name=\"twitter:data1\" content=\"Orlando Mastrillo\" \/>\n\t<meta name=\"twitter:label2\" content=\"Tempo di lettura stimato\" \/>\n\t<meta name=\"twitter:data2\" content=\"3 minuti\" \/>\n<script type=\"application\/ld+json\" class=\"yoast-schema-graph\">{\"@context\":\"https:\/\/schema.org\",\"@graph\":[{\"@type\":\"WebPage\",\"@id\":\"https:\/\/staging.varesenews.it\/2018\/11\/venerdi-le-premiazioni-mille-storia\/770821\/\",\"url\":\"https:\/\/staging.varesenews.it\/2018\/11\/venerdi-le-premiazioni-mille-storia\/770821\/\",\"name\":\"Venerd\u00ec le premiazioni di \\\"Mille e una storia\\\"\",\"isPartOf\":{\"@id\":\"https:\/\/staging.varesenews.it\/#website\"},\"datePublished\":\"2018-11-21T14:46:50+00:00\",\"dateModified\":\"2018-11-21T14:46:50+00:00\",\"author\":{\"@id\":\"https:\/\/staging.varesenews.it\/#\/schema\/person\/14c47ccce537a9058dddce296f10b296\"},\"description\":\"La serata di premiazione della nona edizione del concorso letterario dedicato ai giovani, torna l\u00ec dove tutto era iniziato\",\"breadcrumb\":{\"@id\":\"https:\/\/staging.varesenews.it\/2018\/11\/venerdi-le-premiazioni-mille-storia\/770821\/#breadcrumb\"},\"inLanguage\":\"it-IT\",\"potentialAction\":[{\"@type\":\"ReadAction\",\"target\":[\"https:\/\/staging.varesenews.it\/2018\/11\/venerdi-le-premiazioni-mille-storia\/770821\/\"]}]},{\"@type\":\"BreadcrumbList\",\"@id\":\"https:\/\/staging.varesenews.it\/2018\/11\/venerdi-le-premiazioni-mille-storia\/770821\/#breadcrumb\",\"itemListElement\":[{\"@type\":\"ListItem\",\"position\":1,\"name\":\"Home\",\"item\":\"https:\/\/www.varesenews.it\/\"},{\"@type\":\"ListItem\",\"position\":2,\"name\":\"Venerd\u00ec le premiazioni di &#8220;Mille e una storia&#8221;\"}]},{\"@type\":\"WebSite\",\"@id\":\"https:\/\/staging.varesenews.it\/#website\",\"url\":\"https:\/\/staging.varesenews.it\/\",\"name\":\"VareseNews\",\"description\":\"\",\"potentialAction\":[{\"@type\":\"SearchAction\",\"target\":{\"@type\":\"EntryPoint\",\"urlTemplate\":\"https:\/\/staging.varesenews.it\/?s={search_term_string}\"},\"query-input\":\"required name=search_term_string\"}],\"inLanguage\":\"it-IT\"},{\"@type\":\"Person\",\"@id\":\"https:\/\/staging.varesenews.it\/#\/schema\/person\/14c47ccce537a9058dddce296f10b296\",\"name\":\"Orlando Mastrillo\",\"image\":{\"@type\":\"ImageObject\",\"inLanguage\":\"it-IT\",\"@id\":\"https:\/\/staging.varesenews.it\/#\/schema\/person\/image\/\",\"url\":\"https:\/\/staging.varesenews.it\/wp-content\/uploads\/2020\/12\/orlando_mastrillo_colori_500.jpg\",\"contentUrl\":\"https:\/\/staging.varesenews.it\/wp-content\/uploads\/2020\/12\/orlando_mastrillo_colori_500.jpg\",\"caption\":\"Orlando Mastrillo\"},\"description\":\"Nasco a Luino nel 1981, ho iniziato questo lavoro nell'estate del 2003 nella redazione de Il Giorno di Varese e dall'anno successivo ho intrapreso la collaborazione con VareseNews. Dopo anni nell'Alto Varesotto mi sono trasferito a Busto Arsizio nel 2007, territorio che ho iniziato a seguire e che seguo tutt'oggi. Nel 2013 sono diventato giornalista professionista. Mi occupo di cronaca politica, giudiziaria e nera in una vasta area che comprende anche parte della Valle Olona e il Legnanese. Sono sposato con Valeria Arini e ho due splendide figlie.\",\"sameAs\":[\"or_ma\",\"https:\/\/twitter.com\/nando_mastrillo\"],\"url\":\"https:\/\/staging.varesenews.it\/persona\/orlando-mastrillo1\/\"}]}<\/script>\n<!-- \/ Yoast SEO plugin. -->","yoast_head_json":{"title":"Venerd\u00ec le premiazioni di \"Mille e una storia\"","description":"La serata di premiazione della nona edizione del concorso letterario dedicato ai giovani, torna l\u00ec dove tutto era iniziato","robots":{"index":"noindex","follow":"follow","max-snippet":"max-snippet:-1","max-image-preview":"max-image-preview:large","max-video-preview":"max-video-preview:-1"},"og_locale":"it_IT","og_type":"article","og_title":"Venerd\u00ec le premiazioni di \"Mille e una storia\"","og_description":"La serata di premiazione della nona edizione del concorso letterario dedicato ai giovani, torna l\u00ec dove tutto era iniziato","og_url":"https:\/\/staging.varesenews.it\/2018\/11\/venerdi-le-premiazioni-mille-storia\/770821\/","og_site_name":"VareseNews","article_publisher":"https:\/\/www.facebook.com\/varesenews","article_published_time":"2018-11-21T14:46:50+00:00","author":"Orlando Mastrillo","twitter_card":"summary_large_image","twitter_creator":"@nando_mastrillo","twitter_site":"@varesenews","twitter_misc":{"Scritto da":"Orlando Mastrillo","Tempo di lettura stimato":"3 minuti"},"schema":{"@context":"https:\/\/schema.org","@graph":[{"@type":"WebPage","@id":"https:\/\/staging.varesenews.it\/2018\/11\/venerdi-le-premiazioni-mille-storia\/770821\/","url":"https:\/\/staging.varesenews.it\/2018\/11\/venerdi-le-premiazioni-mille-storia\/770821\/","name":"Venerd\u00ec le premiazioni di \"Mille e una storia\"","isPartOf":{"@id":"https:\/\/staging.varesenews.it\/#website"},"datePublished":"2018-11-21T14:46:50+00:00","dateModified":"2018-11-21T14:46:50+00:00","author":{"@id":"https:\/\/staging.varesenews.it\/#\/schema\/person\/14c47ccce537a9058dddce296f10b296"},"description":"La serata di premiazione della nona edizione del concorso letterario dedicato ai giovani, torna l\u00ec dove tutto era iniziato","breadcrumb":{"@id":"https:\/\/staging.varesenews.it\/2018\/11\/venerdi-le-premiazioni-mille-storia\/770821\/#breadcrumb"},"inLanguage":"it-IT","potentialAction":[{"@type":"ReadAction","target":["https:\/\/staging.varesenews.it\/2018\/11\/venerdi-le-premiazioni-mille-storia\/770821\/"]}]},{"@type":"BreadcrumbList","@id":"https:\/\/staging.varesenews.it\/2018\/11\/venerdi-le-premiazioni-mille-storia\/770821\/#breadcrumb","itemListElement":[{"@type":"ListItem","position":1,"name":"Home","item":"https:\/\/www.varesenews.it\/"},{"@type":"ListItem","position":2,"name":"Venerd\u00ec le premiazioni di &#8220;Mille e una storia&#8221;"}]},{"@type":"WebSite","@id":"https:\/\/staging.varesenews.it\/#website","url":"https:\/\/staging.varesenews.it\/","name":"VareseNews","description":"","potentialAction":[{"@type":"SearchAction","target":{"@type":"EntryPoint","urlTemplate":"https:\/\/staging.varesenews.it\/?s={search_term_string}"},"query-input":"required name=search_term_string"}],"inLanguage":"it-IT"},{"@type":"Person","@id":"https:\/\/staging.varesenews.it\/#\/schema\/person\/14c47ccce537a9058dddce296f10b296","name":"Orlando Mastrillo","image":{"@type":"ImageObject","inLanguage":"it-IT","@id":"https:\/\/staging.varesenews.it\/#\/schema\/person\/image\/","url":"https:\/\/staging.varesenews.it\/wp-content\/uploads\/2020\/12\/orlando_mastrillo_colori_500.jpg","contentUrl":"https:\/\/staging.varesenews.it\/wp-content\/uploads\/2020\/12\/orlando_mastrillo_colori_500.jpg","caption":"Orlando Mastrillo"},"description":"Nasco a Luino nel 1981, ho iniziato questo lavoro nell'estate del 2003 nella redazione de Il Giorno di Varese e dall'anno successivo ho intrapreso la collaborazione con VareseNews. Dopo anni nell'Alto Varesotto mi sono trasferito a Busto Arsizio nel 2007, territorio che ho iniziato a seguire e che seguo tutt'oggi. Nel 2013 sono diventato giornalista professionista. Mi occupo di cronaca politica, giudiziaria e nera in una vasta area che comprende anche parte della Valle Olona e il Legnanese. Sono sposato con Valeria Arini e ho due splendide figlie.","sameAs":["or_ma","https:\/\/twitter.com\/nando_mastrillo"],"url":"https:\/\/staging.varesenews.it\/persona\/orlando-mastrillo1\/"}]}},"post_meta":{"_edit_lock":"1542811589:47","_edit_last":"47","_category_permalink":"a:1:{s:8:\"category\";s:0:\"\";}","ratings_users":"0","ratings_score":"0","ratings_average":"0","foto":"417609","firma_come_redazione":"1","argomento":"Busto Arsizio","_yoast_wpseo_content_score":"30","_jd_tweet_this":"yes","_wpt_short_url":"https:\/\/www.varesenews.it\/2018\/11\/venerdi-le-premiazioni-mille-storia\/770821\/","_wp_jd_target":"https:\/\/www.varesenews.it\/2018\/11\/venerdi-le-premiazioni-mille-storia\/770821\/","_jd_wp_twitter":"a:1:{i:0;s:146:\"Venerd\u00ec le premiazioni di \u201cMille e una storia\u201d https:\/\/www.varesenews.it\/2018\/11\/venerdi-le-premiazioni-mille-storia\/770821\/ #milleeunastoria\";}","_wpt_status_message":"Tweet inviato con successo."},"photos":[{"original":"https:\/\/staging.varesenews.it\/photogallery_new\/images\/2014\/10\/teatro-sociale-busto-417609.jpg","full":"https:\/\/staging.varesenews.it\/photogallery_new\/images\/2014\/10\/teatro-sociale-busto-417609.1024x768.jpg","large":"https:\/\/staging.varesenews.it\/photogallery_new\/images\/2014\/10\/teatro-sociale-busto-417609.610x431.jpg"}],"_links":{"self":[{"href":"https:\/\/staging.varesenews.it\/swgapi\/v1\/wp\/v2\/posts\/770821"}],"collection":[{"href":"https:\/\/staging.varesenews.it\/swgapi\/v1\/wp\/v2\/posts"}],"about":[{"href":"https:\/\/staging.varesenews.it\/swgapi\/v1\/wp\/v2\/types\/post"}],"author":[{"embeddable":true,"href":"https:\/\/staging.varesenews.it\/swgapi\/v1\/wp\/v2\/users\/47"}],"replies":[{"embeddable":true,"href":"https:\/\/staging.varesenews.it\/swgapi\/v1\/wp\/v2\/comments?post=770821"}],"version-history":[{"count":0,"href":"https:\/\/staging.varesenews.it\/swgapi\/v1\/wp\/v2\/posts\/770821\/revisions"}],"wp:attachment":[{"href":"https:\/\/staging.varesenews.it\/swgapi\/v1\/wp\/v2\/media?parent=770821"}],"wp:term":[{"taxonomy":"category","embeddable":true,"href":"https:\/\/staging.varesenews.it\/swgapi\/v1\/wp\/v2\/categories?post=770821"},{"taxonomy":"post_tag","embeddable":true,"href":"https:\/\/staging.varesenews.it\/swgapi\/v1\/wp\/v2\/tags?post=770821"}],"curies":[{"name":"wp","href":"https:\/\/api.w.org\/{rel}","templated":true}]}}