{"id":771096,"date":"2018-11-22T12:36:23","date_gmt":"2018-11-22T11:36:23","guid":{"rendered":"https:\/\/www.varesenews.it\/?p=771096"},"modified":"2018-11-22T13:39:59","modified_gmt":"2018-11-22T12:39:59","slug":"voce-al-silenzio-parole-musica-parlano-donne-violenza-coraggio","status":"publish","type":"post","link":"https:\/\/staging.varesenews.it\/2018\/11\/voce-al-silenzio-parole-musica-parlano-donne-violenza-coraggio\/771096\/","title":{"rendered":"&#8220;Voce al silenzio&#8221;, parole e musica che parlano di donne, violenza e coraggio"},"content":{"rendered":"<p>Il Comune di Olgiate Olona, in occasione della <strong>Settimana contro la violenza sulle donne<\/strong> che culminer\u00e0 domenica nella Giornata internazionale dedicata a questo drammatico tema, organizza per <strong>sabato 24 novembre<\/strong> uno spettacolo intitolato &#8220;<strong>Voce al silenzio<\/strong>&#8220;.<\/p>\n<p>Durante la serata il<strong> gruppo musicale Barab\u00e0n<\/strong> proporr\u00e0 alcune delle pi\u00f9 belle canzoni di <strong>Fabrizio De Andr\u00e8<\/strong>, alternate alla lettura di <strong>poesie di Alda Merini<\/strong> e a testimonianze e brani di Dacia Maraini, Serena Dandini e altri autori che hanno affrontato questo tema, per dare voce a chi ha subito violenza e alle tante donne che hanno trovato il coraggio di denunciare.<\/p>\n<p>L&#8217;appuntamento \u00e8 per le <strong>21 al Cinema Teatro Nuovo<\/strong> di via Bellotti 22.<\/p>\n<p>L&#8217;iniziativa, organizzata in collaborazione con il <strong>Circolo Fratellanza e Pace<\/strong>\u00a0di Legnano e da <a href=\"https:\/\/www.facebook.com\/Centro-Antiviolenza-Icore-499343796939944\/\"><strong>Icore &#8211; Centro di ascolto<\/strong><\/a> e accompagnamento contro la violenza, \u00e8 ad <strong>ingresso libero.<\/strong><\/p>\n<p><a href=\"http:\/\/www.varesenews.it\/wp-content\/uploads\/2018\/11\/VOCE-AL-SILENZIO_COMUNICATO-STAMPA-1.pdf\"><strong>Qui il programma della serata<\/strong><\/a><\/p>\n","protected":false},"excerpt":{"rendered":"<p>Sabato 24 novembre le canzoni pi\u00f9 belle di Fabrizio De Andr\u00e8, poesie e letture danno vita ad uno spettacolo in occasione della Settimana contro la violenza<\/p>\n","protected":false},"author":44,"featured_media":0,"comment_status":"open","ping_status":"open","sticky":false,"template":"","format":"standard","meta":{"footnotes":""},"categories":[4,18,21],"tags":[92071,91959,158],"acf":[],"yoast_head":"<!-- This site is optimized with the Yoast SEO plugin v20.1 - https:\/\/yoast.com\/wordpress\/plugins\/seo\/ -->\n<title>&quot;Voce al silenzio&quot;, parole e musica che parlano di donne, violenza e coraggio<\/title>\n<meta name=\"description\" content=\"Sabato 24 novembre le canzoni pi\u00f9 belle di Fabrizio De Andr\u00e8, poesie e letture danno vita ad uno spettacolo in occasione della Settimana contro la violenza\" \/>\n<meta name=\"robots\" content=\"noindex, follow, max-snippet:-1, max-image-preview:large, max-video-preview:-1\" \/>\n<meta property=\"og:locale\" content=\"it_IT\" \/>\n<meta property=\"og:type\" content=\"article\" \/>\n<meta property=\"og:title\" content=\"&quot;Voce al silenzio&quot;, parole e musica che parlano di donne, violenza e coraggio\" \/>\n<meta property=\"og:description\" content=\"Sabato 24 novembre le canzoni pi\u00f9 belle di Fabrizio De Andr\u00e8, poesie e letture danno vita ad uno spettacolo in occasione della Settimana contro la violenza\" \/>\n<meta property=\"og:url\" content=\"https:\/\/staging.varesenews.it\/2018\/11\/voce-al-silenzio-parole-musica-parlano-donne-violenza-coraggio\/771096\/\" \/>\n<meta property=\"og:site_name\" content=\"VareseNews\" \/>\n<meta property=\"article:publisher\" content=\"https:\/\/www.facebook.com\/varesenews\" \/>\n<meta property=\"article:author\" content=\"https:\/\/www.facebook.com\/mariangela.gerletti\" \/>\n<meta property=\"article:published_time\" content=\"2018-11-22T11:36:23+00:00\" \/>\n<meta property=\"article:modified_time\" content=\"2018-11-22T12:39:59+00:00\" \/>\n<meta name=\"author\" content=\"Mariangela Gerletti\" \/>\n<meta name=\"twitter:card\" content=\"summary_large_image\" \/>\n<meta name=\"twitter:creator\" content=\"@MariGerletti\" \/>\n<meta name=\"twitter:site\" content=\"@varesenews\" \/>\n<meta name=\"twitter:label1\" content=\"Scritto da\" \/>\n\t<meta name=\"twitter:data1\" content=\"Mariangela Gerletti\" \/>\n\t<meta name=\"twitter:label2\" content=\"Tempo di lettura stimato\" \/>\n\t<meta name=\"twitter:data2\" content=\"1 minuto\" \/>\n<script type=\"application\/ld+json\" class=\"yoast-schema-graph\">{\"@context\":\"https:\/\/schema.org\",\"@graph\":[{\"@type\":\"WebPage\",\"@id\":\"https:\/\/staging.varesenews.it\/2018\/11\/voce-al-silenzio-parole-musica-parlano-donne-violenza-coraggio\/771096\/\",\"url\":\"https:\/\/staging.varesenews.it\/2018\/11\/voce-al-silenzio-parole-musica-parlano-donne-violenza-coraggio\/771096\/\",\"name\":\"\\\"Voce al silenzio\\\", parole e musica che parlano di donne, violenza e coraggio\",\"isPartOf\":{\"@id\":\"https:\/\/staging.varesenews.it\/#website\"},\"datePublished\":\"2018-11-22T11:36:23+00:00\",\"dateModified\":\"2018-11-22T12:39:59+00:00\",\"author\":{\"@id\":\"https:\/\/staging.varesenews.it\/#\/schema\/person\/14f52876ea19bc10d0d2717b6e8f9b89\"},\"description\":\"Sabato 24 novembre le canzoni pi\u00f9 belle di Fabrizio De Andr\u00e8, poesie e letture danno vita ad uno spettacolo in occasione della Settimana contro la violenza\",\"breadcrumb\":{\"@id\":\"https:\/\/staging.varesenews.it\/2018\/11\/voce-al-silenzio-parole-musica-parlano-donne-violenza-coraggio\/771096\/#breadcrumb\"},\"inLanguage\":\"it-IT\",\"potentialAction\":[{\"@type\":\"ReadAction\",\"target\":[\"https:\/\/staging.varesenews.it\/2018\/11\/voce-al-silenzio-parole-musica-parlano-donne-violenza-coraggio\/771096\/\"]}]},{\"@type\":\"BreadcrumbList\",\"@id\":\"https:\/\/staging.varesenews.it\/2018\/11\/voce-al-silenzio-parole-musica-parlano-donne-violenza-coraggio\/771096\/#breadcrumb\",\"itemListElement\":[{\"@type\":\"ListItem\",\"position\":1,\"name\":\"Home\",\"item\":\"https:\/\/www.varesenews.it\/\"},{\"@type\":\"ListItem\",\"position\":2,\"name\":\"&#8220;Voce al silenzio&#8221;, parole e musica che parlano di donne, violenza e coraggio\"}]},{\"@type\":\"WebSite\",\"@id\":\"https:\/\/staging.varesenews.it\/#website\",\"url\":\"https:\/\/staging.varesenews.it\/\",\"name\":\"VareseNews\",\"description\":\"\",\"potentialAction\":[{\"@type\":\"SearchAction\",\"target\":{\"@type\":\"EntryPoint\",\"urlTemplate\":\"https:\/\/staging.varesenews.it\/?s={search_term_string}\"},\"query-input\":\"required name=search_term_string\"}],\"inLanguage\":\"it-IT\"},{\"@type\":\"Person\",\"@id\":\"https:\/\/staging.varesenews.it\/#\/schema\/person\/14f52876ea19bc10d0d2717b6e8f9b89\",\"name\":\"Mariangela Gerletti\",\"image\":{\"@type\":\"ImageObject\",\"inLanguage\":\"it-IT\",\"@id\":\"https:\/\/staging.varesenews.it\/#\/schema\/person\/image\/\",\"url\":\"https:\/\/staging.varesenews.it\/wp-content\/uploads\/2020\/12\/mariangela.jpeg\",\"contentUrl\":\"https:\/\/staging.varesenews.it\/wp-content\/uploads\/2020\/12\/mariangela.jpeg\",\"caption\":\"Mariangela Gerletti\"},\"description\":\"Da pi&ugrave; di trent'anni mi occupo di giornalismo e comunicazione Varesenews &egrave; il luogo dove ho trovato la passione, l'attenzione e le persone che ogni giorno mi fanno amare un po' di pi&ugrave; questo lavoro di cui non mi stanco mai. Far parte della redazione di Varesenews &egrave; un onore, sostenere il progetto della membership &egrave; un piacere perch&eacute; mi fa sentire ancora pi&ugrave; vicina alla grande comunit&agrave; dei nostri lettori.\",\"sameAs\":[\"https:\/\/www.facebook.com\/mariangela.gerletti\",\"marigerletti\",\"https:\/\/twitter.com\/MariGerletti\"],\"url\":\"https:\/\/staging.varesenews.it\/persona\/mariangela-gerletti1\/\"}]}<\/script>\n<!-- \/ Yoast SEO plugin. -->","yoast_head_json":{"title":"\"Voce al silenzio\", parole e musica che parlano di donne, violenza e coraggio","description":"Sabato 24 novembre le canzoni pi\u00f9 belle di Fabrizio De Andr\u00e8, poesie e letture danno vita ad uno spettacolo in occasione della Settimana contro la violenza","robots":{"index":"noindex","follow":"follow","max-snippet":"max-snippet:-1","max-image-preview":"max-image-preview:large","max-video-preview":"max-video-preview:-1"},"og_locale":"it_IT","og_type":"article","og_title":"\"Voce al silenzio\", parole e musica che parlano di donne, violenza e coraggio","og_description":"Sabato 24 novembre le canzoni pi\u00f9 belle di Fabrizio De Andr\u00e8, poesie e letture danno vita ad uno spettacolo in occasione della Settimana contro la violenza","og_url":"https:\/\/staging.varesenews.it\/2018\/11\/voce-al-silenzio-parole-musica-parlano-donne-violenza-coraggio\/771096\/","og_site_name":"VareseNews","article_publisher":"https:\/\/www.facebook.com\/varesenews","article_author":"https:\/\/www.facebook.com\/mariangela.gerletti","article_published_time":"2018-11-22T11:36:23+00:00","article_modified_time":"2018-11-22T12:39:59+00:00","author":"Mariangela Gerletti","twitter_card":"summary_large_image","twitter_creator":"@MariGerletti","twitter_site":"@varesenews","twitter_misc":{"Scritto da":"Mariangela Gerletti","Tempo di lettura stimato":"1 minuto"},"schema":{"@context":"https:\/\/schema.org","@graph":[{"@type":"WebPage","@id":"https:\/\/staging.varesenews.it\/2018\/11\/voce-al-silenzio-parole-musica-parlano-donne-violenza-coraggio\/771096\/","url":"https:\/\/staging.varesenews.it\/2018\/11\/voce-al-silenzio-parole-musica-parlano-donne-violenza-coraggio\/771096\/","name":"\"Voce al silenzio\", parole e musica che parlano di donne, violenza e coraggio","isPartOf":{"@id":"https:\/\/staging.varesenews.it\/#website"},"datePublished":"2018-11-22T11:36:23+00:00","dateModified":"2018-11-22T12:39:59+00:00","author":{"@id":"https:\/\/staging.varesenews.it\/#\/schema\/person\/14f52876ea19bc10d0d2717b6e8f9b89"},"description":"Sabato 24 novembre le canzoni pi\u00f9 belle di Fabrizio De Andr\u00e8, poesie e letture danno vita ad uno spettacolo in occasione della Settimana contro la violenza","breadcrumb":{"@id":"https:\/\/staging.varesenews.it\/2018\/11\/voce-al-silenzio-parole-musica-parlano-donne-violenza-coraggio\/771096\/#breadcrumb"},"inLanguage":"it-IT","potentialAction":[{"@type":"ReadAction","target":["https:\/\/staging.varesenews.it\/2018\/11\/voce-al-silenzio-parole-musica-parlano-donne-violenza-coraggio\/771096\/"]}]},{"@type":"BreadcrumbList","@id":"https:\/\/staging.varesenews.it\/2018\/11\/voce-al-silenzio-parole-musica-parlano-donne-violenza-coraggio\/771096\/#breadcrumb","itemListElement":[{"@type":"ListItem","position":1,"name":"Home","item":"https:\/\/www.varesenews.it\/"},{"@type":"ListItem","position":2,"name":"&#8220;Voce al silenzio&#8221;, parole e musica che parlano di donne, violenza e coraggio"}]},{"@type":"WebSite","@id":"https:\/\/staging.varesenews.it\/#website","url":"https:\/\/staging.varesenews.it\/","name":"VareseNews","description":"","potentialAction":[{"@type":"SearchAction","target":{"@type":"EntryPoint","urlTemplate":"https:\/\/staging.varesenews.it\/?s={search_term_string}"},"query-input":"required name=search_term_string"}],"inLanguage":"it-IT"},{"@type":"Person","@id":"https:\/\/staging.varesenews.it\/#\/schema\/person\/14f52876ea19bc10d0d2717b6e8f9b89","name":"Mariangela Gerletti","image":{"@type":"ImageObject","inLanguage":"it-IT","@id":"https:\/\/staging.varesenews.it\/#\/schema\/person\/image\/","url":"https:\/\/staging.varesenews.it\/wp-content\/uploads\/2020\/12\/mariangela.jpeg","contentUrl":"https:\/\/staging.varesenews.it\/wp-content\/uploads\/2020\/12\/mariangela.jpeg","caption":"Mariangela Gerletti"},"description":"Da pi&ugrave; di trent'anni mi occupo di giornalismo e comunicazione Varesenews &egrave; il luogo dove ho trovato la passione, l'attenzione e le persone che ogni giorno mi fanno amare un po' di pi&ugrave; questo lavoro di cui non mi stanco mai. Far parte della redazione di Varesenews &egrave; un onore, sostenere il progetto della membership &egrave; un piacere perch&eacute; mi fa sentire ancora pi&ugrave; vicina alla grande comunit&agrave; dei nostri lettori.","sameAs":["https:\/\/www.facebook.com\/mariangela.gerletti","marigerletti","https:\/\/twitter.com\/MariGerletti"],"url":"https:\/\/staging.varesenews.it\/persona\/mariangela-gerletti1\/"}]}},"post_meta":{"_edit_lock":"1542890364:44","_edit_last":"44","_category_permalink":"a:1:{s:8:\"category\";s:1:\"4\";}","argomento":"Olgiate Olona","_yoast_wpseo_content_score":"30","_jd_tweet_this":"yes","foto":"709530","firma-personalizzata":"Ma.Ge.","ratings_users":"0","ratings_score":"0","ratings_average":"0","_wpt_short_url":"https:\/\/www.varesenews.it\/2018\/11\/voce-al-silenzio-parole-musica-parlano-donne-violenza-coraggio\/771096\/","_wp_jd_target":"https:\/\/www.varesenews.it\/2018\/11\/voce-al-silenzio-parole-musica-parlano-donne-violenza-coraggio\/771096\/","_jd_wp_twitter":"a:1:{i:0;s:208:\"\u201cVoce al silenzio\u201d, parole e musica che parlano di donne, violenza e coraggio https:\/\/www.varesenews.it\/2018\/11\/voce-al-silenzio-parole-musica-parlano-donne-violenza-coraggio\/771096\/ #centroicore #weekend\";}","_wpt_status_message":"Tweet inviato con successo."},"photos":[{"original":"https:\/\/staging.varesenews.it\/photogallery_new\/images\/2018\/11\/violenza-sulle-donne-709530.jpg","full":"https:\/\/staging.varesenews.it\/photogallery_new\/images\/2018\/11\/violenza-sulle-donne-709530.1024x768.jpg","large":"https:\/\/staging.varesenews.it\/photogallery_new\/images\/2018\/11\/violenza-sulle-donne-709530.610x431.jpg"}],"_links":{"self":[{"href":"https:\/\/staging.varesenews.it\/swgapi\/v1\/wp\/v2\/posts\/771096"}],"collection":[{"href":"https:\/\/staging.varesenews.it\/swgapi\/v1\/wp\/v2\/posts"}],"about":[{"href":"https:\/\/staging.varesenews.it\/swgapi\/v1\/wp\/v2\/types\/post"}],"author":[{"embeddable":true,"href":"https:\/\/staging.varesenews.it\/swgapi\/v1\/wp\/v2\/users\/44"}],"replies":[{"embeddable":true,"href":"https:\/\/staging.varesenews.it\/swgapi\/v1\/wp\/v2\/comments?post=771096"}],"version-history":[{"count":0,"href":"https:\/\/staging.varesenews.it\/swgapi\/v1\/wp\/v2\/posts\/771096\/revisions"}],"wp:attachment":[{"href":"https:\/\/staging.varesenews.it\/swgapi\/v1\/wp\/v2\/media?parent=771096"}],"wp:term":[{"taxonomy":"category","embeddable":true,"href":"https:\/\/staging.varesenews.it\/swgapi\/v1\/wp\/v2\/categories?post=771096"},{"taxonomy":"post_tag","embeddable":true,"href":"https:\/\/staging.varesenews.it\/swgapi\/v1\/wp\/v2\/tags?post=771096"}],"curies":[{"name":"wp","href":"https:\/\/api.w.org\/{rel}","templated":true}]}}