{"id":771747,"date":"2018-11-24T14:50:33","date_gmt":"2018-11-24T13:50:33","guid":{"rendered":"https:\/\/www.varesenews.it\/?p=771747"},"modified":"2018-11-24T14:50:33","modified_gmt":"2018-11-24T13:50:33","slug":"primo-dicembre-gallarate-accendera-natale","status":"publish","type":"post","link":"https:\/\/staging.varesenews.it\/2018\/11\/primo-dicembre-gallarate-accendera-natale\/771747\/","title":{"rendered":"Il primo dicembre Gallarate accender\u00e0 il Natale"},"content":{"rendered":"<p><strong>Il primo dicembre Gallarate accender\u00e0 il Natale.<\/strong> Alle 18.30 in punto in piazza Libert\u00e0 si rinnover\u00e0 l\u2019ormai tradizionale rito dell\u2019accensione dell\u2019albero e delle luminarie e, subito a seguire, la grande novit\u00e0 di quest\u2019anno:<strong> il \u201cmapping\u201d sulla facciata della Basilica<\/strong>.<\/p>\n<p>\u00abAbbiamo voluto -, spiega<strong> l\u2019assessore al Commercio Claudia Maria Mazzetti<\/strong> &#8211; proporre qualcosa di diverso, di stupefacente, in grado di richiamare tanta gente nel centro di Gallarate e non solo il giorno dell\u2019accensione. S\u00ec, perch\u00e9, il mapping diventer\u00e0 un evento ogni fine settimana fino al week-end del 23 dicembre, con lo spettacolo delle proiezioni che verr\u00e0 ripetuto al venerd\u00ec, al sabato e alla domenica sempre a partire dalle 18 fino alle 21.30.<strong> Posso garantire che sar\u00e0 qualcosa di unico<\/strong>, ma non sveler\u00f2 di pi\u00f9 per non rovinare la sorpresa. E a proposito di sorprese, anche il grande albero di luci ne riserver\u00e0 una\u2026\u00bb.<\/p>\n<p>\u00c8 davvero ricco il programma degli appuntamenti proposto dall\u2019amministrazione comunale, dal Duc insieme al Naga. Come spiega<strong> il presidente Luca Filiberti,<\/strong> \u00abanche questa volta abbiamo pensato ad una serie di iniziative in grado di intercettare gusti diversi, sempre con un occhio di riguardo per i bambini, perch\u00e9 il Natale \u00e8 soprattutto la loro festa\u00bb.<br \/>\nDa parte sua l\u2019assessore Mazzetti rimarca l\u2019importanza del lavoro di squadra, della partecipazione dei singoli negozianti, di <strong>Ascom<\/strong> e del<strong> fondamentale contributo arrivato dagli sponsor<\/strong>: \u00abGrazie a loro siamo in grado di proporre un ricchissimo calendario di eventi di qualit\u00e0. Proposte che hanno come scopo quello di riempire la citt\u00e0, creando quel magico clima di festa in grado di riempire le strade e perci\u00f2 di portare clienti nei nostri negozi\u00bb.<\/p>\n<p>Dopo lo spettacolo di sabato 1 dicembre<strong>, gli appuntamenti entreranno nel vivo una settima dopo, il giorno dell\u2019Immacolata<\/strong>. L\u20198 dicembre verr\u00e0 infatti inaugurata la mostra dei presepi nell\u2019atrio di Palazzo Borghi; far\u00e0 la sua prima apparizione il Corpo musicale La Concordia, protagonista anche il 15 e il 20 dicembre di uno spettacolo itinerante; inizier\u00e0 a girare il trenino di Natale (disponibile anche il 9, 15, 16, 22 e 23 dicembre sempre dalle 10 alle 12.30 e dalle 15 alle 18.30); comparir\u00e0 Babbo Natale insieme agli elfi (evento replicato negli stessi giorni e con gli stessi orari del trenino); spazio ai mercatini del tartufo e a quello solidale.<\/p>\n<p><strong>Da segnarsi domenica 9 altri tre eventi da non perdere:<\/strong> il mercatino di Natale in piazza Libert\u00e0; la riaccensione della fontana di piazza San Lorenzo (dalle 19 alle 19.30); il Gran Gal\u00e0 del Commercio al Teatro Condominio a cura di Ascom con il patrocinio dell\u2019amministrazione comunale.\u00a0Infine, il giorno 15 sempre in piazza Libert\u00e0 lo spettacolo di animazione con la Banda del sogno perduto; il 22 dalle 16 alle 17.30 il concerto gospel in piazza Libert\u00e0; dal 21 a 23 dicembre \u201cDalla carrozza all\u2019auto elettrica\u201d nel cortile di Palazzo Broletto.<\/p>\n","protected":false},"excerpt":{"rendered":"<p>Si rinnova l\u2019ormai tradizionale rito dell\u2019accensione dell\u2019albero e delle luminarie. Con la grande novit\u00e0 di quest\u2019anno: il \u201cmapping\u201d sulla facciata della Basilica<\/p>\n","protected":false},"author":51,"featured_media":0,"comment_status":"open","ping_status":"open","sticky":false,"template":"","format":"standard","meta":{"footnotes":""},"categories":[3,21],"tags":[92032,91799,85379],"acf":[],"yoast_head":"<!-- This site is optimized with the Yoast SEO plugin v20.1 - https:\/\/yoast.com\/wordpress\/plugins\/seo\/ -->\n<title>Il primo dicembre Gallarate accender\u00e0 il Natale<\/title>\n<meta name=\"description\" content=\"Si rinnova l\u2019ormai tradizionale rito dell\u2019accensione dell\u2019albero e delle luminarie. Con la grande novit\u00e0 di quest\u2019anno: il \u201cmapping\u201d sulla facciata della Basilica\" \/>\n<meta name=\"robots\" content=\"noindex, follow, max-snippet:-1, max-image-preview:large, max-video-preview:-1\" \/>\n<meta property=\"og:locale\" content=\"it_IT\" \/>\n<meta property=\"og:type\" content=\"article\" \/>\n<meta property=\"og:title\" content=\"Il primo dicembre Gallarate accender\u00e0 il Natale\" \/>\n<meta property=\"og:description\" content=\"Si rinnova l\u2019ormai tradizionale rito dell\u2019accensione dell\u2019albero e delle luminarie. Con la grande novit\u00e0 di quest\u2019anno: il \u201cmapping\u201d sulla facciata della Basilica\" \/>\n<meta property=\"og:url\" content=\"https:\/\/staging.varesenews.it\/2018\/11\/primo-dicembre-gallarate-accendera-natale\/771747\/\" \/>\n<meta property=\"og:site_name\" content=\"VareseNews\" \/>\n<meta property=\"article:publisher\" content=\"https:\/\/www.facebook.com\/varesenews\" \/>\n<meta property=\"article:author\" content=\"https:\/\/www.facebook.com\/manuel.sgarella\" \/>\n<meta property=\"article:published_time\" content=\"2018-11-24T13:50:33+00:00\" \/>\n<meta name=\"author\" content=\"Manuel Sgarella\" \/>\n<meta name=\"twitter:card\" content=\"summary_large_image\" \/>\n<meta name=\"twitter:creator\" content=\"@Sgarel\" \/>\n<meta name=\"twitter:site\" content=\"@varesenews\" \/>\n<meta name=\"twitter:label1\" content=\"Scritto da\" \/>\n\t<meta name=\"twitter:data1\" content=\"Manuel Sgarella\" \/>\n\t<meta name=\"twitter:label2\" content=\"Tempo di lettura stimato\" \/>\n\t<meta name=\"twitter:data2\" content=\"2 minuti\" \/>\n<script type=\"application\/ld+json\" class=\"yoast-schema-graph\">{\"@context\":\"https:\/\/schema.org\",\"@graph\":[{\"@type\":\"WebPage\",\"@id\":\"https:\/\/staging.varesenews.it\/2018\/11\/primo-dicembre-gallarate-accendera-natale\/771747\/\",\"url\":\"https:\/\/staging.varesenews.it\/2018\/11\/primo-dicembre-gallarate-accendera-natale\/771747\/\",\"name\":\"Il primo dicembre Gallarate accender\u00e0 il Natale\",\"isPartOf\":{\"@id\":\"https:\/\/staging.varesenews.it\/#website\"},\"datePublished\":\"2018-11-24T13:50:33+00:00\",\"dateModified\":\"2018-11-24T13:50:33+00:00\",\"author\":{\"@id\":\"https:\/\/staging.varesenews.it\/#\/schema\/person\/1ec987bf360cbcf5fab38b0367dbc9d4\"},\"description\":\"Si rinnova l\u2019ormai tradizionale rito dell\u2019accensione dell\u2019albero e delle luminarie. Con la grande novit\u00e0 di quest\u2019anno: il \u201cmapping\u201d sulla facciata della Basilica\",\"breadcrumb\":{\"@id\":\"https:\/\/staging.varesenews.it\/2018\/11\/primo-dicembre-gallarate-accendera-natale\/771747\/#breadcrumb\"},\"inLanguage\":\"it-IT\",\"potentialAction\":[{\"@type\":\"ReadAction\",\"target\":[\"https:\/\/staging.varesenews.it\/2018\/11\/primo-dicembre-gallarate-accendera-natale\/771747\/\"]}]},{\"@type\":\"BreadcrumbList\",\"@id\":\"https:\/\/staging.varesenews.it\/2018\/11\/primo-dicembre-gallarate-accendera-natale\/771747\/#breadcrumb\",\"itemListElement\":[{\"@type\":\"ListItem\",\"position\":1,\"name\":\"Home\",\"item\":\"https:\/\/www.varesenews.it\/\"},{\"@type\":\"ListItem\",\"position\":2,\"name\":\"Il primo dicembre Gallarate accender\u00e0 il Natale\"}]},{\"@type\":\"WebSite\",\"@id\":\"https:\/\/staging.varesenews.it\/#website\",\"url\":\"https:\/\/staging.varesenews.it\/\",\"name\":\"VareseNews\",\"description\":\"\",\"potentialAction\":[{\"@type\":\"SearchAction\",\"target\":{\"@type\":\"EntryPoint\",\"urlTemplate\":\"https:\/\/staging.varesenews.it\/?s={search_term_string}\"},\"query-input\":\"required name=search_term_string\"}],\"inLanguage\":\"it-IT\"},{\"@type\":\"Person\",\"@id\":\"https:\/\/staging.varesenews.it\/#\/schema\/person\/1ec987bf360cbcf5fab38b0367dbc9d4\",\"name\":\"Manuel Sgarella\",\"image\":{\"@type\":\"ImageObject\",\"inLanguage\":\"it-IT\",\"@id\":\"https:\/\/staging.varesenews.it\/#\/schema\/person\/image\/\",\"url\":\"https:\/\/staging.varesenews.it\/wp-content\/uploads\/2020\/12\/manuel_sgarella_colori_500.jpg\",\"contentUrl\":\"https:\/\/staging.varesenews.it\/wp-content\/uploads\/2020\/12\/manuel_sgarella_colori_500.jpg\",\"caption\":\"Manuel Sgarella\"},\"description\":\"A VareseNews dal 1999, da quando ho iniziato a collaborare per la pagina del cinema. Col tempo mi sono occupato della cronaca del territorio di Saronno-Tradate e dell'organizzazione di alcuni progetti speciali di VareseNews, tra cui la produzione del film Digitalife. Dal 2009 sono giornalista professionista. Diplomato alla Civica scuola del cinema di Milano, coltivo da sempre una passione per tutto quello che &egrave; narrazione, soprattutto per film e serie tv. Dal 2014 Pubblico romanzi come autore indipendente.&nbsp;\",\"sameAs\":[\"https:\/\/www.facebook.com\/manuel.sgarella\",\"Sgarel\",\"https:\/\/twitter.com\/Sgarel\"],\"url\":\"https:\/\/staging.varesenews.it\/persona\/manuel-sgarella1\/\"}]}<\/script>\n<!-- \/ Yoast SEO plugin. -->","yoast_head_json":{"title":"Il primo dicembre Gallarate accender\u00e0 il Natale","description":"Si rinnova l\u2019ormai tradizionale rito dell\u2019accensione dell\u2019albero e delle luminarie. Con la grande novit\u00e0 di quest\u2019anno: il \u201cmapping\u201d sulla facciata della Basilica","robots":{"index":"noindex","follow":"follow","max-snippet":"max-snippet:-1","max-image-preview":"max-image-preview:large","max-video-preview":"max-video-preview:-1"},"og_locale":"it_IT","og_type":"article","og_title":"Il primo dicembre Gallarate accender\u00e0 il Natale","og_description":"Si rinnova l\u2019ormai tradizionale rito dell\u2019accensione dell\u2019albero e delle luminarie. Con la grande novit\u00e0 di quest\u2019anno: il \u201cmapping\u201d sulla facciata della Basilica","og_url":"https:\/\/staging.varesenews.it\/2018\/11\/primo-dicembre-gallarate-accendera-natale\/771747\/","og_site_name":"VareseNews","article_publisher":"https:\/\/www.facebook.com\/varesenews","article_author":"https:\/\/www.facebook.com\/manuel.sgarella","article_published_time":"2018-11-24T13:50:33+00:00","author":"Manuel Sgarella","twitter_card":"summary_large_image","twitter_creator":"@Sgarel","twitter_site":"@varesenews","twitter_misc":{"Scritto da":"Manuel Sgarella","Tempo di lettura stimato":"2 minuti"},"schema":{"@context":"https:\/\/schema.org","@graph":[{"@type":"WebPage","@id":"https:\/\/staging.varesenews.it\/2018\/11\/primo-dicembre-gallarate-accendera-natale\/771747\/","url":"https:\/\/staging.varesenews.it\/2018\/11\/primo-dicembre-gallarate-accendera-natale\/771747\/","name":"Il primo dicembre Gallarate accender\u00e0 il Natale","isPartOf":{"@id":"https:\/\/staging.varesenews.it\/#website"},"datePublished":"2018-11-24T13:50:33+00:00","dateModified":"2018-11-24T13:50:33+00:00","author":{"@id":"https:\/\/staging.varesenews.it\/#\/schema\/person\/1ec987bf360cbcf5fab38b0367dbc9d4"},"description":"Si rinnova l\u2019ormai tradizionale rito dell\u2019accensione dell\u2019albero e delle luminarie. Con la grande novit\u00e0 di quest\u2019anno: il \u201cmapping\u201d sulla facciata della Basilica","breadcrumb":{"@id":"https:\/\/staging.varesenews.it\/2018\/11\/primo-dicembre-gallarate-accendera-natale\/771747\/#breadcrumb"},"inLanguage":"it-IT","potentialAction":[{"@type":"ReadAction","target":["https:\/\/staging.varesenews.it\/2018\/11\/primo-dicembre-gallarate-accendera-natale\/771747\/"]}]},{"@type":"BreadcrumbList","@id":"https:\/\/staging.varesenews.it\/2018\/11\/primo-dicembre-gallarate-accendera-natale\/771747\/#breadcrumb","itemListElement":[{"@type":"ListItem","position":1,"name":"Home","item":"https:\/\/www.varesenews.it\/"},{"@type":"ListItem","position":2,"name":"Il primo dicembre Gallarate accender\u00e0 il Natale"}]},{"@type":"WebSite","@id":"https:\/\/staging.varesenews.it\/#website","url":"https:\/\/staging.varesenews.it\/","name":"VareseNews","description":"","potentialAction":[{"@type":"SearchAction","target":{"@type":"EntryPoint","urlTemplate":"https:\/\/staging.varesenews.it\/?s={search_term_string}"},"query-input":"required name=search_term_string"}],"inLanguage":"it-IT"},{"@type":"Person","@id":"https:\/\/staging.varesenews.it\/#\/schema\/person\/1ec987bf360cbcf5fab38b0367dbc9d4","name":"Manuel Sgarella","image":{"@type":"ImageObject","inLanguage":"it-IT","@id":"https:\/\/staging.varesenews.it\/#\/schema\/person\/image\/","url":"https:\/\/staging.varesenews.it\/wp-content\/uploads\/2020\/12\/manuel_sgarella_colori_500.jpg","contentUrl":"https:\/\/staging.varesenews.it\/wp-content\/uploads\/2020\/12\/manuel_sgarella_colori_500.jpg","caption":"Manuel Sgarella"},"description":"A VareseNews dal 1999, da quando ho iniziato a collaborare per la pagina del cinema. Col tempo mi sono occupato della cronaca del territorio di Saronno-Tradate e dell'organizzazione di alcuni progetti speciali di VareseNews, tra cui la produzione del film Digitalife. Dal 2009 sono giornalista professionista. Diplomato alla Civica scuola del cinema di Milano, coltivo da sempre una passione per tutto quello che &egrave; narrazione, soprattutto per film e serie tv. Dal 2014 Pubblico romanzi come autore indipendente.&nbsp;","sameAs":["https:\/\/www.facebook.com\/manuel.sgarella","Sgarel","https:\/\/twitter.com\/Sgarel"],"url":"https:\/\/staging.varesenews.it\/persona\/manuel-sgarella1\/"}]}},"post_meta":{"_edit_lock":"1543067445:51","_edit_last":"51","_category_permalink":"a:1:{s:8:\"category\";s:0:\"\";}","_yoast_wpseo_content_score":"30","_jd_tweet_this":"yes","ratings_users":"0","ratings_score":"0","ratings_average":"0","foto":"648250","firma_come_redazione":"1","argomento":"Gallarate","_wpt_short_url":"https:\/\/www.varesenews.it\/2018\/11\/primo-dicembre-gallarate-accendera-natale\/771747\/","_wp_jd_target":"https:\/\/www.varesenews.it\/2018\/11\/primo-dicembre-gallarate-accendera-natale\/771747\/","_jd_wp_twitter":"a:1:{i:0;s:144:\"Il primo dicembre Gallarate accender\u00e0 il Natale https:\/\/www.varesenews.it\/2018\/11\/primo-dicembre-gallarate-accendera-natale\/771747\/ #natale2018\";}","_wpt_status_message":"Tweet inviato con successo."},"photos":[{"original":"https:\/\/staging.varesenews.it\/photogallery_new\/images\/2017\/12\/natale-in-piazza-liberta-a-gallarate-648250.jpg","full":"https:\/\/staging.varesenews.it\/photogallery_new\/images\/2017\/12\/natale-in-piazza-liberta-a-gallarate-648250.1024x768.jpg","large":"https:\/\/staging.varesenews.it\/photogallery_new\/images\/2017\/12\/natale-in-piazza-liberta-a-gallarate-648250.610x431.jpg"}],"_links":{"self":[{"href":"https:\/\/staging.varesenews.it\/swgapi\/v1\/wp\/v2\/posts\/771747"}],"collection":[{"href":"https:\/\/staging.varesenews.it\/swgapi\/v1\/wp\/v2\/posts"}],"about":[{"href":"https:\/\/staging.varesenews.it\/swgapi\/v1\/wp\/v2\/types\/post"}],"author":[{"embeddable":true,"href":"https:\/\/staging.varesenews.it\/swgapi\/v1\/wp\/v2\/users\/51"}],"replies":[{"embeddable":true,"href":"https:\/\/staging.varesenews.it\/swgapi\/v1\/wp\/v2\/comments?post=771747"}],"version-history":[{"count":0,"href":"https:\/\/staging.varesenews.it\/swgapi\/v1\/wp\/v2\/posts\/771747\/revisions"}],"wp:attachment":[{"href":"https:\/\/staging.varesenews.it\/swgapi\/v1\/wp\/v2\/media?parent=771747"}],"wp:term":[{"taxonomy":"category","embeddable":true,"href":"https:\/\/staging.varesenews.it\/swgapi\/v1\/wp\/v2\/categories?post=771747"},{"taxonomy":"post_tag","embeddable":true,"href":"https:\/\/staging.varesenews.it\/swgapi\/v1\/wp\/v2\/tags?post=771747"}],"curies":[{"name":"wp","href":"https:\/\/api.w.org\/{rel}","templated":true}]}}