{"id":772044,"date":"2018-11-26T10:20:13","date_gmt":"2018-11-26T09:20:13","guid":{"rendered":"https:\/\/www.varesenews.it\/?p=772044"},"modified":"2018-11-26T10:20:13","modified_gmt":"2018-11-26T09:20:13","slug":"comunita-pastorale-tre-paesi","status":"publish","type":"post","link":"https:\/\/staging.varesenews.it\/2018\/11\/comunita-pastorale-tre-paesi\/772044\/","title":{"rendered":"Una comunit\u00e0 pastorale per tre paesi"},"content":{"rendered":"<p style=\"font-weight: 400;\">Domenica 25 novembre \u00e8 nata ufficialmente la <strong>Comunit\u00e0 pastorale &#8220;Maria Madre della speranza&#8221; che unisce le Parrocchie di Azzate, Buguggiate e Brunello.<\/strong> La cerimonia si \u00e8 svolta davanti al vicario episcopale monsignor Giuseppe Vegezzi, ai tre sindaci Gianmario Bernasconi, Cristina Galimberti e Francesco Bertoloni e all\u2019assessore Raffaele Cattaneo.<br \/>\nLa messa nella chiesa parrocchiale di Azzate \u00e8 stata celebrata dai sacerdoti don Gianni Pianaro, don Alberto Tedesco, don Claudio Scaltritti e don Cesare Zuccato. (<em>Le foto sono di Luigi Rognone, La Focale di Buguggiate<\/em>)<\/p>\n<p style=\"font-weight: 400;\">\n<p style=\"font-weight: 400;\">\n<p style=\"font-weight: 400;\">\n<p>Ecco come vengono spiegate le funzioni della comunit\u00e0 pastorale nell&#8217;informatore <a href=\"http:\/\/www.parrocchia-azzate.it\/wp-content\/uploads\/2018\/11\/18_La_Rete_3.pdf\">La Rete<\/a> distribuito in questi giorni alle famiglie<\/p>\n<p><strong>Cos&#8217;\u00e8 la Comunit\u00e0 Pastorale<\/strong><\/p>\n<p style=\"font-weight: 400;\">La Comunit\u00e0 pastorale si caratterizza per una pastorale unitaria di pi\u00f9 parrocchie, per l&#8217;affidamento unitario della cura pastorale a un gruppo (la Diaconia, con nomina arcivescovile), che pu\u00f2 essere composto da presbiteri, diaconi, consacrati\/e, laici, e che trova nel responsabile il suo centro di unit\u00e0; per la configurazione di un progetto pastorale condiviso, elaborato ad opera del Consiglio Pastorale della Comunit\u00e0.<\/p>\n<p style=\"font-weight: 400;\">\n<p style=\"font-weight: 400;\"><strong>Qual \u00e8 la vera novit\u00e0?<\/strong><\/p>\n<p style=\"font-weight: 400;\">La novit\u00e0 \u00e8 la corresponsabilit\u00e0. I collaboratori ci sono sempre stati. La Comunit\u00e0 Pastorale \u00e8 l&#8217;invito ad un salto di qualit\u00e0, costituire una comunione corresponsabile per la missione, essere un cuore solo e un&#8217;anima sola, per pensare insieme, definire insieme un progetto pastorale unitario, essere insieme testimoni della speranza fondata nel Signore Ges\u00f9 Risorto. In questa comunione alcuni sono poi chiamati ad assumere, secondo le loro doti e condizioni, specifici compiti pastorali.<\/p>\n<p style=\"font-weight: 400;\"><strong>Che rapporto c&#8217;\u00e8 tra Diaconia e Consiglio pastorale della Comunit\u00e0?<\/strong><\/p>\n<p style=\"font-weight: 400;\">Il Consiglio Pastorale ha il compito di elaborare il progetto pastorale, di compiere le scelte che qualificano la vita della Comunit\u00e0, di definire il calendario annuale della vita pastorale, di compiere le opportune verifiche. La diaconia opera all&#8217;interno delle linee elaborate e decise da parte del Consiglio Pastorale e assicura la conduzione \u201cquotidiana\u201d e continuativa della Comunit\u00e0 Pastorale. Il Direttivo \u00e8 parte del Consiglio Pastorale.<\/p>\n<p style=\"font-weight: 400;\"><strong>Chi amministra la Comunit\u00e0 pastorale?<\/strong><\/p>\n<p style=\"font-weight: 400;\">Nella Comunit\u00e0 Pastorale l&#8217;amministrazione \u00e8 affidata al responsabile e ai Consigli per gli Affari Economici delle Parrocchie. La Comunit\u00e0 Pastorale non sostituisce le parrocchie: <strong>perci\u00f2 ogni parrocchia mantiene la sua soggettivit\u00e0 giuridica e amministra i suoi beni, in un contesto per\u00f2 di pastorale di insieme<\/strong> e quindi in modo coordinato con le altre e con le linee decise a livello di Comunit\u00e0 Pastorale. Nella gestione della Comunit\u00e0 Pastorale \u00e8 molto opportuno, se non necessario, che il sacerdote responsabile sia assistito da un Economo.<\/p>\n<p style=\"font-weight: 400;\">\n","protected":false},"excerpt":{"rendered":"<p>Unite le parrocchie di Azzate, Buguggiate e Brunello. Ogni parrocchia mantiene la sua soggettivit\u00e0 giuridica e amministra i suoi beni, coordinata per\u00f2 con le altre<\/p>\n","protected":false},"author":49,"featured_media":0,"comment_status":"open","ping_status":"open","sticky":false,"template":"","format":"standard","meta":{"footnotes":""},"categories":[2],"tags":[41633,41557,41381,92184],"acf":[],"yoast_head":"<!-- This site is optimized with the Yoast SEO plugin v20.1 - https:\/\/yoast.com\/wordpress\/plugins\/seo\/ -->\n<title>Una comunit\u00e0 pastorale per tre paesi<\/title>\n<meta name=\"description\" content=\"Unite le parrocchie di Azzate, Buguggiate e Brunello. Ogni parrocchia mantiene la sua soggettivit\u00e0 giuridica e amministra i suoi beni, coordinata per\u00f2 con le altre\" \/>\n<meta name=\"robots\" content=\"noindex, follow, max-snippet:-1, max-image-preview:large, max-video-preview:-1\" \/>\n<meta property=\"og:locale\" content=\"it_IT\" \/>\n<meta property=\"og:type\" content=\"article\" \/>\n<meta property=\"og:title\" content=\"Una comunit\u00e0 pastorale per tre paesi\" \/>\n<meta property=\"og:description\" content=\"Unite le parrocchie di Azzate, Buguggiate e Brunello. Ogni parrocchia mantiene la sua soggettivit\u00e0 giuridica e amministra i suoi beni, coordinata per\u00f2 con le altre\" \/>\n<meta property=\"og:url\" content=\"https:\/\/staging.varesenews.it\/2018\/11\/comunita-pastorale-tre-paesi\/772044\/\" \/>\n<meta property=\"og:site_name\" content=\"VareseNews\" \/>\n<meta property=\"article:publisher\" content=\"https:\/\/www.facebook.com\/varesenews\" \/>\n<meta property=\"article:author\" content=\"https:\/\/www.facebook.com\/roberta.bertolini.9\" \/>\n<meta property=\"article:published_time\" content=\"2018-11-26T09:20:13+00:00\" \/>\n<meta name=\"author\" content=\"Roberta Bertolini\" \/>\n<meta name=\"twitter:card\" content=\"summary_large_image\" \/>\n<meta name=\"twitter:creator\" content=\"@robybertolini\" \/>\n<meta name=\"twitter:site\" content=\"@varesenews\" \/>\n<meta name=\"twitter:label1\" content=\"Scritto da\" \/>\n\t<meta name=\"twitter:data1\" content=\"Roberta Bertolini\" \/>\n\t<meta name=\"twitter:label2\" content=\"Tempo di lettura stimato\" \/>\n\t<meta name=\"twitter:data2\" content=\"2 minuti\" \/>\n<script type=\"application\/ld+json\" class=\"yoast-schema-graph\">{\"@context\":\"https:\/\/schema.org\",\"@graph\":[{\"@type\":\"WebPage\",\"@id\":\"https:\/\/staging.varesenews.it\/2018\/11\/comunita-pastorale-tre-paesi\/772044\/\",\"url\":\"https:\/\/staging.varesenews.it\/2018\/11\/comunita-pastorale-tre-paesi\/772044\/\",\"name\":\"Una comunit\u00e0 pastorale per tre paesi\",\"isPartOf\":{\"@id\":\"https:\/\/staging.varesenews.it\/#website\"},\"datePublished\":\"2018-11-26T09:20:13+00:00\",\"dateModified\":\"2018-11-26T09:20:13+00:00\",\"author\":{\"@id\":\"https:\/\/staging.varesenews.it\/#\/schema\/person\/58fbd3e567d5c00f0a64d5137fef3e68\"},\"description\":\"Unite le parrocchie di Azzate, Buguggiate e Brunello. Ogni parrocchia mantiene la sua soggettivit\u00e0 giuridica e amministra i suoi beni, coordinata per\u00f2 con le altre\",\"breadcrumb\":{\"@id\":\"https:\/\/staging.varesenews.it\/2018\/11\/comunita-pastorale-tre-paesi\/772044\/#breadcrumb\"},\"inLanguage\":\"it-IT\",\"potentialAction\":[{\"@type\":\"ReadAction\",\"target\":[\"https:\/\/staging.varesenews.it\/2018\/11\/comunita-pastorale-tre-paesi\/772044\/\"]}]},{\"@type\":\"BreadcrumbList\",\"@id\":\"https:\/\/staging.varesenews.it\/2018\/11\/comunita-pastorale-tre-paesi\/772044\/#breadcrumb\",\"itemListElement\":[{\"@type\":\"ListItem\",\"position\":1,\"name\":\"Home\",\"item\":\"https:\/\/www.varesenews.it\/\"},{\"@type\":\"ListItem\",\"position\":2,\"name\":\"Una comunit\u00e0 pastorale per tre paesi\"}]},{\"@type\":\"WebSite\",\"@id\":\"https:\/\/staging.varesenews.it\/#website\",\"url\":\"https:\/\/staging.varesenews.it\/\",\"name\":\"VareseNews\",\"description\":\"\",\"potentialAction\":[{\"@type\":\"SearchAction\",\"target\":{\"@type\":\"EntryPoint\",\"urlTemplate\":\"https:\/\/staging.varesenews.it\/?s={search_term_string}\"},\"query-input\":\"required name=search_term_string\"}],\"inLanguage\":\"it-IT\"},{\"@type\":\"Person\",\"@id\":\"https:\/\/staging.varesenews.it\/#\/schema\/person\/58fbd3e567d5c00f0a64d5137fef3e68\",\"name\":\"Roberta Bertolini\",\"image\":{\"@type\":\"ImageObject\",\"inLanguage\":\"it-IT\",\"@id\":\"https:\/\/staging.varesenews.it\/#\/schema\/person\/image\/\",\"url\":\"https:\/\/staging.varesenews.it\/wp-content\/uploads\/2020\/12\/roberta_bertolini_colori_500.jpg\",\"contentUrl\":\"https:\/\/staging.varesenews.it\/wp-content\/uploads\/2020\/12\/roberta_bertolini_colori_500.jpg\",\"caption\":\"Roberta Bertolini\"},\"description\":\"Giornalista professionista dal 1991, sono passata, ormai molti anni fa, dalla carta al web. Oggi mi occupo di cronaca locale e guardo con curiosit&agrave; ed attenzione il mondo dei social. Parlo poco, ascolto molto.\",\"sameAs\":[\"https:\/\/www.facebook.com\/roberta.bertolini.9\",\"bettabertolini\",\"https:\/\/www.linkedin.com\/hp\/?dnr=v9e-Gp7a6_oxqTuQyZA0Lf4aEi4t91g6wMH\",\"https:\/\/twitter.com\/robybertolini\"],\"url\":\"https:\/\/staging.varesenews.it\/persona\/roberta-bertolini1\/\"}]}<\/script>\n<!-- \/ Yoast SEO plugin. -->","yoast_head_json":{"title":"Una comunit\u00e0 pastorale per tre paesi","description":"Unite le parrocchie di Azzate, Buguggiate e Brunello. Ogni parrocchia mantiene la sua soggettivit\u00e0 giuridica e amministra i suoi beni, coordinata per\u00f2 con le altre","robots":{"index":"noindex","follow":"follow","max-snippet":"max-snippet:-1","max-image-preview":"max-image-preview:large","max-video-preview":"max-video-preview:-1"},"og_locale":"it_IT","og_type":"article","og_title":"Una comunit\u00e0 pastorale per tre paesi","og_description":"Unite le parrocchie di Azzate, Buguggiate e Brunello. Ogni parrocchia mantiene la sua soggettivit\u00e0 giuridica e amministra i suoi beni, coordinata per\u00f2 con le altre","og_url":"https:\/\/staging.varesenews.it\/2018\/11\/comunita-pastorale-tre-paesi\/772044\/","og_site_name":"VareseNews","article_publisher":"https:\/\/www.facebook.com\/varesenews","article_author":"https:\/\/www.facebook.com\/roberta.bertolini.9","article_published_time":"2018-11-26T09:20:13+00:00","author":"Roberta Bertolini","twitter_card":"summary_large_image","twitter_creator":"@robybertolini","twitter_site":"@varesenews","twitter_misc":{"Scritto da":"Roberta Bertolini","Tempo di lettura stimato":"2 minuti"},"schema":{"@context":"https:\/\/schema.org","@graph":[{"@type":"WebPage","@id":"https:\/\/staging.varesenews.it\/2018\/11\/comunita-pastorale-tre-paesi\/772044\/","url":"https:\/\/staging.varesenews.it\/2018\/11\/comunita-pastorale-tre-paesi\/772044\/","name":"Una comunit\u00e0 pastorale per tre paesi","isPartOf":{"@id":"https:\/\/staging.varesenews.it\/#website"},"datePublished":"2018-11-26T09:20:13+00:00","dateModified":"2018-11-26T09:20:13+00:00","author":{"@id":"https:\/\/staging.varesenews.it\/#\/schema\/person\/58fbd3e567d5c00f0a64d5137fef3e68"},"description":"Unite le parrocchie di Azzate, Buguggiate e Brunello. Ogni parrocchia mantiene la sua soggettivit\u00e0 giuridica e amministra i suoi beni, coordinata per\u00f2 con le altre","breadcrumb":{"@id":"https:\/\/staging.varesenews.it\/2018\/11\/comunita-pastorale-tre-paesi\/772044\/#breadcrumb"},"inLanguage":"it-IT","potentialAction":[{"@type":"ReadAction","target":["https:\/\/staging.varesenews.it\/2018\/11\/comunita-pastorale-tre-paesi\/772044\/"]}]},{"@type":"BreadcrumbList","@id":"https:\/\/staging.varesenews.it\/2018\/11\/comunita-pastorale-tre-paesi\/772044\/#breadcrumb","itemListElement":[{"@type":"ListItem","position":1,"name":"Home","item":"https:\/\/www.varesenews.it\/"},{"@type":"ListItem","position":2,"name":"Una comunit\u00e0 pastorale per tre paesi"}]},{"@type":"WebSite","@id":"https:\/\/staging.varesenews.it\/#website","url":"https:\/\/staging.varesenews.it\/","name":"VareseNews","description":"","potentialAction":[{"@type":"SearchAction","target":{"@type":"EntryPoint","urlTemplate":"https:\/\/staging.varesenews.it\/?s={search_term_string}"},"query-input":"required name=search_term_string"}],"inLanguage":"it-IT"},{"@type":"Person","@id":"https:\/\/staging.varesenews.it\/#\/schema\/person\/58fbd3e567d5c00f0a64d5137fef3e68","name":"Roberta Bertolini","image":{"@type":"ImageObject","inLanguage":"it-IT","@id":"https:\/\/staging.varesenews.it\/#\/schema\/person\/image\/","url":"https:\/\/staging.varesenews.it\/wp-content\/uploads\/2020\/12\/roberta_bertolini_colori_500.jpg","contentUrl":"https:\/\/staging.varesenews.it\/wp-content\/uploads\/2020\/12\/roberta_bertolini_colori_500.jpg","caption":"Roberta Bertolini"},"description":"Giornalista professionista dal 1991, sono passata, ormai molti anni fa, dalla carta al web. Oggi mi occupo di cronaca locale e guardo con curiosit&agrave; ed attenzione il mondo dei social. Parlo poco, ascolto molto.","sameAs":["https:\/\/www.facebook.com\/roberta.bertolini.9","bettabertolini","https:\/\/www.linkedin.com\/hp\/?dnr=v9e-Gp7a6_oxqTuQyZA0Lf4aEi4t91g6wMH","https:\/\/twitter.com\/robybertolini"],"url":"https:\/\/staging.varesenews.it\/persona\/roberta-bertolini1\/"}]}},"post_meta":{"_edit_lock":"1543225216:49","_edit_last":"49","_category_permalink":"a:1:{s:8:\"category\";s:0:\"\";}","foto":"710268","id_link_fotogallery":"772037","_yoast_wpseo_content_score":"30","_jd_tweet_this":"yes","firma_come_redazione":"1","argomento":"Azzate","ratings_users":"0","ratings_score":"0","ratings_average":"0","_wpt_short_url":"https:\/\/www.varesenews.it\/2018\/11\/comunita-pastorale-tre-paesi\/772044\/","_wp_jd_target":"https:\/\/www.varesenews.it\/2018\/11\/comunita-pastorale-tre-paesi\/772044\/","_jd_wp_twitter":"a:1:{i:0;s:138:\"Una comunit\u00e0 pastorale per tre paesi https:\/\/www.varesenews.it\/2018\/11\/comunita-pastorale-tre-paesi\/772044\/ #azzate #brunello #buguggiate\";}","_wpt_status_message":"Tweet inviato con successo."},"photos":[{"original":"https:\/\/staging.varesenews.it\/photogallery_new\/images\/2018\/11\/tre-paesi-una-sola-comunita-pastorale-710268.jpg","full":"https:\/\/staging.varesenews.it\/photogallery_new\/images\/2018\/11\/tre-paesi-una-sola-comunita-pastorale-710268.1024x768.jpg","large":"https:\/\/staging.varesenews.it\/photogallery_new\/images\/2018\/11\/tre-paesi-una-sola-comunita-pastorale-710268.610x431.jpg"}],"_links":{"self":[{"href":"https:\/\/staging.varesenews.it\/swgapi\/v1\/wp\/v2\/posts\/772044"}],"collection":[{"href":"https:\/\/staging.varesenews.it\/swgapi\/v1\/wp\/v2\/posts"}],"about":[{"href":"https:\/\/staging.varesenews.it\/swgapi\/v1\/wp\/v2\/types\/post"}],"author":[{"embeddable":true,"href":"https:\/\/staging.varesenews.it\/swgapi\/v1\/wp\/v2\/users\/49"}],"replies":[{"embeddable":true,"href":"https:\/\/staging.varesenews.it\/swgapi\/v1\/wp\/v2\/comments?post=772044"}],"version-history":[{"count":0,"href":"https:\/\/staging.varesenews.it\/swgapi\/v1\/wp\/v2\/posts\/772044\/revisions"}],"wp:attachment":[{"href":"https:\/\/staging.varesenews.it\/swgapi\/v1\/wp\/v2\/media?parent=772044"}],"wp:term":[{"taxonomy":"category","embeddable":true,"href":"https:\/\/staging.varesenews.it\/swgapi\/v1\/wp\/v2\/categories?post=772044"},{"taxonomy":"post_tag","embeddable":true,"href":"https:\/\/staging.varesenews.it\/swgapi\/v1\/wp\/v2\/tags?post=772044"}],"curies":[{"name":"wp","href":"https:\/\/api.w.org\/{rel}","templated":true}]}}