{"id":773284,"date":"2018-11-29T10:26:06","date_gmt":"2018-11-29T09:26:06","guid":{"rendered":"https:\/\/www.varesenews.it\/?p=773284"},"modified":"2018-11-29T10:35:36","modified_gmt":"2018-11-29T09:35:36","slug":"1921-2015-ghiacciaio-ne-va","status":"publish","type":"post","link":"https:\/\/staging.varesenews.it\/2018\/11\/1921-2015-ghiacciaio-ne-va\/773284\/","title":{"rendered":"1921-2015, il ghiacciaio &#8220;se ne va&#8221;"},"content":{"rendered":"<p>La montagna a confronto in due fotografie che mostrano in modo inequivocabile gli effetti dei cambiamenti climatici sui ghiacciai. Nell&#8217;immagine vediamo la Valsavarenche, parete nord del Ciarforon: la foto di sinistra \u00e8 datata 1921, quella di destra 2015. <strong>Il progressivo assottigliamento della calotta del ghiacciaio \u00e8 evidente<\/strong> (area in giallo sull&#8217;immagine pi\u00f9 recente) cos\u00ec come l&#8217;appiattimento del seracco con frane di detrito (in verde) che hanno reso impraticabile la salita alpinistica (in viola). <em>(foto storica di M.A. Gilardini, 2015 di Stefano Cerise).<\/em><\/p>\n<blockquote class=\"wp-embedded-content\" data-secret=\"6YOEUZRs2u\"><p><a href=\"https:\/\/www.varesenews.it\/2018\/11\/cambiamento-climatico-rendera-invivibili-le-citta-migreremo-tutti-montagna\/768459\/\">\u201cIl cambiamento climatico render\u00e0 invivibili le citt\u00e0, migreremo tutti in montagna\u201d<\/a><\/p><\/blockquote>\n<p><iframe class=\"wp-embedded-content\" sandbox=\"allow-scripts\" security=\"restricted\" style=\"position: absolute; clip: rect(1px, 1px, 1px, 1px);\" src=\"https:\/\/www.varesenews.it\/2018\/11\/cambiamento-climatico-rendera-invivibili-le-citta-migreremo-tutti-montagna\/768459\/embed\/#?secret=6YOEUZRs2u\" data-secret=\"6YOEUZRs2u\" width=\"500\" height=\"282\" title=\"&#8220;\u201cIl cambiamento climatico render\u00e0 invivibili le citt\u00e0, migreremo tutti in montagna\u201d&#8221; &#8212; VareseNews\" frameborder=\"0\" marginwidth=\"0\" marginheight=\"0\" scrolling=\"no\"><\/iframe><\/p>\n<p>A diffondere questo raffronto di immagini sono stati i <strong>responsabili del Parco Nazionale Gran Paradiso<\/strong> per sensibilizzare le persone sugli effetti del cambiamento climatico che sta causando alcuni evidenti disagi nell&#8217;area montana e che trovano conferma anche nei risultati del monitoraggio effettuato nel 2018 dal Corpo di Sorveglianza dell\u2019Ente Parco, in collaborazione con gli operatori del Comitato Glaciologico Italiano. <strong>Dalle rilevazioni emerge un arretramento medio di 22 metri <\/strong><br \/>\n<strong>tra i 57 ghiacciai controllati.<\/strong><\/p>\n<p><strong>UN TERZO DI SUPERFICIE IN MENO<\/strong><br \/>\nL\u2019arretramento pi\u00f9 consistente \u00e8 stato registrato nel ghiacciaio del <strong>Grand Etret, in Valsavarenche<\/strong>, <strong>che ha perso 130 metri rispetto alle rilevazioni effettuate nel 2017.<\/strong> In questo caso il bilancio di massa, parametro che esprime meglio di altri lo stato di salute di un ghiacciaio, relativo al periodo 2017-2018, \u00e8 risultato negativo con una perdita di quasi un metro di equivalente in acqua. Dal 2000 il ghiacciaio ha perso quasi un terzo della sua superficie.<\/p>\n<p><strong>LE CONSEGUENZE E I PERICOLI GIA&#8217; EVIDENTI<\/strong><br \/>\nLo scioglimento dei ghiacciai comporta anche possibili pericoli diretti nel breve periodo, ne \u00e8 esempio la formazione di laghi proglaciali come quello del Grand Croux in Valle di Cogne, per cui la scorsa estate \u00e8 stata resa necessaria un\u2019operazione di svuotamento con intervento d\u2019urgenza, in quanto un\u2019esondazione avrebbe potuto provocare una piena del torrente Valnontey con pericolose conseguenze per i turisti e abitanti presenti lungo il corso dello stesso. Il lago \u00e8 sorvegliato speciale da parte del Corpo di Sorveglianza, che sta monitorando la situazione in collaborazione con i tecnici della Fondazione Montagna Sicura.<br \/>\n\u201cIl Gran Paradiso \u00e8 in enorme difficolt\u00e0 dal punto di vista nivologico, forse anche perch\u00e9 \u00e8 la cima oltre 4.000 metri pi\u00f9 a sud d\u2019Italia\u201d, spiega Stefano Cerise, Ispettore del Corpo di Sorveglianza del Parco, \u201cI ghiacciai a quote pi\u00f9 basse sono quelli che hanno risentito maggiormente delle temperature elevate, nonostante l\u2019inverno 2018 sia stato molto nevoso, con scioglimenti precoci che hanno causato il crollo di vie alpinistiche storiche, come quella sulla parete nord del Ciarforon in Valsavarenche\u201d. I cambiamenti climatici non hanno conseguenze solo sul paesaggio ma anche sulla fauna dell\u2019area protetta; i guardaparco hanno notato che, soprattutto nel caso dello stambecco, gli esemplari salgono sempre pi\u00f9 di quota nei mesi caldi e si spostano alla ricerca di zone pi\u00f9 fresche e riparate, su pendii esposti a nord. Particolare rilievo ha anche l\u2019aspetto ambientale della ricerca; il lavoro dei guardaparco viene condotto con un impatto nullo. Per raggiungere i luoghi delle rilevazioni infatti non vengono utilizzati elicotteri, ma solamente gli sci o i ramponi.<\/p>\n","protected":false},"excerpt":{"rendered":"<p>I responsabili del Parco del Gran Paradiso lanciano l&#8217;allarme: il ghiacciaio del Grand Etret, in Valsavarenche, ha perso 130 metri rispetto al 2017. Le conseguenze dei cambiamenti climatici sono evidenti<\/p>\n","protected":false},"author":43,"featured_media":0,"comment_status":"open","ping_status":"open","sticky":false,"template":"","format":"standard","meta":{"footnotes":""},"categories":[87573,9,25],"tags":[2608,92309,3333,90544],"acf":[],"yoast_head":"<!-- This site is optimized with the Yoast SEO plugin v20.1 - https:\/\/yoast.com\/wordpress\/plugins\/seo\/ -->\n<title>1921-2015, il ghiacciaio &quot;se ne va&quot;<\/title>\n<meta name=\"description\" content=\"I responsabili del Parco del Gran Paradiso lanciano l&#039;allarme: il ghiacciaio del Grand Etret, in Valsavarenche, ha perso 130 metri rispetto al 2017. Le conseguenze dei cambiamenti climatici sono evidenti\" \/>\n<meta name=\"robots\" content=\"noindex, follow, max-snippet:-1, max-image-preview:large, max-video-preview:-1\" \/>\n<meta property=\"og:locale\" content=\"it_IT\" \/>\n<meta property=\"og:type\" content=\"article\" \/>\n<meta property=\"og:title\" content=\"1921-2015, il ghiacciaio &quot;se ne va&quot;\" \/>\n<meta property=\"og:description\" content=\"I responsabili del Parco del Gran Paradiso lanciano l&#039;allarme: il ghiacciaio del Grand Etret, in Valsavarenche, ha perso 130 metri rispetto al 2017. Le conseguenze dei cambiamenti climatici sono evidenti\" \/>\n<meta property=\"og:url\" content=\"https:\/\/staging.varesenews.it\/2018\/11\/1921-2015-ghiacciaio-ne-va\/773284\/\" \/>\n<meta property=\"og:site_name\" content=\"VareseNews\" \/>\n<meta property=\"article:publisher\" content=\"https:\/\/www.facebook.com\/varesenews\" \/>\n<meta property=\"article:author\" content=\"https:\/\/www.facebook.com\/mariacarla.cebrelli\" \/>\n<meta property=\"article:published_time\" content=\"2018-11-29T09:26:06+00:00\" \/>\n<meta property=\"article:modified_time\" content=\"2018-11-29T09:35:36+00:00\" \/>\n<meta name=\"author\" content=\"Maria Carla Cebrelli\" \/>\n<meta name=\"twitter:card\" content=\"summary_large_image\" \/>\n<meta name=\"twitter:creator\" content=\"@pikapiketti\" \/>\n<meta name=\"twitter:site\" content=\"@varesenews\" \/>\n<meta name=\"twitter:label1\" content=\"Scritto da\" \/>\n\t<meta name=\"twitter:data1\" content=\"Maria Carla Cebrelli\" \/>\n\t<meta name=\"twitter:label2\" content=\"Tempo di lettura stimato\" \/>\n\t<meta name=\"twitter:data2\" content=\"2 minuti\" \/>\n<script type=\"application\/ld+json\" class=\"yoast-schema-graph\">{\"@context\":\"https:\/\/schema.org\",\"@graph\":[{\"@type\":\"WebPage\",\"@id\":\"https:\/\/staging.varesenews.it\/2018\/11\/1921-2015-ghiacciaio-ne-va\/773284\/\",\"url\":\"https:\/\/staging.varesenews.it\/2018\/11\/1921-2015-ghiacciaio-ne-va\/773284\/\",\"name\":\"1921-2015, il ghiacciaio \\\"se ne va\\\"\",\"isPartOf\":{\"@id\":\"https:\/\/staging.varesenews.it\/#website\"},\"datePublished\":\"2018-11-29T09:26:06+00:00\",\"dateModified\":\"2018-11-29T09:35:36+00:00\",\"author\":{\"@id\":\"https:\/\/staging.varesenews.it\/#\/schema\/person\/5bf790e99d7ec50061119cc825c454de\"},\"description\":\"I responsabili del Parco del Gran Paradiso lanciano l'allarme: il ghiacciaio del Grand Etret, in Valsavarenche, ha perso 130 metri rispetto al 2017. Le conseguenze dei cambiamenti climatici sono evidenti\",\"breadcrumb\":{\"@id\":\"https:\/\/staging.varesenews.it\/2018\/11\/1921-2015-ghiacciaio-ne-va\/773284\/#breadcrumb\"},\"inLanguage\":\"it-IT\",\"potentialAction\":[{\"@type\":\"ReadAction\",\"target\":[\"https:\/\/staging.varesenews.it\/2018\/11\/1921-2015-ghiacciaio-ne-va\/773284\/\"]}]},{\"@type\":\"BreadcrumbList\",\"@id\":\"https:\/\/staging.varesenews.it\/2018\/11\/1921-2015-ghiacciaio-ne-va\/773284\/#breadcrumb\",\"itemListElement\":[{\"@type\":\"ListItem\",\"position\":1,\"name\":\"Home\",\"item\":\"https:\/\/www.varesenews.it\/\"},{\"@type\":\"ListItem\",\"position\":2,\"name\":\"1921-2015, il ghiacciaio &#8220;se ne va&#8221;\"}]},{\"@type\":\"WebSite\",\"@id\":\"https:\/\/staging.varesenews.it\/#website\",\"url\":\"https:\/\/staging.varesenews.it\/\",\"name\":\"VareseNews\",\"description\":\"\",\"potentialAction\":[{\"@type\":\"SearchAction\",\"target\":{\"@type\":\"EntryPoint\",\"urlTemplate\":\"https:\/\/staging.varesenews.it\/?s={search_term_string}\"},\"query-input\":\"required name=search_term_string\"}],\"inLanguage\":\"it-IT\"},{\"@type\":\"Person\",\"@id\":\"https:\/\/staging.varesenews.it\/#\/schema\/person\/5bf790e99d7ec50061119cc825c454de\",\"name\":\"Maria Carla Cebrelli\",\"image\":{\"@type\":\"ImageObject\",\"inLanguage\":\"it-IT\",\"@id\":\"https:\/\/staging.varesenews.it\/#\/schema\/person\/image\/\",\"url\":\"https:\/\/staging.varesenews.it\/wp-content\/uploads\/2020\/12\/mariacarla_cebrelli_colori_500-1.jpg\",\"contentUrl\":\"https:\/\/staging.varesenews.it\/wp-content\/uploads\/2020\/12\/mariacarla_cebrelli_colori_500-1.jpg\",\"caption\":\"Maria Carla Cebrelli\"},\"description\":\"Economista di formazione, giornalista per passione. A VareseNews dal 2005, mi sono occupata negli anni di universit&agrave;, tematiche di confine, news locali e comunicazione nel settore sociale. Attualmente sono responsabile di VerbanoNews, del canale di VareseNews dedicato al Turismo e seguo i social dell'area business.\",\"sameAs\":[\"https:\/\/www.facebook.com\/mariacarla.cebrelli\",\"pikapiketti\",\"https:\/\/twitter.com\/pikapiketti\"],\"url\":\"https:\/\/staging.varesenews.it\/persona\/mariacarla-cebrelli1\/\"}]}<\/script>\n<!-- \/ Yoast SEO plugin. -->","yoast_head_json":{"title":"1921-2015, il ghiacciaio \"se ne va\"","description":"I responsabili del Parco del Gran Paradiso lanciano l'allarme: il ghiacciaio del Grand Etret, in Valsavarenche, ha perso 130 metri rispetto al 2017. Le conseguenze dei cambiamenti climatici sono evidenti","robots":{"index":"noindex","follow":"follow","max-snippet":"max-snippet:-1","max-image-preview":"max-image-preview:large","max-video-preview":"max-video-preview:-1"},"og_locale":"it_IT","og_type":"article","og_title":"1921-2015, il ghiacciaio \"se ne va\"","og_description":"I responsabili del Parco del Gran Paradiso lanciano l'allarme: il ghiacciaio del Grand Etret, in Valsavarenche, ha perso 130 metri rispetto al 2017. Le conseguenze dei cambiamenti climatici sono evidenti","og_url":"https:\/\/staging.varesenews.it\/2018\/11\/1921-2015-ghiacciaio-ne-va\/773284\/","og_site_name":"VareseNews","article_publisher":"https:\/\/www.facebook.com\/varesenews","article_author":"https:\/\/www.facebook.com\/mariacarla.cebrelli","article_published_time":"2018-11-29T09:26:06+00:00","article_modified_time":"2018-11-29T09:35:36+00:00","author":"Maria Carla Cebrelli","twitter_card":"summary_large_image","twitter_creator":"@pikapiketti","twitter_site":"@varesenews","twitter_misc":{"Scritto da":"Maria Carla Cebrelli","Tempo di lettura stimato":"2 minuti"},"schema":{"@context":"https:\/\/schema.org","@graph":[{"@type":"WebPage","@id":"https:\/\/staging.varesenews.it\/2018\/11\/1921-2015-ghiacciaio-ne-va\/773284\/","url":"https:\/\/staging.varesenews.it\/2018\/11\/1921-2015-ghiacciaio-ne-va\/773284\/","name":"1921-2015, il ghiacciaio \"se ne va\"","isPartOf":{"@id":"https:\/\/staging.varesenews.it\/#website"},"datePublished":"2018-11-29T09:26:06+00:00","dateModified":"2018-11-29T09:35:36+00:00","author":{"@id":"https:\/\/staging.varesenews.it\/#\/schema\/person\/5bf790e99d7ec50061119cc825c454de"},"description":"I responsabili del Parco del Gran Paradiso lanciano l'allarme: il ghiacciaio del Grand Etret, in Valsavarenche, ha perso 130 metri rispetto al 2017. Le conseguenze dei cambiamenti climatici sono evidenti","breadcrumb":{"@id":"https:\/\/staging.varesenews.it\/2018\/11\/1921-2015-ghiacciaio-ne-va\/773284\/#breadcrumb"},"inLanguage":"it-IT","potentialAction":[{"@type":"ReadAction","target":["https:\/\/staging.varesenews.it\/2018\/11\/1921-2015-ghiacciaio-ne-va\/773284\/"]}]},{"@type":"BreadcrumbList","@id":"https:\/\/staging.varesenews.it\/2018\/11\/1921-2015-ghiacciaio-ne-va\/773284\/#breadcrumb","itemListElement":[{"@type":"ListItem","position":1,"name":"Home","item":"https:\/\/www.varesenews.it\/"},{"@type":"ListItem","position":2,"name":"1921-2015, il ghiacciaio &#8220;se ne va&#8221;"}]},{"@type":"WebSite","@id":"https:\/\/staging.varesenews.it\/#website","url":"https:\/\/staging.varesenews.it\/","name":"VareseNews","description":"","potentialAction":[{"@type":"SearchAction","target":{"@type":"EntryPoint","urlTemplate":"https:\/\/staging.varesenews.it\/?s={search_term_string}"},"query-input":"required name=search_term_string"}],"inLanguage":"it-IT"},{"@type":"Person","@id":"https:\/\/staging.varesenews.it\/#\/schema\/person\/5bf790e99d7ec50061119cc825c454de","name":"Maria Carla Cebrelli","image":{"@type":"ImageObject","inLanguage":"it-IT","@id":"https:\/\/staging.varesenews.it\/#\/schema\/person\/image\/","url":"https:\/\/staging.varesenews.it\/wp-content\/uploads\/2020\/12\/mariacarla_cebrelli_colori_500-1.jpg","contentUrl":"https:\/\/staging.varesenews.it\/wp-content\/uploads\/2020\/12\/mariacarla_cebrelli_colori_500-1.jpg","caption":"Maria Carla Cebrelli"},"description":"Economista di formazione, giornalista per passione. A VareseNews dal 2005, mi sono occupata negli anni di universit&agrave;, tematiche di confine, news locali e comunicazione nel settore sociale. Attualmente sono responsabile di VerbanoNews, del canale di VareseNews dedicato al Turismo e seguo i social dell'area business.","sameAs":["https:\/\/www.facebook.com\/mariacarla.cebrelli","pikapiketti","https:\/\/twitter.com\/pikapiketti"],"url":"https:\/\/staging.varesenews.it\/persona\/mariacarla-cebrelli1\/"}]}},"post_meta":{"_edit_lock":"1543490735:45","_edit_last":"45","_oembed_bd6dca92327e2bc75ea78dc09be523de":"<blockquote class=\"wp-embedded-content\" data-secret=\"6YOEUZRs2u\"><a href=\"https:\/\/www.varesenews.it\/2018\/11\/cambiamento-climatico-rendera-invivibili-le-citta-migreremo-tutti-montagna\/768459\/\">\u201cIl cambiamento climatico render\u00e0 invivibili le citt\u00e0, migreremo tutti in montagna\u201d<\/a><\/blockquote><iframe class=\"wp-embedded-content\" sandbox=\"allow-scripts\" security=\"restricted\" style=\"position: absolute; clip: rect(1px, 1px, 1px, 1px);\" src=\"https:\/\/www.varesenews.it\/2018\/11\/cambiamento-climatico-rendera-invivibili-le-citta-migreremo-tutti-montagna\/768459\/embed\/#?secret=6YOEUZRs2u\" data-secret=\"6YOEUZRs2u\" width=\"500\" height=\"282\" title=\"&#8220;\u201cIl cambiamento climatico render\u00e0 invivibili le citt\u00e0, migreremo tutti in montagna\u201d&#8221; &#8212; VareseNews\" frameborder=\"0\" marginwidth=\"0\" marginheight=\"0\" scrolling=\"no\"><\/iframe>","_oembed_time_bd6dca92327e2bc75ea78dc09be523de":"1543482756","_category_permalink":"a:1:{s:8:\"category\";s:2:\"25\";}","ratings_users":"0","ratings_score":"0","ratings_average":"0","id_leggi_anche":"767942,596542,67658,93397,183251","foto":"710957","firma-personalizzata":"mcc","_yoast_wpseo_content_score":"30","_jd_tweet_this":"yes","_wpt_short_url":"https:\/\/www.varesenews.it\/2018\/11\/1921-2015-ghiacciaio-ne-va\/773284\/","_wp_jd_target":"https:\/\/www.varesenews.it\/2018\/11\/1921-2015-ghiacciaio-ne-va\/773284\/","_jd_wp_twitter":"a:1:{i:0;s:131:\"1921-2015, il ghiacciaio \u201cse ne va\u201d https:\/\/www.varesenews.it\/2018\/11\/1921-2015-ghiacciaio-ne-va\/773284\/ #ghiacciai #ghiacciaie\";}","_wpt_status_message":"Tweet inviato con successo.","argomento":"Montagna"},"photos":[{"original":"https:\/\/staging.varesenews.it\/photogallery_new\/images\/2018\/11\/valsavarenche-cambiamenti-climatici-710957.jpg","full":"https:\/\/staging.varesenews.it\/photogallery_new\/images\/2018\/11\/valsavarenche-cambiamenti-climatici-710957.1024x768.jpg","large":"https:\/\/staging.varesenews.it\/photogallery_new\/images\/2018\/11\/valsavarenche-cambiamenti-climatici-710957.610x431.jpg"}],"_links":{"self":[{"href":"https:\/\/staging.varesenews.it\/swgapi\/v1\/wp\/v2\/posts\/773284"}],"collection":[{"href":"https:\/\/staging.varesenews.it\/swgapi\/v1\/wp\/v2\/posts"}],"about":[{"href":"https:\/\/staging.varesenews.it\/swgapi\/v1\/wp\/v2\/types\/post"}],"author":[{"embeddable":true,"href":"https:\/\/staging.varesenews.it\/swgapi\/v1\/wp\/v2\/users\/43"}],"replies":[{"embeddable":true,"href":"https:\/\/staging.varesenews.it\/swgapi\/v1\/wp\/v2\/comments?post=773284"}],"version-history":[{"count":0,"href":"https:\/\/staging.varesenews.it\/swgapi\/v1\/wp\/v2\/posts\/773284\/revisions"}],"wp:attachment":[{"href":"https:\/\/staging.varesenews.it\/swgapi\/v1\/wp\/v2\/media?parent=773284"}],"wp:term":[{"taxonomy":"category","embeddable":true,"href":"https:\/\/staging.varesenews.it\/swgapi\/v1\/wp\/v2\/categories?post=773284"},{"taxonomy":"post_tag","embeddable":true,"href":"https:\/\/staging.varesenews.it\/swgapi\/v1\/wp\/v2\/tags?post=773284"}],"curies":[{"name":"wp","href":"https:\/\/api.w.org\/{rel}","templated":true}]}}