{"id":773472,"date":"2018-11-29T15:55:20","date_gmt":"2018-11-29T14:55:20","guid":{"rendered":"https:\/\/www.varesenews.it\/?p=773472"},"modified":"2018-11-29T16:03:57","modified_gmt":"2018-11-29T15:03:57","slug":"nasce-la-pro-loco-porta-natale","status":"publish","type":"post","link":"https:\/\/staging.varesenews.it\/2018\/11\/nasce-la-pro-loco-porta-natale\/773472\/","title":{"rendered":"Nasce la Pro Loco e porta il Natale"},"content":{"rendered":"<p>Debutto importante per la <strong>nuova <a href=\"https:\/\/www.facebook.com\/ProLocoBesano\/\">Pro loco di Besano<\/a><\/strong>, che si \u00e8 costituita lo scorso 9 novembre e che si presenta ai cittadini con una festa di Natale ricca di appuntamenti e di sorprese.<\/p>\n<p><strong>Domenica 2 dicembre<\/strong> sar\u00e0 infatti <strong>il Mercatino di Natale<\/strong> la prima sfida della neonata associazione, che unisce un gruppo di cittadini decisi a dare una mano per proporre al paese iniziative, feste e momenti culturali per rendere pi\u00f9 ricca la vita sociale del paese.<\/p>\n<p>Il Mercatino <strong>aprir\u00e0 alle 9 in piazza Libert\u00e0<\/strong> con tante bancarelle di artigianato, hobbysti, specialit\u00e0 gastronomiche e attivit\u00e0 per i bambini, e sar\u00e0 arricchito da momenti di intrattenimento, musica, canti e dal pranzo con le specialit\u00e0 degli Alpini di Besano. <a href=\"https:\/\/www.facebook.com\/events\/356307241587015\/\"><strong>Qui il programma dettagliato.<\/strong><\/a><\/p>\n<p>\u00abMa la Pro loco &#8211; spiegano i fondatori &#8211; non si occuper\u00e0 solo di feste e momenti conviviali. Faremo anche <strong>iniziative per la promozione del nostro paese<\/strong> e del nostro stupendo territorio, cos\u00ec ricco dal punto di vista ambientale e storico, riconosciuto patrimonio dell&#8217;Umanit\u00e0 dall&#8217;<strong>Unesco<\/strong>\u00bb.<\/p>\n<p>Domenica, per chi lo desidera ci sar\u00e0 l&#8217;opportunit\u00e0 di sostenere e accompagnare la Pro loco nelle sue iniziative, sottoscrivendo <strong>la campagna associativa<\/strong> nel gazebo che sar\u00e0 presente all&#8217;interno del mercatino natalizio.<\/p>\n<p>Chi volesse mettersi in contatto con la Pro loco pu\u00f2 scrivere a <strong>info@prolocobesano.it<\/strong><\/p>\n","protected":false},"excerpt":{"rendered":"<p>Domenica 2 dicembre la nuova Pro loco debutta con il Mercatino di Natale: bancarelle ma anche musica, intrattenimento per grandi e bambini e le specialit\u00e0 gastronomiche degli Alpini<\/p>\n","protected":false},"author":44,"featured_media":0,"comment_status":"open","ping_status":"open","sticky":false,"template":"","format":"standard","meta":{"footnotes":""},"categories":[21,2],"tags":[91799,85379,82820,92322,70507,3632,158],"acf":[],"yoast_head":"<!-- This site is optimized with the Yoast SEO plugin v20.1 - https:\/\/yoast.com\/wordpress\/plugins\/seo\/ -->\n<title>Nasce la Pro Loco e porta il Natale<\/title>\n<meta name=\"description\" content=\"Domenica 2 dicembre la nuova Pro loco debutta con il Mercatino di Natale: bancarelle ma anche musica, intrattenimento per grandi e bambini e le specialit\u00e0 gastronomiche degli Alpini\" \/>\n<meta name=\"robots\" content=\"noindex, follow, max-snippet:-1, max-image-preview:large, max-video-preview:-1\" \/>\n<meta property=\"og:locale\" content=\"it_IT\" \/>\n<meta property=\"og:type\" content=\"article\" \/>\n<meta property=\"og:title\" content=\"Nasce la Pro Loco e porta il Natale\" \/>\n<meta property=\"og:description\" content=\"Domenica 2 dicembre la nuova Pro loco debutta con il Mercatino di Natale: bancarelle ma anche musica, intrattenimento per grandi e bambini e le specialit\u00e0 gastronomiche degli Alpini\" \/>\n<meta property=\"og:url\" content=\"https:\/\/staging.varesenews.it\/2018\/11\/nasce-la-pro-loco-porta-natale\/773472\/\" \/>\n<meta property=\"og:site_name\" content=\"VareseNews\" \/>\n<meta property=\"article:publisher\" content=\"https:\/\/www.facebook.com\/varesenews\" \/>\n<meta property=\"article:author\" content=\"https:\/\/www.facebook.com\/mariangela.gerletti\" \/>\n<meta property=\"article:published_time\" content=\"2018-11-29T14:55:20+00:00\" \/>\n<meta property=\"article:modified_time\" content=\"2018-11-29T15:03:57+00:00\" \/>\n<meta name=\"author\" content=\"Mariangela Gerletti\" \/>\n<meta name=\"twitter:card\" content=\"summary_large_image\" \/>\n<meta name=\"twitter:creator\" content=\"@MariGerletti\" \/>\n<meta name=\"twitter:site\" content=\"@varesenews\" \/>\n<meta name=\"twitter:label1\" content=\"Scritto da\" \/>\n\t<meta name=\"twitter:data1\" content=\"Mariangela Gerletti\" \/>\n\t<meta name=\"twitter:label2\" content=\"Tempo di lettura stimato\" \/>\n\t<meta name=\"twitter:data2\" content=\"1 minuto\" \/>\n<script type=\"application\/ld+json\" class=\"yoast-schema-graph\">{\"@context\":\"https:\/\/schema.org\",\"@graph\":[{\"@type\":\"WebPage\",\"@id\":\"https:\/\/staging.varesenews.it\/2018\/11\/nasce-la-pro-loco-porta-natale\/773472\/\",\"url\":\"https:\/\/staging.varesenews.it\/2018\/11\/nasce-la-pro-loco-porta-natale\/773472\/\",\"name\":\"Nasce la Pro Loco e porta il Natale\",\"isPartOf\":{\"@id\":\"https:\/\/staging.varesenews.it\/#website\"},\"datePublished\":\"2018-11-29T14:55:20+00:00\",\"dateModified\":\"2018-11-29T15:03:57+00:00\",\"author\":{\"@id\":\"https:\/\/staging.varesenews.it\/#\/schema\/person\/14f52876ea19bc10d0d2717b6e8f9b89\"},\"description\":\"Domenica 2 dicembre la nuova Pro loco debutta con il Mercatino di Natale: bancarelle ma anche musica, intrattenimento per grandi e bambini e le specialit\u00e0 gastronomiche degli Alpini\",\"breadcrumb\":{\"@id\":\"https:\/\/staging.varesenews.it\/2018\/11\/nasce-la-pro-loco-porta-natale\/773472\/#breadcrumb\"},\"inLanguage\":\"it-IT\",\"potentialAction\":[{\"@type\":\"ReadAction\",\"target\":[\"https:\/\/staging.varesenews.it\/2018\/11\/nasce-la-pro-loco-porta-natale\/773472\/\"]}]},{\"@type\":\"BreadcrumbList\",\"@id\":\"https:\/\/staging.varesenews.it\/2018\/11\/nasce-la-pro-loco-porta-natale\/773472\/#breadcrumb\",\"itemListElement\":[{\"@type\":\"ListItem\",\"position\":1,\"name\":\"Home\",\"item\":\"https:\/\/www.varesenews.it\/\"},{\"@type\":\"ListItem\",\"position\":2,\"name\":\"Nasce la Pro Loco e porta il Natale\"}]},{\"@type\":\"WebSite\",\"@id\":\"https:\/\/staging.varesenews.it\/#website\",\"url\":\"https:\/\/staging.varesenews.it\/\",\"name\":\"VareseNews\",\"description\":\"\",\"potentialAction\":[{\"@type\":\"SearchAction\",\"target\":{\"@type\":\"EntryPoint\",\"urlTemplate\":\"https:\/\/staging.varesenews.it\/?s={search_term_string}\"},\"query-input\":\"required name=search_term_string\"}],\"inLanguage\":\"it-IT\"},{\"@type\":\"Person\",\"@id\":\"https:\/\/staging.varesenews.it\/#\/schema\/person\/14f52876ea19bc10d0d2717b6e8f9b89\",\"name\":\"Mariangela Gerletti\",\"image\":{\"@type\":\"ImageObject\",\"inLanguage\":\"it-IT\",\"@id\":\"https:\/\/staging.varesenews.it\/#\/schema\/person\/image\/\",\"url\":\"https:\/\/staging.varesenews.it\/wp-content\/uploads\/2020\/12\/mariangela.jpeg\",\"contentUrl\":\"https:\/\/staging.varesenews.it\/wp-content\/uploads\/2020\/12\/mariangela.jpeg\",\"caption\":\"Mariangela Gerletti\"},\"description\":\"Da pi&ugrave; di trent'anni mi occupo di giornalismo e comunicazione Varesenews &egrave; il luogo dove ho trovato la passione, l'attenzione e le persone che ogni giorno mi fanno amare un po' di pi&ugrave; questo lavoro di cui non mi stanco mai. Far parte della redazione di Varesenews &egrave; un onore, sostenere il progetto della membership &egrave; un piacere perch&eacute; mi fa sentire ancora pi&ugrave; vicina alla grande comunit&agrave; dei nostri lettori.\",\"sameAs\":[\"https:\/\/www.facebook.com\/mariangela.gerletti\",\"marigerletti\",\"https:\/\/twitter.com\/MariGerletti\"],\"url\":\"https:\/\/staging.varesenews.it\/persona\/mariangela-gerletti1\/\"}]}<\/script>\n<!-- \/ Yoast SEO plugin. -->","yoast_head_json":{"title":"Nasce la Pro Loco e porta il Natale","description":"Domenica 2 dicembre la nuova Pro loco debutta con il Mercatino di Natale: bancarelle ma anche musica, intrattenimento per grandi e bambini e le specialit\u00e0 gastronomiche degli Alpini","robots":{"index":"noindex","follow":"follow","max-snippet":"max-snippet:-1","max-image-preview":"max-image-preview:large","max-video-preview":"max-video-preview:-1"},"og_locale":"it_IT","og_type":"article","og_title":"Nasce la Pro Loco e porta il Natale","og_description":"Domenica 2 dicembre la nuova Pro loco debutta con il Mercatino di Natale: bancarelle ma anche musica, intrattenimento per grandi e bambini e le specialit\u00e0 gastronomiche degli Alpini","og_url":"https:\/\/staging.varesenews.it\/2018\/11\/nasce-la-pro-loco-porta-natale\/773472\/","og_site_name":"VareseNews","article_publisher":"https:\/\/www.facebook.com\/varesenews","article_author":"https:\/\/www.facebook.com\/mariangela.gerletti","article_published_time":"2018-11-29T14:55:20+00:00","article_modified_time":"2018-11-29T15:03:57+00:00","author":"Mariangela Gerletti","twitter_card":"summary_large_image","twitter_creator":"@MariGerletti","twitter_site":"@varesenews","twitter_misc":{"Scritto da":"Mariangela Gerletti","Tempo di lettura stimato":"1 minuto"},"schema":{"@context":"https:\/\/schema.org","@graph":[{"@type":"WebPage","@id":"https:\/\/staging.varesenews.it\/2018\/11\/nasce-la-pro-loco-porta-natale\/773472\/","url":"https:\/\/staging.varesenews.it\/2018\/11\/nasce-la-pro-loco-porta-natale\/773472\/","name":"Nasce la Pro Loco e porta il Natale","isPartOf":{"@id":"https:\/\/staging.varesenews.it\/#website"},"datePublished":"2018-11-29T14:55:20+00:00","dateModified":"2018-11-29T15:03:57+00:00","author":{"@id":"https:\/\/staging.varesenews.it\/#\/schema\/person\/14f52876ea19bc10d0d2717b6e8f9b89"},"description":"Domenica 2 dicembre la nuova Pro loco debutta con il Mercatino di Natale: bancarelle ma anche musica, intrattenimento per grandi e bambini e le specialit\u00e0 gastronomiche degli Alpini","breadcrumb":{"@id":"https:\/\/staging.varesenews.it\/2018\/11\/nasce-la-pro-loco-porta-natale\/773472\/#breadcrumb"},"inLanguage":"it-IT","potentialAction":[{"@type":"ReadAction","target":["https:\/\/staging.varesenews.it\/2018\/11\/nasce-la-pro-loco-porta-natale\/773472\/"]}]},{"@type":"BreadcrumbList","@id":"https:\/\/staging.varesenews.it\/2018\/11\/nasce-la-pro-loco-porta-natale\/773472\/#breadcrumb","itemListElement":[{"@type":"ListItem","position":1,"name":"Home","item":"https:\/\/www.varesenews.it\/"},{"@type":"ListItem","position":2,"name":"Nasce la Pro Loco e porta il Natale"}]},{"@type":"WebSite","@id":"https:\/\/staging.varesenews.it\/#website","url":"https:\/\/staging.varesenews.it\/","name":"VareseNews","description":"","potentialAction":[{"@type":"SearchAction","target":{"@type":"EntryPoint","urlTemplate":"https:\/\/staging.varesenews.it\/?s={search_term_string}"},"query-input":"required name=search_term_string"}],"inLanguage":"it-IT"},{"@type":"Person","@id":"https:\/\/staging.varesenews.it\/#\/schema\/person\/14f52876ea19bc10d0d2717b6e8f9b89","name":"Mariangela Gerletti","image":{"@type":"ImageObject","inLanguage":"it-IT","@id":"https:\/\/staging.varesenews.it\/#\/schema\/person\/image\/","url":"https:\/\/staging.varesenews.it\/wp-content\/uploads\/2020\/12\/mariangela.jpeg","contentUrl":"https:\/\/staging.varesenews.it\/wp-content\/uploads\/2020\/12\/mariangela.jpeg","caption":"Mariangela Gerletti"},"description":"Da pi&ugrave; di trent'anni mi occupo di giornalismo e comunicazione Varesenews &egrave; il luogo dove ho trovato la passione, l'attenzione e le persone che ogni giorno mi fanno amare un po' di pi&ugrave; questo lavoro di cui non mi stanco mai. Far parte della redazione di Varesenews &egrave; un onore, sostenere il progetto della membership &egrave; un piacere perch&eacute; mi fa sentire ancora pi&ugrave; vicina alla grande comunit&agrave; dei nostri lettori.","sameAs":["https:\/\/www.facebook.com\/mariangela.gerletti","marigerletti","https:\/\/twitter.com\/MariGerletti"],"url":"https:\/\/staging.varesenews.it\/persona\/mariangela-gerletti1\/"}]}},"post_meta":{"_edit_lock":"1543503705:44","_edit_last":"44","_category_permalink":"a:1:{s:8:\"category\";s:1:\"2\";}","foto":"711049","firma-personalizzata":"Ma.Ge.","argomento":"Besano","_yoast_wpseo_content_score":"30","_jd_tweet_this":"yes","ratings_users":"0","ratings_score":"0","ratings_average":"0","_wpt_short_url":"https:\/\/www.varesenews.it\/2018\/11\/nasce-la-pro-loco-porta-natale\/773472\/","_wp_jd_target":"https:\/\/www.varesenews.it\/2018\/11\/nasce-la-pro-loco-porta-natale\/773472\/","_jd_wp_twitter":"a:1:{i:0;s:147:\"Nasce la Pro Loco e porta il Natale https:\/\/www.varesenews.it\/2018\/11\/nasce-la-pro-loco-porta-natale\/773472\/ #natale2018 #prolocobesano #Valceresio\";}","_wpt_status_message":"Tweet inviato con successo.","id_leggi_anche":"774859"},"photos":[{"original":"https:\/\/staging.varesenews.it\/photogallery_new\/images\/2018\/11\/natale-generiche-711049.jpg","full":"https:\/\/staging.varesenews.it\/photogallery_new\/images\/2018\/11\/natale-generiche-711049.1024x768.jpg","large":"https:\/\/staging.varesenews.it\/photogallery_new\/images\/2018\/11\/natale-generiche-711049.610x431.jpg"}],"_links":{"self":[{"href":"https:\/\/staging.varesenews.it\/swgapi\/v1\/wp\/v2\/posts\/773472"}],"collection":[{"href":"https:\/\/staging.varesenews.it\/swgapi\/v1\/wp\/v2\/posts"}],"about":[{"href":"https:\/\/staging.varesenews.it\/swgapi\/v1\/wp\/v2\/types\/post"}],"author":[{"embeddable":true,"href":"https:\/\/staging.varesenews.it\/swgapi\/v1\/wp\/v2\/users\/44"}],"replies":[{"embeddable":true,"href":"https:\/\/staging.varesenews.it\/swgapi\/v1\/wp\/v2\/comments?post=773472"}],"version-history":[{"count":0,"href":"https:\/\/staging.varesenews.it\/swgapi\/v1\/wp\/v2\/posts\/773472\/revisions"}],"wp:attachment":[{"href":"https:\/\/staging.varesenews.it\/swgapi\/v1\/wp\/v2\/media?parent=773472"}],"wp:term":[{"taxonomy":"category","embeddable":true,"href":"https:\/\/staging.varesenews.it\/swgapi\/v1\/wp\/v2\/categories?post=773472"},{"taxonomy":"post_tag","embeddable":true,"href":"https:\/\/staging.varesenews.it\/swgapi\/v1\/wp\/v2\/tags?post=773472"}],"curies":[{"name":"wp","href":"https:\/\/api.w.org\/{rel}","templated":true}]}}