{"id":774254,"date":"2018-12-02T19:09:49","date_gmt":"2018-12-02T18:09:49","guid":{"rendered":"https:\/\/www.varesenews.it\/?p=774254"},"modified":"2018-12-02T19:09:49","modified_gmt":"2018-12-02T18:09:49","slug":"nove-mastini-nazionale","status":"publish","type":"post","link":"https:\/\/staging.varesenews.it\/2018\/12\/nove-mastini-nazionale\/774254\/","title":{"rendered":"Nove Mastini in nazionale"},"content":{"rendered":"<p>La Bpm Sport Management viaggia alla grande: terzo posto in campionato e anche in Europa i risultati sono positivi. Le buone prestazioni in vasca hanno fatto s\u00ec che ben 11 mastini venissero chiamati per le rispettive nazionali.<\/p>\n<p>Di questi, nove sono stati chiamati per l&#8217;Italia, Lazovic per il Montenegro e Drasovic per la Serbia. Gli azzurri che saranno presenti al collegiale di Sori e Rapallo da domenica 9 a mercoled\u00ec 12 novembre saranno\u00a0Jacopo Alesiani, Lorenzo Bruni, Luca Damonte, Edoardo Di Somma, Vincenzo Dolce, Andrea Fondelli, Cristiano Mirarchi, Gianmarco Nicosia e Giuseppe Valentino<\/p>\n<p><strong>Il difensore Giuseppe Valentino: \u201c<\/strong>Sono contento di tornare dopo 4 anni in nazionale. Sono contentissimo di essere stato richiamato in Nazionale per questo collegiale che ci vedr\u00e0 allenarci contro il Recco. Non dobbiamo per\u00f2 dimenticare che la settimana prossima avremo, prima della Nazionale, un impegno importantissimo come quello contro lo Jug Dubrovnik in Len Champions League\u201d.<\/p>\n<p><strong>Il centroboa Lorenzo Bruni: <\/strong>\u201cVestire la calotta della Nazionale \u00e8 sicuramente una bella emozione. Farlo con tanti dei miei compagni di squadra sar\u00e0 sicuramente un piacere in pi\u00f9 ma, come diceva Giuseppe, non dobbiamo dimenticare che prima ci sar\u00e0 un\u2019importante partita di Len Champions League\u201d.<\/p>\n<p><strong>Il difensore Vincenzo Dolce:<\/strong> \u201cQuando la Nazionale chiama non puoi che essere contento soprattutto quando poi trovi cos\u00ec tanti compagni di squadra. \u00c8 sempre bello andare a giocare con la Nazionale e non vedo l\u2019ora di poter indossare la calotta azzurra\u201d.<\/p>\n<p><strong>Il presidente Sergio Tosi :<\/strong> \u201cPenso che questa convocazione sia un record per noi. \u00c8 stata sicuramente una sorpresa, ma che conferma quanto di buono stiamo facendo quest\u2019anno. Convocazione molto meritata, l\u2019unica cosa che mi dispiace \u00e8 che rimangano fuori due dei nostri ragazzi che per\u00f2 avrebbero assolutamente meritato di essere chiamati\u201d.<\/p>\n","protected":false},"excerpt":{"rendered":"<p>Nove sono i giocatori della Bpm Sport Management chiamati per il collegiale azzurro<\/p>\n","protected":false},"author":37,"featured_media":0,"comment_status":"open","ping_status":"open","sticky":false,"template":"","format":"standard","meta":{"footnotes":""},"categories":[14],"tags":[51823,1590],"acf":[],"yoast_head":"<!-- This site is optimized with the Yoast SEO plugin v20.1 - https:\/\/yoast.com\/wordpress\/plugins\/seo\/ -->\n<title>Nove Mastini in nazionale<\/title>\n<meta name=\"description\" content=\"Nove sono i giocatori della Bpm Sport Management chiamati per il collegiale azzurro\" \/>\n<meta name=\"robots\" content=\"noindex, follow, max-snippet:-1, max-image-preview:large, max-video-preview:-1\" \/>\n<meta property=\"og:locale\" content=\"it_IT\" \/>\n<meta property=\"og:type\" content=\"article\" \/>\n<meta property=\"og:title\" content=\"Nove Mastini in nazionale\" \/>\n<meta property=\"og:description\" content=\"Nove sono i giocatori della Bpm Sport Management chiamati per il collegiale azzurro\" \/>\n<meta property=\"og:url\" content=\"https:\/\/staging.varesenews.it\/2018\/12\/nove-mastini-nazionale\/774254\/\" \/>\n<meta property=\"og:site_name\" content=\"VareseNews\" \/>\n<meta property=\"article:publisher\" content=\"https:\/\/www.facebook.com\/varesenews\" \/>\n<meta property=\"article:published_time\" content=\"2018-12-02T18:09:49+00:00\" \/>\n<meta name=\"author\" content=\"Francesco Mazzoleni\" \/>\n<meta name=\"twitter:card\" content=\"summary_large_image\" \/>\n<meta name=\"twitter:creator\" content=\"@fmazzof\" \/>\n<meta name=\"twitter:site\" content=\"@varesenews\" \/>\n<meta name=\"twitter:label1\" content=\"Scritto da\" \/>\n\t<meta name=\"twitter:data1\" content=\"Francesco Mazzoleni\" \/>\n\t<meta name=\"twitter:label2\" content=\"Tempo di lettura stimato\" \/>\n\t<meta name=\"twitter:data2\" content=\"1 minuto\" \/>\n<script type=\"application\/ld+json\" class=\"yoast-schema-graph\">{\"@context\":\"https:\/\/schema.org\",\"@graph\":[{\"@type\":\"WebPage\",\"@id\":\"https:\/\/staging.varesenews.it\/2018\/12\/nove-mastini-nazionale\/774254\/\",\"url\":\"https:\/\/staging.varesenews.it\/2018\/12\/nove-mastini-nazionale\/774254\/\",\"name\":\"Nove Mastini in nazionale\",\"isPartOf\":{\"@id\":\"https:\/\/staging.varesenews.it\/#website\"},\"datePublished\":\"2018-12-02T18:09:49+00:00\",\"dateModified\":\"2018-12-02T18:09:49+00:00\",\"author\":{\"@id\":\"https:\/\/staging.varesenews.it\/#\/schema\/person\/e82236e79160d30d4e1f942004ac3038\"},\"description\":\"Nove sono i giocatori della Bpm Sport Management chiamati per il collegiale azzurro\",\"breadcrumb\":{\"@id\":\"https:\/\/staging.varesenews.it\/2018\/12\/nove-mastini-nazionale\/774254\/#breadcrumb\"},\"inLanguage\":\"it-IT\",\"potentialAction\":[{\"@type\":\"ReadAction\",\"target\":[\"https:\/\/staging.varesenews.it\/2018\/12\/nove-mastini-nazionale\/774254\/\"]}]},{\"@type\":\"BreadcrumbList\",\"@id\":\"https:\/\/staging.varesenews.it\/2018\/12\/nove-mastini-nazionale\/774254\/#breadcrumb\",\"itemListElement\":[{\"@type\":\"ListItem\",\"position\":1,\"name\":\"Home\",\"item\":\"https:\/\/www.varesenews.it\/\"},{\"@type\":\"ListItem\",\"position\":2,\"name\":\"Nove Mastini in nazionale\"}]},{\"@type\":\"WebSite\",\"@id\":\"https:\/\/staging.varesenews.it\/#website\",\"url\":\"https:\/\/staging.varesenews.it\/\",\"name\":\"VareseNews\",\"description\":\"\",\"potentialAction\":[{\"@type\":\"SearchAction\",\"target\":{\"@type\":\"EntryPoint\",\"urlTemplate\":\"https:\/\/staging.varesenews.it\/?s={search_term_string}\"},\"query-input\":\"required name=search_term_string\"}],\"inLanguage\":\"it-IT\"},{\"@type\":\"Person\",\"@id\":\"https:\/\/staging.varesenews.it\/#\/schema\/person\/e82236e79160d30d4e1f942004ac3038\",\"name\":\"Francesco Mazzoleni\",\"image\":{\"@type\":\"ImageObject\",\"inLanguage\":\"it-IT\",\"@id\":\"https:\/\/staging.varesenews.it\/#\/schema\/person\/image\/\",\"url\":\"https:\/\/staging.varesenews.it\/wp-content\/uploads\/2020\/12\/francesco_mazzoleni_colori_500-1.jpg\",\"contentUrl\":\"https:\/\/staging.varesenews.it\/wp-content\/uploads\/2020\/12\/francesco_mazzoleni_colori_500-1.jpg\",\"caption\":\"Francesco Mazzoleni\"},\"description\":\"\\\"Uomo di campo\\\" della redazione sportiva. Nutro una vera passione per il calcio, che sia ad alti livelli, sui campi di provincia o in altri continenti. Sono nato a Varese nel 1984, vivo da sempre a Malnate e ho una laurea in Scienze Motorie. Ho mosso i primi passi a VareseNews da stagista nel 2002; nel 2008 ho iniziato a collaborare con maggiore continuit\u00e0 e dal 2018 sono giornalista professionista. Orgoglioso pap\u00e0 di Federico e Adelaide.\",\"sameAs\":[\"fmazzof\",\"it.linkedin.com\/in\/francescomazzolenif\",\"https:\/\/twitter.com\/fmazzof\"],\"url\":\"https:\/\/staging.varesenews.it\/persona\/francesco_mazzoleniferracini\/\"}]}<\/script>\n<!-- \/ Yoast SEO plugin. -->","yoast_head_json":{"title":"Nove Mastini in nazionale","description":"Nove sono i giocatori della Bpm Sport Management chiamati per il collegiale azzurro","robots":{"index":"noindex","follow":"follow","max-snippet":"max-snippet:-1","max-image-preview":"max-image-preview:large","max-video-preview":"max-video-preview:-1"},"og_locale":"it_IT","og_type":"article","og_title":"Nove Mastini in nazionale","og_description":"Nove sono i giocatori della Bpm Sport Management chiamati per il collegiale azzurro","og_url":"https:\/\/staging.varesenews.it\/2018\/12\/nove-mastini-nazionale\/774254\/","og_site_name":"VareseNews","article_publisher":"https:\/\/www.facebook.com\/varesenews","article_published_time":"2018-12-02T18:09:49+00:00","author":"Francesco Mazzoleni","twitter_card":"summary_large_image","twitter_creator":"@fmazzof","twitter_site":"@varesenews","twitter_misc":{"Scritto da":"Francesco Mazzoleni","Tempo di lettura stimato":"1 minuto"},"schema":{"@context":"https:\/\/schema.org","@graph":[{"@type":"WebPage","@id":"https:\/\/staging.varesenews.it\/2018\/12\/nove-mastini-nazionale\/774254\/","url":"https:\/\/staging.varesenews.it\/2018\/12\/nove-mastini-nazionale\/774254\/","name":"Nove Mastini in nazionale","isPartOf":{"@id":"https:\/\/staging.varesenews.it\/#website"},"datePublished":"2018-12-02T18:09:49+00:00","dateModified":"2018-12-02T18:09:49+00:00","author":{"@id":"https:\/\/staging.varesenews.it\/#\/schema\/person\/e82236e79160d30d4e1f942004ac3038"},"description":"Nove sono i giocatori della Bpm Sport Management chiamati per il collegiale azzurro","breadcrumb":{"@id":"https:\/\/staging.varesenews.it\/2018\/12\/nove-mastini-nazionale\/774254\/#breadcrumb"},"inLanguage":"it-IT","potentialAction":[{"@type":"ReadAction","target":["https:\/\/staging.varesenews.it\/2018\/12\/nove-mastini-nazionale\/774254\/"]}]},{"@type":"BreadcrumbList","@id":"https:\/\/staging.varesenews.it\/2018\/12\/nove-mastini-nazionale\/774254\/#breadcrumb","itemListElement":[{"@type":"ListItem","position":1,"name":"Home","item":"https:\/\/www.varesenews.it\/"},{"@type":"ListItem","position":2,"name":"Nove Mastini in nazionale"}]},{"@type":"WebSite","@id":"https:\/\/staging.varesenews.it\/#website","url":"https:\/\/staging.varesenews.it\/","name":"VareseNews","description":"","potentialAction":[{"@type":"SearchAction","target":{"@type":"EntryPoint","urlTemplate":"https:\/\/staging.varesenews.it\/?s={search_term_string}"},"query-input":"required name=search_term_string"}],"inLanguage":"it-IT"},{"@type":"Person","@id":"https:\/\/staging.varesenews.it\/#\/schema\/person\/e82236e79160d30d4e1f942004ac3038","name":"Francesco Mazzoleni","image":{"@type":"ImageObject","inLanguage":"it-IT","@id":"https:\/\/staging.varesenews.it\/#\/schema\/person\/image\/","url":"https:\/\/staging.varesenews.it\/wp-content\/uploads\/2020\/12\/francesco_mazzoleni_colori_500-1.jpg","contentUrl":"https:\/\/staging.varesenews.it\/wp-content\/uploads\/2020\/12\/francesco_mazzoleni_colori_500-1.jpg","caption":"Francesco Mazzoleni"},"description":"\"Uomo di campo\" della redazione sportiva. Nutro una vera passione per il calcio, che sia ad alti livelli, sui campi di provincia o in altri continenti. Sono nato a Varese nel 1984, vivo da sempre a Malnate e ho una laurea in Scienze Motorie. Ho mosso i primi passi a VareseNews da stagista nel 2002; nel 2008 ho iniziato a collaborare con maggiore continuit\u00e0 e dal 2018 sono giornalista professionista. Orgoglioso pap\u00e0 di Federico e Adelaide.","sameAs":["fmazzof","it.linkedin.com\/in\/francescomazzolenif","https:\/\/twitter.com\/fmazzof"],"url":"https:\/\/staging.varesenews.it\/persona\/francesco_mazzoleniferracini\/"}]}},"post_meta":{"_edit_lock":"1543782000:37","_edit_last":"37","_category_permalink":"a:1:{s:8:\"category\";s:2:\"14\";}","ratings_users":"0","ratings_score":"0","ratings_average":"0","foto":"711575","firma_come_redazione":"1","argomento":"Pallanuoto","_yoast_wpseo_focuskw_text_input":"bpm sport management","_yoast_wpseo_focuskw":"bpm sport management","_yoast_wpseo_linkdex":"56","_yoast_wpseo_content_score":"30","_jd_tweet_this":"yes","_wpt_short_url":"https:\/\/www.varesenews.it\/2018\/12\/nove-mastini-nazionale\/774254\/","_wp_jd_target":"https:\/\/www.varesenews.it\/2018\/12\/nove-mastini-nazionale\/774254\/","_jd_wp_twitter":"a:1:{i:0;s:102:\"Nove Mastini in nazionale https:\/\/www.varesenews.it\/2018\/12\/nove-mastini-nazionale\/774254\/ #pallanuoto\";}","_wpt_status_message":"Tweet inviato con successo."},"photos":[{"original":"https:\/\/staging.varesenews.it\/photogallery_new\/images\/2018\/12\/bpm-sport-management-pallanuoto-711575.jpg","full":"https:\/\/staging.varesenews.it\/photogallery_new\/images\/2018\/12\/bpm-sport-management-pallanuoto-711575.1024x768.jpg","large":"https:\/\/staging.varesenews.it\/photogallery_new\/images\/2018\/12\/bpm-sport-management-pallanuoto-711575.610x431.jpg"}],"_links":{"self":[{"href":"https:\/\/staging.varesenews.it\/swgapi\/v1\/wp\/v2\/posts\/774254"}],"collection":[{"href":"https:\/\/staging.varesenews.it\/swgapi\/v1\/wp\/v2\/posts"}],"about":[{"href":"https:\/\/staging.varesenews.it\/swgapi\/v1\/wp\/v2\/types\/post"}],"author":[{"embeddable":true,"href":"https:\/\/staging.varesenews.it\/swgapi\/v1\/wp\/v2\/users\/37"}],"replies":[{"embeddable":true,"href":"https:\/\/staging.varesenews.it\/swgapi\/v1\/wp\/v2\/comments?post=774254"}],"version-history":[{"count":0,"href":"https:\/\/staging.varesenews.it\/swgapi\/v1\/wp\/v2\/posts\/774254\/revisions"}],"wp:attachment":[{"href":"https:\/\/staging.varesenews.it\/swgapi\/v1\/wp\/v2\/media?parent=774254"}],"wp:term":[{"taxonomy":"category","embeddable":true,"href":"https:\/\/staging.varesenews.it\/swgapi\/v1\/wp\/v2\/categories?post=774254"},{"taxonomy":"post_tag","embeddable":true,"href":"https:\/\/staging.varesenews.it\/swgapi\/v1\/wp\/v2\/tags?post=774254"}],"curies":[{"name":"wp","href":"https:\/\/api.w.org\/{rel}","templated":true}]}}