{"id":774419,"date":"2018-12-03T12:34:59","date_gmt":"2018-12-03T11:34:59","guid":{"rendered":"https:\/\/www.varesenews.it\/?p=774419"},"modified":"2018-12-03T12:34:59","modified_gmt":"2018-12-03T11:34:59","slug":"lessenza-dellassenza-dallosservazione-alla-pratica","status":"publish","type":"post","link":"https:\/\/staging.varesenews.it\/2018\/12\/lessenza-dellassenza-dallosservazione-alla-pratica\/774419\/","title":{"rendered":"&#8220;L&#8217;essenza dell&#8217;assenza&#8221;: dall&#8217;osservazione alla pratica"},"content":{"rendered":"<p>Bambini alla scoperta del dettaglio mancante, o meglio dell&#8217;assenza, che conferisce magia alle opere d&#8217;arte. Questo il tema scelto per la prossima <strong>&#8220;Domenica al museo&#8221; del MA*GA<\/strong> dedicata ai bambini e intitolata <strong>&#8220;L&#8217;essenza dell&#8217;assenza&#8221;<\/strong>.<\/p>\n<p><strong>Domenica 9 dicembre alle ore 15<\/strong> <strong>Marta Ferina guider\u00e0 i piccoli visitatori<\/strong> ad osservare alcune opere esposte in museo nelle quali l&#8217;assenza ha un valore magico e simbolico, come ad esempio nelle foto di <strong>Marina Ballo Charmet<\/strong> o nelle opere di <strong>Claudio Parmiggiani.<\/strong><br \/>\nI bambini avranno cos\u00ec l&#8217;occasione per riflettere sulle cose che si vedono e quelle che non si vedono e che per\u00f2 ci sono o ci sono state, oppure quelle che non si vedono perch\u00e8 nascoste.<\/p>\n<p>Nel laboratorio, dopo la visita, prendendo spunto da opere viste in mostra i piccoli potranno sperimentare diverse tecniche artistiche per far comparire immagini dal nulla quasi per magia!<\/p>\n<p>Attivit\u00e0 adatta per bambini in et\u00e0 scolare, tra<strong> 5 e 10 anni.<\/strong><br \/>\nIl costo \u00e8 di \u20ac 5 euro a bambino partecipante, l\u2019ingresso in museo \u00e8 gratuito.<br \/>\nPrenotazioni consigliate entro il venerd\u00ec precedente il laboratorio, scrivendo a <a>lab.domenica@museomaga.it<\/a>.<\/p>\n","protected":false},"excerpt":{"rendered":"<p>Per il ciclo &#8220;Domeniche al museo&#8221;, il 9 dicembre il MA*GA propone ai bambini una speciale visita guidata alle opere della collezione, seguita da un laboratorio artistico<\/p>\n","protected":false},"author":14095,"featured_media":0,"comment_status":"open","ping_status":"open","sticky":false,"template":"","format":"standard","meta":{"footnotes":""},"categories":[23,3,21],"tags":[87452,87200,87905,87851,87906,87843,158],"acf":[],"yoast_head":"<!-- This site is optimized with the Yoast SEO plugin v20.1 - https:\/\/yoast.com\/wordpress\/plugins\/seo\/ -->\n<title>&quot;L&#039;essenza dell&#039;assenza&quot;: dall&#039;osservazione alla pratica<\/title>\n<meta name=\"description\" content=\"Per il ciclo &quot;Domeniche al museo&quot;, il 9 dicembre il MA*GA propone ai bambini una speciale visita guidata alle opere della collezione, seguita da un laboratorio artistico\" \/>\n<meta name=\"robots\" content=\"noindex, follow, max-snippet:-1, max-image-preview:large, max-video-preview:-1\" \/>\n<meta property=\"og:locale\" content=\"it_IT\" \/>\n<meta property=\"og:type\" content=\"article\" \/>\n<meta property=\"og:title\" content=\"&quot;L&#039;essenza dell&#039;assenza&quot;: dall&#039;osservazione alla pratica\" \/>\n<meta property=\"og:description\" content=\"Per il ciclo &quot;Domeniche al museo&quot;, il 9 dicembre il MA*GA propone ai bambini una speciale visita guidata alle opere della collezione, seguita da un laboratorio artistico\" \/>\n<meta property=\"og:url\" content=\"https:\/\/staging.varesenews.it\/2018\/12\/lessenza-dellassenza-dallosservazione-alla-pratica\/774419\/\" \/>\n<meta property=\"og:site_name\" content=\"VareseNews\" \/>\n<meta property=\"article:publisher\" content=\"https:\/\/www.facebook.com\/varesenews\" \/>\n<meta property=\"article:published_time\" content=\"2018-12-03T11:34:59+00:00\" \/>\n<meta name=\"author\" content=\"Lidia Romeo\" \/>\n<meta name=\"twitter:card\" content=\"summary_large_image\" \/>\n<meta name=\"twitter:creator\" content=\"@varesenews\" \/>\n<meta name=\"twitter:site\" content=\"@varesenews\" \/>\n<meta name=\"twitter:label1\" content=\"Scritto da\" \/>\n\t<meta name=\"twitter:data1\" content=\"Lidia Romeo\" \/>\n\t<meta name=\"twitter:label2\" content=\"Tempo di lettura stimato\" \/>\n\t<meta name=\"twitter:data2\" content=\"1 minuto\" \/>\n<script type=\"application\/ld+json\" class=\"yoast-schema-graph\">{\"@context\":\"https:\/\/schema.org\",\"@graph\":[{\"@type\":\"WebPage\",\"@id\":\"https:\/\/staging.varesenews.it\/2018\/12\/lessenza-dellassenza-dallosservazione-alla-pratica\/774419\/\",\"url\":\"https:\/\/staging.varesenews.it\/2018\/12\/lessenza-dellassenza-dallosservazione-alla-pratica\/774419\/\",\"name\":\"\\\"L'essenza dell'assenza\\\": dall'osservazione alla pratica\",\"isPartOf\":{\"@id\":\"https:\/\/staging.varesenews.it\/#website\"},\"datePublished\":\"2018-12-03T11:34:59+00:00\",\"dateModified\":\"2018-12-03T11:34:59+00:00\",\"author\":{\"@id\":\"https:\/\/staging.varesenews.it\/#\/schema\/person\/83b39e5ac77662e18c07cdb07f0b4e7a\"},\"description\":\"Per il ciclo \\\"Domeniche al museo\\\", il 9 dicembre il MA*GA propone ai bambini una speciale visita guidata alle opere della collezione, seguita da un laboratorio artistico\",\"breadcrumb\":{\"@id\":\"https:\/\/staging.varesenews.it\/2018\/12\/lessenza-dellassenza-dallosservazione-alla-pratica\/774419\/#breadcrumb\"},\"inLanguage\":\"it-IT\",\"potentialAction\":[{\"@type\":\"ReadAction\",\"target\":[\"https:\/\/staging.varesenews.it\/2018\/12\/lessenza-dellassenza-dallosservazione-alla-pratica\/774419\/\"]}]},{\"@type\":\"BreadcrumbList\",\"@id\":\"https:\/\/staging.varesenews.it\/2018\/12\/lessenza-dellassenza-dallosservazione-alla-pratica\/774419\/#breadcrumb\",\"itemListElement\":[{\"@type\":\"ListItem\",\"position\":1,\"name\":\"Home\",\"item\":\"https:\/\/www.varesenews.it\/\"},{\"@type\":\"ListItem\",\"position\":2,\"name\":\"&#8220;L&#8217;essenza dell&#8217;assenza&#8221;: dall&#8217;osservazione alla pratica\"}]},{\"@type\":\"WebSite\",\"@id\":\"https:\/\/staging.varesenews.it\/#website\",\"url\":\"https:\/\/staging.varesenews.it\/\",\"name\":\"VareseNews\",\"description\":\"\",\"potentialAction\":[{\"@type\":\"SearchAction\",\"target\":{\"@type\":\"EntryPoint\",\"urlTemplate\":\"https:\/\/staging.varesenews.it\/?s={search_term_string}\"},\"query-input\":\"required name=search_term_string\"}],\"inLanguage\":\"it-IT\"},{\"@type\":\"Person\",\"@id\":\"https:\/\/staging.varesenews.it\/#\/schema\/person\/83b39e5ac77662e18c07cdb07f0b4e7a\",\"name\":\"Lidia Romeo\",\"image\":{\"@type\":\"ImageObject\",\"inLanguage\":\"it-IT\",\"@id\":\"https:\/\/staging.varesenews.it\/#\/schema\/person\/image\/\",\"url\":\"https:\/\/staging.varesenews.it\/wp-content\/uploads\/2020\/12\/lidia_romeo_colori_500.jpg\",\"contentUrl\":\"https:\/\/staging.varesenews.it\/wp-content\/uploads\/2020\/12\/lidia_romeo_colori_500.jpg\",\"caption\":\"Lidia Romeo\"},\"description\":\"Giornalista professionista dal 2010, una laurea in Scienze politiche e tante, tantissime domande. Ascolto risposte, ne cerco altre e alcune le scrivo. Mi piacciono le chiacchiere, le idee capaci di guardare lontano e camminare in spazi aperti senza altra meta che l&rsquo;orizzonte.&nbsp;Per VareseNews sono responsabile del canale Bambini, a proposito di orizzonti ampi... quanto il futuro. &nbsp;\",\"url\":\"https:\/\/staging.varesenews.it\/persona\/lidia-romeo-a\/\"}]}<\/script>\n<!-- \/ Yoast SEO plugin. -->","yoast_head_json":{"title":"\"L'essenza dell'assenza\": dall'osservazione alla pratica","description":"Per il ciclo \"Domeniche al museo\", il 9 dicembre il MA*GA propone ai bambini una speciale visita guidata alle opere della collezione, seguita da un laboratorio artistico","robots":{"index":"noindex","follow":"follow","max-snippet":"max-snippet:-1","max-image-preview":"max-image-preview:large","max-video-preview":"max-video-preview:-1"},"og_locale":"it_IT","og_type":"article","og_title":"\"L'essenza dell'assenza\": dall'osservazione alla pratica","og_description":"Per il ciclo \"Domeniche al museo\", il 9 dicembre il MA*GA propone ai bambini una speciale visita guidata alle opere della collezione, seguita da un laboratorio artistico","og_url":"https:\/\/staging.varesenews.it\/2018\/12\/lessenza-dellassenza-dallosservazione-alla-pratica\/774419\/","og_site_name":"VareseNews","article_publisher":"https:\/\/www.facebook.com\/varesenews","article_published_time":"2018-12-03T11:34:59+00:00","author":"Lidia Romeo","twitter_card":"summary_large_image","twitter_creator":"@varesenews","twitter_site":"@varesenews","twitter_misc":{"Scritto da":"Lidia Romeo","Tempo di lettura stimato":"1 minuto"},"schema":{"@context":"https:\/\/schema.org","@graph":[{"@type":"WebPage","@id":"https:\/\/staging.varesenews.it\/2018\/12\/lessenza-dellassenza-dallosservazione-alla-pratica\/774419\/","url":"https:\/\/staging.varesenews.it\/2018\/12\/lessenza-dellassenza-dallosservazione-alla-pratica\/774419\/","name":"\"L'essenza dell'assenza\": dall'osservazione alla pratica","isPartOf":{"@id":"https:\/\/staging.varesenews.it\/#website"},"datePublished":"2018-12-03T11:34:59+00:00","dateModified":"2018-12-03T11:34:59+00:00","author":{"@id":"https:\/\/staging.varesenews.it\/#\/schema\/person\/83b39e5ac77662e18c07cdb07f0b4e7a"},"description":"Per il ciclo \"Domeniche al museo\", il 9 dicembre il MA*GA propone ai bambini una speciale visita guidata alle opere della collezione, seguita da un laboratorio artistico","breadcrumb":{"@id":"https:\/\/staging.varesenews.it\/2018\/12\/lessenza-dellassenza-dallosservazione-alla-pratica\/774419\/#breadcrumb"},"inLanguage":"it-IT","potentialAction":[{"@type":"ReadAction","target":["https:\/\/staging.varesenews.it\/2018\/12\/lessenza-dellassenza-dallosservazione-alla-pratica\/774419\/"]}]},{"@type":"BreadcrumbList","@id":"https:\/\/staging.varesenews.it\/2018\/12\/lessenza-dellassenza-dallosservazione-alla-pratica\/774419\/#breadcrumb","itemListElement":[{"@type":"ListItem","position":1,"name":"Home","item":"https:\/\/www.varesenews.it\/"},{"@type":"ListItem","position":2,"name":"&#8220;L&#8217;essenza dell&#8217;assenza&#8221;: dall&#8217;osservazione alla pratica"}]},{"@type":"WebSite","@id":"https:\/\/staging.varesenews.it\/#website","url":"https:\/\/staging.varesenews.it\/","name":"VareseNews","description":"","potentialAction":[{"@type":"SearchAction","target":{"@type":"EntryPoint","urlTemplate":"https:\/\/staging.varesenews.it\/?s={search_term_string}"},"query-input":"required name=search_term_string"}],"inLanguage":"it-IT"},{"@type":"Person","@id":"https:\/\/staging.varesenews.it\/#\/schema\/person\/83b39e5ac77662e18c07cdb07f0b4e7a","name":"Lidia Romeo","image":{"@type":"ImageObject","inLanguage":"it-IT","@id":"https:\/\/staging.varesenews.it\/#\/schema\/person\/image\/","url":"https:\/\/staging.varesenews.it\/wp-content\/uploads\/2020\/12\/lidia_romeo_colori_500.jpg","contentUrl":"https:\/\/staging.varesenews.it\/wp-content\/uploads\/2020\/12\/lidia_romeo_colori_500.jpg","caption":"Lidia Romeo"},"description":"Giornalista professionista dal 2010, una laurea in Scienze politiche e tante, tantissime domande. Ascolto risposte, ne cerco altre e alcune le scrivo. Mi piacciono le chiacchiere, le idee capaci di guardare lontano e camminare in spazi aperti senza altra meta che l&rsquo;orizzonte.&nbsp;Per VareseNews sono responsabile del canale Bambini, a proposito di orizzonti ampi... quanto il futuro. &nbsp;","url":"https:\/\/staging.varesenews.it\/persona\/lidia-romeo-a\/"}]}},"post_meta":{"_edit_lock":"1543837286:14095","_edit_last":"14095","_category_permalink":"a:1:{s:8:\"category\";s:2:\"23\";}","foto":"665926","firma-personalizzata":"bambini@varesenews.it","argomento":"Gallarate","_yoast_wpseo_content_score":"30","_jd_tweet_this":"yes","ratings_users":"0","ratings_score":"0","ratings_average":"0","_wpt_short_url":"https:\/\/www.varesenews.it\/2018\/12\/lessenza-dellassenza-dallosservazione-alla-pratica\/774419\/","_wp_jd_target":"https:\/\/www.varesenews.it\/2018\/12\/lessenza-dellassenza-dallosservazione-alla-pratica\/774419\/","_jd_wp_twitter":"a:1:{i:0;s:197:\"\u201cL\u2019essenza dell\u2019assenza\u201d: dall\u2019osservazione alla pratica https:\/\/www.varesenews.it\/2018\/12\/lessenza-dellassenza-dallosservazione-alla-pratica\/774419\/ #Et\u00e0610 #Eventibambini #mondobambini\";}","_wpt_status_message":"Tweet inviato con successo."},"photos":[{"original":"https:\/\/staging.varesenews.it\/photogallery_new\/images\/2018\/04\/museo-maga-665926.jpg","full":"https:\/\/staging.varesenews.it\/photogallery_new\/images\/2018\/04\/museo-maga-665926.1024x768.jpg","large":"https:\/\/staging.varesenews.it\/photogallery_new\/images\/2018\/04\/museo-maga-665926.610x431.jpg"}],"_links":{"self":[{"href":"https:\/\/staging.varesenews.it\/swgapi\/v1\/wp\/v2\/posts\/774419"}],"collection":[{"href":"https:\/\/staging.varesenews.it\/swgapi\/v1\/wp\/v2\/posts"}],"about":[{"href":"https:\/\/staging.varesenews.it\/swgapi\/v1\/wp\/v2\/types\/post"}],"author":[{"embeddable":true,"href":"https:\/\/staging.varesenews.it\/swgapi\/v1\/wp\/v2\/users\/14095"}],"replies":[{"embeddable":true,"href":"https:\/\/staging.varesenews.it\/swgapi\/v1\/wp\/v2\/comments?post=774419"}],"version-history":[{"count":0,"href":"https:\/\/staging.varesenews.it\/swgapi\/v1\/wp\/v2\/posts\/774419\/revisions"}],"wp:attachment":[{"href":"https:\/\/staging.varesenews.it\/swgapi\/v1\/wp\/v2\/media?parent=774419"}],"wp:term":[{"taxonomy":"category","embeddable":true,"href":"https:\/\/staging.varesenews.it\/swgapi\/v1\/wp\/v2\/categories?post=774419"},{"taxonomy":"post_tag","embeddable":true,"href":"https:\/\/staging.varesenews.it\/swgapi\/v1\/wp\/v2\/tags?post=774419"}],"curies":[{"name":"wp","href":"https:\/\/api.w.org\/{rel}","templated":true}]}}