{"id":774964,"date":"2018-12-05T09:44:34","date_gmt":"2018-12-05T08:44:34","guid":{"rendered":"https:\/\/www.varesenews.it\/?p=774964"},"modified":"2018-12-05T09:44:34","modified_gmt":"2018-12-05T08:44:34","slug":"invito-pranzo-scigoll-de-santambroeus","status":"publish","type":"post","link":"https:\/\/staging.varesenews.it\/2018\/12\/invito-pranzo-scigoll-de-santambroeus\/774964\/","title":{"rendered":"Invito a pranzo con &#8220;i scigoll de Sant&#8217;Ambroeus&#8221;"},"content":{"rendered":"<p>In occasione della festa patronale, la Pro loco di Cuasso al Monte organizza per <strong>sabato 8 dicembre<\/strong> un pranzo con gustosi piatti della tradizione delle valli varesine.<\/p>\n<p>Al pranzo, che si terr\u00e0 alle 12.30 al Nuovo Teatro di Cuasso, saranno serviti la <strong>zuppa di cipolle<\/strong> (o di lenticchie) <strong>nella pagnotta di pane giallo<\/strong>, tagliere di salumi e formaggio, dolce e bevande, il tutto a 18 euro. Per i pi\u00f9 piccoli \u00e8 previsto un men\u00f9 bimbi. Nel pomeriggio \u00e8 in programma<strong> una tombolata<\/strong>.<\/p>\n<p>Il ricavato della giornata servir\u00e0 <strong>per sostenere le iniziative della Pro loco<\/strong> a favore del paese e dei giovani.<\/p>\n<p>Per partecipare al pranzo \u00e8 <strong>necessaria la prenotazione<\/strong>, che pu\u00f2 essere effettuata <strong>entro venerd\u00ec 7 dicembre<\/strong> telefonando ai numeri 347 4312170 oppure 338 7851800.<\/p>\n","protected":false},"excerpt":{"rendered":"<p>Sabato 8 dicembre la Pro loco organizza il tradizionale pranzo di Sant&#8217;Ambrogio con zuppa di cipolle o lenticchie nella pagnotta di pane giallo. Prenotazioni entro venerd\u00ec<\/p>\n","protected":false},"author":44,"featured_media":0,"comment_status":"open","ping_status":"open","sticky":false,"template":"","format":"standard","meta":{"footnotes":""},"categories":[21,2],"tags":[89329,70507,3632,158],"acf":[],"yoast_head":"<!-- This site is optimized with the Yoast SEO plugin v20.1 - https:\/\/yoast.com\/wordpress\/plugins\/seo\/ -->\n<title>Invito a pranzo con &quot;i scigoll de Sant&#039;Ambroeus&quot;<\/title>\n<meta name=\"description\" content=\"Sabato 8 dicembre la Pro loco organizza il tradizionale pranzo di Sant&#039;Ambrogio con zuppa di cipolle o lenticchie nella pagnotta di pane giallo. Prenotazioni entro venerd\u00ec\" \/>\n<meta name=\"robots\" content=\"noindex, follow, max-snippet:-1, max-image-preview:large, max-video-preview:-1\" \/>\n<meta property=\"og:locale\" content=\"it_IT\" \/>\n<meta property=\"og:type\" content=\"article\" \/>\n<meta property=\"og:title\" content=\"Invito a pranzo con &quot;i scigoll de Sant&#039;Ambroeus&quot;\" \/>\n<meta property=\"og:description\" content=\"Sabato 8 dicembre la Pro loco organizza il tradizionale pranzo di Sant&#039;Ambrogio con zuppa di cipolle o lenticchie nella pagnotta di pane giallo. Prenotazioni entro venerd\u00ec\" \/>\n<meta property=\"og:url\" content=\"https:\/\/staging.varesenews.it\/2018\/12\/invito-pranzo-scigoll-de-santambroeus\/774964\/\" \/>\n<meta property=\"og:site_name\" content=\"VareseNews\" \/>\n<meta property=\"article:publisher\" content=\"https:\/\/www.facebook.com\/varesenews\" \/>\n<meta property=\"article:author\" content=\"https:\/\/www.facebook.com\/mariangela.gerletti\" \/>\n<meta property=\"article:published_time\" content=\"2018-12-05T08:44:34+00:00\" \/>\n<meta name=\"author\" content=\"Mariangela Gerletti\" \/>\n<meta name=\"twitter:card\" content=\"summary_large_image\" \/>\n<meta name=\"twitter:creator\" content=\"@MariGerletti\" \/>\n<meta name=\"twitter:site\" content=\"@varesenews\" \/>\n<meta name=\"twitter:label1\" content=\"Scritto da\" \/>\n\t<meta name=\"twitter:data1\" content=\"Mariangela Gerletti\" \/>\n\t<meta name=\"twitter:label2\" content=\"Tempo di lettura stimato\" \/>\n\t<meta name=\"twitter:data2\" content=\"1 minuto\" \/>\n<script type=\"application\/ld+json\" class=\"yoast-schema-graph\">{\"@context\":\"https:\/\/schema.org\",\"@graph\":[{\"@type\":\"WebPage\",\"@id\":\"https:\/\/staging.varesenews.it\/2018\/12\/invito-pranzo-scigoll-de-santambroeus\/774964\/\",\"url\":\"https:\/\/staging.varesenews.it\/2018\/12\/invito-pranzo-scigoll-de-santambroeus\/774964\/\",\"name\":\"Invito a pranzo con \\\"i scigoll de Sant'Ambroeus\\\"\",\"isPartOf\":{\"@id\":\"https:\/\/staging.varesenews.it\/#website\"},\"datePublished\":\"2018-12-05T08:44:34+00:00\",\"dateModified\":\"2018-12-05T08:44:34+00:00\",\"author\":{\"@id\":\"https:\/\/staging.varesenews.it\/#\/schema\/person\/14f52876ea19bc10d0d2717b6e8f9b89\"},\"description\":\"Sabato 8 dicembre la Pro loco organizza il tradizionale pranzo di Sant'Ambrogio con zuppa di cipolle o lenticchie nella pagnotta di pane giallo. Prenotazioni entro venerd\u00ec\",\"breadcrumb\":{\"@id\":\"https:\/\/staging.varesenews.it\/2018\/12\/invito-pranzo-scigoll-de-santambroeus\/774964\/#breadcrumb\"},\"inLanguage\":\"it-IT\",\"potentialAction\":[{\"@type\":\"ReadAction\",\"target\":[\"https:\/\/staging.varesenews.it\/2018\/12\/invito-pranzo-scigoll-de-santambroeus\/774964\/\"]}]},{\"@type\":\"BreadcrumbList\",\"@id\":\"https:\/\/staging.varesenews.it\/2018\/12\/invito-pranzo-scigoll-de-santambroeus\/774964\/#breadcrumb\",\"itemListElement\":[{\"@type\":\"ListItem\",\"position\":1,\"name\":\"Home\",\"item\":\"https:\/\/www.varesenews.it\/\"},{\"@type\":\"ListItem\",\"position\":2,\"name\":\"Invito a pranzo con &#8220;i scigoll de Sant&#8217;Ambroeus&#8221;\"}]},{\"@type\":\"WebSite\",\"@id\":\"https:\/\/staging.varesenews.it\/#website\",\"url\":\"https:\/\/staging.varesenews.it\/\",\"name\":\"VareseNews\",\"description\":\"\",\"potentialAction\":[{\"@type\":\"SearchAction\",\"target\":{\"@type\":\"EntryPoint\",\"urlTemplate\":\"https:\/\/staging.varesenews.it\/?s={search_term_string}\"},\"query-input\":\"required name=search_term_string\"}],\"inLanguage\":\"it-IT\"},{\"@type\":\"Person\",\"@id\":\"https:\/\/staging.varesenews.it\/#\/schema\/person\/14f52876ea19bc10d0d2717b6e8f9b89\",\"name\":\"Mariangela Gerletti\",\"image\":{\"@type\":\"ImageObject\",\"inLanguage\":\"it-IT\",\"@id\":\"https:\/\/staging.varesenews.it\/#\/schema\/person\/image\/\",\"url\":\"https:\/\/staging.varesenews.it\/wp-content\/uploads\/2020\/12\/mariangela.jpeg\",\"contentUrl\":\"https:\/\/staging.varesenews.it\/wp-content\/uploads\/2020\/12\/mariangela.jpeg\",\"caption\":\"Mariangela Gerletti\"},\"description\":\"Da pi&ugrave; di trent'anni mi occupo di giornalismo e comunicazione Varesenews &egrave; il luogo dove ho trovato la passione, l'attenzione e le persone che ogni giorno mi fanno amare un po' di pi&ugrave; questo lavoro di cui non mi stanco mai. Far parte della redazione di Varesenews &egrave; un onore, sostenere il progetto della membership &egrave; un piacere perch&eacute; mi fa sentire ancora pi&ugrave; vicina alla grande comunit&agrave; dei nostri lettori.\",\"sameAs\":[\"https:\/\/www.facebook.com\/mariangela.gerletti\",\"marigerletti\",\"https:\/\/twitter.com\/MariGerletti\"],\"url\":\"https:\/\/staging.varesenews.it\/persona\/mariangela-gerletti1\/\"}]}<\/script>\n<!-- \/ Yoast SEO plugin. -->","yoast_head_json":{"title":"Invito a pranzo con \"i scigoll de Sant'Ambroeus\"","description":"Sabato 8 dicembre la Pro loco organizza il tradizionale pranzo di Sant'Ambrogio con zuppa di cipolle o lenticchie nella pagnotta di pane giallo. Prenotazioni entro venerd\u00ec","robots":{"index":"noindex","follow":"follow","max-snippet":"max-snippet:-1","max-image-preview":"max-image-preview:large","max-video-preview":"max-video-preview:-1"},"og_locale":"it_IT","og_type":"article","og_title":"Invito a pranzo con \"i scigoll de Sant'Ambroeus\"","og_description":"Sabato 8 dicembre la Pro loco organizza il tradizionale pranzo di Sant'Ambrogio con zuppa di cipolle o lenticchie nella pagnotta di pane giallo. Prenotazioni entro venerd\u00ec","og_url":"https:\/\/staging.varesenews.it\/2018\/12\/invito-pranzo-scigoll-de-santambroeus\/774964\/","og_site_name":"VareseNews","article_publisher":"https:\/\/www.facebook.com\/varesenews","article_author":"https:\/\/www.facebook.com\/mariangela.gerletti","article_published_time":"2018-12-05T08:44:34+00:00","author":"Mariangela Gerletti","twitter_card":"summary_large_image","twitter_creator":"@MariGerletti","twitter_site":"@varesenews","twitter_misc":{"Scritto da":"Mariangela Gerletti","Tempo di lettura stimato":"1 minuto"},"schema":{"@context":"https:\/\/schema.org","@graph":[{"@type":"WebPage","@id":"https:\/\/staging.varesenews.it\/2018\/12\/invito-pranzo-scigoll-de-santambroeus\/774964\/","url":"https:\/\/staging.varesenews.it\/2018\/12\/invito-pranzo-scigoll-de-santambroeus\/774964\/","name":"Invito a pranzo con \"i scigoll de Sant'Ambroeus\"","isPartOf":{"@id":"https:\/\/staging.varesenews.it\/#website"},"datePublished":"2018-12-05T08:44:34+00:00","dateModified":"2018-12-05T08:44:34+00:00","author":{"@id":"https:\/\/staging.varesenews.it\/#\/schema\/person\/14f52876ea19bc10d0d2717b6e8f9b89"},"description":"Sabato 8 dicembre la Pro loco organizza il tradizionale pranzo di Sant'Ambrogio con zuppa di cipolle o lenticchie nella pagnotta di pane giallo. Prenotazioni entro venerd\u00ec","breadcrumb":{"@id":"https:\/\/staging.varesenews.it\/2018\/12\/invito-pranzo-scigoll-de-santambroeus\/774964\/#breadcrumb"},"inLanguage":"it-IT","potentialAction":[{"@type":"ReadAction","target":["https:\/\/staging.varesenews.it\/2018\/12\/invito-pranzo-scigoll-de-santambroeus\/774964\/"]}]},{"@type":"BreadcrumbList","@id":"https:\/\/staging.varesenews.it\/2018\/12\/invito-pranzo-scigoll-de-santambroeus\/774964\/#breadcrumb","itemListElement":[{"@type":"ListItem","position":1,"name":"Home","item":"https:\/\/www.varesenews.it\/"},{"@type":"ListItem","position":2,"name":"Invito a pranzo con &#8220;i scigoll de Sant&#8217;Ambroeus&#8221;"}]},{"@type":"WebSite","@id":"https:\/\/staging.varesenews.it\/#website","url":"https:\/\/staging.varesenews.it\/","name":"VareseNews","description":"","potentialAction":[{"@type":"SearchAction","target":{"@type":"EntryPoint","urlTemplate":"https:\/\/staging.varesenews.it\/?s={search_term_string}"},"query-input":"required name=search_term_string"}],"inLanguage":"it-IT"},{"@type":"Person","@id":"https:\/\/staging.varesenews.it\/#\/schema\/person\/14f52876ea19bc10d0d2717b6e8f9b89","name":"Mariangela Gerletti","image":{"@type":"ImageObject","inLanguage":"it-IT","@id":"https:\/\/staging.varesenews.it\/#\/schema\/person\/image\/","url":"https:\/\/staging.varesenews.it\/wp-content\/uploads\/2020\/12\/mariangela.jpeg","contentUrl":"https:\/\/staging.varesenews.it\/wp-content\/uploads\/2020\/12\/mariangela.jpeg","caption":"Mariangela Gerletti"},"description":"Da pi&ugrave; di trent'anni mi occupo di giornalismo e comunicazione Varesenews &egrave; il luogo dove ho trovato la passione, l'attenzione e le persone che ogni giorno mi fanno amare un po' di pi&ugrave; questo lavoro di cui non mi stanco mai. Far parte della redazione di Varesenews &egrave; un onore, sostenere il progetto della membership &egrave; un piacere perch&eacute; mi fa sentire ancora pi&ugrave; vicina alla grande comunit&agrave; dei nostri lettori.","sameAs":["https:\/\/www.facebook.com\/mariangela.gerletti","marigerletti","https:\/\/twitter.com\/MariGerletti"],"url":"https:\/\/staging.varesenews.it\/persona\/mariangela-gerletti1\/"}]}},"post_meta":{"_edit_lock":"1543999684:44","_edit_last":"44","_category_permalink":"a:1:{s:8:\"category\";s:1:\"2\";}","_yoast_wpseo_content_score":"30","_jd_tweet_this":"yes","foto":"712239","firma-personalizzata":"Ma.Ge.","argomento":"Cuasso al Monte","ratings_users":"0","ratings_score":"0","ratings_average":"0","_wpt_short_url":"https:\/\/www.varesenews.it\/2018\/12\/invito-pranzo-scigoll-de-santambroeus\/774964\/","_wp_jd_target":"https:\/\/www.varesenews.it\/2018\/12\/invito-pranzo-scigoll-de-santambroeus\/774964\/","_jd_wp_twitter":"a:1:{i:0;s:170:\"Invito a pranzo con \u201ci scigoll de Sant\u2019Ambroeus\u201d https:\/\/www.varesenews.it\/2018\/12\/invito-pranzo-scigoll-de-santambroeus\/774964\/ #prolococuasso #Valceresio #weekend\";}","_wpt_status_message":"Tweet inviato con successo.","id_leggi_anche":"775903"},"photos":[{"original":"https:\/\/staging.varesenews.it\/photogallery_new\/images\/2018\/12\/avarie-712239.jpg","full":"https:\/\/staging.varesenews.it\/photogallery_new\/images\/2018\/12\/avarie-712239.1024x768.jpg","large":"https:\/\/staging.varesenews.it\/photogallery_new\/images\/2018\/12\/avarie-712239.610x431.jpg"}],"_links":{"self":[{"href":"https:\/\/staging.varesenews.it\/swgapi\/v1\/wp\/v2\/posts\/774964"}],"collection":[{"href":"https:\/\/staging.varesenews.it\/swgapi\/v1\/wp\/v2\/posts"}],"about":[{"href":"https:\/\/staging.varesenews.it\/swgapi\/v1\/wp\/v2\/types\/post"}],"author":[{"embeddable":true,"href":"https:\/\/staging.varesenews.it\/swgapi\/v1\/wp\/v2\/users\/44"}],"replies":[{"embeddable":true,"href":"https:\/\/staging.varesenews.it\/swgapi\/v1\/wp\/v2\/comments?post=774964"}],"version-history":[{"count":0,"href":"https:\/\/staging.varesenews.it\/swgapi\/v1\/wp\/v2\/posts\/774964\/revisions"}],"wp:attachment":[{"href":"https:\/\/staging.varesenews.it\/swgapi\/v1\/wp\/v2\/media?parent=774964"}],"wp:term":[{"taxonomy":"category","embeddable":true,"href":"https:\/\/staging.varesenews.it\/swgapi\/v1\/wp\/v2\/categories?post=774964"},{"taxonomy":"post_tag","embeddable":true,"href":"https:\/\/staging.varesenews.it\/swgapi\/v1\/wp\/v2\/tags?post=774964"}],"curies":[{"name":"wp","href":"https:\/\/api.w.org\/{rel}","templated":true}]}}