{"id":776867,"date":"2018-12-11T12:22:34","date_gmt":"2018-12-11T11:22:34","guid":{"rendered":"https:\/\/www.varesenews.it\/?p=776867"},"modified":"2018-12-11T12:24:35","modified_gmt":"2018-12-11T11:24:35","slug":"racconti-le-tele-pesci-cavalli","status":"publish","type":"post","link":"https:\/\/staging.varesenews.it\/2018\/12\/racconti-le-tele-pesci-cavalli\/776867\/","title":{"rendered":"Racconti tra le tele di &#8220;Pesci e cavalli&#8221;"},"content":{"rendered":"<p>La mostra di<strong> Chicco Colombo &#8220;Pesci e Cavalli&#8221; <\/strong>si racconta, al Civico 3 di Gallarate.<br \/>\nEmergono dalle tele tante storie: quelle inventate dai bambini sul momento e ispirate alla fantasia dei quadri esposti e veri e propri spettacoli, portati in scena tra le tele dagli attori di ArTeatro.<\/p>\n<p>Il primo appuntamento \u00e8 per <strong>marted\u00ec 11 <\/strong>dicembre alle ore 18 e in replica alle ore 20.30 con<strong> \u201cIl cavallo delle stelle\u201d.<\/strong><\/p>\n<p><strong>\u201cL\u2019acquario dei pesci viaggiatori\u201d<\/strong> \u00e8 invece il racconto che prender\u00e0 vita durante la mostra nella giornata di <strong>mercoled\u00ec 12 <\/strong>dicembre alle ore 17 e in replica alle ore 20.30.<\/p>\n<p><strong>Gioved\u00ec 13<\/strong> dicembre alle ore 16.30, ospite della manifestazione sar\u00e0 <strong>Betty Colombo<\/strong> con i suoi <strong>\u201cRacconti di Natale\u201d<\/strong> per grandi e piccini. Tante storie ispirate al momento pi\u00f9 magico dell\u2019anno da scoprire o rivivere, anche con l&#8217;aiuto di libri e luci.<\/p>\n<p>Infine<strong> venerd\u00ec 14<\/strong> dicembre ancora un doppio appuntamento, alle ore 17 e alle ore 20.30 con <strong>\u201cLa storia di pesciolina\u201d.<\/strong><\/p>\n<p>Ingresso libero (dal civico 3 di via Pretura) con offerta di partecipazione.<br \/>\nPer info e prenotazioni (richieste), telefonare al 393 3315016 oppure\u00a0arteatrovarese@gmail.com.<br \/>\nLa mostra, inaugurata lo scorso 8 dicembre, sar\u00e0 visitabile sino al 24 dicembre con i seguenti orari: marted\u00ec e venerd\u00ec ore 17.30 \u2013 22; mercoled\u00ec e gioved\u00ec ore 15-22; sabato e domenica 9.30 -13 e 15 &#8211; 22.<\/p>\n","protected":false},"excerpt":{"rendered":"<p>Una storia al giorno, raccontata ai bambini da Betty e Chicco Colombo al Civico 3 di Gallarate, tra i quadri in mostra. Da marted\u00ec 11 a venerd\u00ec 14 dicembre<\/p>\n","protected":false},"author":14095,"featured_media":0,"comment_status":"open","ping_status":"open","sticky":false,"template":"","format":"standard","meta":{"footnotes":""},"categories":[23,3,21],"tags":[92032,87200,87851,87843,87767,158],"acf":[],"yoast_head":"<!-- This site is optimized with the Yoast SEO plugin v20.1 - https:\/\/yoast.com\/wordpress\/plugins\/seo\/ -->\n<title>Racconti tra le tele di &quot;Pesci e cavalli&quot;<\/title>\n<meta name=\"description\" content=\"Una storia al giorno, raccontata ai bambini da Betty e Chicco Colombo al Civico 3 di Gallarate, tra i quadri in mostra. Da marted\u00ec 11 a venerd\u00ec 14 dicembre\" \/>\n<meta name=\"robots\" content=\"noindex, follow, max-snippet:-1, max-image-preview:large, max-video-preview:-1\" \/>\n<meta property=\"og:locale\" content=\"it_IT\" \/>\n<meta property=\"og:type\" content=\"article\" \/>\n<meta property=\"og:title\" content=\"Racconti tra le tele di &quot;Pesci e cavalli&quot;\" \/>\n<meta property=\"og:description\" content=\"Una storia al giorno, raccontata ai bambini da Betty e Chicco Colombo al Civico 3 di Gallarate, tra i quadri in mostra. Da marted\u00ec 11 a venerd\u00ec 14 dicembre\" \/>\n<meta property=\"og:url\" content=\"https:\/\/staging.varesenews.it\/2018\/12\/racconti-le-tele-pesci-cavalli\/776867\/\" \/>\n<meta property=\"og:site_name\" content=\"VareseNews\" \/>\n<meta property=\"article:publisher\" content=\"https:\/\/www.facebook.com\/varesenews\" \/>\n<meta property=\"article:published_time\" content=\"2018-12-11T11:22:34+00:00\" \/>\n<meta property=\"article:modified_time\" content=\"2018-12-11T11:24:35+00:00\" \/>\n<meta name=\"author\" content=\"Lidia Romeo\" \/>\n<meta name=\"twitter:card\" content=\"summary_large_image\" \/>\n<meta name=\"twitter:creator\" content=\"@varesenews\" \/>\n<meta name=\"twitter:site\" content=\"@varesenews\" \/>\n<meta name=\"twitter:label1\" content=\"Scritto da\" \/>\n\t<meta name=\"twitter:data1\" content=\"Lidia Romeo\" \/>\n\t<meta name=\"twitter:label2\" content=\"Tempo di lettura stimato\" \/>\n\t<meta name=\"twitter:data2\" content=\"1 minuto\" \/>\n<script type=\"application\/ld+json\" class=\"yoast-schema-graph\">{\"@context\":\"https:\/\/schema.org\",\"@graph\":[{\"@type\":\"WebPage\",\"@id\":\"https:\/\/staging.varesenews.it\/2018\/12\/racconti-le-tele-pesci-cavalli\/776867\/\",\"url\":\"https:\/\/staging.varesenews.it\/2018\/12\/racconti-le-tele-pesci-cavalli\/776867\/\",\"name\":\"Racconti tra le tele di \\\"Pesci e cavalli\\\"\",\"isPartOf\":{\"@id\":\"https:\/\/staging.varesenews.it\/#website\"},\"datePublished\":\"2018-12-11T11:22:34+00:00\",\"dateModified\":\"2018-12-11T11:24:35+00:00\",\"author\":{\"@id\":\"https:\/\/staging.varesenews.it\/#\/schema\/person\/83b39e5ac77662e18c07cdb07f0b4e7a\"},\"description\":\"Una storia al giorno, raccontata ai bambini da Betty e Chicco Colombo al Civico 3 di Gallarate, tra i quadri in mostra. Da marted\u00ec 11 a venerd\u00ec 14 dicembre\",\"breadcrumb\":{\"@id\":\"https:\/\/staging.varesenews.it\/2018\/12\/racconti-le-tele-pesci-cavalli\/776867\/#breadcrumb\"},\"inLanguage\":\"it-IT\",\"potentialAction\":[{\"@type\":\"ReadAction\",\"target\":[\"https:\/\/staging.varesenews.it\/2018\/12\/racconti-le-tele-pesci-cavalli\/776867\/\"]}]},{\"@type\":\"BreadcrumbList\",\"@id\":\"https:\/\/staging.varesenews.it\/2018\/12\/racconti-le-tele-pesci-cavalli\/776867\/#breadcrumb\",\"itemListElement\":[{\"@type\":\"ListItem\",\"position\":1,\"name\":\"Home\",\"item\":\"https:\/\/www.varesenews.it\/\"},{\"@type\":\"ListItem\",\"position\":2,\"name\":\"Racconti tra le tele di &#8220;Pesci e cavalli&#8221;\"}]},{\"@type\":\"WebSite\",\"@id\":\"https:\/\/staging.varesenews.it\/#website\",\"url\":\"https:\/\/staging.varesenews.it\/\",\"name\":\"VareseNews\",\"description\":\"\",\"potentialAction\":[{\"@type\":\"SearchAction\",\"target\":{\"@type\":\"EntryPoint\",\"urlTemplate\":\"https:\/\/staging.varesenews.it\/?s={search_term_string}\"},\"query-input\":\"required name=search_term_string\"}],\"inLanguage\":\"it-IT\"},{\"@type\":\"Person\",\"@id\":\"https:\/\/staging.varesenews.it\/#\/schema\/person\/83b39e5ac77662e18c07cdb07f0b4e7a\",\"name\":\"Lidia Romeo\",\"image\":{\"@type\":\"ImageObject\",\"inLanguage\":\"it-IT\",\"@id\":\"https:\/\/staging.varesenews.it\/#\/schema\/person\/image\/\",\"url\":\"https:\/\/staging.varesenews.it\/wp-content\/uploads\/2020\/12\/lidia_romeo_colori_500.jpg\",\"contentUrl\":\"https:\/\/staging.varesenews.it\/wp-content\/uploads\/2020\/12\/lidia_romeo_colori_500.jpg\",\"caption\":\"Lidia Romeo\"},\"description\":\"Giornalista professionista dal 2010, una laurea in Scienze politiche e tante, tantissime domande. Ascolto risposte, ne cerco altre e alcune le scrivo. Mi piacciono le chiacchiere, le idee capaci di guardare lontano e camminare in spazi aperti senza altra meta che l&rsquo;orizzonte.&nbsp;Per VareseNews sono responsabile del canale Bambini, a proposito di orizzonti ampi... quanto il futuro. &nbsp;\",\"url\":\"https:\/\/staging.varesenews.it\/persona\/lidia-romeo-a\/\"}]}<\/script>\n<!-- \/ Yoast SEO plugin. -->","yoast_head_json":{"title":"Racconti tra le tele di \"Pesci e cavalli\"","description":"Una storia al giorno, raccontata ai bambini da Betty e Chicco Colombo al Civico 3 di Gallarate, tra i quadri in mostra. Da marted\u00ec 11 a venerd\u00ec 14 dicembre","robots":{"index":"noindex","follow":"follow","max-snippet":"max-snippet:-1","max-image-preview":"max-image-preview:large","max-video-preview":"max-video-preview:-1"},"og_locale":"it_IT","og_type":"article","og_title":"Racconti tra le tele di \"Pesci e cavalli\"","og_description":"Una storia al giorno, raccontata ai bambini da Betty e Chicco Colombo al Civico 3 di Gallarate, tra i quadri in mostra. Da marted\u00ec 11 a venerd\u00ec 14 dicembre","og_url":"https:\/\/staging.varesenews.it\/2018\/12\/racconti-le-tele-pesci-cavalli\/776867\/","og_site_name":"VareseNews","article_publisher":"https:\/\/www.facebook.com\/varesenews","article_published_time":"2018-12-11T11:22:34+00:00","article_modified_time":"2018-12-11T11:24:35+00:00","author":"Lidia Romeo","twitter_card":"summary_large_image","twitter_creator":"@varesenews","twitter_site":"@varesenews","twitter_misc":{"Scritto da":"Lidia Romeo","Tempo di lettura stimato":"1 minuto"},"schema":{"@context":"https:\/\/schema.org","@graph":[{"@type":"WebPage","@id":"https:\/\/staging.varesenews.it\/2018\/12\/racconti-le-tele-pesci-cavalli\/776867\/","url":"https:\/\/staging.varesenews.it\/2018\/12\/racconti-le-tele-pesci-cavalli\/776867\/","name":"Racconti tra le tele di \"Pesci e cavalli\"","isPartOf":{"@id":"https:\/\/staging.varesenews.it\/#website"},"datePublished":"2018-12-11T11:22:34+00:00","dateModified":"2018-12-11T11:24:35+00:00","author":{"@id":"https:\/\/staging.varesenews.it\/#\/schema\/person\/83b39e5ac77662e18c07cdb07f0b4e7a"},"description":"Una storia al giorno, raccontata ai bambini da Betty e Chicco Colombo al Civico 3 di Gallarate, tra i quadri in mostra. Da marted\u00ec 11 a venerd\u00ec 14 dicembre","breadcrumb":{"@id":"https:\/\/staging.varesenews.it\/2018\/12\/racconti-le-tele-pesci-cavalli\/776867\/#breadcrumb"},"inLanguage":"it-IT","potentialAction":[{"@type":"ReadAction","target":["https:\/\/staging.varesenews.it\/2018\/12\/racconti-le-tele-pesci-cavalli\/776867\/"]}]},{"@type":"BreadcrumbList","@id":"https:\/\/staging.varesenews.it\/2018\/12\/racconti-le-tele-pesci-cavalli\/776867\/#breadcrumb","itemListElement":[{"@type":"ListItem","position":1,"name":"Home","item":"https:\/\/www.varesenews.it\/"},{"@type":"ListItem","position":2,"name":"Racconti tra le tele di &#8220;Pesci e cavalli&#8221;"}]},{"@type":"WebSite","@id":"https:\/\/staging.varesenews.it\/#website","url":"https:\/\/staging.varesenews.it\/","name":"VareseNews","description":"","potentialAction":[{"@type":"SearchAction","target":{"@type":"EntryPoint","urlTemplate":"https:\/\/staging.varesenews.it\/?s={search_term_string}"},"query-input":"required name=search_term_string"}],"inLanguage":"it-IT"},{"@type":"Person","@id":"https:\/\/staging.varesenews.it\/#\/schema\/person\/83b39e5ac77662e18c07cdb07f0b4e7a","name":"Lidia Romeo","image":{"@type":"ImageObject","inLanguage":"it-IT","@id":"https:\/\/staging.varesenews.it\/#\/schema\/person\/image\/","url":"https:\/\/staging.varesenews.it\/wp-content\/uploads\/2020\/12\/lidia_romeo_colori_500.jpg","contentUrl":"https:\/\/staging.varesenews.it\/wp-content\/uploads\/2020\/12\/lidia_romeo_colori_500.jpg","caption":"Lidia Romeo"},"description":"Giornalista professionista dal 2010, una laurea in Scienze politiche e tante, tantissime domande. Ascolto risposte, ne cerco altre e alcune le scrivo. Mi piacciono le chiacchiere, le idee capaci di guardare lontano e camminare in spazi aperti senza altra meta che l&rsquo;orizzonte.&nbsp;Per VareseNews sono responsabile del canale Bambini, a proposito di orizzonti ampi... quanto il futuro. &nbsp;","url":"https:\/\/staging.varesenews.it\/persona\/lidia-romeo-a\/"}]}},"post_meta":{"_edit_lock":"1544530763:14095","_edit_last":"14095","_category_permalink":"a:1:{s:8:\"category\";s:2:\"23\";}","ratings_users":"0","ratings_score":"0","ratings_average":"0","foto":"713477","firma-personalizzata":"bambini@varesenews.it","argomento":"Gallarate","_yoast_wpseo_content_score":"30","_jd_tweet_this":"yes","_wpt_short_url":"https:\/\/www.varesenews.it\/2018\/12\/racconti-le-tele-pesci-cavalli\/776867\/","_wp_jd_target":"https:\/\/www.varesenews.it\/2018\/12\/racconti-le-tele-pesci-cavalli\/776867\/","_jd_wp_twitter":"a:1:{i:0;s:163:\"Racconti tra le tele di \u201cPesci e cavalli\u201d https:\/\/www.varesenews.it\/2018\/12\/racconti-le-tele-pesci-cavalli\/776867\/ #Eventibambini #mondobambini #notiziebambini\";}","_wpt_status_message":"Tweet inviato con successo."},"photos":[{"original":"https:\/\/staging.varesenews.it\/photogallery_new\/images\/2018\/12\/pesci-e-cavalli-chicco-colombo-713477.jpg","full":"https:\/\/staging.varesenews.it\/photogallery_new\/images\/2018\/12\/pesci-e-cavalli-chicco-colombo-713477.1024x768.jpg","large":"https:\/\/staging.varesenews.it\/photogallery_new\/images\/2018\/12\/pesci-e-cavalli-chicco-colombo-713477.610x431.jpg"}],"_links":{"self":[{"href":"https:\/\/staging.varesenews.it\/swgapi\/v1\/wp\/v2\/posts\/776867"}],"collection":[{"href":"https:\/\/staging.varesenews.it\/swgapi\/v1\/wp\/v2\/posts"}],"about":[{"href":"https:\/\/staging.varesenews.it\/swgapi\/v1\/wp\/v2\/types\/post"}],"author":[{"embeddable":true,"href":"https:\/\/staging.varesenews.it\/swgapi\/v1\/wp\/v2\/users\/14095"}],"replies":[{"embeddable":true,"href":"https:\/\/staging.varesenews.it\/swgapi\/v1\/wp\/v2\/comments?post=776867"}],"version-history":[{"count":0,"href":"https:\/\/staging.varesenews.it\/swgapi\/v1\/wp\/v2\/posts\/776867\/revisions"}],"wp:attachment":[{"href":"https:\/\/staging.varesenews.it\/swgapi\/v1\/wp\/v2\/media?parent=776867"}],"wp:term":[{"taxonomy":"category","embeddable":true,"href":"https:\/\/staging.varesenews.it\/swgapi\/v1\/wp\/v2\/categories?post=776867"},{"taxonomy":"post_tag","embeddable":true,"href":"https:\/\/staging.varesenews.it\/swgapi\/v1\/wp\/v2\/tags?post=776867"}],"curies":[{"name":"wp","href":"https:\/\/api.w.org\/{rel}","templated":true}]}}