{"id":777376,"date":"2018-12-12T16:14:28","date_gmt":"2018-12-12T15:14:28","guid":{"rendered":"https:\/\/www.varesenews.it\/?p=777376"},"modified":"2018-12-12T16:17:03","modified_gmt":"2018-12-12T15:17:03","slug":"veri-commedianti-non-difendono-sinti","status":"publish","type":"post","link":"https:\/\/staging.varesenews.it\/2018\/12\/veri-commedianti-non-difendono-sinti\/777376\/","title":{"rendered":"&#8220;I veri commedianti? Non sono quelli che difendono i sinti&#8221;"},"content":{"rendered":"<p><em>Il caso-sgombero continua a far discutere a Gallarate. In attesa che la vicenda approdi venerd\u00ec in tribunale (sede civile), il comunicato della Lega a sostegno del sindaco Andrea Cassani &#8211; <a href=\"https:\/\/www.varesenews.it\/2018\/12\/lega-ce-difendendo-sinti-cerca-un-palcoscenico\/777309\/\">qui<\/a> &#8211; ha riacceso le polveri dello scontro. Riceviamo e pubblichiamo la replica dell&#8217;avvocato Pietro Romano, che sta assistento <\/em>pro bono<em> le famiglie sinti gallaratesi<\/em><\/p>\n<p>&nbsp;<\/p>\n<p>Preso atto del comunicato del signor Faresin tengo a precisare quanto segue:<br \/>\nsarebbe opportuno spendere, laddove si faccia riferimento a \u201ccommedianti di vario genere\u201d, o,ancora peggio,a coloro che,difendendo i Sinti,cerchino un palcoscenico di spicco,i nomi dei soggetti interessati.<\/p>\n<p>A parere di chi scrive soggetti ben diversi, da quelli a cui si allude, risultano essere i veri commedianti&#8230;<br \/>\nCommedianti sono coloro i quali hanno cercato,da mesi,di distorcere la realt\u00e0 dei fatti,nel bieco tentativo di far passare i Sinti,quali multimilionari,proprietari di suntuose propriet\u00e0 immobiliari,autovetture di lusso ,con addirittura jacuzi all\u2019interno di un campo.<br \/>\nCommedianti sono coloro i quali hanno riferito di indagini patrimoniali,da parte della guardia di finanza ,senza fornire il bench\u00e9 minimo dato in ordine a \u201c presunti\u201d patrimoni scoperti.<\/p>\n<p>Commedianti risultano essere coloro i quali ,nonostante le promesse rivolte ai cittadini,di rivalsa per recuperare il dovuto ,a livello di debito pregresso e di costi dello sgombero non ha,a tutt\u2019oggi,provveduto ad alcun tipo di azione esecutiva nei confronti dei Sinti,i quali nulla posseggono rispetto a quanto sbandierato ai quattro venti.<br \/>\nSe le cose fossero realmente come rappresentate,non si comprenderebbe il motivo per cui l\u2019attuale amministrazione si stia facendo carico di ben 69 persone,accertate,dallo stesso comune,come soggetti in situazione di concreta Fragilit\u00e0.<\/p>\n<p>Il cittadino gallaratese dovrebbe,infatti,domandarsi quale sarebbe la motivazione reale dell\u2019amministrazione,secondo cui la comunit\u00e0 dovrebbe farsi carico di soggetti palesemente benestanti&#8230;.<br \/>\nI cittadini gallaratesi hanno,al contrario ben compreso come \u201c&#8230;per amministrare servano persone concrete\u201d ,ma se la concretezza \u00e8 risultata essere quella di passare ,dal tanto sbandierato e gi\u00e0 organizzato campo tende,ad un albergo a quattro stelle ,a totale carico della comunit\u00e0 ,tale concretezza,\u00e8,forse,venuta meno.<\/p>\n<p>Ci si trova,allo stato di fronte ad una amministrazione che si rivolge alla comunit\u00e0 gallaratese,a mezzo di soli proclami via Facebook,senza rispondere agli interrogativi della gente comune.<br \/>\nUna amministrazione concreta e,soprattutto,trasparente,dovrebbe rispondere agli interrogativi della gente ,circa l\u2019esatto ammontare dei costi di questa \u201cmirabolante \u201coperazione ,ma su tale spinoso argomento vige il pi\u00f9 rigoroso dei silenzi.<\/p>\n<p>Tutti hanno ben compreso che i fatidici 49.300 euro,\u201dstornati\u201ddal bilancio comunale, originariamente destinati alle riparazioni ordinarie delle scuole cittadine, non riusciranno nemmeno lontanamente a coprire i costi effettivi di demolizione,sgombero e bonifica dell\u2019area di via Lazzaretto.<\/p>\n<p>Quale sar\u00e0 il prezzo da pagare ,a danno della comunit\u00e0,per una operazione di assoluto deficit in una analisi di rapporto costi-benefici?<br \/>\nQuale sar\u00e0 il destino di ben 69 gallaratesi,in gran parte minori,alla data del 30-12-2018?<br \/>\nDia l\u2019amministrazione gallaratese RISPOSTE CONCRETE a simili interrogativi su cui tutta la comunit\u00e0 si interroga da giorni senza ottenere risposta alcuna.<\/p>\n","protected":false},"excerpt":{"rendered":"<p>L&#8217;avvocato Pietro Romano, che assiste gratuitamente le famiglie sinti, replica alla Lega gallaratese. &#8220;Tutti hanno capito che i 49.300 euro gi\u00e0 stanziati  e tolti alle manutenzioni ordinarie non basteranno&#8221;<\/p>\n","protected":false},"author":46,"featured_media":0,"comment_status":"open","ping_status":"open","sticky":false,"template":"","format":"standard","meta":{"footnotes":""},"categories":[3],"tags":[88088,41324],"acf":[],"yoast_head":"<!-- This site is optimized with the Yoast SEO plugin v20.1 - https:\/\/yoast.com\/wordpress\/plugins\/seo\/ -->\n<title>&quot;I veri commedianti? Non sono quelli che difendono i sinti&quot;<\/title>\n<meta name=\"description\" content=\"L&#039;avvocato Pietro Romano, che assiste gratuitamente le famiglie sinti, replica alla Lega gallaratese. &quot;Tutti hanno capito che i 49.300 euro gi\u00e0 stanziati e tolti alle manutenzioni ordinarie non basteranno&quot;\" \/>\n<meta name=\"robots\" content=\"noindex, follow, max-snippet:-1, max-image-preview:large, max-video-preview:-1\" \/>\n<meta property=\"og:locale\" content=\"it_IT\" \/>\n<meta property=\"og:type\" content=\"article\" \/>\n<meta property=\"og:title\" content=\"&quot;I veri commedianti? Non sono quelli che difendono i sinti&quot;\" \/>\n<meta property=\"og:description\" content=\"L&#039;avvocato Pietro Romano, che assiste gratuitamente le famiglie sinti, replica alla Lega gallaratese. &quot;Tutti hanno capito che i 49.300 euro gi\u00e0 stanziati e tolti alle manutenzioni ordinarie non basteranno&quot;\" \/>\n<meta property=\"og:url\" content=\"https:\/\/staging.varesenews.it\/2018\/12\/veri-commedianti-non-difendono-sinti\/777376\/\" \/>\n<meta property=\"og:site_name\" content=\"VareseNews\" \/>\n<meta property=\"article:publisher\" content=\"https:\/\/www.facebook.com\/varesenews\" \/>\n<meta property=\"article:published_time\" content=\"2018-12-12T15:14:28+00:00\" \/>\n<meta property=\"article:modified_time\" content=\"2018-12-12T15:17:03+00:00\" \/>\n<meta name=\"author\" content=\"Roberto Morandi\" \/>\n<meta name=\"twitter:card\" content=\"summary_large_image\" \/>\n<meta name=\"twitter:creator\" content=\"@ilmorands\" \/>\n<meta name=\"twitter:site\" content=\"@varesenews\" \/>\n<meta name=\"twitter:label1\" content=\"Scritto da\" \/>\n\t<meta name=\"twitter:data1\" content=\"Roberto Morandi\" \/>\n\t<meta name=\"twitter:label2\" content=\"Tempo di lettura stimato\" \/>\n\t<meta name=\"twitter:data2\" content=\"3 minuti\" \/>\n<script type=\"application\/ld+json\" class=\"yoast-schema-graph\">{\"@context\":\"https:\/\/schema.org\",\"@graph\":[{\"@type\":\"WebPage\",\"@id\":\"https:\/\/staging.varesenews.it\/2018\/12\/veri-commedianti-non-difendono-sinti\/777376\/\",\"url\":\"https:\/\/staging.varesenews.it\/2018\/12\/veri-commedianti-non-difendono-sinti\/777376\/\",\"name\":\"\\\"I veri commedianti? Non sono quelli che difendono i sinti\\\"\",\"isPartOf\":{\"@id\":\"https:\/\/staging.varesenews.it\/#website\"},\"datePublished\":\"2018-12-12T15:14:28+00:00\",\"dateModified\":\"2018-12-12T15:17:03+00:00\",\"author\":{\"@id\":\"https:\/\/staging.varesenews.it\/#\/schema\/person\/efe592ae4c76536b551f89d8b6674bc3\"},\"description\":\"L'avvocato Pietro Romano, che assiste gratuitamente le famiglie sinti, replica alla Lega gallaratese. \\\"Tutti hanno capito che i 49.300 euro gi\u00e0 stanziati e tolti alle manutenzioni ordinarie non basteranno\\\"\",\"breadcrumb\":{\"@id\":\"https:\/\/staging.varesenews.it\/2018\/12\/veri-commedianti-non-difendono-sinti\/777376\/#breadcrumb\"},\"inLanguage\":\"it-IT\",\"potentialAction\":[{\"@type\":\"ReadAction\",\"target\":[\"https:\/\/staging.varesenews.it\/2018\/12\/veri-commedianti-non-difendono-sinti\/777376\/\"]}]},{\"@type\":\"BreadcrumbList\",\"@id\":\"https:\/\/staging.varesenews.it\/2018\/12\/veri-commedianti-non-difendono-sinti\/777376\/#breadcrumb\",\"itemListElement\":[{\"@type\":\"ListItem\",\"position\":1,\"name\":\"Home\",\"item\":\"https:\/\/www.varesenews.it\/\"},{\"@type\":\"ListItem\",\"position\":2,\"name\":\"&#8220;I veri commedianti? Non sono quelli che difendono i sinti&#8221;\"}]},{\"@type\":\"WebSite\",\"@id\":\"https:\/\/staging.varesenews.it\/#website\",\"url\":\"https:\/\/staging.varesenews.it\/\",\"name\":\"VareseNews\",\"description\":\"\",\"potentialAction\":[{\"@type\":\"SearchAction\",\"target\":{\"@type\":\"EntryPoint\",\"urlTemplate\":\"https:\/\/staging.varesenews.it\/?s={search_term_string}\"},\"query-input\":\"required name=search_term_string\"}],\"inLanguage\":\"it-IT\"},{\"@type\":\"Person\",\"@id\":\"https:\/\/staging.varesenews.it\/#\/schema\/person\/efe592ae4c76536b551f89d8b6674bc3\",\"name\":\"Roberto Morandi\",\"image\":{\"@type\":\"ImageObject\",\"inLanguage\":\"it-IT\",\"@id\":\"https:\/\/staging.varesenews.it\/#\/schema\/person\/image\/\",\"url\":\"https:\/\/staging.varesenews.it\/wp-content\/uploads\/2020\/12\/roberto_morandi_colori_500.jpg\",\"contentUrl\":\"https:\/\/staging.varesenews.it\/wp-content\/uploads\/2020\/12\/roberto_morandi_colori_500.jpg\",\"caption\":\"Roberto Morandi\"},\"description\":\"Classe 1980, laureato in storia, mi occupo dell&rsquo;area di Gallarate e di Malpensa, di trasporti e mobilit&agrave;. Amo molto la dimensione della citt&agrave;, come luogo d&rsquo;incontro di persone diverse e come organismo che si trasforma costantemente. Mi piace anche raccontare le piccole e grandi vicende, anche locali, che compongono la Storia con la S maiuscola. Appassionato di bicicletta: la macchina perfetta per muoversi in citt&agrave; e per viaggiare.\",\"sameAs\":[\"https:\/\/twitter.com\/ilmorands\"],\"url\":\"https:\/\/staging.varesenews.it\/persona\/roberto-morandi1\/\"}]}<\/script>\n<!-- \/ Yoast SEO plugin. -->","yoast_head_json":{"title":"\"I veri commedianti? Non sono quelli che difendono i sinti\"","description":"L'avvocato Pietro Romano, che assiste gratuitamente le famiglie sinti, replica alla Lega gallaratese. \"Tutti hanno capito che i 49.300 euro gi\u00e0 stanziati e tolti alle manutenzioni ordinarie non basteranno\"","robots":{"index":"noindex","follow":"follow","max-snippet":"max-snippet:-1","max-image-preview":"max-image-preview:large","max-video-preview":"max-video-preview:-1"},"og_locale":"it_IT","og_type":"article","og_title":"\"I veri commedianti? Non sono quelli che difendono i sinti\"","og_description":"L'avvocato Pietro Romano, che assiste gratuitamente le famiglie sinti, replica alla Lega gallaratese. \"Tutti hanno capito che i 49.300 euro gi\u00e0 stanziati e tolti alle manutenzioni ordinarie non basteranno\"","og_url":"https:\/\/staging.varesenews.it\/2018\/12\/veri-commedianti-non-difendono-sinti\/777376\/","og_site_name":"VareseNews","article_publisher":"https:\/\/www.facebook.com\/varesenews","article_published_time":"2018-12-12T15:14:28+00:00","article_modified_time":"2018-12-12T15:17:03+00:00","author":"Roberto Morandi","twitter_card":"summary_large_image","twitter_creator":"@ilmorands","twitter_site":"@varesenews","twitter_misc":{"Scritto da":"Roberto Morandi","Tempo di lettura stimato":"3 minuti"},"schema":{"@context":"https:\/\/schema.org","@graph":[{"@type":"WebPage","@id":"https:\/\/staging.varesenews.it\/2018\/12\/veri-commedianti-non-difendono-sinti\/777376\/","url":"https:\/\/staging.varesenews.it\/2018\/12\/veri-commedianti-non-difendono-sinti\/777376\/","name":"\"I veri commedianti? Non sono quelli che difendono i sinti\"","isPartOf":{"@id":"https:\/\/staging.varesenews.it\/#website"},"datePublished":"2018-12-12T15:14:28+00:00","dateModified":"2018-12-12T15:17:03+00:00","author":{"@id":"https:\/\/staging.varesenews.it\/#\/schema\/person\/efe592ae4c76536b551f89d8b6674bc3"},"description":"L'avvocato Pietro Romano, che assiste gratuitamente le famiglie sinti, replica alla Lega gallaratese. \"Tutti hanno capito che i 49.300 euro gi\u00e0 stanziati e tolti alle manutenzioni ordinarie non basteranno\"","breadcrumb":{"@id":"https:\/\/staging.varesenews.it\/2018\/12\/veri-commedianti-non-difendono-sinti\/777376\/#breadcrumb"},"inLanguage":"it-IT","potentialAction":[{"@type":"ReadAction","target":["https:\/\/staging.varesenews.it\/2018\/12\/veri-commedianti-non-difendono-sinti\/777376\/"]}]},{"@type":"BreadcrumbList","@id":"https:\/\/staging.varesenews.it\/2018\/12\/veri-commedianti-non-difendono-sinti\/777376\/#breadcrumb","itemListElement":[{"@type":"ListItem","position":1,"name":"Home","item":"https:\/\/www.varesenews.it\/"},{"@type":"ListItem","position":2,"name":"&#8220;I veri commedianti? Non sono quelli che difendono i sinti&#8221;"}]},{"@type":"WebSite","@id":"https:\/\/staging.varesenews.it\/#website","url":"https:\/\/staging.varesenews.it\/","name":"VareseNews","description":"","potentialAction":[{"@type":"SearchAction","target":{"@type":"EntryPoint","urlTemplate":"https:\/\/staging.varesenews.it\/?s={search_term_string}"},"query-input":"required name=search_term_string"}],"inLanguage":"it-IT"},{"@type":"Person","@id":"https:\/\/staging.varesenews.it\/#\/schema\/person\/efe592ae4c76536b551f89d8b6674bc3","name":"Roberto Morandi","image":{"@type":"ImageObject","inLanguage":"it-IT","@id":"https:\/\/staging.varesenews.it\/#\/schema\/person\/image\/","url":"https:\/\/staging.varesenews.it\/wp-content\/uploads\/2020\/12\/roberto_morandi_colori_500.jpg","contentUrl":"https:\/\/staging.varesenews.it\/wp-content\/uploads\/2020\/12\/roberto_morandi_colori_500.jpg","caption":"Roberto Morandi"},"description":"Classe 1980, laureato in storia, mi occupo dell&rsquo;area di Gallarate e di Malpensa, di trasporti e mobilit&agrave;. Amo molto la dimensione della citt&agrave;, come luogo d&rsquo;incontro di persone diverse e come organismo che si trasforma costantemente. Mi piace anche raccontare le piccole e grandi vicende, anche locali, che compongono la Storia con la S maiuscola. Appassionato di bicicletta: la macchina perfetta per muoversi in citt&agrave; e per viaggiare.","sameAs":["https:\/\/twitter.com\/ilmorands"],"url":"https:\/\/staging.varesenews.it\/persona\/roberto-morandi1\/"}]}},"post_meta":{"_edit_lock":"1544630487:46","_edit_last":"46","_category_permalink":"a:1:{s:8:\"category\";s:1:\"3\";}","ratings_users":"0","ratings_score":"0","ratings_average":"0","foto":"501730","firma_come_redazione":"1","argomento":"Gallarate","_yoast_wpseo_content_score":"30","_jd_tweet_this":"yes","_wpt_short_url":"https:\/\/www.varesenews.it\/2018\/12\/veri-commedianti-non-difendono-sinti\/777376\/","_wp_jd_target":"https:\/\/www.varesenews.it\/2018\/12\/veri-commedianti-non-difendono-sinti\/777376\/","_jd_wp_twitter":"a:1:{i:0;s:165:\"\u201cI veri commedianti? Non sono quelli che difendono i sinti\u201d https:\/\/www.varesenews.it\/2018\/12\/veri-commedianti-non-difendono-sinti\/777376\/ #camposinti #gallarate\";}","_wpt_status_message":"Tweet inviato con successo.","id_leggi_anche":"781509,782091"},"photos":[{"original":"https:\/\/staging.varesenews.it\/photogallery_new\/images\/2015\/12\/cagnolino-senzatetto-fatti-vostri-501730.jpg","full":"https:\/\/staging.varesenews.it\/photogallery_new\/images\/2015\/12\/cagnolino-senzatetto-fatti-vostri-501730.1024x768.jpg","large":"https:\/\/staging.varesenews.it\/photogallery_new\/images\/2015\/12\/cagnolino-senzatetto-fatti-vostri-501730.610x431.jpg"}],"_links":{"self":[{"href":"https:\/\/staging.varesenews.it\/swgapi\/v1\/wp\/v2\/posts\/777376"}],"collection":[{"href":"https:\/\/staging.varesenews.it\/swgapi\/v1\/wp\/v2\/posts"}],"about":[{"href":"https:\/\/staging.varesenews.it\/swgapi\/v1\/wp\/v2\/types\/post"}],"author":[{"embeddable":true,"href":"https:\/\/staging.varesenews.it\/swgapi\/v1\/wp\/v2\/users\/46"}],"replies":[{"embeddable":true,"href":"https:\/\/staging.varesenews.it\/swgapi\/v1\/wp\/v2\/comments?post=777376"}],"version-history":[{"count":0,"href":"https:\/\/staging.varesenews.it\/swgapi\/v1\/wp\/v2\/posts\/777376\/revisions"}],"wp:attachment":[{"href":"https:\/\/staging.varesenews.it\/swgapi\/v1\/wp\/v2\/media?parent=777376"}],"wp:term":[{"taxonomy":"category","embeddable":true,"href":"https:\/\/staging.varesenews.it\/swgapi\/v1\/wp\/v2\/categories?post=777376"},{"taxonomy":"post_tag","embeddable":true,"href":"https:\/\/staging.varesenews.it\/swgapi\/v1\/wp\/v2\/tags?post=777376"}],"curies":[{"name":"wp","href":"https:\/\/api.w.org\/{rel}","templated":true}]}}