{"id":77832,"date":"2012-10-10T00:00:00","date_gmt":"2012-10-10T00:00:00","guid":{"rendered":""},"modified":"2012-10-10T00:00:00","modified_gmt":"2012-10-10T00:00:00","slug":"giovedi-la-presentazione-della-variante-del-pgt","status":"publish","type":"post","link":"https:\/\/staging.varesenews.it\/2012\/10\/giovedi-la-presentazione-della-variante-del-pgt\/77832\/","title":{"rendered":"Gioved\u00ec la presentazione della variante del Pgt"},"content":{"rendered":"<p>Gioved&igrave; 11 ottobre, alle ore 21 in sala Consiliare, si parler&agrave; di Pgt (piano governo del territorio) e alla serata pubblica ci sar&agrave; la<strong> presentazione della variante del Piano del 2012 e la relativa Vas<\/strong> (valutazione ambientale strategica). All&rsquo;incontro saranno presenti l&rsquo;Assessore Giuseppe Riggi, l&rsquo;architetto Roberto Pozzi, estensore del Pgt e il dottore Uggeri, estensore della Vas.&nbsp;<\/p>\n","protected":false},"excerpt":{"rendered":"<p>L&#8217;Assessore Giuseppe Riggi alle 21 di gioved\u00ec 11 ottobre mostrer\u00e0 la presentazione della variante del Pgt e la relativa Vas<\/p>\n","protected":false},"author":10,"featured_media":0,"comment_status":"open","ping_status":"open","sticky":false,"template":"","format":"standard","meta":{"footnotes":""},"categories":[2],"tags":[4663,688,310,7498],"acf":[],"yoast_head":"<!-- This site is optimized with the Yoast SEO plugin v20.1 - https:\/\/yoast.com\/wordpress\/plugins\/seo\/ -->\n<title>Gioved\u00ec la presentazione della variante del Pgt<\/title>\n<meta name=\"description\" content=\"L&#039;Assessore Giuseppe Riggi alle 21 di gioved\u00ec 11 ottobre mostrer\u00e0 la presentazione della variante del Pgt e la relativa Vas\" \/>\n<meta name=\"robots\" content=\"noindex, follow, max-snippet:-1, max-image-preview:large, max-video-preview:-1\" \/>\n<meta property=\"og:locale\" content=\"it_IT\" \/>\n<meta property=\"og:type\" content=\"article\" \/>\n<meta property=\"og:title\" content=\"Gioved\u00ec la presentazione della variante del Pgt\" \/>\n<meta property=\"og:description\" content=\"L&#039;Assessore Giuseppe Riggi alle 21 di gioved\u00ec 11 ottobre mostrer\u00e0 la presentazione della variante del Pgt e la relativa Vas\" \/>\n<meta property=\"og:url\" content=\"https:\/\/staging.varesenews.it\/2012\/10\/giovedi-la-presentazione-della-variante-del-pgt\/77832\/\" \/>\n<meta property=\"og:site_name\" content=\"VareseNews\" \/>\n<meta property=\"article:publisher\" content=\"https:\/\/www.facebook.com\/varesenews\" \/>\n<meta property=\"article:published_time\" content=\"2012-10-10T00:00:00+00:00\" \/>\n<meta name=\"author\" content=\"Redazione VareseNews\" \/>\n<meta name=\"twitter:card\" content=\"summary_large_image\" \/>\n<meta name=\"twitter:creator\" content=\"@varesenews\" \/>\n<meta name=\"twitter:site\" content=\"@varesenews\" \/>\n<meta name=\"twitter:label1\" content=\"Scritto da\" \/>\n\t<meta name=\"twitter:data1\" content=\"Redazione VareseNews\" \/>\n<script type=\"application\/ld+json\" class=\"yoast-schema-graph\">{\"@context\":\"https:\/\/schema.org\",\"@graph\":[{\"@type\":\"WebPage\",\"@id\":\"https:\/\/staging.varesenews.it\/2012\/10\/giovedi-la-presentazione-della-variante-del-pgt\/77832\/\",\"url\":\"https:\/\/staging.varesenews.it\/2012\/10\/giovedi-la-presentazione-della-variante-del-pgt\/77832\/\",\"name\":\"Gioved\u00ec la presentazione della variante del Pgt\",\"isPartOf\":{\"@id\":\"https:\/\/staging.varesenews.it\/#website\"},\"datePublished\":\"2012-10-10T00:00:00+00:00\",\"dateModified\":\"2012-10-10T00:00:00+00:00\",\"author\":{\"@id\":\"https:\/\/staging.varesenews.it\/#\/schema\/person\/fb20c4da0b7b16c291707a20db73e169\"},\"description\":\"L'Assessore Giuseppe Riggi alle 21 di gioved\u00ec 11 ottobre mostrer\u00e0 la presentazione della variante del Pgt e la relativa Vas\",\"breadcrumb\":{\"@id\":\"https:\/\/staging.varesenews.it\/2012\/10\/giovedi-la-presentazione-della-variante-del-pgt\/77832\/#breadcrumb\"},\"inLanguage\":\"it-IT\",\"potentialAction\":[{\"@type\":\"ReadAction\",\"target\":[\"https:\/\/staging.varesenews.it\/2012\/10\/giovedi-la-presentazione-della-variante-del-pgt\/77832\/\"]}]},{\"@type\":\"BreadcrumbList\",\"@id\":\"https:\/\/staging.varesenews.it\/2012\/10\/giovedi-la-presentazione-della-variante-del-pgt\/77832\/#breadcrumb\",\"itemListElement\":[{\"@type\":\"ListItem\",\"position\":1,\"name\":\"Home\",\"item\":\"https:\/\/www.varesenews.it\/\"},{\"@type\":\"ListItem\",\"position\":2,\"name\":\"Gioved\u00ec la presentazione della variante del Pgt\"}]},{\"@type\":\"WebSite\",\"@id\":\"https:\/\/staging.varesenews.it\/#website\",\"url\":\"https:\/\/staging.varesenews.it\/\",\"name\":\"VareseNews\",\"description\":\"\",\"potentialAction\":[{\"@type\":\"SearchAction\",\"target\":{\"@type\":\"EntryPoint\",\"urlTemplate\":\"https:\/\/staging.varesenews.it\/?s={search_term_string}\"},\"query-input\":\"required name=search_term_string\"}],\"inLanguage\":\"it-IT\"},{\"@type\":\"Person\",\"@id\":\"https:\/\/staging.varesenews.it\/#\/schema\/person\/fb20c4da0b7b16c291707a20db73e169\",\"name\":\"Redazione VareseNews\",\"image\":{\"@type\":\"ImageObject\",\"inLanguage\":\"it-IT\",\"@id\":\"https:\/\/staging.varesenews.it\/#\/schema\/person\/image\/\",\"url\":\"https:\/\/staging.varesenews.it\/wp-content\/uploads\/2020\/12\/logo_VN_colori_500.png\",\"contentUrl\":\"https:\/\/staging.varesenews.it\/wp-content\/uploads\/2020\/12\/logo_VN_colori_500.png\",\"caption\":\"Redazione VareseNews\"},\"url\":\"https:\/\/staging.varesenews.it\/persona\/redazione1\/\"}]}<\/script>\n<!-- \/ Yoast SEO plugin. -->","yoast_head_json":{"title":"Gioved\u00ec la presentazione della variante del Pgt","description":"L'Assessore Giuseppe Riggi alle 21 di gioved\u00ec 11 ottobre mostrer\u00e0 la presentazione della variante del Pgt e la relativa Vas","robots":{"index":"noindex","follow":"follow","max-snippet":"max-snippet:-1","max-image-preview":"max-image-preview:large","max-video-preview":"max-video-preview:-1"},"og_locale":"it_IT","og_type":"article","og_title":"Gioved\u00ec la presentazione della variante del Pgt","og_description":"L'Assessore Giuseppe Riggi alle 21 di gioved\u00ec 11 ottobre mostrer\u00e0 la presentazione della variante del Pgt e la relativa Vas","og_url":"https:\/\/staging.varesenews.it\/2012\/10\/giovedi-la-presentazione-della-variante-del-pgt\/77832\/","og_site_name":"VareseNews","article_publisher":"https:\/\/www.facebook.com\/varesenews","article_published_time":"2012-10-10T00:00:00+00:00","author":"Redazione VareseNews","twitter_card":"summary_large_image","twitter_creator":"@varesenews","twitter_site":"@varesenews","twitter_misc":{"Scritto da":"Redazione VareseNews"},"schema":{"@context":"https:\/\/schema.org","@graph":[{"@type":"WebPage","@id":"https:\/\/staging.varesenews.it\/2012\/10\/giovedi-la-presentazione-della-variante-del-pgt\/77832\/","url":"https:\/\/staging.varesenews.it\/2012\/10\/giovedi-la-presentazione-della-variante-del-pgt\/77832\/","name":"Gioved\u00ec la presentazione della variante del Pgt","isPartOf":{"@id":"https:\/\/staging.varesenews.it\/#website"},"datePublished":"2012-10-10T00:00:00+00:00","dateModified":"2012-10-10T00:00:00+00:00","author":{"@id":"https:\/\/staging.varesenews.it\/#\/schema\/person\/fb20c4da0b7b16c291707a20db73e169"},"description":"L'Assessore Giuseppe Riggi alle 21 di gioved\u00ec 11 ottobre mostrer\u00e0 la presentazione della variante del Pgt e la relativa Vas","breadcrumb":{"@id":"https:\/\/staging.varesenews.it\/2012\/10\/giovedi-la-presentazione-della-variante-del-pgt\/77832\/#breadcrumb"},"inLanguage":"it-IT","potentialAction":[{"@type":"ReadAction","target":["https:\/\/staging.varesenews.it\/2012\/10\/giovedi-la-presentazione-della-variante-del-pgt\/77832\/"]}]},{"@type":"BreadcrumbList","@id":"https:\/\/staging.varesenews.it\/2012\/10\/giovedi-la-presentazione-della-variante-del-pgt\/77832\/#breadcrumb","itemListElement":[{"@type":"ListItem","position":1,"name":"Home","item":"https:\/\/www.varesenews.it\/"},{"@type":"ListItem","position":2,"name":"Gioved\u00ec la presentazione della variante del Pgt"}]},{"@type":"WebSite","@id":"https:\/\/staging.varesenews.it\/#website","url":"https:\/\/staging.varesenews.it\/","name":"VareseNews","description":"","potentialAction":[{"@type":"SearchAction","target":{"@type":"EntryPoint","urlTemplate":"https:\/\/staging.varesenews.it\/?s={search_term_string}"},"query-input":"required name=search_term_string"}],"inLanguage":"it-IT"},{"@type":"Person","@id":"https:\/\/staging.varesenews.it\/#\/schema\/person\/fb20c4da0b7b16c291707a20db73e169","name":"Redazione VareseNews","image":{"@type":"ImageObject","inLanguage":"it-IT","@id":"https:\/\/staging.varesenews.it\/#\/schema\/person\/image\/","url":"https:\/\/staging.varesenews.it\/wp-content\/uploads\/2020\/12\/logo_VN_colori_500.png","contentUrl":"https:\/\/staging.varesenews.it\/wp-content\/uploads\/2020\/12\/logo_VN_colori_500.png","caption":"Redazione VareseNews"},"url":"https:\/\/staging.varesenews.it\/persona\/redazione1\/"}]}},"post_meta":{"id_old":"245098","argomento":"Malnate "},"photos":[],"_links":{"self":[{"href":"https:\/\/staging.varesenews.it\/swgapi\/v1\/wp\/v2\/posts\/77832"}],"collection":[{"href":"https:\/\/staging.varesenews.it\/swgapi\/v1\/wp\/v2\/posts"}],"about":[{"href":"https:\/\/staging.varesenews.it\/swgapi\/v1\/wp\/v2\/types\/post"}],"author":[{"embeddable":true,"href":"https:\/\/staging.varesenews.it\/swgapi\/v1\/wp\/v2\/users\/10"}],"replies":[{"embeddable":true,"href":"https:\/\/staging.varesenews.it\/swgapi\/v1\/wp\/v2\/comments?post=77832"}],"version-history":[{"count":0,"href":"https:\/\/staging.varesenews.it\/swgapi\/v1\/wp\/v2\/posts\/77832\/revisions"}],"wp:attachment":[{"href":"https:\/\/staging.varesenews.it\/swgapi\/v1\/wp\/v2\/media?parent=77832"}],"wp:term":[{"taxonomy":"category","embeddable":true,"href":"https:\/\/staging.varesenews.it\/swgapi\/v1\/wp\/v2\/categories?post=77832"},{"taxonomy":"post_tag","embeddable":true,"href":"https:\/\/staging.varesenews.it\/swgapi\/v1\/wp\/v2\/tags?post=77832"}],"curies":[{"name":"wp","href":"https:\/\/api.w.org\/{rel}","templated":true}]}}