{"id":778354,"date":"2018-12-15T10:37:13","date_gmt":"2018-12-15T09:37:13","guid":{"rendered":"https:\/\/www.varesenews.it\/?p=778354"},"modified":"2018-12-15T10:37:13","modified_gmt":"2018-12-15T09:37:13","slug":"scuole-medie-parte-rifacimento-del-tetto","status":"publish","type":"post","link":"https:\/\/staging.varesenews.it\/2018\/12\/scuole-medie-parte-rifacimento-del-tetto\/778354\/","title":{"rendered":"Scuole medie, parte il rifacimento del tetto"},"content":{"rendered":"<p>Lavori in corso a Gavirate: ieri, venerd\u00ec \u00e8 stato aggiudicato l&#8217;appalto per <strong>l&#8217;asfaltatura<\/strong> di via Unione e di via Rovera ed \u00e8 inoltre in appalto anche l&#8217;asfaltatura di via Rossi. Tutto ci\u00f2 per la frazione di Oltrona.<\/p>\n<p>Sono stati anche anche aggiudicati, sempre ieri, i lavori per la riqualificazione dell&#8217;area giochi del lungolago di Gavirate poich\u00e9 parte dei giochi non sono pi\u00f9 a norma e non possono pi\u00f9 essere certificati e vanno sostituiti. Dovr\u00e0 essere rifatta anche la<strong> pavimentazione anti shock<\/strong>.<\/p>\n<p><strong>Nei giorni scorsi \u00e8 partito il rifacimento della copertura della scuola media Carducci che coster\u00e0 pi\u00f9 di 300.000 \u20ac .<\/strong><\/p>\n<p>Verr\u00e0 posizionato un tetto ,in luogo della guaina isolante che dopo anni ha cominciato a creare problemi di infiltrazioni.<\/p>\n<p><strong>Ancora un investimento degli edifici scolastici dopo gli infissi e l&#8217;illuminazione alle scuole medie,\u00a0<\/strong>i bagni e il tetto alle scuole elementari Risorgimento, la palestra alle elementari di Oltrona e la copertura alla scuola elementare di Voltorre.<\/p>\n<p><strong>Sono state sostituite anche le veneziane ormai logore in tutte e 3 le scuole elementari.<\/strong><\/p>\n","protected":false},"excerpt":{"rendered":"<p>Lavori anche sul lungolago, al Lido, per la sostituzione dei giochi per i bimbi. Diverse le prossime asfaltature<\/p>\n","protected":false},"author":34,"featured_media":0,"comment_status":"open","ping_status":"open","sticky":false,"template":"","format":"standard","meta":{"footnotes":""},"categories":[2],"tags":[707],"acf":[],"yoast_head":"<!-- This site is optimized with the Yoast SEO plugin v20.1 - https:\/\/yoast.com\/wordpress\/plugins\/seo\/ -->\n<title>Scuole medie, parte il rifacimento del tetto<\/title>\n<meta name=\"description\" content=\"Lavori anche sul lungolago, al Lido, per la sostituzione dei giochi per i bimbi. Diverse le prossime asfaltature\" \/>\n<meta name=\"robots\" content=\"noindex, follow, max-snippet:-1, max-image-preview:large, max-video-preview:-1\" \/>\n<meta property=\"og:locale\" content=\"it_IT\" \/>\n<meta property=\"og:type\" content=\"article\" \/>\n<meta property=\"og:title\" content=\"Scuole medie, parte il rifacimento del tetto\" \/>\n<meta property=\"og:description\" content=\"Lavori anche sul lungolago, al Lido, per la sostituzione dei giochi per i bimbi. Diverse le prossime asfaltature\" \/>\n<meta property=\"og:url\" content=\"https:\/\/staging.varesenews.it\/2018\/12\/scuole-medie-parte-rifacimento-del-tetto\/778354\/\" \/>\n<meta property=\"og:site_name\" content=\"VareseNews\" \/>\n<meta property=\"article:publisher\" content=\"https:\/\/www.facebook.com\/varesenews\" \/>\n<meta property=\"article:author\" content=\"https:\/\/www.facebook.com\/andrea.camurani?fref=photo\" \/>\n<meta property=\"article:published_time\" content=\"2018-12-15T09:37:13+00:00\" \/>\n<meta name=\"author\" content=\"Andrea Camurani\" \/>\n<meta name=\"twitter:card\" content=\"summary_large_image\" \/>\n<meta name=\"twitter:creator\" content=\"@AndreaCamurani\" \/>\n<meta name=\"twitter:site\" content=\"@varesenews\" \/>\n<meta name=\"twitter:label1\" content=\"Scritto da\" \/>\n\t<meta name=\"twitter:data1\" content=\"Andrea Camurani\" \/>\n\t<meta name=\"twitter:label2\" content=\"Tempo di lettura stimato\" \/>\n\t<meta name=\"twitter:data2\" content=\"1 minuto\" \/>\n<script type=\"application\/ld+json\" class=\"yoast-schema-graph\">{\"@context\":\"https:\/\/schema.org\",\"@graph\":[{\"@type\":\"WebPage\",\"@id\":\"https:\/\/staging.varesenews.it\/2018\/12\/scuole-medie-parte-rifacimento-del-tetto\/778354\/\",\"url\":\"https:\/\/staging.varesenews.it\/2018\/12\/scuole-medie-parte-rifacimento-del-tetto\/778354\/\",\"name\":\"Scuole medie, parte il rifacimento del tetto\",\"isPartOf\":{\"@id\":\"https:\/\/staging.varesenews.it\/#website\"},\"datePublished\":\"2018-12-15T09:37:13+00:00\",\"dateModified\":\"2018-12-15T09:37:13+00:00\",\"author\":{\"@id\":\"https:\/\/staging.varesenews.it\/#\/schema\/person\/3eb5832c6beae763de8d9596fdbe8c49\"},\"description\":\"Lavori anche sul lungolago, al Lido, per la sostituzione dei giochi per i bimbi. Diverse le prossime asfaltature\",\"breadcrumb\":{\"@id\":\"https:\/\/staging.varesenews.it\/2018\/12\/scuole-medie-parte-rifacimento-del-tetto\/778354\/#breadcrumb\"},\"inLanguage\":\"it-IT\",\"potentialAction\":[{\"@type\":\"ReadAction\",\"target\":[\"https:\/\/staging.varesenews.it\/2018\/12\/scuole-medie-parte-rifacimento-del-tetto\/778354\/\"]}]},{\"@type\":\"BreadcrumbList\",\"@id\":\"https:\/\/staging.varesenews.it\/2018\/12\/scuole-medie-parte-rifacimento-del-tetto\/778354\/#breadcrumb\",\"itemListElement\":[{\"@type\":\"ListItem\",\"position\":1,\"name\":\"Home\",\"item\":\"https:\/\/www.varesenews.it\/\"},{\"@type\":\"ListItem\",\"position\":2,\"name\":\"Scuole medie, parte il rifacimento del tetto\"}]},{\"@type\":\"WebSite\",\"@id\":\"https:\/\/staging.varesenews.it\/#website\",\"url\":\"https:\/\/staging.varesenews.it\/\",\"name\":\"VareseNews\",\"description\":\"\",\"potentialAction\":[{\"@type\":\"SearchAction\",\"target\":{\"@type\":\"EntryPoint\",\"urlTemplate\":\"https:\/\/staging.varesenews.it\/?s={search_term_string}\"},\"query-input\":\"required name=search_term_string\"}],\"inLanguage\":\"it-IT\"},{\"@type\":\"Person\",\"@id\":\"https:\/\/staging.varesenews.it\/#\/schema\/person\/3eb5832c6beae763de8d9596fdbe8c49\",\"name\":\"Andrea Camurani\",\"image\":{\"@type\":\"ImageObject\",\"inLanguage\":\"it-IT\",\"@id\":\"https:\/\/staging.varesenews.it\/#\/schema\/person\/image\/\",\"url\":\"https:\/\/staging.varesenews.it\/wp-content\/uploads\/2020\/12\/andrea_camurani_colori_500.jpg\",\"contentUrl\":\"https:\/\/staging.varesenews.it\/wp-content\/uploads\/2020\/12\/andrea_camurani_colori_500.jpg\",\"caption\":\"Andrea Camurani\"},\"description\":\"Sono figlio degli anni Settanta e di Milano, dove ho imparato a riconoscere buoni e cattivi. Laurea in scienze politiche, lavoro a VareseNews dal 2000. Racconto quel che trovo quando incontro chi vuole lasciare al mondo un pezzetto di vita, che si chiama cronaca. &ldquo;...perch&eacute; &egrave; la gente il pi&ugrave; grande spettacolo del mondo. E non si paga il biglietto...&rdquo; (Charles Bukowsky)\",\"sameAs\":[\"https:\/\/www.facebook.com\/andrea.camurani?fref=photo\",\"andreacamurani\",\"https:\/\/www.linkedin.com\/hp\/?dnr=A9a84RfzsLdo9xg4NcGV4dLiMknoc9ms4WM\",\"https:\/\/twitter.com\/AndreaCamurani\"],\"url\":\"https:\/\/staging.varesenews.it\/persona\/andrea_camurani\/\"}]}<\/script>\n<!-- \/ Yoast SEO plugin. -->","yoast_head_json":{"title":"Scuole medie, parte il rifacimento del tetto","description":"Lavori anche sul lungolago, al Lido, per la sostituzione dei giochi per i bimbi. Diverse le prossime asfaltature","robots":{"index":"noindex","follow":"follow","max-snippet":"max-snippet:-1","max-image-preview":"max-image-preview:large","max-video-preview":"max-video-preview:-1"},"og_locale":"it_IT","og_type":"article","og_title":"Scuole medie, parte il rifacimento del tetto","og_description":"Lavori anche sul lungolago, al Lido, per la sostituzione dei giochi per i bimbi. Diverse le prossime asfaltature","og_url":"https:\/\/staging.varesenews.it\/2018\/12\/scuole-medie-parte-rifacimento-del-tetto\/778354\/","og_site_name":"VareseNews","article_publisher":"https:\/\/www.facebook.com\/varesenews","article_author":"https:\/\/www.facebook.com\/andrea.camurani?fref=photo","article_published_time":"2018-12-15T09:37:13+00:00","author":"Andrea Camurani","twitter_card":"summary_large_image","twitter_creator":"@AndreaCamurani","twitter_site":"@varesenews","twitter_misc":{"Scritto da":"Andrea Camurani","Tempo di lettura stimato":"1 minuto"},"schema":{"@context":"https:\/\/schema.org","@graph":[{"@type":"WebPage","@id":"https:\/\/staging.varesenews.it\/2018\/12\/scuole-medie-parte-rifacimento-del-tetto\/778354\/","url":"https:\/\/staging.varesenews.it\/2018\/12\/scuole-medie-parte-rifacimento-del-tetto\/778354\/","name":"Scuole medie, parte il rifacimento del tetto","isPartOf":{"@id":"https:\/\/staging.varesenews.it\/#website"},"datePublished":"2018-12-15T09:37:13+00:00","dateModified":"2018-12-15T09:37:13+00:00","author":{"@id":"https:\/\/staging.varesenews.it\/#\/schema\/person\/3eb5832c6beae763de8d9596fdbe8c49"},"description":"Lavori anche sul lungolago, al Lido, per la sostituzione dei giochi per i bimbi. Diverse le prossime asfaltature","breadcrumb":{"@id":"https:\/\/staging.varesenews.it\/2018\/12\/scuole-medie-parte-rifacimento-del-tetto\/778354\/#breadcrumb"},"inLanguage":"it-IT","potentialAction":[{"@type":"ReadAction","target":["https:\/\/staging.varesenews.it\/2018\/12\/scuole-medie-parte-rifacimento-del-tetto\/778354\/"]}]},{"@type":"BreadcrumbList","@id":"https:\/\/staging.varesenews.it\/2018\/12\/scuole-medie-parte-rifacimento-del-tetto\/778354\/#breadcrumb","itemListElement":[{"@type":"ListItem","position":1,"name":"Home","item":"https:\/\/www.varesenews.it\/"},{"@type":"ListItem","position":2,"name":"Scuole medie, parte il rifacimento del tetto"}]},{"@type":"WebSite","@id":"https:\/\/staging.varesenews.it\/#website","url":"https:\/\/staging.varesenews.it\/","name":"VareseNews","description":"","potentialAction":[{"@type":"SearchAction","target":{"@type":"EntryPoint","urlTemplate":"https:\/\/staging.varesenews.it\/?s={search_term_string}"},"query-input":"required name=search_term_string"}],"inLanguage":"it-IT"},{"@type":"Person","@id":"https:\/\/staging.varesenews.it\/#\/schema\/person\/3eb5832c6beae763de8d9596fdbe8c49","name":"Andrea Camurani","image":{"@type":"ImageObject","inLanguage":"it-IT","@id":"https:\/\/staging.varesenews.it\/#\/schema\/person\/image\/","url":"https:\/\/staging.varesenews.it\/wp-content\/uploads\/2020\/12\/andrea_camurani_colori_500.jpg","contentUrl":"https:\/\/staging.varesenews.it\/wp-content\/uploads\/2020\/12\/andrea_camurani_colori_500.jpg","caption":"Andrea Camurani"},"description":"Sono figlio degli anni Settanta e di Milano, dove ho imparato a riconoscere buoni e cattivi. Laurea in scienze politiche, lavoro a VareseNews dal 2000. Racconto quel che trovo quando incontro chi vuole lasciare al mondo un pezzetto di vita, che si chiama cronaca. &ldquo;...perch&eacute; &egrave; la gente il pi&ugrave; grande spettacolo del mondo. E non si paga il biglietto...&rdquo; (Charles Bukowsky)","sameAs":["https:\/\/www.facebook.com\/andrea.camurani?fref=photo","andreacamurani","https:\/\/www.linkedin.com\/hp\/?dnr=A9a84RfzsLdo9xg4NcGV4dLiMknoc9ms4WM","https:\/\/twitter.com\/AndreaCamurani"],"url":"https:\/\/staging.varesenews.it\/persona\/andrea_camurani\/"}]}},"post_meta":{"_edit_lock":"1544868413:34","_edit_last":"34","_category_permalink":"a:1:{s:8:\"category\";s:0:\"\";}","ratings_users":"0","ratings_score":"0","ratings_average":"0","foto":"714247","firma_come_redazione":"1","argomento":"Gavirate","_yoast_wpseo_content_score":"30","_jd_tweet_this":"yes","_wpt_short_url":"https:\/\/www.varesenews.it\/2018\/12\/scuole-medie-parte-rifacimento-del-tetto\/778354\/","_wp_jd_target":"https:\/\/www.varesenews.it\/2018\/12\/scuole-medie-parte-rifacimento-del-tetto\/778354\/","_jd_wp_twitter":"a:1:{i:0;s:140:\"Scuole medie, parte il rifacimento del tetto https:\/\/www.varesenews.it\/2018\/12\/scuole-medie-parte-rifacimento-del-tetto\/778354\/ #asfaltature\";}","_wpt_status_message":"Tweet inviato con successo."},"photos":[{"original":"https:\/\/staging.varesenews.it\/photogallery_new\/images\/2018\/12\/avarie-714247.jpg","full":"https:\/\/staging.varesenews.it\/photogallery_new\/images\/2018\/12\/avarie-714247.1024x768.jpg","large":"https:\/\/staging.varesenews.it\/photogallery_new\/images\/2018\/12\/avarie-714247.610x431.jpg"}],"_links":{"self":[{"href":"https:\/\/staging.varesenews.it\/swgapi\/v1\/wp\/v2\/posts\/778354"}],"collection":[{"href":"https:\/\/staging.varesenews.it\/swgapi\/v1\/wp\/v2\/posts"}],"about":[{"href":"https:\/\/staging.varesenews.it\/swgapi\/v1\/wp\/v2\/types\/post"}],"author":[{"embeddable":true,"href":"https:\/\/staging.varesenews.it\/swgapi\/v1\/wp\/v2\/users\/34"}],"replies":[{"embeddable":true,"href":"https:\/\/staging.varesenews.it\/swgapi\/v1\/wp\/v2\/comments?post=778354"}],"version-history":[{"count":0,"href":"https:\/\/staging.varesenews.it\/swgapi\/v1\/wp\/v2\/posts\/778354\/revisions"}],"wp:attachment":[{"href":"https:\/\/staging.varesenews.it\/swgapi\/v1\/wp\/v2\/media?parent=778354"}],"wp:term":[{"taxonomy":"category","embeddable":true,"href":"https:\/\/staging.varesenews.it\/swgapi\/v1\/wp\/v2\/categories?post=778354"},{"taxonomy":"post_tag","embeddable":true,"href":"https:\/\/staging.varesenews.it\/swgapi\/v1\/wp\/v2\/tags?post=778354"}],"curies":[{"name":"wp","href":"https:\/\/api.w.org\/{rel}","templated":true}]}}