{"id":778659,"date":"2018-12-17T09:43:40","date_gmt":"2018-12-17T08:43:40","guid":{"rendered":"https:\/\/www.varesenews.it\/?p=778659"},"modified":"2018-12-17T09:43:40","modified_gmt":"2018-12-17T08:43:40","slug":"cinque-cori-concerto-natale-san-vittore","status":"publish","type":"post","link":"https:\/\/staging.varesenews.it\/2018\/12\/cinque-cori-concerto-natale-san-vittore\/778659\/","title":{"rendered":"Cinque cori per il concerto di Natale in san Vittore"},"content":{"rendered":"<p><strong>Luned\u00ec 17 dicembre<\/strong> alle 21 alla Basilica di San Vittore di Varese si terr\u00e0 il <strong>tradizionale concerto di Natale<\/strong> della parrocchia.<\/p>\n<p>Protagonista sar\u00e0 il <strong>coro di voci bianche<\/strong> diretto da <strong>Chiara Crepaldi<\/strong>, la <strong>Corale San Vittore<\/strong> e il <strong>coro Sette Laghi<\/strong> diretti dal maestro <strong>Giacomo Mezzalira<\/strong> e i cori <strong>Santa Maria del Monte<\/strong> e <strong>Coro da Camera di Varese<\/strong> diretti dal maestro <strong>Gabriele Conti<\/strong>.<\/p>\n<p>Il concerto polifonico riunisce alcune delle pi\u00f9 famose e importanti corali della citt\u00e0 ed \u00e8 ormai un punto di riferimento musicale per Varese: un &#8220;classico&#8221;\u00a0 insieme alla <strong>Messa del Te Deum<\/strong> che si terr\u00e0 il <strong>31 dicembre<\/strong> sempre in Basilica alle 18, con coro e orchestra.<\/p>\n<p>Il concerto, a ingresso libero, sar\u00e0 favore di <strong>Avsi<\/strong>, l&#8217;associazione a cui favore \u00e8 realizzato anche il <a href=\"https:\/\/www.varesenews.it\/2018\/12\/si-rinnova-la-tradizione-del-presepe-vivente-san-vittore\/777212\/\">Presepe Vivente<\/a> che quest&#8217;anno sar\u00e0 sabato 22.<\/p>\n","protected":false},"excerpt":{"rendered":"<p>Luned\u00ec 17 dicembre alle 21 alla Basilica di San Vittore di Varese si terr\u00e0 il tradizionale concerto di Natale della parrocchia: protagonisti il coro di voci bianche, la Corale San Vittore e il coro Sette Laghi e i cori Santa Maria del Monte e Coro da Camera di Varese <\/p>\n","protected":false},"author":48,"featured_media":0,"comment_status":"open","ping_status":"open","sticky":false,"template":"","format":"standard","meta":{"footnotes":""},"categories":[20,21,2],"tags":[91882,91795,85379],"acf":[],"yoast_head":"<!-- This site is optimized with the Yoast SEO plugin v20.1 - https:\/\/yoast.com\/wordpress\/plugins\/seo\/ -->\n<title>Cinque cori per il concerto di Natale in san Vittore<\/title>\n<meta name=\"description\" content=\"Luned\u00ec 17 dicembre alle 21 alla Basilica di San Vittore di Varese si terr\u00e0 il tradizionale concerto di Natale della parrocchia: protagonisti il coro di voci bianche, la Corale San Vittore e il coro Sette Laghi e i cori Santa Maria del Monte e Coro da Camera di Varese\" \/>\n<meta name=\"robots\" content=\"noindex, follow, max-snippet:-1, max-image-preview:large, max-video-preview:-1\" \/>\n<meta property=\"og:locale\" content=\"it_IT\" \/>\n<meta property=\"og:type\" content=\"article\" \/>\n<meta property=\"og:title\" content=\"Cinque cori per il concerto di Natale in san Vittore\" \/>\n<meta property=\"og:description\" content=\"Luned\u00ec 17 dicembre alle 21 alla Basilica di San Vittore di Varese si terr\u00e0 il tradizionale concerto di Natale della parrocchia: protagonisti il coro di voci bianche, la Corale San Vittore e il coro Sette Laghi e i cori Santa Maria del Monte e Coro da Camera di Varese\" \/>\n<meta property=\"og:url\" content=\"https:\/\/staging.varesenews.it\/2018\/12\/cinque-cori-concerto-natale-san-vittore\/778659\/\" \/>\n<meta property=\"og:site_name\" content=\"VareseNews\" \/>\n<meta property=\"article:publisher\" content=\"https:\/\/www.facebook.com\/varesenews\" \/>\n<meta property=\"article:author\" content=\"https:\/\/www.facebook.com\/stefaniaradman\" \/>\n<meta property=\"article:published_time\" content=\"2018-12-17T08:43:40+00:00\" \/>\n<meta name=\"author\" content=\"Stefania Radman\" \/>\n<meta name=\"twitter:card\" content=\"summary_large_image\" \/>\n<meta name=\"twitter:creator\" content=\"@LaRadman\" \/>\n<meta name=\"twitter:site\" content=\"@varesenews\" \/>\n<meta name=\"twitter:label1\" content=\"Scritto da\" \/>\n\t<meta name=\"twitter:data1\" content=\"Stefania Radman\" \/>\n\t<meta name=\"twitter:label2\" content=\"Tempo di lettura stimato\" \/>\n\t<meta name=\"twitter:data2\" content=\"1 minuto\" \/>\n<script type=\"application\/ld+json\" class=\"yoast-schema-graph\">{\"@context\":\"https:\/\/schema.org\",\"@graph\":[{\"@type\":\"WebPage\",\"@id\":\"https:\/\/staging.varesenews.it\/2018\/12\/cinque-cori-concerto-natale-san-vittore\/778659\/\",\"url\":\"https:\/\/staging.varesenews.it\/2018\/12\/cinque-cori-concerto-natale-san-vittore\/778659\/\",\"name\":\"Cinque cori per il concerto di Natale in san Vittore\",\"isPartOf\":{\"@id\":\"https:\/\/staging.varesenews.it\/#website\"},\"datePublished\":\"2018-12-17T08:43:40+00:00\",\"dateModified\":\"2018-12-17T08:43:40+00:00\",\"author\":{\"@id\":\"https:\/\/staging.varesenews.it\/#\/schema\/person\/995d2e6a31c67237a9a1bc1f0079f3aa\"},\"description\":\"Luned\u00ec 17 dicembre alle 21 alla Basilica di San Vittore di Varese si terr\u00e0 il tradizionale concerto di Natale della parrocchia: protagonisti il coro di voci bianche, la Corale San Vittore e il coro Sette Laghi e i cori Santa Maria del Monte e Coro da Camera di Varese\",\"breadcrumb\":{\"@id\":\"https:\/\/staging.varesenews.it\/2018\/12\/cinque-cori-concerto-natale-san-vittore\/778659\/#breadcrumb\"},\"inLanguage\":\"it-IT\",\"potentialAction\":[{\"@type\":\"ReadAction\",\"target\":[\"https:\/\/staging.varesenews.it\/2018\/12\/cinque-cori-concerto-natale-san-vittore\/778659\/\"]}]},{\"@type\":\"BreadcrumbList\",\"@id\":\"https:\/\/staging.varesenews.it\/2018\/12\/cinque-cori-concerto-natale-san-vittore\/778659\/#breadcrumb\",\"itemListElement\":[{\"@type\":\"ListItem\",\"position\":1,\"name\":\"Home\",\"item\":\"https:\/\/www.varesenews.it\/\"},{\"@type\":\"ListItem\",\"position\":2,\"name\":\"Cinque cori per il concerto di Natale in san Vittore\"}]},{\"@type\":\"WebSite\",\"@id\":\"https:\/\/staging.varesenews.it\/#website\",\"url\":\"https:\/\/staging.varesenews.it\/\",\"name\":\"VareseNews\",\"description\":\"\",\"potentialAction\":[{\"@type\":\"SearchAction\",\"target\":{\"@type\":\"EntryPoint\",\"urlTemplate\":\"https:\/\/staging.varesenews.it\/?s={search_term_string}\"},\"query-input\":\"required name=search_term_string\"}],\"inLanguage\":\"it-IT\"},{\"@type\":\"Person\",\"@id\":\"https:\/\/staging.varesenews.it\/#\/schema\/person\/995d2e6a31c67237a9a1bc1f0079f3aa\",\"name\":\"Stefania Radman\",\"image\":{\"@type\":\"ImageObject\",\"inLanguage\":\"it-IT\",\"@id\":\"https:\/\/staging.varesenews.it\/#\/schema\/person\/image\/\",\"url\":\"https:\/\/staging.varesenews.it\/wp-content\/uploads\/2020\/12\/stefania_radman_colori_500.jpg\",\"contentUrl\":\"https:\/\/staging.varesenews.it\/wp-content\/uploads\/2020\/12\/stefania_radman_colori_500.jpg\",\"caption\":\"Stefania Radman\"},\"description\":\"Varesina dal 1991, lavoro dal 2000 per Varesenews.it, prima come responsabile della pagina dell&rsquo;economia, poi della pagina life, ora della citt&agrave; di Varese.Ma sono (e sono stata) anche altro: per esempio, agli albori delle radio private ero dj in una radio milanese, Onda Radio. Da 20 anni sono corrispondente da Varese di Radio Popolare e ho collaborato con Espresso, Repubblica, Diario della Settimana, Italia Oggi. &ldquo;Smanettona&rdquo; da sempre, ho aperto il mio primo sito personale con Geocities nei primi anni novanta (chi se lo ricorda?) e i miei primi blog in Splinder all&rsquo;inizio del 2000. Ora sono sui social: qui quasi sempre sono semplicemente \\\"LaRadman&rdquo;.\",\"sameAs\":[\"http:\/\/laradman.blogspot.it\",\"https:\/\/www.facebook.com\/stefaniaradman\",\"@LaRadman\",\"https:\/\/www.linkedin.com\/in\/stefaniaradman\",\"https:\/\/twitter.com\/LaRadman\"],\"url\":\"https:\/\/staging.varesenews.it\/persona\/stefania-radman1\/\"}]}<\/script>\n<!-- \/ Yoast SEO plugin. -->","yoast_head_json":{"title":"Cinque cori per il concerto di Natale in san Vittore","description":"Luned\u00ec 17 dicembre alle 21 alla Basilica di San Vittore di Varese si terr\u00e0 il tradizionale concerto di Natale della parrocchia: protagonisti il coro di voci bianche, la Corale San Vittore e il coro Sette Laghi e i cori Santa Maria del Monte e Coro da Camera di Varese","robots":{"index":"noindex","follow":"follow","max-snippet":"max-snippet:-1","max-image-preview":"max-image-preview:large","max-video-preview":"max-video-preview:-1"},"og_locale":"it_IT","og_type":"article","og_title":"Cinque cori per il concerto di Natale in san Vittore","og_description":"Luned\u00ec 17 dicembre alle 21 alla Basilica di San Vittore di Varese si terr\u00e0 il tradizionale concerto di Natale della parrocchia: protagonisti il coro di voci bianche, la Corale San Vittore e il coro Sette Laghi e i cori Santa Maria del Monte e Coro da Camera di Varese","og_url":"https:\/\/staging.varesenews.it\/2018\/12\/cinque-cori-concerto-natale-san-vittore\/778659\/","og_site_name":"VareseNews","article_publisher":"https:\/\/www.facebook.com\/varesenews","article_author":"https:\/\/www.facebook.com\/stefaniaradman","article_published_time":"2018-12-17T08:43:40+00:00","author":"Stefania Radman","twitter_card":"summary_large_image","twitter_creator":"@LaRadman","twitter_site":"@varesenews","twitter_misc":{"Scritto da":"Stefania Radman","Tempo di lettura stimato":"1 minuto"},"schema":{"@context":"https:\/\/schema.org","@graph":[{"@type":"WebPage","@id":"https:\/\/staging.varesenews.it\/2018\/12\/cinque-cori-concerto-natale-san-vittore\/778659\/","url":"https:\/\/staging.varesenews.it\/2018\/12\/cinque-cori-concerto-natale-san-vittore\/778659\/","name":"Cinque cori per il concerto di Natale in san Vittore","isPartOf":{"@id":"https:\/\/staging.varesenews.it\/#website"},"datePublished":"2018-12-17T08:43:40+00:00","dateModified":"2018-12-17T08:43:40+00:00","author":{"@id":"https:\/\/staging.varesenews.it\/#\/schema\/person\/995d2e6a31c67237a9a1bc1f0079f3aa"},"description":"Luned\u00ec 17 dicembre alle 21 alla Basilica di San Vittore di Varese si terr\u00e0 il tradizionale concerto di Natale della parrocchia: protagonisti il coro di voci bianche, la Corale San Vittore e il coro Sette Laghi e i cori Santa Maria del Monte e Coro da Camera di Varese","breadcrumb":{"@id":"https:\/\/staging.varesenews.it\/2018\/12\/cinque-cori-concerto-natale-san-vittore\/778659\/#breadcrumb"},"inLanguage":"it-IT","potentialAction":[{"@type":"ReadAction","target":["https:\/\/staging.varesenews.it\/2018\/12\/cinque-cori-concerto-natale-san-vittore\/778659\/"]}]},{"@type":"BreadcrumbList","@id":"https:\/\/staging.varesenews.it\/2018\/12\/cinque-cori-concerto-natale-san-vittore\/778659\/#breadcrumb","itemListElement":[{"@type":"ListItem","position":1,"name":"Home","item":"https:\/\/www.varesenews.it\/"},{"@type":"ListItem","position":2,"name":"Cinque cori per il concerto di Natale in san Vittore"}]},{"@type":"WebSite","@id":"https:\/\/staging.varesenews.it\/#website","url":"https:\/\/staging.varesenews.it\/","name":"VareseNews","description":"","potentialAction":[{"@type":"SearchAction","target":{"@type":"EntryPoint","urlTemplate":"https:\/\/staging.varesenews.it\/?s={search_term_string}"},"query-input":"required name=search_term_string"}],"inLanguage":"it-IT"},{"@type":"Person","@id":"https:\/\/staging.varesenews.it\/#\/schema\/person\/995d2e6a31c67237a9a1bc1f0079f3aa","name":"Stefania Radman","image":{"@type":"ImageObject","inLanguage":"it-IT","@id":"https:\/\/staging.varesenews.it\/#\/schema\/person\/image\/","url":"https:\/\/staging.varesenews.it\/wp-content\/uploads\/2020\/12\/stefania_radman_colori_500.jpg","contentUrl":"https:\/\/staging.varesenews.it\/wp-content\/uploads\/2020\/12\/stefania_radman_colori_500.jpg","caption":"Stefania Radman"},"description":"Varesina dal 1991, lavoro dal 2000 per Varesenews.it, prima come responsabile della pagina dell&rsquo;economia, poi della pagina life, ora della citt&agrave; di Varese.Ma sono (e sono stata) anche altro: per esempio, agli albori delle radio private ero dj in una radio milanese, Onda Radio. Da 20 anni sono corrispondente da Varese di Radio Popolare e ho collaborato con Espresso, Repubblica, Diario della Settimana, Italia Oggi. &ldquo;Smanettona&rdquo; da sempre, ho aperto il mio primo sito personale con Geocities nei primi anni novanta (chi se lo ricorda?) e i miei primi blog in Splinder all&rsquo;inizio del 2000. Ora sono sui social: qui quasi sempre sono semplicemente \"LaRadman&rdquo;.","sameAs":["http:\/\/laradman.blogspot.it","https:\/\/www.facebook.com\/stefaniaradman","@LaRadman","https:\/\/www.linkedin.com\/in\/stefaniaradman","https:\/\/twitter.com\/LaRadman"],"url":"https:\/\/staging.varesenews.it\/persona\/stefania-radman1\/"}]}},"post_meta":{"_edit_lock":"1545036227:48","_edit_last":"48","_category_permalink":"a:1:{s:8:\"category\";s:0:\"\";}","argomento":"Varese","_yoast_wpseo_content_score":"30","_jd_tweet_this":"yes","ratings_users":"0","ratings_score":"0","ratings_average":"0","foto":"481628","_wpt_short_url":"https:\/\/www.varesenews.it\/2018\/12\/cinque-cori-concerto-natale-san-vittore\/778659\/","_wp_jd_target":"https:\/\/www.varesenews.it\/2018\/12\/cinque-cori-concerto-natale-san-vittore\/778659\/","_jd_wp_twitter":"a:1:{i:0;s:146:\"Cinque cori per il concerto di Natale in san Vittore https:\/\/www.varesenews.it\/2018\/12\/cinque-cori-concerto-natale-san-vittore\/778659\/ #natale2018\";}","_wpt_status_message":"Tweet inviato con successo.","_yoast_wpseo_focuskw_text_input":"natale","_yoast_wpseo_focuskw":"natale","_yoast_wpseo_linkdex":"58"},"photos":[{"original":"https:\/\/staging.varesenews.it\/photogallery_new\/images\/2015\/09\/i-solisti-veneti-in-san-vittore-481628.jpg","full":"https:\/\/staging.varesenews.it\/photogallery_new\/images\/2015\/09\/i-solisti-veneti-in-san-vittore-481628.1024x768.jpg","large":"https:\/\/staging.varesenews.it\/photogallery_new\/images\/2015\/09\/i-solisti-veneti-in-san-vittore-481628.610x431.jpg"}],"_links":{"self":[{"href":"https:\/\/staging.varesenews.it\/swgapi\/v1\/wp\/v2\/posts\/778659"}],"collection":[{"href":"https:\/\/staging.varesenews.it\/swgapi\/v1\/wp\/v2\/posts"}],"about":[{"href":"https:\/\/staging.varesenews.it\/swgapi\/v1\/wp\/v2\/types\/post"}],"author":[{"embeddable":true,"href":"https:\/\/staging.varesenews.it\/swgapi\/v1\/wp\/v2\/users\/48"}],"replies":[{"embeddable":true,"href":"https:\/\/staging.varesenews.it\/swgapi\/v1\/wp\/v2\/comments?post=778659"}],"version-history":[{"count":0,"href":"https:\/\/staging.varesenews.it\/swgapi\/v1\/wp\/v2\/posts\/778659\/revisions"}],"wp:attachment":[{"href":"https:\/\/staging.varesenews.it\/swgapi\/v1\/wp\/v2\/media?parent=778659"}],"wp:term":[{"taxonomy":"category","embeddable":true,"href":"https:\/\/staging.varesenews.it\/swgapi\/v1\/wp\/v2\/categories?post=778659"},{"taxonomy":"post_tag","embeddable":true,"href":"https:\/\/staging.varesenews.it\/swgapi\/v1\/wp\/v2\/tags?post=778659"}],"curies":[{"name":"wp","href":"https:\/\/api.w.org\/{rel}","templated":true}]}}