{"id":778683,"date":"2018-12-17T10:22:23","date_gmt":"2018-12-17T09:22:23","guid":{"rendered":"https:\/\/www.varesenews.it\/?p=778683"},"modified":"2018-12-20T08:17:57","modified_gmt":"2018-12-20T07:17:57","slug":"anche-premezzo-arriva-custode-sociale","status":"publish","type":"post","link":"https:\/\/staging.varesenews.it\/2018\/12\/anche-premezzo-arriva-custode-sociale\/778683\/","title":{"rendered":"Anche a Premezzo arriva il &#8220;custode sociale&#8221;"},"content":{"rendered":"<p>Anche a <strong>Cavaria con Premezzo<\/strong> <strong>parte il progetto di Custodia Sociale<\/strong>.<br \/>\nDi cosa si tratta?<\/p>\n<p>Inserito nel percorso di Revolutionary Road e gi\u00e0 avviato in altre realt\u00e0 come Samarate o Somma Lombardo, \u00e8 un intervento di animazione sociale nei cortili delle case popolari delle diverse realt\u00e0. Non un\u2019azione di assistenza, ma uno stimolo per mettere insieme le persone, superare eventuali tensioni, rispondere insieme ai bisogni.<\/p>\n<p>Nel caso di Cavaria con Premezzo,<strong> coinvolger\u00e0 gli stabili Aler di via Macchio 23-43-129<\/strong>. Il progetto sar\u00e0 <strong>presentato questa sera, luned\u00ec 17 dicembre, alle 18,<\/strong> nell\u2019atrio del civico 43. Ci sar\u00e0 anche il custode sociale Angelo, della cooperativa Intrecci, che seguir\u00e0 l\u2019intervento in questa realt\u00e0.<\/p>\n","protected":false},"excerpt":{"rendered":"<p>Il progetto, tra le azioni di Revolutionary Road, \u00e8 gi\u00e0 in corso in altre realt\u00e0 come Samarate: luned\u00ec sera la presentazione negli stabili interessati in via Macchio<\/p>\n","protected":false},"author":46,"featured_media":0,"comment_status":"open","ping_status":"open","sticky":false,"template":"","format":"standard","meta":{"footnotes":""},"categories":[3],"tags":[92768,58497],"acf":[],"yoast_head":"<!-- This site is optimized with the Yoast SEO plugin v20.1 - https:\/\/yoast.com\/wordpress\/plugins\/seo\/ -->\n<title>Anche a Premezzo arriva il &quot;custode sociale&quot;<\/title>\n<meta name=\"description\" content=\"Il progetto, tra le azioni di Revolutionary Road, \u00e8 gi\u00e0 in corso in altre realt\u00e0 come Samarate: luned\u00ec sera la presentazione negli stabili interessati in via Macchio\" \/>\n<meta name=\"robots\" content=\"noindex, follow, max-snippet:-1, max-image-preview:large, max-video-preview:-1\" \/>\n<meta property=\"og:locale\" content=\"it_IT\" \/>\n<meta property=\"og:type\" content=\"article\" \/>\n<meta property=\"og:title\" content=\"Anche a Premezzo arriva il &quot;custode sociale&quot;\" \/>\n<meta property=\"og:description\" content=\"Il progetto, tra le azioni di Revolutionary Road, \u00e8 gi\u00e0 in corso in altre realt\u00e0 come Samarate: luned\u00ec sera la presentazione negli stabili interessati in via Macchio\" \/>\n<meta property=\"og:url\" content=\"https:\/\/staging.varesenews.it\/2018\/12\/anche-premezzo-arriva-custode-sociale\/778683\/\" \/>\n<meta property=\"og:site_name\" content=\"VareseNews\" \/>\n<meta property=\"article:publisher\" content=\"https:\/\/www.facebook.com\/varesenews\" \/>\n<meta property=\"article:published_time\" content=\"2018-12-17T09:22:23+00:00\" \/>\n<meta property=\"article:modified_time\" content=\"2018-12-20T07:17:57+00:00\" \/>\n<meta name=\"author\" content=\"Roberto Morandi\" \/>\n<meta name=\"twitter:card\" content=\"summary_large_image\" \/>\n<meta name=\"twitter:creator\" content=\"@ilmorands\" \/>\n<meta name=\"twitter:site\" content=\"@varesenews\" \/>\n<meta name=\"twitter:label1\" content=\"Scritto da\" \/>\n\t<meta name=\"twitter:data1\" content=\"Roberto Morandi\" \/>\n\t<meta name=\"twitter:label2\" content=\"Tempo di lettura stimato\" \/>\n\t<meta name=\"twitter:data2\" content=\"1 minuto\" \/>\n<script type=\"application\/ld+json\" class=\"yoast-schema-graph\">{\"@context\":\"https:\/\/schema.org\",\"@graph\":[{\"@type\":\"WebPage\",\"@id\":\"https:\/\/staging.varesenews.it\/2018\/12\/anche-premezzo-arriva-custode-sociale\/778683\/\",\"url\":\"https:\/\/staging.varesenews.it\/2018\/12\/anche-premezzo-arriva-custode-sociale\/778683\/\",\"name\":\"Anche a Premezzo arriva il \\\"custode sociale\\\"\",\"isPartOf\":{\"@id\":\"https:\/\/staging.varesenews.it\/#website\"},\"datePublished\":\"2018-12-17T09:22:23+00:00\",\"dateModified\":\"2018-12-20T07:17:57+00:00\",\"author\":{\"@id\":\"https:\/\/staging.varesenews.it\/#\/schema\/person\/efe592ae4c76536b551f89d8b6674bc3\"},\"description\":\"Il progetto, tra le azioni di Revolutionary Road, \u00e8 gi\u00e0 in corso in altre realt\u00e0 come Samarate: luned\u00ec sera la presentazione negli stabili interessati in via Macchio\",\"breadcrumb\":{\"@id\":\"https:\/\/staging.varesenews.it\/2018\/12\/anche-premezzo-arriva-custode-sociale\/778683\/#breadcrumb\"},\"inLanguage\":\"it-IT\",\"potentialAction\":[{\"@type\":\"ReadAction\",\"target\":[\"https:\/\/staging.varesenews.it\/2018\/12\/anche-premezzo-arriva-custode-sociale\/778683\/\"]}]},{\"@type\":\"BreadcrumbList\",\"@id\":\"https:\/\/staging.varesenews.it\/2018\/12\/anche-premezzo-arriva-custode-sociale\/778683\/#breadcrumb\",\"itemListElement\":[{\"@type\":\"ListItem\",\"position\":1,\"name\":\"Home\",\"item\":\"https:\/\/www.varesenews.it\/\"},{\"@type\":\"ListItem\",\"position\":2,\"name\":\"Anche a Premezzo arriva il &#8220;custode sociale&#8221;\"}]},{\"@type\":\"WebSite\",\"@id\":\"https:\/\/staging.varesenews.it\/#website\",\"url\":\"https:\/\/staging.varesenews.it\/\",\"name\":\"VareseNews\",\"description\":\"\",\"potentialAction\":[{\"@type\":\"SearchAction\",\"target\":{\"@type\":\"EntryPoint\",\"urlTemplate\":\"https:\/\/staging.varesenews.it\/?s={search_term_string}\"},\"query-input\":\"required name=search_term_string\"}],\"inLanguage\":\"it-IT\"},{\"@type\":\"Person\",\"@id\":\"https:\/\/staging.varesenews.it\/#\/schema\/person\/efe592ae4c76536b551f89d8b6674bc3\",\"name\":\"Roberto Morandi\",\"image\":{\"@type\":\"ImageObject\",\"inLanguage\":\"it-IT\",\"@id\":\"https:\/\/staging.varesenews.it\/#\/schema\/person\/image\/\",\"url\":\"https:\/\/staging.varesenews.it\/wp-content\/uploads\/2020\/12\/roberto_morandi_colori_500.jpg\",\"contentUrl\":\"https:\/\/staging.varesenews.it\/wp-content\/uploads\/2020\/12\/roberto_morandi_colori_500.jpg\",\"caption\":\"Roberto Morandi\"},\"description\":\"Classe 1980, laureato in storia, mi occupo dell&rsquo;area di Gallarate e di Malpensa, di trasporti e mobilit&agrave;. Amo molto la dimensione della citt&agrave;, come luogo d&rsquo;incontro di persone diverse e come organismo che si trasforma costantemente. Mi piace anche raccontare le piccole e grandi vicende, anche locali, che compongono la Storia con la S maiuscola. Appassionato di bicicletta: la macchina perfetta per muoversi in citt&agrave; e per viaggiare.\",\"sameAs\":[\"https:\/\/twitter.com\/ilmorands\"],\"url\":\"https:\/\/staging.varesenews.it\/persona\/roberto-morandi1\/\"}]}<\/script>\n<!-- \/ Yoast SEO plugin. -->","yoast_head_json":{"title":"Anche a Premezzo arriva il \"custode sociale\"","description":"Il progetto, tra le azioni di Revolutionary Road, \u00e8 gi\u00e0 in corso in altre realt\u00e0 come Samarate: luned\u00ec sera la presentazione negli stabili interessati in via Macchio","robots":{"index":"noindex","follow":"follow","max-snippet":"max-snippet:-1","max-image-preview":"max-image-preview:large","max-video-preview":"max-video-preview:-1"},"og_locale":"it_IT","og_type":"article","og_title":"Anche a Premezzo arriva il \"custode sociale\"","og_description":"Il progetto, tra le azioni di Revolutionary Road, \u00e8 gi\u00e0 in corso in altre realt\u00e0 come Samarate: luned\u00ec sera la presentazione negli stabili interessati in via Macchio","og_url":"https:\/\/staging.varesenews.it\/2018\/12\/anche-premezzo-arriva-custode-sociale\/778683\/","og_site_name":"VareseNews","article_publisher":"https:\/\/www.facebook.com\/varesenews","article_published_time":"2018-12-17T09:22:23+00:00","article_modified_time":"2018-12-20T07:17:57+00:00","author":"Roberto Morandi","twitter_card":"summary_large_image","twitter_creator":"@ilmorands","twitter_site":"@varesenews","twitter_misc":{"Scritto da":"Roberto Morandi","Tempo di lettura stimato":"1 minuto"},"schema":{"@context":"https:\/\/schema.org","@graph":[{"@type":"WebPage","@id":"https:\/\/staging.varesenews.it\/2018\/12\/anche-premezzo-arriva-custode-sociale\/778683\/","url":"https:\/\/staging.varesenews.it\/2018\/12\/anche-premezzo-arriva-custode-sociale\/778683\/","name":"Anche a Premezzo arriva il \"custode sociale\"","isPartOf":{"@id":"https:\/\/staging.varesenews.it\/#website"},"datePublished":"2018-12-17T09:22:23+00:00","dateModified":"2018-12-20T07:17:57+00:00","author":{"@id":"https:\/\/staging.varesenews.it\/#\/schema\/person\/efe592ae4c76536b551f89d8b6674bc3"},"description":"Il progetto, tra le azioni di Revolutionary Road, \u00e8 gi\u00e0 in corso in altre realt\u00e0 come Samarate: luned\u00ec sera la presentazione negli stabili interessati in via Macchio","breadcrumb":{"@id":"https:\/\/staging.varesenews.it\/2018\/12\/anche-premezzo-arriva-custode-sociale\/778683\/#breadcrumb"},"inLanguage":"it-IT","potentialAction":[{"@type":"ReadAction","target":["https:\/\/staging.varesenews.it\/2018\/12\/anche-premezzo-arriva-custode-sociale\/778683\/"]}]},{"@type":"BreadcrumbList","@id":"https:\/\/staging.varesenews.it\/2018\/12\/anche-premezzo-arriva-custode-sociale\/778683\/#breadcrumb","itemListElement":[{"@type":"ListItem","position":1,"name":"Home","item":"https:\/\/www.varesenews.it\/"},{"@type":"ListItem","position":2,"name":"Anche a Premezzo arriva il &#8220;custode sociale&#8221;"}]},{"@type":"WebSite","@id":"https:\/\/staging.varesenews.it\/#website","url":"https:\/\/staging.varesenews.it\/","name":"VareseNews","description":"","potentialAction":[{"@type":"SearchAction","target":{"@type":"EntryPoint","urlTemplate":"https:\/\/staging.varesenews.it\/?s={search_term_string}"},"query-input":"required name=search_term_string"}],"inLanguage":"it-IT"},{"@type":"Person","@id":"https:\/\/staging.varesenews.it\/#\/schema\/person\/efe592ae4c76536b551f89d8b6674bc3","name":"Roberto Morandi","image":{"@type":"ImageObject","inLanguage":"it-IT","@id":"https:\/\/staging.varesenews.it\/#\/schema\/person\/image\/","url":"https:\/\/staging.varesenews.it\/wp-content\/uploads\/2020\/12\/roberto_morandi_colori_500.jpg","contentUrl":"https:\/\/staging.varesenews.it\/wp-content\/uploads\/2020\/12\/roberto_morandi_colori_500.jpg","caption":"Roberto Morandi"},"description":"Classe 1980, laureato in storia, mi occupo dell&rsquo;area di Gallarate e di Malpensa, di trasporti e mobilit&agrave;. Amo molto la dimensione della citt&agrave;, come luogo d&rsquo;incontro di persone diverse e come organismo che si trasforma costantemente. Mi piace anche raccontare le piccole e grandi vicende, anche locali, che compongono la Storia con la S maiuscola. Appassionato di bicicletta: la macchina perfetta per muoversi in citt&agrave; e per viaggiare.","sameAs":["https:\/\/twitter.com\/ilmorands"],"url":"https:\/\/staging.varesenews.it\/persona\/roberto-morandi1\/"}]}},"post_meta":{"_edit_lock":"1545291171:46","_edit_last":"46","_category_permalink":"a:1:{s:8:\"category\";s:1:\"3\";}","ratings_users":"0","ratings_score":"0","ratings_average":"0","foto":"241132","firma_come_redazione":"1","argomento":"Cavaria con Premezzo","_yoast_wpseo_content_score":"30","_jd_tweet_this":"yes","_wpt_short_url":"https:\/\/www.varesenews.it\/2018\/12\/anche-premezzo-arriva-custode-sociale\/778683\/","_wp_jd_target":"https:\/\/www.varesenews.it\/2018\/12\/anche-premezzo-arriva-custode-sociale\/778683\/","_jd_wp_twitter":"a:1:{i:0;s:145:\"Anche a Premezzo arriva il \u201ccustode sociale\u201d https:\/\/www.varesenews.it\/2018\/12\/anche-premezzo-arriva-custode-sociale\/778683\/ #custodiasociale\";}","_wpt_status_message":"Tweet inviato con successo."},"photos":[{"original":"https:\/\/staging.varesenews.it\/photogallery_new\/images\/2010\/04\/erp-san-macario-via-gelada-case-popolari-241132.jpg","full":"https:\/\/staging.varesenews.it\/photogallery_new\/images\/2010\/04\/erp-san-macario-via-gelada-case-popolari-241132.1024x768.jpg","large":"https:\/\/staging.varesenews.it\/photogallery_new\/images\/2010\/04\/erp-san-macario-via-gelada-case-popolari-241132.610x431.jpg"}],"_links":{"self":[{"href":"https:\/\/staging.varesenews.it\/swgapi\/v1\/wp\/v2\/posts\/778683"}],"collection":[{"href":"https:\/\/staging.varesenews.it\/swgapi\/v1\/wp\/v2\/posts"}],"about":[{"href":"https:\/\/staging.varesenews.it\/swgapi\/v1\/wp\/v2\/types\/post"}],"author":[{"embeddable":true,"href":"https:\/\/staging.varesenews.it\/swgapi\/v1\/wp\/v2\/users\/46"}],"replies":[{"embeddable":true,"href":"https:\/\/staging.varesenews.it\/swgapi\/v1\/wp\/v2\/comments?post=778683"}],"version-history":[{"count":0,"href":"https:\/\/staging.varesenews.it\/swgapi\/v1\/wp\/v2\/posts\/778683\/revisions"}],"wp:attachment":[{"href":"https:\/\/staging.varesenews.it\/swgapi\/v1\/wp\/v2\/media?parent=778683"}],"wp:term":[{"taxonomy":"category","embeddable":true,"href":"https:\/\/staging.varesenews.it\/swgapi\/v1\/wp\/v2\/categories?post=778683"},{"taxonomy":"post_tag","embeddable":true,"href":"https:\/\/staging.varesenews.it\/swgapi\/v1\/wp\/v2\/tags?post=778683"}],"curies":[{"name":"wp","href":"https:\/\/api.w.org\/{rel}","templated":true}]}}