{"id":779336,"date":"2018-12-18T18:38:42","date_gmt":"2018-12-18T17:38:42","guid":{"rendered":"https:\/\/www.varesenews.it\/?p=779336"},"modified":"2018-12-18T18:38:42","modified_gmt":"2018-12-18T17:38:42","slug":"busto-bpm-zagabria-grande-ex-petkovic","status":"publish","type":"post","link":"https:\/\/staging.varesenews.it\/2018\/12\/busto-bpm-zagabria-grande-ex-petkovic\/779336\/","title":{"rendered":"Busto Bpm a Zagabria contro il grande ex Petkovic"},"content":{"rendered":"<p>Torna in vasca <strong>mercoled\u00ec (20.30) la Bpm Sport Management<\/strong> che affronter\u00e0 in trasferta il <strong>Mladost Zagabria<\/strong>, formazione croata nella quale milita l\u2019ex Mastino Antonio Petkovic <span style=\"color: #0000ff;\"><strong><em>(foto in alto)<\/em><\/strong><\/span>, nella 5a giornata di Len Champions League.<\/p>\n<p>Altra sfida leggendaria quella che sar\u00e0 chiamata ad affrontare la formazione di Marco Baldineti che andr\u00e0 a incrociare una realt\u00e0 che nella sua storia sportiva vanta ben <strong>7 Coppe dei Campioni e 16 titoli nazionali<\/strong> oltre a svariati altri trofei. Tanti anche i campioni a disposizione di mister Zoran Bajic che, oltre al gi\u00e0 citato Antonio Petkovic, pu\u00f2 annoverare nella sua squadra due stranieri d\u2019altissimo livello come <strong>il serbo Milos Cuk e il rumeno Cosmin Radu.<\/strong><\/p>\n<p>Attualmente il Mladost Zagabria occupa il <strong>terzo posto nel girone B<\/strong> in virt\u00f9 dei 7 punti conquistati fino ad oggi (gli stessi dell\u2019Olympiacos Pireo). La formazione di <strong>Busto Arsizio sar\u00e0 dunque chiamata a difendere il suo secondo posto<\/strong> in classifica e sarebbe importantissimo fare risultato sul campo di Zagabria, proprio perch\u00e9 nel girone B a passare alle Final Eight saranno<strong> le prime tre classificate<\/strong> oltre al Waspo Hannover, societ\u00e0 che organizzer\u00e0 in casa la kermesse finale che assegner\u00e0 la Len Champions League 2018-19.<\/p>\n<p>\u00ab<strong>Non \u00e8 ancora una partita decisiva<\/strong> perch\u00e9 ne mancano tante di gare alla fine della stagione e dovremo affrontarla come le altre. Dovremo giocare bene e fare il nostro gioco e portare a casa il risultato sar\u00e0 la conseguenza. Incontriamo <strong>una squadra molto forte, al livello dello Jug Dubrovnik<\/strong> e che avr\u00e0 dalla loro parte un giocatore come Antonio<strong> Petkovic che qui a Busto Arsizio ha lasciato un grande ricordo<\/strong> in tutti noi. La speranza \u00e8 di poter recuperare al meglio tutti i vari acciaccati e poter andare a giocacela al gran completo\u00bb.<\/p>\n<p><strong>Classifica:<\/strong>\u00a0Dubrovnik 12; BUSTO A. 9, Zagabria, Pireo 7; Szolnoki 4, Spalato 3; Hannover 2; Spandau 1.<\/p>\n","protected":false},"excerpt":{"rendered":"<p>Turno delicato in Len Champions League per la squadra di Baldineti che vuole difendere il secondo posto nel girone. Si gioca mercoled\u00ec 19<\/p>\n","protected":false},"author":38,"featured_media":0,"comment_status":"open","ping_status":"open","sticky":false,"template":"","format":"standard","meta":{"footnotes":""},"categories":[4,14],"tags":[1590,88631],"acf":[],"yoast_head":"<!-- This site is optimized with the Yoast SEO plugin v20.1 - https:\/\/yoast.com\/wordpress\/plugins\/seo\/ -->\n<title>Busto Bpm a Zagabria contro il grande ex Petkovic<\/title>\n<meta name=\"description\" content=\"Turno delicato in Len Champions League per la squadra di Baldineti che vuole difendere il secondo posto nel girone. Si gioca mercoled\u00ec 19\" \/>\n<meta name=\"robots\" content=\"noindex, follow, max-snippet:-1, max-image-preview:large, max-video-preview:-1\" \/>\n<meta property=\"og:locale\" content=\"it_IT\" \/>\n<meta property=\"og:type\" content=\"article\" \/>\n<meta property=\"og:title\" content=\"Busto Bpm a Zagabria contro il grande ex Petkovic\" \/>\n<meta property=\"og:description\" content=\"Turno delicato in Len Champions League per la squadra di Baldineti che vuole difendere il secondo posto nel girone. Si gioca mercoled\u00ec 19\" \/>\n<meta property=\"og:url\" content=\"https:\/\/staging.varesenews.it\/2018\/12\/busto-bpm-zagabria-grande-ex-petkovic\/779336\/\" \/>\n<meta property=\"og:site_name\" content=\"VareseNews\" \/>\n<meta property=\"article:publisher\" content=\"https:\/\/www.facebook.com\/varesenews\" \/>\n<meta property=\"article:published_time\" content=\"2018-12-18T17:38:42+00:00\" \/>\n<meta name=\"author\" content=\"Damiano Franzetti\" \/>\n<meta name=\"twitter:card\" content=\"summary_large_image\" \/>\n<meta name=\"twitter:creator\" content=\"@damianofranz\" \/>\n<meta name=\"twitter:site\" content=\"@varesenews\" \/>\n<meta name=\"twitter:label1\" content=\"Scritto da\" \/>\n\t<meta name=\"twitter:data1\" content=\"Damiano Franzetti\" \/>\n\t<meta name=\"twitter:label2\" content=\"Tempo di lettura stimato\" \/>\n\t<meta name=\"twitter:data2\" content=\"1 minuto\" \/>\n<script type=\"application\/ld+json\" class=\"yoast-schema-graph\">{\"@context\":\"https:\/\/schema.org\",\"@graph\":[{\"@type\":\"WebPage\",\"@id\":\"https:\/\/staging.varesenews.it\/2018\/12\/busto-bpm-zagabria-grande-ex-petkovic\/779336\/\",\"url\":\"https:\/\/staging.varesenews.it\/2018\/12\/busto-bpm-zagabria-grande-ex-petkovic\/779336\/\",\"name\":\"Busto Bpm a Zagabria contro il grande ex Petkovic\",\"isPartOf\":{\"@id\":\"https:\/\/staging.varesenews.it\/#website\"},\"datePublished\":\"2018-12-18T17:38:42+00:00\",\"dateModified\":\"2018-12-18T17:38:42+00:00\",\"author\":{\"@id\":\"https:\/\/staging.varesenews.it\/#\/schema\/person\/709ae3769f6b4dbde8ec332baede8a5b\"},\"description\":\"Turno delicato in Len Champions League per la squadra di Baldineti che vuole difendere il secondo posto nel girone. Si gioca mercoled\u00ec 19\",\"breadcrumb\":{\"@id\":\"https:\/\/staging.varesenews.it\/2018\/12\/busto-bpm-zagabria-grande-ex-petkovic\/779336\/#breadcrumb\"},\"inLanguage\":\"it-IT\",\"potentialAction\":[{\"@type\":\"ReadAction\",\"target\":[\"https:\/\/staging.varesenews.it\/2018\/12\/busto-bpm-zagabria-grande-ex-petkovic\/779336\/\"]}]},{\"@type\":\"BreadcrumbList\",\"@id\":\"https:\/\/staging.varesenews.it\/2018\/12\/busto-bpm-zagabria-grande-ex-petkovic\/779336\/#breadcrumb\",\"itemListElement\":[{\"@type\":\"ListItem\",\"position\":1,\"name\":\"Home\",\"item\":\"https:\/\/www.varesenews.it\/\"},{\"@type\":\"ListItem\",\"position\":2,\"name\":\"Busto Bpm a Zagabria contro il grande ex Petkovic\"}]},{\"@type\":\"WebSite\",\"@id\":\"https:\/\/staging.varesenews.it\/#website\",\"url\":\"https:\/\/staging.varesenews.it\/\",\"name\":\"VareseNews\",\"description\":\"\",\"potentialAction\":[{\"@type\":\"SearchAction\",\"target\":{\"@type\":\"EntryPoint\",\"urlTemplate\":\"https:\/\/staging.varesenews.it\/?s={search_term_string}\"},\"query-input\":\"required name=search_term_string\"}],\"inLanguage\":\"it-IT\"},{\"@type\":\"Person\",\"@id\":\"https:\/\/staging.varesenews.it\/#\/schema\/person\/709ae3769f6b4dbde8ec332baede8a5b\",\"name\":\"Damiano Franzetti\",\"image\":{\"@type\":\"ImageObject\",\"inLanguage\":\"it-IT\",\"@id\":\"https:\/\/staging.varesenews.it\/#\/schema\/person\/image\/\",\"url\":\"https:\/\/staging.varesenews.it\/wp-content\/uploads\/2020\/12\/damiano_franzetti_colori_500.jpg\",\"contentUrl\":\"https:\/\/staging.varesenews.it\/wp-content\/uploads\/2020\/12\/damiano_franzetti_colori_500.jpg\",\"caption\":\"Damiano Franzetti\"},\"description\":\"Classe 1976, una laurea (nel cassetto) in scienze e tecnologie alimentari; sono giornalista professionista dal 2009 nato e cresciuto con VareseNews dove mi occupo soprattutto di sport ormai da vent&rsquo;anni. Inviato sui campi (sulle piste, sulle strade...), intervistatore, coordinatore e responsabile delle pagine sportive, mi ritaglio volentieri lo spazio per scrivere di birra sul blog Malto Gradimento. Ho seguito innumerevoli campionati di Serie A di basket, di serie B di calcio, due Mondiali di ciclismo, qualche Giro d&rsquo;;Italia e tanto altro ancora. Collaboro con Tuttosport e altre testate, mi diletto di social. Ho una moglie, un figlio, vivo nella mia Gemonio e ho purtroppo smesso con il basket giocato. &nbsp;\",\"sameAs\":[\"damianofranz\",\"https:\/\/www.linkedin.com\/profile\/view?id=241597124&trk=nav_responsive_tab_profile\",\"https:\/\/twitter.com\/damianofranz\"],\"url\":\"https:\/\/staging.varesenews.it\/persona\/damiano_franzetti-2\/\"}]}<\/script>\n<!-- \/ Yoast SEO plugin. -->","yoast_head_json":{"title":"Busto Bpm a Zagabria contro il grande ex Petkovic","description":"Turno delicato in Len Champions League per la squadra di Baldineti che vuole difendere il secondo posto nel girone. Si gioca mercoled\u00ec 19","robots":{"index":"noindex","follow":"follow","max-snippet":"max-snippet:-1","max-image-preview":"max-image-preview:large","max-video-preview":"max-video-preview:-1"},"og_locale":"it_IT","og_type":"article","og_title":"Busto Bpm a Zagabria contro il grande ex Petkovic","og_description":"Turno delicato in Len Champions League per la squadra di Baldineti che vuole difendere il secondo posto nel girone. Si gioca mercoled\u00ec 19","og_url":"https:\/\/staging.varesenews.it\/2018\/12\/busto-bpm-zagabria-grande-ex-petkovic\/779336\/","og_site_name":"VareseNews","article_publisher":"https:\/\/www.facebook.com\/varesenews","article_published_time":"2018-12-18T17:38:42+00:00","author":"Damiano Franzetti","twitter_card":"summary_large_image","twitter_creator":"@damianofranz","twitter_site":"@varesenews","twitter_misc":{"Scritto da":"Damiano Franzetti","Tempo di lettura stimato":"1 minuto"},"schema":{"@context":"https:\/\/schema.org","@graph":[{"@type":"WebPage","@id":"https:\/\/staging.varesenews.it\/2018\/12\/busto-bpm-zagabria-grande-ex-petkovic\/779336\/","url":"https:\/\/staging.varesenews.it\/2018\/12\/busto-bpm-zagabria-grande-ex-petkovic\/779336\/","name":"Busto Bpm a Zagabria contro il grande ex Petkovic","isPartOf":{"@id":"https:\/\/staging.varesenews.it\/#website"},"datePublished":"2018-12-18T17:38:42+00:00","dateModified":"2018-12-18T17:38:42+00:00","author":{"@id":"https:\/\/staging.varesenews.it\/#\/schema\/person\/709ae3769f6b4dbde8ec332baede8a5b"},"description":"Turno delicato in Len Champions League per la squadra di Baldineti che vuole difendere il secondo posto nel girone. Si gioca mercoled\u00ec 19","breadcrumb":{"@id":"https:\/\/staging.varesenews.it\/2018\/12\/busto-bpm-zagabria-grande-ex-petkovic\/779336\/#breadcrumb"},"inLanguage":"it-IT","potentialAction":[{"@type":"ReadAction","target":["https:\/\/staging.varesenews.it\/2018\/12\/busto-bpm-zagabria-grande-ex-petkovic\/779336\/"]}]},{"@type":"BreadcrumbList","@id":"https:\/\/staging.varesenews.it\/2018\/12\/busto-bpm-zagabria-grande-ex-petkovic\/779336\/#breadcrumb","itemListElement":[{"@type":"ListItem","position":1,"name":"Home","item":"https:\/\/www.varesenews.it\/"},{"@type":"ListItem","position":2,"name":"Busto Bpm a Zagabria contro il grande ex Petkovic"}]},{"@type":"WebSite","@id":"https:\/\/staging.varesenews.it\/#website","url":"https:\/\/staging.varesenews.it\/","name":"VareseNews","description":"","potentialAction":[{"@type":"SearchAction","target":{"@type":"EntryPoint","urlTemplate":"https:\/\/staging.varesenews.it\/?s={search_term_string}"},"query-input":"required name=search_term_string"}],"inLanguage":"it-IT"},{"@type":"Person","@id":"https:\/\/staging.varesenews.it\/#\/schema\/person\/709ae3769f6b4dbde8ec332baede8a5b","name":"Damiano Franzetti","image":{"@type":"ImageObject","inLanguage":"it-IT","@id":"https:\/\/staging.varesenews.it\/#\/schema\/person\/image\/","url":"https:\/\/staging.varesenews.it\/wp-content\/uploads\/2020\/12\/damiano_franzetti_colori_500.jpg","contentUrl":"https:\/\/staging.varesenews.it\/wp-content\/uploads\/2020\/12\/damiano_franzetti_colori_500.jpg","caption":"Damiano Franzetti"},"description":"Classe 1976, una laurea (nel cassetto) in scienze e tecnologie alimentari; sono giornalista professionista dal 2009 nato e cresciuto con VareseNews dove mi occupo soprattutto di sport ormai da vent&rsquo;anni. Inviato sui campi (sulle piste, sulle strade...), intervistatore, coordinatore e responsabile delle pagine sportive, mi ritaglio volentieri lo spazio per scrivere di birra sul blog Malto Gradimento. Ho seguito innumerevoli campionati di Serie A di basket, di serie B di calcio, due Mondiali di ciclismo, qualche Giro d&rsquo;;Italia e tanto altro ancora. Collaboro con Tuttosport e altre testate, mi diletto di social. Ho una moglie, un figlio, vivo nella mia Gemonio e ho purtroppo smesso con il basket giocato. &nbsp;","sameAs":["damianofranz","https:\/\/www.linkedin.com\/profile\/view?id=241597124&trk=nav_responsive_tab_profile","https:\/\/twitter.com\/damianofranz"],"url":"https:\/\/staging.varesenews.it\/persona\/damiano_franzetti-2\/"}]}},"post_meta":{"_edit_lock":"1545154755:38","_edit_last":"38","_category_permalink":"a:1:{s:8:\"category\";s:2:\"14\";}","ratings_users":"0","ratings_score":"0","ratings_average":"0","foto":"663859","argomento":"Pallanuoto","_yoast_wpseo_content_score":"30","_jd_tweet_this":"yes","_wpt_short_url":"https:\/\/www.varesenews.it\/2018\/12\/busto-bpm-zagabria-grande-ex-petkovic\/779336\/","_wp_jd_target":"https:\/\/www.varesenews.it\/2018\/12\/busto-bpm-zagabria-grande-ex-petkovic\/779336\/","_jd_wp_twitter":"a:1:{i:0;s:141:\"Busto Bpm a Zagabria contro il grande ex Petkovic https:\/\/www.varesenews.it\/2018\/12\/busto-bpm-zagabria-grande-ex-petkovic\/779336\/ #pallanuoto\";}","_wpt_status_message":"Tweet inviato con successo."},"photos":[{"original":"https:\/\/staging.varesenews.it\/photogallery_new\/images\/2018\/03\/antonio-petkovic-banco-bpm-663859.jpg","full":"https:\/\/staging.varesenews.it\/photogallery_new\/images\/2018\/03\/antonio-petkovic-banco-bpm-663859.1024x768.jpg","large":"https:\/\/staging.varesenews.it\/photogallery_new\/images\/2018\/03\/antonio-petkovic-banco-bpm-663859.610x431.jpg"}],"_links":{"self":[{"href":"https:\/\/staging.varesenews.it\/swgapi\/v1\/wp\/v2\/posts\/779336"}],"collection":[{"href":"https:\/\/staging.varesenews.it\/swgapi\/v1\/wp\/v2\/posts"}],"about":[{"href":"https:\/\/staging.varesenews.it\/swgapi\/v1\/wp\/v2\/types\/post"}],"author":[{"embeddable":true,"href":"https:\/\/staging.varesenews.it\/swgapi\/v1\/wp\/v2\/users\/38"}],"replies":[{"embeddable":true,"href":"https:\/\/staging.varesenews.it\/swgapi\/v1\/wp\/v2\/comments?post=779336"}],"version-history":[{"count":0,"href":"https:\/\/staging.varesenews.it\/swgapi\/v1\/wp\/v2\/posts\/779336\/revisions"}],"wp:attachment":[{"href":"https:\/\/staging.varesenews.it\/swgapi\/v1\/wp\/v2\/media?parent=779336"}],"wp:term":[{"taxonomy":"category","embeddable":true,"href":"https:\/\/staging.varesenews.it\/swgapi\/v1\/wp\/v2\/categories?post=779336"},{"taxonomy":"post_tag","embeddable":true,"href":"https:\/\/staging.varesenews.it\/swgapi\/v1\/wp\/v2\/tags?post=779336"}],"curies":[{"name":"wp","href":"https:\/\/api.w.org\/{rel}","templated":true}]}}