{"id":781309,"date":"2018-12-28T08:48:28","date_gmt":"2018-12-28T07:48:28","guid":{"rendered":"https:\/\/www.varesenews.it\/?p=781309"},"modified":"2018-12-28T11:12:31","modified_gmt":"2018-12-28T10:12:31","slug":"incendio-casa-riposo-gravissimo-un-uomo","status":"publish","type":"post","link":"https:\/\/staging.varesenews.it\/2018\/12\/incendio-casa-riposo-gravissimo-un-uomo\/781309\/","title":{"rendered":"Incendio in una casa di riposo: gravissimo un uomo"},"content":{"rendered":"<p><em>(immagini di repertorio)<\/em><\/p>\n<p class=\"p1\"><span class=\"s1\"><strong>Fiamme nella tarda serata di ieri, gioved\u00ec 27 dicembre,<\/strong> in una <strong>casa di riposo di Milano in zona Portello.<\/strong> L\u2019incendio \u00e8 divampato,attorno alle 22, nella Residenza Sanitaria Assistenziale (RSA) dell\u2019<strong>Istituto \u201cPalazzolo\u201d di Milano<\/strong> gestito dalla Fondazione Don Gnocchi . <\/span><\/p>\n<p class=\"p1\"><span class=\"s1\"><strong>Il rogo \u00e8 partito da una camera,<\/strong> forse a causa di una sigaretta. <strong>Diciotto<\/strong> i <strong>feriti<\/strong>:<strong> un uomo,di 70 anni, \u00e8 stato trasportato in gravissime condizioni<\/strong> all\u2019ospedale Niguarda. Un\u2019altra persona \u00e8 in condizioni critiche ma non \u00e8 in pericolo di vita. Coinvolte altre 15 persone ma con conseguenze di lieve entit\u00e0. <\/span><\/p>\n<p class=\"p1\"><span class=\"s1\">L\u2019intero reparto stato evacuato dai vigili del fuoco mentre il 112 \u00e8 intervenuto con 12 ambulanze, tre automatiche e un mezzo per le maxi emergenze.<\/span><\/p>\n<p class=\"p1\"><span class=\"s1\">L\u2019operazione dei vigili del fuoco si \u00e8 conclusa alle 23.30<\/span><\/p>\n","protected":false},"excerpt":{"rendered":"<p>\u00c8 accaduto nella serata di gioved\u00ec 27 dicembre. Diciotto le persone rimaste coinvolte nel rogo<\/p>\n","protected":false},"author":33,"featured_media":0,"comment_status":"open","ping_status":"open","sticky":false,"template":"","format":"standard","meta":{"footnotes":""},"categories":[7],"tags":[1183,567],"acf":[],"yoast_head":"<!-- This site is optimized with the Yoast SEO plugin v20.1 - https:\/\/yoast.com\/wordpress\/plugins\/seo\/ -->\n<title>Incendio in una casa di riposo: gravissimo un uomo<\/title>\n<meta name=\"description\" content=\"\u00c8 accaduto nella serata di gioved\u00ec 27 dicembre. Diciotto le persone rimaste coinvolte nel rogo\" \/>\n<meta name=\"robots\" content=\"noindex, follow, max-snippet:-1, max-image-preview:large, max-video-preview:-1\" \/>\n<meta property=\"og:locale\" content=\"it_IT\" \/>\n<meta property=\"og:type\" content=\"article\" \/>\n<meta property=\"og:title\" content=\"Incendio in una casa di riposo: gravissimo un uomo\" \/>\n<meta property=\"og:description\" content=\"\u00c8 accaduto nella serata di gioved\u00ec 27 dicembre. Diciotto le persone rimaste coinvolte nel rogo\" \/>\n<meta property=\"og:url\" content=\"https:\/\/staging.varesenews.it\/2018\/12\/incendio-casa-riposo-gravissimo-un-uomo\/781309\/\" \/>\n<meta property=\"og:site_name\" content=\"VareseNews\" \/>\n<meta property=\"article:publisher\" content=\"https:\/\/www.facebook.com\/varesenews\" \/>\n<meta property=\"article:author\" content=\"alessandra.toni7\" \/>\n<meta property=\"article:published_time\" content=\"2018-12-28T07:48:28+00:00\" \/>\n<meta property=\"article:modified_time\" content=\"2018-12-28T10:12:31+00:00\" \/>\n<meta name=\"author\" content=\"Alessandra Toni\" \/>\n<meta name=\"twitter:card\" content=\"summary_large_image\" \/>\n<meta name=\"twitter:creator\" content=\"@alessandra_toni\" \/>\n<meta name=\"twitter:site\" content=\"@varesenews\" \/>\n<meta name=\"twitter:label1\" content=\"Scritto da\" \/>\n\t<meta name=\"twitter:data1\" content=\"Alessandra Toni\" \/>\n\t<meta name=\"twitter:label2\" content=\"Tempo di lettura stimato\" \/>\n\t<meta name=\"twitter:data2\" content=\"1 minuto\" \/>\n<script type=\"application\/ld+json\" class=\"yoast-schema-graph\">{\"@context\":\"https:\/\/schema.org\",\"@graph\":[{\"@type\":\"WebPage\",\"@id\":\"https:\/\/staging.varesenews.it\/2018\/12\/incendio-casa-riposo-gravissimo-un-uomo\/781309\/\",\"url\":\"https:\/\/staging.varesenews.it\/2018\/12\/incendio-casa-riposo-gravissimo-un-uomo\/781309\/\",\"name\":\"Incendio in una casa di riposo: gravissimo un uomo\",\"isPartOf\":{\"@id\":\"https:\/\/staging.varesenews.it\/#website\"},\"datePublished\":\"2018-12-28T07:48:28+00:00\",\"dateModified\":\"2018-12-28T10:12:31+00:00\",\"author\":{\"@id\":\"https:\/\/staging.varesenews.it\/#\/schema\/person\/2643ce123d4a3c9511e015dc548779b8\"},\"description\":\"\u00c8 accaduto nella serata di gioved\u00ec 27 dicembre. Diciotto le persone rimaste coinvolte nel rogo\",\"breadcrumb\":{\"@id\":\"https:\/\/staging.varesenews.it\/2018\/12\/incendio-casa-riposo-gravissimo-un-uomo\/781309\/#breadcrumb\"},\"inLanguage\":\"it-IT\",\"potentialAction\":[{\"@type\":\"ReadAction\",\"target\":[\"https:\/\/staging.varesenews.it\/2018\/12\/incendio-casa-riposo-gravissimo-un-uomo\/781309\/\"]}]},{\"@type\":\"BreadcrumbList\",\"@id\":\"https:\/\/staging.varesenews.it\/2018\/12\/incendio-casa-riposo-gravissimo-un-uomo\/781309\/#breadcrumb\",\"itemListElement\":[{\"@type\":\"ListItem\",\"position\":1,\"name\":\"Home\",\"item\":\"https:\/\/www.varesenews.it\/\"},{\"@type\":\"ListItem\",\"position\":2,\"name\":\"Incendio in una casa di riposo: gravissimo un uomo\"}]},{\"@type\":\"WebSite\",\"@id\":\"https:\/\/staging.varesenews.it\/#website\",\"url\":\"https:\/\/staging.varesenews.it\/\",\"name\":\"VareseNews\",\"description\":\"\",\"potentialAction\":[{\"@type\":\"SearchAction\",\"target\":{\"@type\":\"EntryPoint\",\"urlTemplate\":\"https:\/\/staging.varesenews.it\/?s={search_term_string}\"},\"query-input\":\"required name=search_term_string\"}],\"inLanguage\":\"it-IT\"},{\"@type\":\"Person\",\"@id\":\"https:\/\/staging.varesenews.it\/#\/schema\/person\/2643ce123d4a3c9511e015dc548779b8\",\"name\":\"Alessandra Toni\",\"image\":{\"@type\":\"ImageObject\",\"inLanguage\":\"it-IT\",\"@id\":\"https:\/\/staging.varesenews.it\/#\/schema\/person\/image\/\",\"url\":\"https:\/\/staging.varesenews.it\/wp-content\/uploads\/2020\/12\/alessandra_toni_colori_500.jpg\",\"contentUrl\":\"https:\/\/staging.varesenews.it\/wp-content\/uploads\/2020\/12\/alessandra_toni_colori_500.jpg\",\"caption\":\"Alessandra Toni\"},\"description\":\"Sono entrata nella redazione di VareseNews nel lontano anno 2000. Ero reduce da una bellissima esperienza nella redazione giornalistica della TV Nuova Antennatre, sotto la direzione dell'indimenticabile direttore Adolfo Caldarini. Sono arrivata quando era ancora una piccola realt\u00e0 editoriale e insieme abbiamo fatto un lungo ed entusiasmante lavoro. Mi occupo prevalentemente di scuola e di sanit\u00e0, settori impegnativi di grande valore sociale.\u00a0\",\"sameAs\":[\"alessandra.toni7\",\"alessandra.toni\",\"https:\/\/twitter.com\/alessandra_toni\"],\"url\":\"https:\/\/staging.varesenews.it\/persona\/alessandra_toni1\/\"}]}<\/script>\n<!-- \/ Yoast SEO plugin. -->","yoast_head_json":{"title":"Incendio in una casa di riposo: gravissimo un uomo","description":"\u00c8 accaduto nella serata di gioved\u00ec 27 dicembre. Diciotto le persone rimaste coinvolte nel rogo","robots":{"index":"noindex","follow":"follow","max-snippet":"max-snippet:-1","max-image-preview":"max-image-preview:large","max-video-preview":"max-video-preview:-1"},"og_locale":"it_IT","og_type":"article","og_title":"Incendio in una casa di riposo: gravissimo un uomo","og_description":"\u00c8 accaduto nella serata di gioved\u00ec 27 dicembre. Diciotto le persone rimaste coinvolte nel rogo","og_url":"https:\/\/staging.varesenews.it\/2018\/12\/incendio-casa-riposo-gravissimo-un-uomo\/781309\/","og_site_name":"VareseNews","article_publisher":"https:\/\/www.facebook.com\/varesenews","article_author":"alessandra.toni7","article_published_time":"2018-12-28T07:48:28+00:00","article_modified_time":"2018-12-28T10:12:31+00:00","author":"Alessandra Toni","twitter_card":"summary_large_image","twitter_creator":"@alessandra_toni","twitter_site":"@varesenews","twitter_misc":{"Scritto da":"Alessandra Toni","Tempo di lettura stimato":"1 minuto"},"schema":{"@context":"https:\/\/schema.org","@graph":[{"@type":"WebPage","@id":"https:\/\/staging.varesenews.it\/2018\/12\/incendio-casa-riposo-gravissimo-un-uomo\/781309\/","url":"https:\/\/staging.varesenews.it\/2018\/12\/incendio-casa-riposo-gravissimo-un-uomo\/781309\/","name":"Incendio in una casa di riposo: gravissimo un uomo","isPartOf":{"@id":"https:\/\/staging.varesenews.it\/#website"},"datePublished":"2018-12-28T07:48:28+00:00","dateModified":"2018-12-28T10:12:31+00:00","author":{"@id":"https:\/\/staging.varesenews.it\/#\/schema\/person\/2643ce123d4a3c9511e015dc548779b8"},"description":"\u00c8 accaduto nella serata di gioved\u00ec 27 dicembre. Diciotto le persone rimaste coinvolte nel rogo","breadcrumb":{"@id":"https:\/\/staging.varesenews.it\/2018\/12\/incendio-casa-riposo-gravissimo-un-uomo\/781309\/#breadcrumb"},"inLanguage":"it-IT","potentialAction":[{"@type":"ReadAction","target":["https:\/\/staging.varesenews.it\/2018\/12\/incendio-casa-riposo-gravissimo-un-uomo\/781309\/"]}]},{"@type":"BreadcrumbList","@id":"https:\/\/staging.varesenews.it\/2018\/12\/incendio-casa-riposo-gravissimo-un-uomo\/781309\/#breadcrumb","itemListElement":[{"@type":"ListItem","position":1,"name":"Home","item":"https:\/\/www.varesenews.it\/"},{"@type":"ListItem","position":2,"name":"Incendio in una casa di riposo: gravissimo un uomo"}]},{"@type":"WebSite","@id":"https:\/\/staging.varesenews.it\/#website","url":"https:\/\/staging.varesenews.it\/","name":"VareseNews","description":"","potentialAction":[{"@type":"SearchAction","target":{"@type":"EntryPoint","urlTemplate":"https:\/\/staging.varesenews.it\/?s={search_term_string}"},"query-input":"required name=search_term_string"}],"inLanguage":"it-IT"},{"@type":"Person","@id":"https:\/\/staging.varesenews.it\/#\/schema\/person\/2643ce123d4a3c9511e015dc548779b8","name":"Alessandra Toni","image":{"@type":"ImageObject","inLanguage":"it-IT","@id":"https:\/\/staging.varesenews.it\/#\/schema\/person\/image\/","url":"https:\/\/staging.varesenews.it\/wp-content\/uploads\/2020\/12\/alessandra_toni_colori_500.jpg","contentUrl":"https:\/\/staging.varesenews.it\/wp-content\/uploads\/2020\/12\/alessandra_toni_colori_500.jpg","caption":"Alessandra Toni"},"description":"Sono entrata nella redazione di VareseNews nel lontano anno 2000. Ero reduce da una bellissima esperienza nella redazione giornalistica della TV Nuova Antennatre, sotto la direzione dell'indimenticabile direttore Adolfo Caldarini. Sono arrivata quando era ancora una piccola realt\u00e0 editoriale e insieme abbiamo fatto un lungo ed entusiasmante lavoro. Mi occupo prevalentemente di scuola e di sanit\u00e0, settori impegnativi di grande valore sociale.\u00a0","sameAs":["alessandra.toni7","alessandra.toni","https:\/\/twitter.com\/alessandra_toni"],"url":"https:\/\/staging.varesenews.it\/persona\/alessandra_toni1\/"}]}},"post_meta":{"_edit_lock":"1545991837:33","_edit_last":"33","_category_permalink":"a:1:{s:8:\"category\";s:0:\"\";}","foto":"683829","firma_come_redazione":"1","argomento":"Milano","_yoast_wpseo_content_score":"30","_jd_tweet_this":"yes","ratings_users":"0","ratings_score":"0","ratings_average":"0","_wpt_short_url":"https:\/\/www.varesenews.it\/2018\/12\/incendio-casa-riposo-gravissimo-un-uomo\/781309\/","_wp_jd_target":"https:\/\/www.varesenews.it\/2018\/12\/incendio-casa-riposo-gravissimo-un-uomo\/781309\/","_jd_wp_twitter":"a:1:{i:0;s:158:\"Incendio in una casa di riposo: gravissimo un uomo https:\/\/www.varesenews.it\/2018\/12\/incendio-casa-riposo-gravissimo-un-uomo\/781309\/ #incendio #vigilidelfuoco\";}","_wpt_status_message":"Tweet inviato con successo."},"photos":[{"original":"https:\/\/staging.varesenews.it\/photogallery_new\/images\/2018\/07\/generico-2018-683829.jpg","full":"https:\/\/staging.varesenews.it\/photogallery_new\/images\/2018\/07\/generico-2018-683829.1024x768.jpg","large":"https:\/\/staging.varesenews.it\/photogallery_new\/images\/2018\/07\/generico-2018-683829.610x431.jpg"}],"_links":{"self":[{"href":"https:\/\/staging.varesenews.it\/swgapi\/v1\/wp\/v2\/posts\/781309"}],"collection":[{"href":"https:\/\/staging.varesenews.it\/swgapi\/v1\/wp\/v2\/posts"}],"about":[{"href":"https:\/\/staging.varesenews.it\/swgapi\/v1\/wp\/v2\/types\/post"}],"author":[{"embeddable":true,"href":"https:\/\/staging.varesenews.it\/swgapi\/v1\/wp\/v2\/users\/33"}],"replies":[{"embeddable":true,"href":"https:\/\/staging.varesenews.it\/swgapi\/v1\/wp\/v2\/comments?post=781309"}],"version-history":[{"count":0,"href":"https:\/\/staging.varesenews.it\/swgapi\/v1\/wp\/v2\/posts\/781309\/revisions"}],"wp:attachment":[{"href":"https:\/\/staging.varesenews.it\/swgapi\/v1\/wp\/v2\/media?parent=781309"}],"wp:term":[{"taxonomy":"category","embeddable":true,"href":"https:\/\/staging.varesenews.it\/swgapi\/v1\/wp\/v2\/categories?post=781309"},{"taxonomy":"post_tag","embeddable":true,"href":"https:\/\/staging.varesenews.it\/swgapi\/v1\/wp\/v2\/tags?post=781309"}],"curies":[{"name":"wp","href":"https:\/\/api.w.org\/{rel}","templated":true}]}}