{"id":782766,"date":"2019-01-04T17:42:59","date_gmt":"2019-01-04T16:42:59","guid":{"rendered":"https:\/\/www.varesenews.it\/?p=782766"},"modified":"2019-01-04T17:42:59","modified_gmt":"2019-01-04T16:42:59","slug":"elicottero-gli-aiuti-monteviasco","status":"publish","type":"post","link":"https:\/\/staging.varesenews.it\/2019\/01\/elicottero-gli-aiuti-monteviasco\/782766\/","title":{"rendered":"In elicottero gli aiuti per Monteviasco"},"content":{"rendered":"<p><strong>Un volo in elicottero per salvate Mopnteviasco<\/strong>. \u00c8 l&#8217;idea venuta a Gianfranco Cipriano, conosciuto nel Luinese come attivista dei Cinquestelle \u00abanche se la politica in questo caso non centra nulla poich\u00e9 l&#8217;iniziativa \u00e8 a titolo personale\u00bb specifica.<\/p>\n<p><strong>Nel primo pomeriggio di domani, sabato 5 gennaio, verranno effettuati una serie di voli<\/strong> in elicottero per portare materiale di prima necessit\u00e0 a Monteviasco, rimasto raggiungibile dalla sola scalinata dopo l&#8217;incidente mortale del mese scorso. La discesa, sempre sul velivolo, servir\u00e0 a ripulire il paesino dalla spazzatura.<br \/>\n<strong>\u00abFaremo 2 voli per il trasporto merci<\/strong>, per portare quanto necessario dalla base della funivia agli abitanti di Monte e portare a valle rifiuti e quant&#8217;altro. <strong>Altri 2 voli passeggeri da 5 posti ognuno invece saranno utili a suddividere la spesa del servizio<\/strong>. Subito alcune persone hanno risposto con affetto prenotando il tour in elicottero per Monteviasco per ammirare dal cielo quel meraviglioso paesino, dimostrandosi solidali e offrendo una quota da 150 euro\u00bb, spiega Cipriano.<br \/>\n<strong>I voli si svolgeranno sabato 5 gennaio alle 14.30 circa.<\/strong><br \/>\n\u00abIl gesto vuole dimostrare quanto amore vi \u00e8 per queste valli e che per quanto possibile \u00e8 utile che queste persone non si sentano abbandonate! Ci auguriamo che si possa alleviare, cos\u00ec facendo, la durezza dei tempi di attesa della burocrazia per ristabilire la normalit\u00e0. Sono certo che comunque tutta la politica non mancher\u00e0 di mantenere le promesse fatte\u00bb, continua Gianfranco Cipriano, che conclude: \u00abSiamo vicini al Sindaco Ambrogio Rossi che come si pu\u00f2 immaginare \u00e8 stato travolto da una situazione davvero difficile, riconoscendogli sempre un grande impegno per il paese. Ringraziamo e abbracciamo l&#8217;impegno dei volontari e delle forze dell&#8217;ordine impegnati costantemente a fianco degli abitanti.<br \/>\nCi sono ancora alcuni posti liberi per il volo. <strong>Se qualcuno volesse prenotarsi potr\u00e0 contattarmi tramite l&#8217;email gianfranco@cipriano.info<\/strong>\u00bb.<\/p>\n","protected":false},"excerpt":{"rendered":"<p>L&#8217;iniziativa, a titolo personale, organizzata da Gianfranco Cipriano: &#8220;Porteremo materiale nella frazione e raccoglieremo la spazzatura&#8221;<\/p>\n","protected":false},"author":34,"featured_media":0,"comment_status":"open","ping_status":"open","sticky":false,"template":"","format":"standard","meta":{"footnotes":""},"categories":[2],"tags":[1036],"acf":[],"yoast_head":"<!-- This site is optimized with the Yoast SEO plugin v20.1 - https:\/\/yoast.com\/wordpress\/plugins\/seo\/ -->\n<title>In elicottero gli aiuti per Monteviasco<\/title>\n<meta name=\"description\" content=\"L&#039;iniziativa, a titolo personale, organizzata da Gianfranco Cipriano: &quot;Porteremo materiale nella frazione e raccoglieremo la spazzatura&quot;\" \/>\n<meta name=\"robots\" content=\"noindex, follow, max-snippet:-1, max-image-preview:large, max-video-preview:-1\" \/>\n<meta property=\"og:locale\" content=\"it_IT\" \/>\n<meta property=\"og:type\" content=\"article\" \/>\n<meta property=\"og:title\" content=\"In elicottero gli aiuti per Monteviasco\" \/>\n<meta property=\"og:description\" content=\"L&#039;iniziativa, a titolo personale, organizzata da Gianfranco Cipriano: &quot;Porteremo materiale nella frazione e raccoglieremo la spazzatura&quot;\" \/>\n<meta property=\"og:url\" content=\"https:\/\/staging.varesenews.it\/2019\/01\/elicottero-gli-aiuti-monteviasco\/782766\/\" \/>\n<meta property=\"og:site_name\" content=\"VareseNews\" \/>\n<meta property=\"article:publisher\" content=\"https:\/\/www.facebook.com\/varesenews\" \/>\n<meta property=\"article:author\" content=\"https:\/\/www.facebook.com\/andrea.camurani?fref=photo\" \/>\n<meta property=\"article:published_time\" content=\"2019-01-04T16:42:59+00:00\" \/>\n<meta name=\"author\" content=\"Andrea Camurani\" \/>\n<meta name=\"twitter:card\" content=\"summary_large_image\" \/>\n<meta name=\"twitter:creator\" content=\"@AndreaCamurani\" \/>\n<meta name=\"twitter:site\" content=\"@varesenews\" \/>\n<meta name=\"twitter:label1\" content=\"Scritto da\" \/>\n\t<meta name=\"twitter:data1\" content=\"Andrea Camurani\" \/>\n\t<meta name=\"twitter:label2\" content=\"Tempo di lettura stimato\" \/>\n\t<meta name=\"twitter:data2\" content=\"1 minuto\" \/>\n<script type=\"application\/ld+json\" class=\"yoast-schema-graph\">{\"@context\":\"https:\/\/schema.org\",\"@graph\":[{\"@type\":\"WebPage\",\"@id\":\"https:\/\/staging.varesenews.it\/2019\/01\/elicottero-gli-aiuti-monteviasco\/782766\/\",\"url\":\"https:\/\/staging.varesenews.it\/2019\/01\/elicottero-gli-aiuti-monteviasco\/782766\/\",\"name\":\"In elicottero gli aiuti per Monteviasco\",\"isPartOf\":{\"@id\":\"https:\/\/staging.varesenews.it\/#website\"},\"datePublished\":\"2019-01-04T16:42:59+00:00\",\"dateModified\":\"2019-01-04T16:42:59+00:00\",\"author\":{\"@id\":\"https:\/\/staging.varesenews.it\/#\/schema\/person\/3eb5832c6beae763de8d9596fdbe8c49\"},\"description\":\"L'iniziativa, a titolo personale, organizzata da Gianfranco Cipriano: \\\"Porteremo materiale nella frazione e raccoglieremo la spazzatura\\\"\",\"breadcrumb\":{\"@id\":\"https:\/\/staging.varesenews.it\/2019\/01\/elicottero-gli-aiuti-monteviasco\/782766\/#breadcrumb\"},\"inLanguage\":\"it-IT\",\"potentialAction\":[{\"@type\":\"ReadAction\",\"target\":[\"https:\/\/staging.varesenews.it\/2019\/01\/elicottero-gli-aiuti-monteviasco\/782766\/\"]}]},{\"@type\":\"BreadcrumbList\",\"@id\":\"https:\/\/staging.varesenews.it\/2019\/01\/elicottero-gli-aiuti-monteviasco\/782766\/#breadcrumb\",\"itemListElement\":[{\"@type\":\"ListItem\",\"position\":1,\"name\":\"Home\",\"item\":\"https:\/\/www.varesenews.it\/\"},{\"@type\":\"ListItem\",\"position\":2,\"name\":\"In elicottero gli aiuti per Monteviasco\"}]},{\"@type\":\"WebSite\",\"@id\":\"https:\/\/staging.varesenews.it\/#website\",\"url\":\"https:\/\/staging.varesenews.it\/\",\"name\":\"VareseNews\",\"description\":\"\",\"potentialAction\":[{\"@type\":\"SearchAction\",\"target\":{\"@type\":\"EntryPoint\",\"urlTemplate\":\"https:\/\/staging.varesenews.it\/?s={search_term_string}\"},\"query-input\":\"required name=search_term_string\"}],\"inLanguage\":\"it-IT\"},{\"@type\":\"Person\",\"@id\":\"https:\/\/staging.varesenews.it\/#\/schema\/person\/3eb5832c6beae763de8d9596fdbe8c49\",\"name\":\"Andrea Camurani\",\"image\":{\"@type\":\"ImageObject\",\"inLanguage\":\"it-IT\",\"@id\":\"https:\/\/staging.varesenews.it\/#\/schema\/person\/image\/\",\"url\":\"https:\/\/staging.varesenews.it\/wp-content\/uploads\/2020\/12\/andrea_camurani_colori_500.jpg\",\"contentUrl\":\"https:\/\/staging.varesenews.it\/wp-content\/uploads\/2020\/12\/andrea_camurani_colori_500.jpg\",\"caption\":\"Andrea Camurani\"},\"description\":\"Sono figlio degli anni Settanta e di Milano, dove ho imparato a riconoscere buoni e cattivi. Laurea in scienze politiche, lavoro a VareseNews dal 2000. Racconto quel che trovo quando incontro chi vuole lasciare al mondo un pezzetto di vita, che si chiama cronaca. &ldquo;...perch&eacute; &egrave; la gente il pi&ugrave; grande spettacolo del mondo. E non si paga il biglietto...&rdquo; (Charles Bukowsky)\",\"sameAs\":[\"https:\/\/www.facebook.com\/andrea.camurani?fref=photo\",\"andreacamurani\",\"https:\/\/www.linkedin.com\/hp\/?dnr=A9a84RfzsLdo9xg4NcGV4dLiMknoc9ms4WM\",\"https:\/\/twitter.com\/AndreaCamurani\"],\"url\":\"https:\/\/staging.varesenews.it\/persona\/andrea_camurani\/\"}]}<\/script>\n<!-- \/ Yoast SEO plugin. -->","yoast_head_json":{"title":"In elicottero gli aiuti per Monteviasco","description":"L'iniziativa, a titolo personale, organizzata da Gianfranco Cipriano: \"Porteremo materiale nella frazione e raccoglieremo la spazzatura\"","robots":{"index":"noindex","follow":"follow","max-snippet":"max-snippet:-1","max-image-preview":"max-image-preview:large","max-video-preview":"max-video-preview:-1"},"og_locale":"it_IT","og_type":"article","og_title":"In elicottero gli aiuti per Monteviasco","og_description":"L'iniziativa, a titolo personale, organizzata da Gianfranco Cipriano: \"Porteremo materiale nella frazione e raccoglieremo la spazzatura\"","og_url":"https:\/\/staging.varesenews.it\/2019\/01\/elicottero-gli-aiuti-monteviasco\/782766\/","og_site_name":"VareseNews","article_publisher":"https:\/\/www.facebook.com\/varesenews","article_author":"https:\/\/www.facebook.com\/andrea.camurani?fref=photo","article_published_time":"2019-01-04T16:42:59+00:00","author":"Andrea Camurani","twitter_card":"summary_large_image","twitter_creator":"@AndreaCamurani","twitter_site":"@varesenews","twitter_misc":{"Scritto da":"Andrea Camurani","Tempo di lettura stimato":"1 minuto"},"schema":{"@context":"https:\/\/schema.org","@graph":[{"@type":"WebPage","@id":"https:\/\/staging.varesenews.it\/2019\/01\/elicottero-gli-aiuti-monteviasco\/782766\/","url":"https:\/\/staging.varesenews.it\/2019\/01\/elicottero-gli-aiuti-monteviasco\/782766\/","name":"In elicottero gli aiuti per Monteviasco","isPartOf":{"@id":"https:\/\/staging.varesenews.it\/#website"},"datePublished":"2019-01-04T16:42:59+00:00","dateModified":"2019-01-04T16:42:59+00:00","author":{"@id":"https:\/\/staging.varesenews.it\/#\/schema\/person\/3eb5832c6beae763de8d9596fdbe8c49"},"description":"L'iniziativa, a titolo personale, organizzata da Gianfranco Cipriano: \"Porteremo materiale nella frazione e raccoglieremo la spazzatura\"","breadcrumb":{"@id":"https:\/\/staging.varesenews.it\/2019\/01\/elicottero-gli-aiuti-monteviasco\/782766\/#breadcrumb"},"inLanguage":"it-IT","potentialAction":[{"@type":"ReadAction","target":["https:\/\/staging.varesenews.it\/2019\/01\/elicottero-gli-aiuti-monteviasco\/782766\/"]}]},{"@type":"BreadcrumbList","@id":"https:\/\/staging.varesenews.it\/2019\/01\/elicottero-gli-aiuti-monteviasco\/782766\/#breadcrumb","itemListElement":[{"@type":"ListItem","position":1,"name":"Home","item":"https:\/\/www.varesenews.it\/"},{"@type":"ListItem","position":2,"name":"In elicottero gli aiuti per Monteviasco"}]},{"@type":"WebSite","@id":"https:\/\/staging.varesenews.it\/#website","url":"https:\/\/staging.varesenews.it\/","name":"VareseNews","description":"","potentialAction":[{"@type":"SearchAction","target":{"@type":"EntryPoint","urlTemplate":"https:\/\/staging.varesenews.it\/?s={search_term_string}"},"query-input":"required name=search_term_string"}],"inLanguage":"it-IT"},{"@type":"Person","@id":"https:\/\/staging.varesenews.it\/#\/schema\/person\/3eb5832c6beae763de8d9596fdbe8c49","name":"Andrea Camurani","image":{"@type":"ImageObject","inLanguage":"it-IT","@id":"https:\/\/staging.varesenews.it\/#\/schema\/person\/image\/","url":"https:\/\/staging.varesenews.it\/wp-content\/uploads\/2020\/12\/andrea_camurani_colori_500.jpg","contentUrl":"https:\/\/staging.varesenews.it\/wp-content\/uploads\/2020\/12\/andrea_camurani_colori_500.jpg","caption":"Andrea Camurani"},"description":"Sono figlio degli anni Settanta e di Milano, dove ho imparato a riconoscere buoni e cattivi. Laurea in scienze politiche, lavoro a VareseNews dal 2000. Racconto quel che trovo quando incontro chi vuole lasciare al mondo un pezzetto di vita, che si chiama cronaca. &ldquo;...perch&eacute; &egrave; la gente il pi&ugrave; grande spettacolo del mondo. E non si paga il biglietto...&rdquo; (Charles Bukowsky)","sameAs":["https:\/\/www.facebook.com\/andrea.camurani?fref=photo","andreacamurani","https:\/\/www.linkedin.com\/hp\/?dnr=A9a84RfzsLdo9xg4NcGV4dLiMknoc9ms4WM","https:\/\/twitter.com\/AndreaCamurani"],"url":"https:\/\/staging.varesenews.it\/persona\/andrea_camurani\/"}]}},"post_meta":{"_edit_lock":"1546621661:34","_edit_last":"34","_category_permalink":"a:1:{s:8:\"category\";s:0:\"\";}","ratings_users":"0","ratings_score":"0","ratings_average":"0","foto":"526008","firma_come_redazione":"1","argomento":"Luino","_yoast_wpseo_content_score":"30","_jd_tweet_this":"yes","_wpt_short_url":"https:\/\/www.varesenews.it\/2019\/01\/elicottero-gli-aiuti-monteviasco\/782766\/","_wp_jd_target":"https:\/\/www.varesenews.it\/2019\/01\/elicottero-gli-aiuti-monteviasco\/782766\/","_jd_wp_twitter":"a:1:{i:0;s:127:\"In elicottero gli aiuti per Monteviasco https:\/\/www.varesenews.it\/2019\/01\/elicottero-gli-aiuti-monteviasco\/782766\/ #monteviasco\";}","_wpt_status_message":"Tweet inviato con successo.","id_leggi_anche":"796273,840650"},"photos":[{"original":"https:\/\/staging.varesenews.it\/photogallery_new\/images\/2016\/03\/curiglia-con-monteviasco-piero-i-mulini-e-monteviasco-526008.jpg","full":"https:\/\/staging.varesenews.it\/photogallery_new\/images\/2016\/03\/curiglia-con-monteviasco-piero-i-mulini-e-monteviasco-526008.1024x768.jpg","large":"https:\/\/staging.varesenews.it\/photogallery_new\/images\/2016\/03\/curiglia-con-monteviasco-piero-i-mulini-e-monteviasco-526008.610x431.jpg"}],"_links":{"self":[{"href":"https:\/\/staging.varesenews.it\/swgapi\/v1\/wp\/v2\/posts\/782766"}],"collection":[{"href":"https:\/\/staging.varesenews.it\/swgapi\/v1\/wp\/v2\/posts"}],"about":[{"href":"https:\/\/staging.varesenews.it\/swgapi\/v1\/wp\/v2\/types\/post"}],"author":[{"embeddable":true,"href":"https:\/\/staging.varesenews.it\/swgapi\/v1\/wp\/v2\/users\/34"}],"replies":[{"embeddable":true,"href":"https:\/\/staging.varesenews.it\/swgapi\/v1\/wp\/v2\/comments?post=782766"}],"version-history":[{"count":0,"href":"https:\/\/staging.varesenews.it\/swgapi\/v1\/wp\/v2\/posts\/782766\/revisions"}],"wp:attachment":[{"href":"https:\/\/staging.varesenews.it\/swgapi\/v1\/wp\/v2\/media?parent=782766"}],"wp:term":[{"taxonomy":"category","embeddable":true,"href":"https:\/\/staging.varesenews.it\/swgapi\/v1\/wp\/v2\/categories?post=782766"},{"taxonomy":"post_tag","embeddable":true,"href":"https:\/\/staging.varesenews.it\/swgapi\/v1\/wp\/v2\/tags?post=782766"}],"curies":[{"name":"wp","href":"https:\/\/api.w.org\/{rel}","templated":true}]}}