{"id":782956,"date":"2019-01-05T21:07:46","date_gmt":"2019-01-05T20:07:46","guid":{"rendered":"https:\/\/www.varesenews.it\/?p=782956"},"modified":"2019-01-05T21:07:46","modified_gmt":"2019-01-05T20:07:46","slug":"mi-manca-tu-un-concerto-rino-gaetano","status":"publish","type":"post","link":"https:\/\/staging.varesenews.it\/2019\/01\/mi-manca-tu-un-concerto-rino-gaetano\/782956\/","title":{"rendered":"&#8220;Chi mi manca sei tu&#8221;, un concerto per Rino Gaetano"},"content":{"rendered":"<p>La somiglianza con la madre Laura Efrikian si nota al primo istante, ma il dono del canto lo ha indubbiamente ereditato dal padre, Gianni Morandi, che non ha certo bisogno di presentazioni.<strong> Marco Morandi<\/strong>, classe 1974, ha gi\u00e0 dimostrato di essere degno dei celebri genitori e del nonno stesso, grande violinista. Infatti, dopo aver studiato per 10 anni al Conservatorio, si \u00e8 affermato come musicista e compositore ed anche come attore e interprete (\u00e8 lui, ad esempio, il \u201cGianburrasca\u201d nell\u2019omonimo musical).<strong> Venerd\u00ec 11 gennaio, h. 21.00, al Teatro Tirinnanzi<\/strong> proporr\u00e0 il repertorio di<strong> Rino Gaetano in un concerto\/omaggio dal titolo: \u201cChi mi manca sei tu\u201d<\/strong>. <div class=\"photo-inside-post\"><img decoding=\"async\" loading=\"lazy\" fetchpriority=\"low\" width=\"610\" height=\"431\" src=\"https:\/\/staging.varesenews.it\/photogallery_new\/images\/2019\/01\/generico-2018-716707.610x431.jpg\" alt=\"Generico 2018\"><\/div><\/p>\n<p>Molti enigmi ruotano ancora intorno alla scomparsa del cantautore: fra le sue canzoni ne esiste infatti una, \u201cLa ballata di Renzo\u201d in cui il protagonista perde la vita in un incidente stradale. Fin qui nulla da dire, ma il punto \u00e8 che il testo della canzone traccia una dinamica incredibilmente simile a quella che causer\u00e0 poi l\u2019incidente stradale di Rino Gaetano, nel 1981, a soli 30 anni. Il testo della canzone cita (addirittura) i nomi degli ospedali che saranno, nove anni pi\u00f9 tardi, coinvolti subito dopo l\u2019incidente mortale sulla via Nomentana di Roma. Mistero inspiegabile o beffa del destino tale brano ne \u00e8 una testimonianza indelebile, con tutto il sapore di una profezia inquietante. Ma la sua musica lo rende immortale, grazie a: \u201cGianna\u201d, \u201cIl cielo \u00e8 sempre pi\u00f9 blu\u201d, \u201cBerta filava\u201d, \u201cAhi Maria\u201d, \u201cNuntereaggae pi\u00f9\u201d, \u201cA mano a mano\u201d e altre ancora, che saranno eseguite al Tirinnanzi dalla bella voce di Marco Morandi. Con lui Claudia Campagnola, nel ruolo di una groupie, a raccontare particolari di vita mai svelati. Le groupie erano fans che negli anni \u201870\/80 seguivano i loro idoli nei tour, diventandone infatuate sostenitrici. Si scoprir\u00e0 cos\u00ec la vita del cantautore italiano pi\u00f9 amato e discusso, che colpisce tuttora per l\u2019attualit\u00e0 musicale e testuale dei suoi brani. Insieme a loro Giorgio Amendolara (piano, tastiere),\u00a0Menotti Minervini\u00a0(basso)\u00a0Umberto Vitiello\u00a0(batteria e percussioni). Scritto e diretto da\u00a0Toni Fornari, che ha scritto con il fratello Augusto per artisti del calibro di Loretta Goggi e Johnny Dorelli, nonch\u00e9 autore di commedie come\u00a0\u201cFinch\u00e8 giudice non ci separi\u201d (fra gli attori Nicolas Vaporidis) , \u201cLa casa di famiglia\u201d ( nel cast anche il \u201cbello delle donne\u201d, Simone Montedoro). <\/p>\n<p>Prezzo Biglietti: poltronissima \u20ac 25- ridotto \u20ac 20; poltrona \u20ac 22 -ridotto \u20ac 17; galleria \u20ac 18- ridotto \u20ac 13<br \/>\nPrevendita: Teatro Tirinnanzi, Piazza IV Novembre Legnano, ogni mercoled\u00ec, venerd\u00ec e sabato h.16,00\/19,00   e presso Disco Stores \u2013 Galleria Ina, Piazza San Magno 4 &#8211; tutti i giorni non festivi da luned\u00ec a sabato<br \/>\nOn line: www.melarido.store, www.teatrotirinnanzilegnano.it (senza costi aggiuntivi)<br \/>\nE su www.vivaticket.it (con piccolo costo prevendita per scelta posto).<br \/>\nInfo e prenotazioni: biglietteria@melarido.it  &#8211; Telefono teatro-mobile: 331 7189086<\/p>\n","protected":false},"excerpt":{"rendered":"<p>Marco Morandi protagonista della serata-omaggio al grande, surreale cantautore<\/p>\n","protected":false},"author":46,"featured_media":0,"comment_status":"open","ping_status":"open","sticky":false,"template":"","format":"standard","meta":{"footnotes":""},"categories":[4,21],"tags":[74370,158],"acf":[],"yoast_head":"<!-- This site is optimized with the Yoast SEO plugin v20.1 - https:\/\/yoast.com\/wordpress\/plugins\/seo\/ -->\n<title>&quot;Chi mi manca sei tu&quot;, un concerto per Rino Gaetano<\/title>\n<meta name=\"description\" content=\"Marco Morandi protagonista della serata-omaggio al grande, surreale cantautore\" \/>\n<meta name=\"robots\" content=\"noindex, follow, max-snippet:-1, max-image-preview:large, max-video-preview:-1\" \/>\n<meta property=\"og:locale\" content=\"it_IT\" \/>\n<meta property=\"og:type\" content=\"article\" \/>\n<meta property=\"og:title\" content=\"&quot;Chi mi manca sei tu&quot;, un concerto per Rino Gaetano\" \/>\n<meta property=\"og:description\" content=\"Marco Morandi protagonista della serata-omaggio al grande, surreale cantautore\" \/>\n<meta property=\"og:url\" content=\"https:\/\/staging.varesenews.it\/2019\/01\/mi-manca-tu-un-concerto-rino-gaetano\/782956\/\" \/>\n<meta property=\"og:site_name\" content=\"VareseNews\" \/>\n<meta property=\"article:publisher\" content=\"https:\/\/www.facebook.com\/varesenews\" \/>\n<meta property=\"article:published_time\" content=\"2019-01-05T20:07:46+00:00\" \/>\n<meta name=\"author\" content=\"Roberto Morandi\" \/>\n<meta name=\"twitter:card\" content=\"summary_large_image\" \/>\n<meta name=\"twitter:creator\" content=\"@ilmorands\" \/>\n<meta name=\"twitter:site\" content=\"@varesenews\" \/>\n<meta name=\"twitter:label1\" content=\"Scritto da\" \/>\n\t<meta name=\"twitter:data1\" content=\"Roberto Morandi\" \/>\n\t<meta name=\"twitter:label2\" content=\"Tempo di lettura stimato\" \/>\n\t<meta name=\"twitter:data2\" content=\"2 minuti\" \/>\n<script type=\"application\/ld+json\" class=\"yoast-schema-graph\">{\"@context\":\"https:\/\/schema.org\",\"@graph\":[{\"@type\":\"WebPage\",\"@id\":\"https:\/\/staging.varesenews.it\/2019\/01\/mi-manca-tu-un-concerto-rino-gaetano\/782956\/\",\"url\":\"https:\/\/staging.varesenews.it\/2019\/01\/mi-manca-tu-un-concerto-rino-gaetano\/782956\/\",\"name\":\"\\\"Chi mi manca sei tu\\\", un concerto per Rino Gaetano\",\"isPartOf\":{\"@id\":\"https:\/\/staging.varesenews.it\/#website\"},\"datePublished\":\"2019-01-05T20:07:46+00:00\",\"dateModified\":\"2019-01-05T20:07:46+00:00\",\"author\":{\"@id\":\"https:\/\/staging.varesenews.it\/#\/schema\/person\/efe592ae4c76536b551f89d8b6674bc3\"},\"description\":\"Marco Morandi protagonista della serata-omaggio al grande, surreale cantautore\",\"breadcrumb\":{\"@id\":\"https:\/\/staging.varesenews.it\/2019\/01\/mi-manca-tu-un-concerto-rino-gaetano\/782956\/#breadcrumb\"},\"inLanguage\":\"it-IT\",\"potentialAction\":[{\"@type\":\"ReadAction\",\"target\":[\"https:\/\/staging.varesenews.it\/2019\/01\/mi-manca-tu-un-concerto-rino-gaetano\/782956\/\"]}]},{\"@type\":\"BreadcrumbList\",\"@id\":\"https:\/\/staging.varesenews.it\/2019\/01\/mi-manca-tu-un-concerto-rino-gaetano\/782956\/#breadcrumb\",\"itemListElement\":[{\"@type\":\"ListItem\",\"position\":1,\"name\":\"Home\",\"item\":\"https:\/\/www.varesenews.it\/\"},{\"@type\":\"ListItem\",\"position\":2,\"name\":\"&#8220;Chi mi manca sei tu&#8221;, un concerto per Rino Gaetano\"}]},{\"@type\":\"WebSite\",\"@id\":\"https:\/\/staging.varesenews.it\/#website\",\"url\":\"https:\/\/staging.varesenews.it\/\",\"name\":\"VareseNews\",\"description\":\"\",\"potentialAction\":[{\"@type\":\"SearchAction\",\"target\":{\"@type\":\"EntryPoint\",\"urlTemplate\":\"https:\/\/staging.varesenews.it\/?s={search_term_string}\"},\"query-input\":\"required name=search_term_string\"}],\"inLanguage\":\"it-IT\"},{\"@type\":\"Person\",\"@id\":\"https:\/\/staging.varesenews.it\/#\/schema\/person\/efe592ae4c76536b551f89d8b6674bc3\",\"name\":\"Roberto Morandi\",\"image\":{\"@type\":\"ImageObject\",\"inLanguage\":\"it-IT\",\"@id\":\"https:\/\/staging.varesenews.it\/#\/schema\/person\/image\/\",\"url\":\"https:\/\/staging.varesenews.it\/wp-content\/uploads\/2020\/12\/roberto_morandi_colori_500.jpg\",\"contentUrl\":\"https:\/\/staging.varesenews.it\/wp-content\/uploads\/2020\/12\/roberto_morandi_colori_500.jpg\",\"caption\":\"Roberto Morandi\"},\"description\":\"Classe 1980, laureato in storia, mi occupo dell&rsquo;area di Gallarate e di Malpensa, di trasporti e mobilit&agrave;. Amo molto la dimensione della citt&agrave;, come luogo d&rsquo;incontro di persone diverse e come organismo che si trasforma costantemente. Mi piace anche raccontare le piccole e grandi vicende, anche locali, che compongono la Storia con la S maiuscola. Appassionato di bicicletta: la macchina perfetta per muoversi in citt&agrave; e per viaggiare.\",\"sameAs\":[\"https:\/\/twitter.com\/ilmorands\"],\"url\":\"https:\/\/staging.varesenews.it\/persona\/roberto-morandi1\/\"}]}<\/script>\n<!-- \/ Yoast SEO plugin. -->","yoast_head_json":{"title":"\"Chi mi manca sei tu\", un concerto per Rino Gaetano","description":"Marco Morandi protagonista della serata-omaggio al grande, surreale cantautore","robots":{"index":"noindex","follow":"follow","max-snippet":"max-snippet:-1","max-image-preview":"max-image-preview:large","max-video-preview":"max-video-preview:-1"},"og_locale":"it_IT","og_type":"article","og_title":"\"Chi mi manca sei tu\", un concerto per Rino Gaetano","og_description":"Marco Morandi protagonista della serata-omaggio al grande, surreale cantautore","og_url":"https:\/\/staging.varesenews.it\/2019\/01\/mi-manca-tu-un-concerto-rino-gaetano\/782956\/","og_site_name":"VareseNews","article_publisher":"https:\/\/www.facebook.com\/varesenews","article_published_time":"2019-01-05T20:07:46+00:00","author":"Roberto Morandi","twitter_card":"summary_large_image","twitter_creator":"@ilmorands","twitter_site":"@varesenews","twitter_misc":{"Scritto da":"Roberto Morandi","Tempo di lettura stimato":"2 minuti"},"schema":{"@context":"https:\/\/schema.org","@graph":[{"@type":"WebPage","@id":"https:\/\/staging.varesenews.it\/2019\/01\/mi-manca-tu-un-concerto-rino-gaetano\/782956\/","url":"https:\/\/staging.varesenews.it\/2019\/01\/mi-manca-tu-un-concerto-rino-gaetano\/782956\/","name":"\"Chi mi manca sei tu\", un concerto per Rino Gaetano","isPartOf":{"@id":"https:\/\/staging.varesenews.it\/#website"},"datePublished":"2019-01-05T20:07:46+00:00","dateModified":"2019-01-05T20:07:46+00:00","author":{"@id":"https:\/\/staging.varesenews.it\/#\/schema\/person\/efe592ae4c76536b551f89d8b6674bc3"},"description":"Marco Morandi protagonista della serata-omaggio al grande, surreale cantautore","breadcrumb":{"@id":"https:\/\/staging.varesenews.it\/2019\/01\/mi-manca-tu-un-concerto-rino-gaetano\/782956\/#breadcrumb"},"inLanguage":"it-IT","potentialAction":[{"@type":"ReadAction","target":["https:\/\/staging.varesenews.it\/2019\/01\/mi-manca-tu-un-concerto-rino-gaetano\/782956\/"]}]},{"@type":"BreadcrumbList","@id":"https:\/\/staging.varesenews.it\/2019\/01\/mi-manca-tu-un-concerto-rino-gaetano\/782956\/#breadcrumb","itemListElement":[{"@type":"ListItem","position":1,"name":"Home","item":"https:\/\/www.varesenews.it\/"},{"@type":"ListItem","position":2,"name":"&#8220;Chi mi manca sei tu&#8221;, un concerto per Rino Gaetano"}]},{"@type":"WebSite","@id":"https:\/\/staging.varesenews.it\/#website","url":"https:\/\/staging.varesenews.it\/","name":"VareseNews","description":"","potentialAction":[{"@type":"SearchAction","target":{"@type":"EntryPoint","urlTemplate":"https:\/\/staging.varesenews.it\/?s={search_term_string}"},"query-input":"required name=search_term_string"}],"inLanguage":"it-IT"},{"@type":"Person","@id":"https:\/\/staging.varesenews.it\/#\/schema\/person\/efe592ae4c76536b551f89d8b6674bc3","name":"Roberto Morandi","image":{"@type":"ImageObject","inLanguage":"it-IT","@id":"https:\/\/staging.varesenews.it\/#\/schema\/person\/image\/","url":"https:\/\/staging.varesenews.it\/wp-content\/uploads\/2020\/12\/roberto_morandi_colori_500.jpg","contentUrl":"https:\/\/staging.varesenews.it\/wp-content\/uploads\/2020\/12\/roberto_morandi_colori_500.jpg","caption":"Roberto Morandi"},"description":"Classe 1980, laureato in storia, mi occupo dell&rsquo;area di Gallarate e di Malpensa, di trasporti e mobilit&agrave;. Amo molto la dimensione della citt&agrave;, come luogo d&rsquo;incontro di persone diverse e come organismo che si trasforma costantemente. Mi piace anche raccontare le piccole e grandi vicende, anche locali, che compongono la Storia con la S maiuscola. Appassionato di bicicletta: la macchina perfetta per muoversi in citt&agrave; e per viaggiare.","sameAs":["https:\/\/twitter.com\/ilmorands"],"url":"https:\/\/staging.varesenews.it\/persona\/roberto-morandi1\/"}]}},"post_meta":{"_edit_lock":"1546719453:46","_edit_last":"46","_category_permalink":"a:1:{s:8:\"category\";s:1:\"4\";}","ratings_users":"0","ratings_score":"0","ratings_average":"0","foto":"25756","firma_come_redazione":"1","argomento":"Legnano","_yoast_wpseo_content_score":"30","_jd_tweet_this":"yes","_wpt_short_url":"https:\/\/www.varesenews.it\/2019\/01\/mi-manca-tu-un-concerto-rino-gaetano\/782956\/","_wp_jd_target":"https:\/\/www.varesenews.it\/2019\/01\/mi-manca-tu-un-concerto-rino-gaetano\/782956\/","_jd_wp_twitter":"a:1:{i:0;s:143:\"\u201cChi mi manca sei tu\u201d, un concerto per Rino Gaetano https:\/\/www.varesenews.it\/2019\/01\/mi-manca-tu-un-concerto-rino-gaetano\/782956\/ #weekend\";}","_wpt_status_message":"Tweet inviato con successo."},"photos":[{"original":"https:\/\/staging.varesenews.it\/photogallery_new\/images\/2004\/11\/rino-gaetano-25756.jpg","full":"https:\/\/staging.varesenews.it\/photogallery_new\/images\/2004\/11\/rino-gaetano-25756.1024x768.jpg","large":"https:\/\/staging.varesenews.it\/photogallery_new\/images\/2004\/11\/rino-gaetano-25756.610x431.jpg"}],"_links":{"self":[{"href":"https:\/\/staging.varesenews.it\/swgapi\/v1\/wp\/v2\/posts\/782956"}],"collection":[{"href":"https:\/\/staging.varesenews.it\/swgapi\/v1\/wp\/v2\/posts"}],"about":[{"href":"https:\/\/staging.varesenews.it\/swgapi\/v1\/wp\/v2\/types\/post"}],"author":[{"embeddable":true,"href":"https:\/\/staging.varesenews.it\/swgapi\/v1\/wp\/v2\/users\/46"}],"replies":[{"embeddable":true,"href":"https:\/\/staging.varesenews.it\/swgapi\/v1\/wp\/v2\/comments?post=782956"}],"version-history":[{"count":0,"href":"https:\/\/staging.varesenews.it\/swgapi\/v1\/wp\/v2\/posts\/782956\/revisions"}],"wp:attachment":[{"href":"https:\/\/staging.varesenews.it\/swgapi\/v1\/wp\/v2\/media?parent=782956"}],"wp:term":[{"taxonomy":"category","embeddable":true,"href":"https:\/\/staging.varesenews.it\/swgapi\/v1\/wp\/v2\/categories?post=782956"},{"taxonomy":"post_tag","embeddable":true,"href":"https:\/\/staging.varesenews.it\/swgapi\/v1\/wp\/v2\/tags?post=782956"}],"curies":[{"name":"wp","href":"https:\/\/api.w.org\/{rel}","templated":true}]}}