{"id":783827,"date":"2019-01-09T10:00:21","date_gmt":"2019-01-09T09:00:21","guid":{"rendered":"https:\/\/www.varesenews.it\/?p=783827"},"modified":"2019-01-09T10:00:21","modified_gmt":"2019-01-09T09:00:21","slug":"incendio-sulla-martica-la-cronaca-martedi-8-gennaio","status":"publish","type":"post","link":"https:\/\/staging.varesenews.it\/2019\/01\/incendio-sulla-martica-la-cronaca-martedi-8-gennaio\/783827\/","title":{"rendered":"Incendio sulla Martica, la cronaca di marted\u00ec 8 gennaio"},"content":{"rendered":"<h2 style=\"text-align: center;\">La cronaca di marted\u00ec 8 gennaio<\/h2>\n<h2>Aggiornamento delle ore 19.00<\/h2>\n<p>Allo stato attuale non risultano fronti attivi. Sono proseguite tutta la giornata le operazioni di bonifica. I volontari A.I.B. hanno completato la linea tagliafuoco sul versante interessato dall\u2019ultimo incendio e predisposto la linea idrica a difesa. Sui sentieri 315 (Ganna &#8211; Passo Valicci) e 316 (Passo Valicci &#8211; Vetta Monte Martica) sono state istallate 2500 metri di tubazioni e predisposte cinque vasche come riserva idrica <a href=\"https:\/\/www.varesenews.it\/2019\/01\/trincea-dacqua-difendere-la-martica-dal-possibile-ritorno-del-fuoco\/783728\/\">(LEGGI QUI TUTTI I DETTAGLI)<\/a>.<\/p>\n<h2>Aggiornamento delle ore 15.30<\/h2>\n<p><span id=\":x8.co\" class=\"tL8wMe EMoHub\" dir=\"ltr\">Tra il pomeriggio e la serata di oggi, marted\u00ec 8 gennaio, la Sala operativa della Protezione civile della Regione Lombardia prevede un elevato rischio (codice rosso) di incendio boschivo per l\u2019arrivo dei venti da nord nordovest con intensit\u00e0 medie orarie mediamente comprese tra 20 e 35 km\/h.<br \/>\nDomani 9 gennaio, generale intensificazione della ventilazione fin dalle prime ore su Alpi e Prealpi, tra 700 e 1500 metri circa, attesi venti con velocit\u00e0 medie orarie mediamente comprese 30 e 70 km\/h.<br \/>\nI venti potranno assumere anche carattere di Foehn, in particolare sui settori occidentali della regione. Venti in generale attenuazione nella serata di domani 9 gennaio.<\/span><\/p>\n<blockquote class=\"wp-embedded-content\" data-secret=\"vl69GU1tCb\"><p><a href=\"https:\/\/www.varesenews.it\/2019\/01\/meteo-arrivo-vento-caldo\/783630\/\">Meteo: in arrivo il vento caldo<\/a><\/p><\/blockquote>\n<p><iframe class=\"wp-embedded-content\" sandbox=\"allow-scripts\" security=\"restricted\" style=\"position: absolute; clip: rect(1px, 1px, 1px, 1px);\" src=\"https:\/\/www.varesenews.it\/2019\/01\/meteo-arrivo-vento-caldo\/783630\/embed\/#?secret=vl69GU1tCb\" data-secret=\"vl69GU1tCb\" width=\"500\" height=\"282\" title=\"&#8220;Meteo: in arrivo il vento caldo&#8221; &#8212; VareseNews\" frameborder=\"0\" marginwidth=\"0\" marginheight=\"0\" scrolling=\"no\"><\/iframe><\/p>\n<h2>Aggiornamento delle ore 15.15<\/h2>\n<p>Si continuano ad installare le pompe d&#8217;acqua sul fronte della montagna da Ganna fino alla cima della Martica <div class=\"photo-inside-post\"><img decoding=\"async\" loading=\"lazy\" fetchpriority=\"low\" width=\"610\" height=\"431\" src=\"https:\/\/staging.varesenews.it\/photogallery_new\/images\/2019\/01\/incendio-monte-martica-martedi-8-gennaio-717050.610x431.jpg\" alt=\"Incendio Monte Martica marted\u00ec 8 gennaio\"><\/div><\/p>\n<h2>Aggiornamento delle ore 14.00<\/h2>\n<p class=\"p1\"><span class=\"s1\">Continuano serrati i lavori per realizzare il <strong>reticolo di tubature<\/strong> che potr\u00e0 servire in caso di ripartenza delle fiamme con l\u2019arrivo del vento. Si tratta di un sistema di manichette lungo chilometri che si alimenta grazie ad alcune vasche riempite in quota dalle cisterne dei vigili del fuoco. <div class=\"photo-inside-post\"><img decoding=\"async\" loading=\"lazy\" fetchpriority=\"low\" width=\"610\" height=\"431\" src=\"https:\/\/staging.varesenews.it\/photogallery_new\/images\/2019\/01\/incendio-monte-martica-martedi-8-gennaio-717040.610x431.jpg\" alt=\"Incendio Monte Martica marted\u00ec 8 gennaio\"><\/div><\/span><\/p>\n<p class=\"p1\"><span class=\"s1\">\u00c8 una misura precauzionale perch\u00e9 al momento, e per l\u2019intera mattinata <strong>non si sono visti focolai attivi.<\/strong><\/span><\/p>\n<p class=\"p1\"><span class=\"s1\">Nel primo pomeriggio \u00e8 attesa una ulteriore ricognizione da parte dei droni con camere termiche dei vigili del fuoco in grado di leggere le diverse temperature al suolo.<\/span><\/p>\n<h2>Aggiornamento 12.55<\/h2>\n<p>Tra le attivit\u00e0 in corso c&#8217;\u00e8 la creazione di alcuni serbatoi provvisori per l&#8217;acqua, per agevolare il rifornimento degli elicotteri antincendio:<\/p>\n<p><iframe loading=\"lazy\" style=\"border: none; overflow: hidden;\" src=\"https:\/\/www.facebook.com\/plugins\/video.php?href=https%3A%2F%2Fwww.facebook.com%2Fvaresenews%2Fvideos%2F310659316242618%2F&amp;show_text=0&amp;width=560\" width=\"560\" height=\"315\" frameborder=\"0\" scrolling=\"no\" allowfullscreen=\"allowfullscreen\"><\/iframe><\/p>\n<h2>Aggiornamento 12.40<\/h2>\n<div class=\"photo-inside-post\"><img decoding=\"async\" loading=\"lazy\" fetchpriority=\"low\" width=\"610\" height=\"431\" src=\"https:\/\/staging.varesenews.it\/photogallery_new\/images\/2019\/01\/incendio-monte-martica-martedi-8-gennaio-717031.610x431.jpg\" alt=\"Incendio Monte Martica marted\u00ec 8 gennaio\"><\/div>\n<p>In occasione del sopralluogo eseguito nella giornata del 5 gennaio, dai tecnici e dal direttore generale di <strong>Arpa Lombardia<\/strong>, Fabio Carella, sui luoghi dell\u2019incendio boschivo del Monte Martica, in Provincia di Varese, su richiesta del Parco Regionale del Campo dei Fiori e dei comuni interessati, sono emerse le principali criticit\u00e0 ambientali che, alla data del 7 gennaio, hanno <strong>compromesso un\u2019area boscata di circa 400 ettari<\/strong>. Durante il sopralluogo, <strong>si \u00e8 osservato come l\u2019incendio boschivo ha profondamente modificato, dal punto di vista fisico e chimico, la copertura vegetale e il suolo<\/strong>, accumulando materiale combusto, sostanze ritardanti utilizzate per le attivit\u00e0 di spegnimento dai mezzi aerei e cenere.<\/p>\n<p>Arpa Lombardia eseguir\u00e0, a supporto degli Enti, indagini e monitoraggi di carattere ambientale, sulla matrice acque sotterranee, che partiranno gi\u00e0 dalla prossima settimana. <strong>Gli interventi serviranno a verificare se le sostanze di combustione del bosco e gli agenti chimici impiegati per lo spegnimento, possano raggiungere, nel breve e lungo periodo, anche la falda idrica sotterranea<\/strong>, particolarmente vulnerabile, che alimenta le sorgenti ad uso idropotabile presenti nella Valganna nel comune di Induno Olona. Si tratta, in particolare, di monitorare le sorgenti dell\u2019Alpe Cuseglio, delle Gallerie della Valganna e la fonte che alimenta la Birreria. Inoltre, <strong>Arpa si \u00e8 subito attivata per mappare l\u2019estensione dell\u2019area coinvolta dagli incendi e valutare i primi danni subiti dalla vegetazione.<\/strong> A tale scopo, si \u00e8 fatto uso di tecniche satellitari, di osservazione della terra, gi\u00e0 in uso per il supporto delle attivit\u00e0 di monitoraggio e controllo ambientale.<\/p>\n<p>Il 7 gennaio, ARPA ha trasmesso, al Parco e al Coordinamento antincendio della Comunit\u00e0 Montana Valli del Verbano, i primi risultati delle elaborazioni effettuate su alcune immagini dei satelliti Sentinel-2 del programma europeo Copernicus. Queste immagini e la loro elaborazione, che hanno una risoluzione a terra di 10 metri e una frequenza di ripresa di 5 giorni, contribuiscono a <strong>definire le variazioni dell\u2019indice di vegetazione NDVI (Normalized Difference Vegetation Index) prima e dopo l\u2019incendio.<\/strong><\/p>\n<p>Nei prossimi giorni, Arpa continuer\u00e0 nell\u2019opera di supporto agli Enti, adottando un approccio multi-scala, che utilizzi sia le immagini satellitari sia i droni, per effettuare rilievi di grande dettaglio su alcune aree reputate particolarmente critiche per l\u2019intensit\u00e0 del danno subito. <strong>Un\u2019ulteriore criticit\u00e0, che potr\u00e0 essere valutata successivamente, \u00e8 presente lungo alcune vallecole che percorrono il versante della Valganna,<\/strong> dove l\u2019incendio ha compromesso la copertura vegetale che proteggeva il sottile strato di suolo che ricopriva le formazioni cristalline e carbonatiche sottostanti, dove, nel caso di eventuali eventi meteorici intensi, potrebbero innescarsi colate detritiche con impatti rilevanti sul fondovalle.<\/p>\n<h2>Aggiornamento 12.30<\/h2>\n<p>Sul Monte Martica si lavora per preprararsi all&#8217;arrivo del vento, previsto per la giornata di mercoled\u00ec 9 gennaio<\/p>\n<h2>Aggiornamento 11.30<\/h2>\n<div class=\"photo-inside-post\"><img decoding=\"async\" loading=\"lazy\" fetchpriority=\"low\" width=\"610\" height=\"431\" src=\"https:\/\/staging.varesenews.it\/photogallery_new\/images\/2019\/01\/avarie-717023.610x431.jpg\" alt=\"Avarie\"><\/div>\n<p>Sopralluogo dei vertici regionali dei carabinieri forestali, che stanno eseguendo indagini serrate sulle cause dell\u2019incendio alla Martica. Al campo base di prato Airolo, Ganna, sono arrivati in tarda mattinata il <strong>generale Simonetta De Guz<\/strong>, comandante regionale, il suo vice, <strong>colonnello Paolo Moizi<\/strong> e il comandante provinciale, tenente colonnello <strong>Antonio Barlucchi <\/strong><em>(foto).<\/em><br \/>\nIl generale \u00e8 stato accompagnato per un sorvolo in elicottero sulla zona bruciata. Strettissimo riserbo sulle <strong>indagini<\/strong>, che \u00ab<strong>sono a buon punto<\/strong>\u00bb, dicono gli investigatori.<\/p>\n<h2>Aggiornamento ore 10.00<\/h2>\n<p class=\"p1\"><span class=\"s1\">Sono partiti i lavori per realizzare le<strong> opere di prevenzione<\/strong> contro una possibile ripresa del fuoco.<br \/>\nLe <strong>previsioni di Arpa Lombardia<\/strong> parlano infatti di venti \u201cin montagna moderati da nord, tendenti a divenire forti dal pomeriggio\u201d. Venti che potrebbero far ripartire l\u2019incendio qualora vi fossero braci ancora attive. I volontari A.I.B. stanno realizzando dunqu<strong>e due linee tagliafuoco<\/strong> in caso di una eventuale ripresa dell\u2019incendio.<\/span><\/p>\n<p class=\"p2\"><span class=\"s1\">Una <strong>linea da Brinzio<\/strong> a met\u00e0 costa della montagna, la seconda dalla <strong>vetta sino a Ganna.<\/strong> Inoltre verr\u00e0 realizzata una linea d\u2019acqua tra Ganna e il Monte Martica a ulteriore difesa. In posto \u00e8 presente un elicottero del servizio antincendio regionale. Il personale T.A.S. Topografia Applicata al Soccorso dei vigili del fuoco sta mappando le aree interessate dall\u2019incendio.<\/span><\/p>\n<div class=\"photo-inside-post\"><img decoding=\"async\" loading=\"lazy\" fetchpriority=\"low\" width=\"610\" height=\"431\" src=\"https:\/\/staging.varesenews.it\/photogallery_new\/images\/2019\/01\/incendio-monte-martica-martedi-8-gennaio-717007.610x431.jpg\" alt=\"Incendio Monte Martica marted\u00ec 8 gennaio\"><\/div>\n<p class=\"p2\"><span class=\"s1\"><b>Nella foto<\/b>, che riprende una cartina della zona, si nota la linea rossa che corre in alto, che \u00e8 la tagliafuoco fatta coi soffiatori per togliere le foglie ad una possibile ripresa.<\/span><\/p>\n<p class=\"p2\"><span class=\"s1\">Le frecce disegnate a penna sono invece le aree raggiunte in queste ore a piedi dai volontari per realizzare i punti dove posizionare quattro vasche d\u2019acqua che permettano ai messi antincendio di rifornirsi sul posto nel caso in cui gli elicotteri non possano volare. \u00c8 una vasta operazione di ingegneria civile.<\/span><\/p>\n<h2>Aggiornamento ore 9.00<\/h2>\n<div class=\"photo-inside-post\"><img decoding=\"async\" loading=\"lazy\" fetchpriority=\"low\" width=\"610\" height=\"431\" src=\"https:\/\/staging.varesenews.it\/photogallery_new\/images\/2019\/01\/avarie-717004.610x431.jpg\" alt=\"Avarie\"><\/div>\n<p>Arriva un elicottero dell&#8217;Anti Incendio Regionale per un sopralluogo visivo dall&#8217;alto (<em>nella foto sopra<\/em>). Il fronte da cui \u00e8 passato il fuoco risulta piuttosto ampio, attorno ai 300-350 ettari. Solo dopo questo volo i direttori delle operazioni di spegnimento decideranno l&#8217;intervento di unit\u00e0 aeree. \u00c8 improbabile la richiesta di Canadair, mentre \u00e8 a disposizione l&#8217;elicottero Sikorsky S-64 Skycrane Erikson, una &#8220;gru volante&#8221; capace di sganciare anche in una sola volta 9 mila litri d&#8217;acqua, l&#8217;equivalente di un&#8217;autobotte.<\/p>\n<iframe loading=\"lazy\" allowFullScreen   allowTransparency=\"true\" class=\"vzaar-video-player\" frameborder=\"0\" height=\"340\"  id=\"vzvd-18960196\" mozallowfullscreen name=\"vzvd-18960196\" src=\"\/\/view.vzaar.com\/18960196\/player\" title=\"vzaar video player\" type=\"text\/html\" webkitAllowFullScreen width=\"610\"><\/iframe>\n<h2>Aggiornamento delle ore 8.00<\/h2>\n<p><a href=\"https:\/\/www.varesenews.it\/2019\/01\/la-giornata-piu-lunga-boschi-della-valganna\/783326\/\"><strong>Quinto giorno di lavoro sull\u2019incendio della Martica. <\/strong><\/a><\/p>\n<p>Nella notte sono stati eseguiti <strong>pattugliamenti<\/strong> con squadre e questa mattina, marted\u00ec, i vigili de fuoco hanno azionato i fronti senza notare particolari situazioni di criticit\u00e0.<\/p>\n<p>Le squadre alle 8 stavano ripartendo per <strong>realizzare aree di contenimento e posizionare vasche<\/strong> a mezza costa cos\u00ec da consentire da terra un intervento con acqua nel caso in cui l\u2019incendio dovesse riprendere.<\/p>\n<p>Tra oggi e domani \u00e8 atteso l\u2019arrivo del favonio.<\/p>\n<p>Le fiamme sono state domate e la situazione sul Monte Martica \u00e8 migliorata; sono nel pomeriggio di luned\u00ec 7 gennaio <a href=\"https:\/\/www.varesenews.it\/2019\/01\/badili-acqua-fatica-inizia-la-bonifica-la-parte-piu-dura-della-lotta-allincendio\/783322\/\">sono iniziate le operazioni di bonifica<\/a> ma per la notte \u00e8 previsto il costante monitoraggio dell&#8217;area.<\/p>\n<p>Nella giornata di <strong>luned\u00ec 7 gennaio sono stati sganciati sull\u2019incendio 790.000 litri di acqua<\/strong> che hanno permesso di spegnere i focolai, insieme al lavoro delle squadre a terra. Una giornata impegnativa che ha visto un grande impiego di uomini e mezzi: nella mattinata di luned\u00ec il fuoco si \u00e8 abbassato verso Ganna, tanto da essere necessaria la chiusura della statale 233 riaperta nella tarda mattinata. Il fuoco ha poi continuato a salire ma nel tardo pomeriggio tutti i focolai sono stati spenti.<\/p>\n<p>La circolazione del traffico \u00e8 tornata alla normalit\u00e0 ma rimane comunque in vigore <a href=\"https:\/\/www.varesenews.it\/2019\/01\/situazione-critica-non-venite-curiosare\/783084\/\">il caloroso invito a non recarsi in queste zone per non ostacolare, anche involontariamente, le operazioni<\/a>.<\/p>\n","protected":false},"excerpt":{"rendered":"<p>I volontari A.I.B. hanno completato la linea tagliafuoco sul versante interessato dall\u2019ultimo incendio e predisposto la linea idrica a difesa<\/p>\n","protected":false},"author":10,"featured_media":0,"comment_status":"open","ping_status":"open","sticky":false,"template":"","format":"standard","meta":{"footnotes":""},"categories":[2],"tags":[93041,93026,93064,93150],"acf":[],"yoast_head":"<!-- This site is optimized with the Yoast SEO plugin v20.1 - https:\/\/yoast.com\/wordpress\/plugins\/seo\/ -->\n<title>Incendio sulla Martica, la cronaca di marted\u00ec 8 gennaio<\/title>\n<meta name=\"description\" content=\"I volontari A.I.B. hanno completato la linea tagliafuoco sul versante interessato dall\u2019ultimo incendio e predisposto la linea idrica a difesa\" \/>\n<meta name=\"robots\" content=\"noindex, follow, max-snippet:-1, max-image-preview:large, max-video-preview:-1\" \/>\n<meta property=\"og:locale\" content=\"it_IT\" \/>\n<meta property=\"og:type\" content=\"article\" \/>\n<meta property=\"og:title\" content=\"Incendio sulla Martica, la cronaca di marted\u00ec 8 gennaio\" \/>\n<meta property=\"og:description\" content=\"I volontari A.I.B. hanno completato la linea tagliafuoco sul versante interessato dall\u2019ultimo incendio e predisposto la linea idrica a difesa\" \/>\n<meta property=\"og:url\" content=\"https:\/\/staging.varesenews.it\/2019\/01\/incendio-sulla-martica-la-cronaca-martedi-8-gennaio\/783827\/\" \/>\n<meta property=\"og:site_name\" content=\"VareseNews\" \/>\n<meta property=\"article:publisher\" content=\"https:\/\/www.facebook.com\/varesenews\" \/>\n<meta property=\"article:published_time\" content=\"2019-01-09T09:00:21+00:00\" \/>\n<meta name=\"author\" content=\"Redazione VareseNews\" \/>\n<meta name=\"twitter:card\" content=\"summary_large_image\" \/>\n<meta name=\"twitter:creator\" content=\"@varesenews\" \/>\n<meta name=\"twitter:site\" content=\"@varesenews\" \/>\n<meta name=\"twitter:label1\" content=\"Scritto da\" \/>\n\t<meta name=\"twitter:data1\" content=\"Redazione VareseNews\" \/>\n\t<meta name=\"twitter:label2\" content=\"Tempo di lettura stimato\" \/>\n\t<meta name=\"twitter:data2\" content=\"7 minuti\" \/>\n<script type=\"application\/ld+json\" class=\"yoast-schema-graph\">{\"@context\":\"https:\/\/schema.org\",\"@graph\":[{\"@type\":\"WebPage\",\"@id\":\"https:\/\/staging.varesenews.it\/2019\/01\/incendio-sulla-martica-la-cronaca-martedi-8-gennaio\/783827\/\",\"url\":\"https:\/\/staging.varesenews.it\/2019\/01\/incendio-sulla-martica-la-cronaca-martedi-8-gennaio\/783827\/\",\"name\":\"Incendio sulla Martica, la cronaca di marted\u00ec 8 gennaio\",\"isPartOf\":{\"@id\":\"https:\/\/staging.varesenews.it\/#website\"},\"datePublished\":\"2019-01-09T09:00:21+00:00\",\"dateModified\":\"2019-01-09T09:00:21+00:00\",\"author\":{\"@id\":\"https:\/\/staging.varesenews.it\/#\/schema\/person\/fb20c4da0b7b16c291707a20db73e169\"},\"description\":\"I volontari A.I.B. hanno completato la linea tagliafuoco sul versante interessato dall\u2019ultimo incendio e predisposto la linea idrica a difesa\",\"breadcrumb\":{\"@id\":\"https:\/\/staging.varesenews.it\/2019\/01\/incendio-sulla-martica-la-cronaca-martedi-8-gennaio\/783827\/#breadcrumb\"},\"inLanguage\":\"it-IT\",\"potentialAction\":[{\"@type\":\"ReadAction\",\"target\":[\"https:\/\/staging.varesenews.it\/2019\/01\/incendio-sulla-martica-la-cronaca-martedi-8-gennaio\/783827\/\"]}]},{\"@type\":\"BreadcrumbList\",\"@id\":\"https:\/\/staging.varesenews.it\/2019\/01\/incendio-sulla-martica-la-cronaca-martedi-8-gennaio\/783827\/#breadcrumb\",\"itemListElement\":[{\"@type\":\"ListItem\",\"position\":1,\"name\":\"Home\",\"item\":\"https:\/\/www.varesenews.it\/\"},{\"@type\":\"ListItem\",\"position\":2,\"name\":\"Incendio sulla Martica, la cronaca di marted\u00ec 8 gennaio\"}]},{\"@type\":\"WebSite\",\"@id\":\"https:\/\/staging.varesenews.it\/#website\",\"url\":\"https:\/\/staging.varesenews.it\/\",\"name\":\"VareseNews\",\"description\":\"\",\"potentialAction\":[{\"@type\":\"SearchAction\",\"target\":{\"@type\":\"EntryPoint\",\"urlTemplate\":\"https:\/\/staging.varesenews.it\/?s={search_term_string}\"},\"query-input\":\"required name=search_term_string\"}],\"inLanguage\":\"it-IT\"},{\"@type\":\"Person\",\"@id\":\"https:\/\/staging.varesenews.it\/#\/schema\/person\/fb20c4da0b7b16c291707a20db73e169\",\"name\":\"Redazione VareseNews\",\"image\":{\"@type\":\"ImageObject\",\"inLanguage\":\"it-IT\",\"@id\":\"https:\/\/staging.varesenews.it\/#\/schema\/person\/image\/\",\"url\":\"https:\/\/staging.varesenews.it\/wp-content\/uploads\/2020\/12\/logo_VN_colori_500.png\",\"contentUrl\":\"https:\/\/staging.varesenews.it\/wp-content\/uploads\/2020\/12\/logo_VN_colori_500.png\",\"caption\":\"Redazione VareseNews\"},\"url\":\"https:\/\/staging.varesenews.it\/persona\/redazione1\/\"}]}<\/script>\n<!-- \/ Yoast SEO plugin. -->","yoast_head_json":{"title":"Incendio sulla Martica, la cronaca di marted\u00ec 8 gennaio","description":"I volontari A.I.B. hanno completato la linea tagliafuoco sul versante interessato dall\u2019ultimo incendio e predisposto la linea idrica a difesa","robots":{"index":"noindex","follow":"follow","max-snippet":"max-snippet:-1","max-image-preview":"max-image-preview:large","max-video-preview":"max-video-preview:-1"},"og_locale":"it_IT","og_type":"article","og_title":"Incendio sulla Martica, la cronaca di marted\u00ec 8 gennaio","og_description":"I volontari A.I.B. hanno completato la linea tagliafuoco sul versante interessato dall\u2019ultimo incendio e predisposto la linea idrica a difesa","og_url":"https:\/\/staging.varesenews.it\/2019\/01\/incendio-sulla-martica-la-cronaca-martedi-8-gennaio\/783827\/","og_site_name":"VareseNews","article_publisher":"https:\/\/www.facebook.com\/varesenews","article_published_time":"2019-01-09T09:00:21+00:00","author":"Redazione VareseNews","twitter_card":"summary_large_image","twitter_creator":"@varesenews","twitter_site":"@varesenews","twitter_misc":{"Scritto da":"Redazione VareseNews","Tempo di lettura stimato":"7 minuti"},"schema":{"@context":"https:\/\/schema.org","@graph":[{"@type":"WebPage","@id":"https:\/\/staging.varesenews.it\/2019\/01\/incendio-sulla-martica-la-cronaca-martedi-8-gennaio\/783827\/","url":"https:\/\/staging.varesenews.it\/2019\/01\/incendio-sulla-martica-la-cronaca-martedi-8-gennaio\/783827\/","name":"Incendio sulla Martica, la cronaca di marted\u00ec 8 gennaio","isPartOf":{"@id":"https:\/\/staging.varesenews.it\/#website"},"datePublished":"2019-01-09T09:00:21+00:00","dateModified":"2019-01-09T09:00:21+00:00","author":{"@id":"https:\/\/staging.varesenews.it\/#\/schema\/person\/fb20c4da0b7b16c291707a20db73e169"},"description":"I volontari A.I.B. hanno completato la linea tagliafuoco sul versante interessato dall\u2019ultimo incendio e predisposto la linea idrica a difesa","breadcrumb":{"@id":"https:\/\/staging.varesenews.it\/2019\/01\/incendio-sulla-martica-la-cronaca-martedi-8-gennaio\/783827\/#breadcrumb"},"inLanguage":"it-IT","potentialAction":[{"@type":"ReadAction","target":["https:\/\/staging.varesenews.it\/2019\/01\/incendio-sulla-martica-la-cronaca-martedi-8-gennaio\/783827\/"]}]},{"@type":"BreadcrumbList","@id":"https:\/\/staging.varesenews.it\/2019\/01\/incendio-sulla-martica-la-cronaca-martedi-8-gennaio\/783827\/#breadcrumb","itemListElement":[{"@type":"ListItem","position":1,"name":"Home","item":"https:\/\/www.varesenews.it\/"},{"@type":"ListItem","position":2,"name":"Incendio sulla Martica, la cronaca di marted\u00ec 8 gennaio"}]},{"@type":"WebSite","@id":"https:\/\/staging.varesenews.it\/#website","url":"https:\/\/staging.varesenews.it\/","name":"VareseNews","description":"","potentialAction":[{"@type":"SearchAction","target":{"@type":"EntryPoint","urlTemplate":"https:\/\/staging.varesenews.it\/?s={search_term_string}"},"query-input":"required name=search_term_string"}],"inLanguage":"it-IT"},{"@type":"Person","@id":"https:\/\/staging.varesenews.it\/#\/schema\/person\/fb20c4da0b7b16c291707a20db73e169","name":"Redazione VareseNews","image":{"@type":"ImageObject","inLanguage":"it-IT","@id":"https:\/\/staging.varesenews.it\/#\/schema\/person\/image\/","url":"https:\/\/staging.varesenews.it\/wp-content\/uploads\/2020\/12\/logo_VN_colori_500.png","contentUrl":"https:\/\/staging.varesenews.it\/wp-content\/uploads\/2020\/12\/logo_VN_colori_500.png","caption":"Redazione VareseNews"},"url":"https:\/\/staging.varesenews.it\/persona\/redazione1\/"}]}},"post_meta":{"_oembed_c2f09ae7ed2b1bbfd2b507e229e3ab15":"<blockquote class=\"wp-embedded-content\" data-secret=\"vl69GU1tCb\"><a href=\"https:\/\/www.varesenews.it\/2019\/01\/meteo-arrivo-vento-caldo\/783630\/\">Meteo: in arrivo il vento caldo<\/a><\/blockquote><iframe class=\"wp-embedded-content\" sandbox=\"allow-scripts\" security=\"restricted\" style=\"position: absolute; clip: rect(1px, 1px, 1px, 1px);\" src=\"https:\/\/www.varesenews.it\/2019\/01\/meteo-arrivo-vento-caldo\/783630\/embed\/#?secret=vl69GU1tCb\" data-secret=\"vl69GU1tCb\" width=\"500\" height=\"282\" title=\"&#8220;Meteo: in arrivo il vento caldo&#8221; &#8212; VareseNews\" frameborder=\"0\" marginwidth=\"0\" marginheight=\"0\" scrolling=\"no\"><\/iframe>","_oembed_time_c2f09ae7ed2b1bbfd2b507e229e3ab15":"1547024287","_edit_lock":"1547035017:39","_edit_last":"39","_category_permalink":"a:1:{s:8:\"category\";s:0:\"\";}","ratings_users":"0","ratings_score":"0","ratings_average":"0","foto":"717112","firma_come_redazione":"1","argomento":"Induno Olona","_yoast_wpseo_content_score":"30","_jd_tweet_this":"yes","_wpt_short_url":"https:\/\/www.varesenews.it\/2019\/01\/incendio-sulla-martica-la-cronaca-martedi-8-gennaio\/783827\/","_wp_jd_target":"https:\/\/www.varesenews.it\/2019\/01\/incendio-sulla-martica-la-cronaca-martedi-8-gennaio\/783827\/","_jd_wp_twitter":"a:1:{i:0;s:183:\"Incendio sulla Martica, la cronaca di marted\u00ec 8 gennaio https:\/\/www.varesenews.it\/2019\/01\/incendio-sulla-martica-la-cronaca-martedi-8-gennaio\/783827\/ #incendiomartica #incendiovarese\";}","_wpt_status_message":"Tweet inviato con successo.","id_leggi_anche":"784212,786507,820768,890110"},"photos":[{"original":"https:\/\/staging.varesenews.it\/photogallery_new\/images\/2019\/01\/caricamento-temporaneo-per-contributo-15469682571lf13nped7v916ca-717112.jpg","full":"https:\/\/staging.varesenews.it\/photogallery_new\/images\/2019\/01\/caricamento-temporaneo-per-contributo-15469682571lf13nped7v916ca-717112.1024x768.jpg","large":"https:\/\/staging.varesenews.it\/photogallery_new\/images\/2019\/01\/caricamento-temporaneo-per-contributo-15469682571lf13nped7v916ca-717112.610x431.jpg"}],"_links":{"self":[{"href":"https:\/\/staging.varesenews.it\/swgapi\/v1\/wp\/v2\/posts\/783827"}],"collection":[{"href":"https:\/\/staging.varesenews.it\/swgapi\/v1\/wp\/v2\/posts"}],"about":[{"href":"https:\/\/staging.varesenews.it\/swgapi\/v1\/wp\/v2\/types\/post"}],"author":[{"embeddable":true,"href":"https:\/\/staging.varesenews.it\/swgapi\/v1\/wp\/v2\/users\/10"}],"replies":[{"embeddable":true,"href":"https:\/\/staging.varesenews.it\/swgapi\/v1\/wp\/v2\/comments?post=783827"}],"version-history":[{"count":0,"href":"https:\/\/staging.varesenews.it\/swgapi\/v1\/wp\/v2\/posts\/783827\/revisions"}],"wp:attachment":[{"href":"https:\/\/staging.varesenews.it\/swgapi\/v1\/wp\/v2\/media?parent=783827"}],"wp:term":[{"taxonomy":"category","embeddable":true,"href":"https:\/\/staging.varesenews.it\/swgapi\/v1\/wp\/v2\/categories?post=783827"},{"taxonomy":"post_tag","embeddable":true,"href":"https:\/\/staging.varesenews.it\/swgapi\/v1\/wp\/v2\/tags?post=783827"}],"curies":[{"name":"wp","href":"https:\/\/api.w.org\/{rel}","templated":true}]}}