{"id":786040,"date":"2019-01-16T18:25:24","date_gmt":"2019-01-16T17:25:24","guid":{"rendered":"https:\/\/www.varesenews.it\/?p=786040"},"modified":"2019-01-16T18:26:24","modified_gmt":"2019-01-16T17:26:24","slug":"consulte-prendiamola-sperimentazione-due-anni","status":"publish","type":"post","link":"https:\/\/staging.varesenews.it\/2019\/01\/consulte-prendiamola-sperimentazione-due-anni\/786040\/","title":{"rendered":"Consulte, &#8220;prendiamola come una sperimentazione per due anni&#8221;"},"content":{"rendered":"<p><strong>\u00abAvrei voluto una relazione pi\u00f9 articolata<\/strong> per spiegare modifiche cos\u00ec radicali\u00bb. <strong>Giuseppe De Bernardi Martignoni<\/strong>, consigliere di Fratelli d\u2019Italia, \u00e8 perplesso di fronte alla <a href=\"https:\/\/www.varesenews.it\/2019\/01\/addio-al-voto-dei-cittadini-le-consulte-saranno-votate-dai-consiglieri-comunali\/785103\/\">bozza di nuovo regolamento delle Consulte<\/a>, che prevede che i \u201c<strong>parlamentini\u201d siano eletti non pi\u00f9 dai cittadini, ma dai consiglieri comunali.<\/strong><\/p>\n<p>\u00abMa il nuovo regolamento<strong> si pu\u00f2 prendere come sperimentazione per i prossimi due anni<\/strong>: vedremo poi se ha funzionato\u00bb.<\/p>\n<p>Alfiere della destra sociale nella citt\u00e0 dei due galli, Martignoni premette: \u00abHo sempre condiviso l\u2019idea di dare voce direttamente al popolo, anche per la mia formazione politica. <strong>Il prezzo della democrazia non si pu\u00f2 ridurre al costo<\/strong>\u00bb, dice riferendosi alle <a href=\"https:\/\/www.varesenews.it\/2019\/01\/lassessore-le-elezioni-le-consulte-costavano-spendevamo-5-euro-voto\/785765\/\">parole dell\u2019assessore Claudia Mazzetti, che ha richiamato l\u2019aspetto economico considerato troppo oneroso<\/a>.<\/p>\n<p>\u00abDispiace anche che ci sia anche una percentuale di votanti sparuta, sono d&#8217;accordo. Ma di contro frequentando i social noto che il cittadino comune \u00e8 molto bravo a denunciare, meno a cercare insieme le soluzioni. Preferisce pi\u00f9 la partecipazione virtuale che reale: questo \u00e8 il dato da cui partire\u00bb. Detta in modo pi\u00f9 franco: ci vuole tempo per creare partecipazione e forse meno di due anni sono un periodo sufficiente.<\/p>\n<p>Date le premesse, il giudizio di Martignoni \u00e8 critico: \u00abAvrei gradito una relazione pi\u00f9 articolata sulle motivazioni di un cambio cos\u00ec radicale: mi sembrano s\u00ec motivazioni importanti, ma non vitali\u00bb.\u2028Quando<strong> il nuovo regolamento andr\u00e0 in consiglio comunale lo voter\u00e0?<\/strong> \u00abL\u2019esecutivo ha deciso di sperimentare un\u2019altra modalit\u00e0 di elezione e <strong>io rispetto questa scelta. Dico per\u00f2: verifichiamo prima della fine del mandato.<\/strong> Se non funzionasse prima di fine mandato si potrebbe arrivare a proporre un\u2019altra soluzione\u00bb. Cio\u00e8 a rivedere le modalit\u00e0.<\/p>\n<p>Martignoni <strong>propone invece una revisione su un altro punto<\/strong>: \u00abCredo sia necessario introdurre <strong>un numero di firme minime per candidarsi e un programma minimo<\/strong>: un programma di azioni, idee e impegni da prendere, pi\u00f9 che il curriculum. Anche perch\u00e9 io sono convinto che non dipende dal curriculum la valutazione: dall\u2019umile tassista come sono io al magnate, tutti devono potersi candidare\u00bb.<\/p>\n<div class=\"related-posts related-01\"><h4>Leggi anche<\/h4><ul><li><a title=\"Consulte rionali elette dal consiglio comunale? &#8220;Prima sentiamo almeno gli ex presidenti&#8221;\" target=\"_blank\" href=\"https:\/\/staging.varesenews.it\/2019\/01\/consulte-rionali-elette-dal-consiglio-comunale-sentiamo-almeno-gli-ex-presidenti\/785407\/\"><strong>Gallarate <\/strong> - Consulte rionali elette dal consiglio comunale? &#8220;Prima sentiamo almeno gli ex presidenti&#8221;<\/a><\/li><li><a title=\"L&#8217;assessore: &#8220;Le elezioni per le Consulte costavano troppo: spendevamo 5 euro a voto&#8221;\" target=\"_blank\" href=\"https:\/\/staging.varesenews.it\/2019\/01\/lassessore-le-elezioni-le-consulte-costavano-spendevamo-5-euro-voto\/785765\/\"><strong>Gallarate <\/strong> - L&#8217;assessore: &#8220;Le elezioni per le Consulte costavano troppo: spendevamo 5 euro a voto&#8221;<\/a><\/li><li><a title=\"Addio al voto dei cittadini? Le Consulte saranno votate dai consiglieri comunali\" target=\"_blank\" href=\"https:\/\/staging.varesenews.it\/2019\/01\/addio-al-voto-dei-cittadini-le-consulte-saranno-votate-dai-consiglieri-comunali\/785103\/\"><strong>Gallarate <\/strong> - Addio al voto dei cittadini? Le Consulte saranno votate dai consiglieri comunali<\/a><\/li><\/ul><\/div>\n<p>Infine il consigliere di Fratelli d\u2019Italia <strong>puntualizza anche sull\u2019esito di questi due anni di operativit\u00e0 delle consulte<\/strong>, che (salvo che per Sciar\u00e8-Cedrate) sono state sostanzialmente bocciate dall\u2019assessore Mazzetti.<br \/>\n\u00abAlcune persone sono entrate da zero, capire come muoversi richiede tempo. Meritevole il lavoro di Sciar\u00e8 e Cedrate, ma ad esempio<strong> anche ad Arnate-Madonna in Campagna si \u00e8 fatto un buon lavoro<\/strong>, la Consulta ha dato buone idee all\u2019amministrazione. Ed \u00e8 presente: l\u2019attenzione al tema dei migranti in via Ranchet non si misura con le sedute di Consulta, per esempio. Alla fine credo che tutte consulte hanno messo impegno e hanno avuto ognuna sue particolarit\u00e0. Devono fare di pi\u00f9 ma anche da parte dell\u2019amministrazione serve pi\u00f9 impegno per coinvolgere le Consulte:<strong> l\u2019assessore Mazzetti si faccia carico di coinvolgerle ancora di pi\u00f9<\/strong>, in linea con il programma del centrodestra\u00bb.<\/p>\n","protected":false},"excerpt":{"rendered":"<p>Giuseppe De Bernardi Martignoni, di Fratelli d&#8217;Italia, critica per\u00f2 le motivazioni: &#8220;Non si pu\u00f2 ridurre la democrazia al costo del voto&#8221;. Chiede modifiche e sprona l&#8217;assessore Mazzetti: &#8220;Deve coinvolgere di pi\u00f9 le consulte&#8221;<\/p>\n","protected":false},"author":46,"featured_media":0,"comment_status":"open","ping_status":"open","sticky":false,"template":"","format":"standard","meta":{"footnotes":""},"categories":[3],"tags":[64360],"acf":[],"yoast_head":"<!-- This site is optimized with the Yoast SEO plugin v20.1 - https:\/\/yoast.com\/wordpress\/plugins\/seo\/ -->\n<title>Consulte, &quot;prendiamola come una sperimentazione per due anni&quot;<\/title>\n<meta name=\"description\" content=\"Giuseppe De Bernardi Martignoni, di Fratelli d&#039;Italia, critica per\u00f2 le motivazioni: &quot;Non si pu\u00f2 ridurre la democrazia al costo del voto&quot;. Chiede modifiche e sprona l&#039;assessore Mazzetti: &quot;Deve coinvolgere di pi\u00f9 le consulte&quot;\" \/>\n<meta name=\"robots\" content=\"noindex, follow, max-snippet:-1, max-image-preview:large, max-video-preview:-1\" \/>\n<meta property=\"og:locale\" content=\"it_IT\" \/>\n<meta property=\"og:type\" content=\"article\" \/>\n<meta property=\"og:title\" content=\"Consulte, &quot;prendiamola come una sperimentazione per due anni&quot;\" \/>\n<meta property=\"og:description\" content=\"Giuseppe De Bernardi Martignoni, di Fratelli d&#039;Italia, critica per\u00f2 le motivazioni: &quot;Non si pu\u00f2 ridurre la democrazia al costo del voto&quot;. Chiede modifiche e sprona l&#039;assessore Mazzetti: &quot;Deve coinvolgere di pi\u00f9 le consulte&quot;\" \/>\n<meta property=\"og:url\" content=\"https:\/\/staging.varesenews.it\/2019\/01\/consulte-prendiamola-sperimentazione-due-anni\/786040\/\" \/>\n<meta property=\"og:site_name\" content=\"VareseNews\" \/>\n<meta property=\"article:publisher\" content=\"https:\/\/www.facebook.com\/varesenews\" \/>\n<meta property=\"article:published_time\" content=\"2019-01-16T17:25:24+00:00\" \/>\n<meta property=\"article:modified_time\" content=\"2019-01-16T17:26:24+00:00\" \/>\n<meta name=\"author\" content=\"Roberto Morandi\" \/>\n<meta name=\"twitter:card\" content=\"summary_large_image\" \/>\n<meta name=\"twitter:creator\" content=\"@ilmorands\" \/>\n<meta name=\"twitter:site\" content=\"@varesenews\" \/>\n<meta name=\"twitter:label1\" content=\"Scritto da\" \/>\n\t<meta name=\"twitter:data1\" content=\"Roberto Morandi\" \/>\n\t<meta name=\"twitter:label2\" content=\"Tempo di lettura stimato\" \/>\n\t<meta name=\"twitter:data2\" content=\"2 minuti\" \/>\n<script type=\"application\/ld+json\" class=\"yoast-schema-graph\">{\"@context\":\"https:\/\/schema.org\",\"@graph\":[{\"@type\":\"WebPage\",\"@id\":\"https:\/\/staging.varesenews.it\/2019\/01\/consulte-prendiamola-sperimentazione-due-anni\/786040\/\",\"url\":\"https:\/\/staging.varesenews.it\/2019\/01\/consulte-prendiamola-sperimentazione-due-anni\/786040\/\",\"name\":\"Consulte, \\\"prendiamola come una sperimentazione per due anni\\\"\",\"isPartOf\":{\"@id\":\"https:\/\/staging.varesenews.it\/#website\"},\"datePublished\":\"2019-01-16T17:25:24+00:00\",\"dateModified\":\"2019-01-16T17:26:24+00:00\",\"author\":{\"@id\":\"https:\/\/staging.varesenews.it\/#\/schema\/person\/efe592ae4c76536b551f89d8b6674bc3\"},\"description\":\"Giuseppe De Bernardi Martignoni, di Fratelli d'Italia, critica per\u00f2 le motivazioni: \\\"Non si pu\u00f2 ridurre la democrazia al costo del voto\\\". Chiede modifiche e sprona l'assessore Mazzetti: \\\"Deve coinvolgere di pi\u00f9 le consulte\\\"\",\"breadcrumb\":{\"@id\":\"https:\/\/staging.varesenews.it\/2019\/01\/consulte-prendiamola-sperimentazione-due-anni\/786040\/#breadcrumb\"},\"inLanguage\":\"it-IT\",\"potentialAction\":[{\"@type\":\"ReadAction\",\"target\":[\"https:\/\/staging.varesenews.it\/2019\/01\/consulte-prendiamola-sperimentazione-due-anni\/786040\/\"]}]},{\"@type\":\"BreadcrumbList\",\"@id\":\"https:\/\/staging.varesenews.it\/2019\/01\/consulte-prendiamola-sperimentazione-due-anni\/786040\/#breadcrumb\",\"itemListElement\":[{\"@type\":\"ListItem\",\"position\":1,\"name\":\"Home\",\"item\":\"https:\/\/www.varesenews.it\/\"},{\"@type\":\"ListItem\",\"position\":2,\"name\":\"Consulte, &#8220;prendiamola come una sperimentazione per due anni&#8221;\"}]},{\"@type\":\"WebSite\",\"@id\":\"https:\/\/staging.varesenews.it\/#website\",\"url\":\"https:\/\/staging.varesenews.it\/\",\"name\":\"VareseNews\",\"description\":\"\",\"potentialAction\":[{\"@type\":\"SearchAction\",\"target\":{\"@type\":\"EntryPoint\",\"urlTemplate\":\"https:\/\/staging.varesenews.it\/?s={search_term_string}\"},\"query-input\":\"required name=search_term_string\"}],\"inLanguage\":\"it-IT\"},{\"@type\":\"Person\",\"@id\":\"https:\/\/staging.varesenews.it\/#\/schema\/person\/efe592ae4c76536b551f89d8b6674bc3\",\"name\":\"Roberto Morandi\",\"image\":{\"@type\":\"ImageObject\",\"inLanguage\":\"it-IT\",\"@id\":\"https:\/\/staging.varesenews.it\/#\/schema\/person\/image\/\",\"url\":\"https:\/\/staging.varesenews.it\/wp-content\/uploads\/2020\/12\/roberto_morandi_colori_500.jpg\",\"contentUrl\":\"https:\/\/staging.varesenews.it\/wp-content\/uploads\/2020\/12\/roberto_morandi_colori_500.jpg\",\"caption\":\"Roberto Morandi\"},\"description\":\"Classe 1980, laureato in storia, mi occupo dell&rsquo;area di Gallarate e di Malpensa, di trasporti e mobilit&agrave;. Amo molto la dimensione della citt&agrave;, come luogo d&rsquo;incontro di persone diverse e come organismo che si trasforma costantemente. Mi piace anche raccontare le piccole e grandi vicende, anche locali, che compongono la Storia con la S maiuscola. Appassionato di bicicletta: la macchina perfetta per muoversi in citt&agrave; e per viaggiare.\",\"sameAs\":[\"https:\/\/twitter.com\/ilmorands\"],\"url\":\"https:\/\/staging.varesenews.it\/persona\/roberto-morandi1\/\"}]}<\/script>\n<!-- \/ Yoast SEO plugin. -->","yoast_head_json":{"title":"Consulte, \"prendiamola come una sperimentazione per due anni\"","description":"Giuseppe De Bernardi Martignoni, di Fratelli d'Italia, critica per\u00f2 le motivazioni: \"Non si pu\u00f2 ridurre la democrazia al costo del voto\". Chiede modifiche e sprona l'assessore Mazzetti: \"Deve coinvolgere di pi\u00f9 le consulte\"","robots":{"index":"noindex","follow":"follow","max-snippet":"max-snippet:-1","max-image-preview":"max-image-preview:large","max-video-preview":"max-video-preview:-1"},"og_locale":"it_IT","og_type":"article","og_title":"Consulte, \"prendiamola come una sperimentazione per due anni\"","og_description":"Giuseppe De Bernardi Martignoni, di Fratelli d'Italia, critica per\u00f2 le motivazioni: \"Non si pu\u00f2 ridurre la democrazia al costo del voto\". Chiede modifiche e sprona l'assessore Mazzetti: \"Deve coinvolgere di pi\u00f9 le consulte\"","og_url":"https:\/\/staging.varesenews.it\/2019\/01\/consulte-prendiamola-sperimentazione-due-anni\/786040\/","og_site_name":"VareseNews","article_publisher":"https:\/\/www.facebook.com\/varesenews","article_published_time":"2019-01-16T17:25:24+00:00","article_modified_time":"2019-01-16T17:26:24+00:00","author":"Roberto Morandi","twitter_card":"summary_large_image","twitter_creator":"@ilmorands","twitter_site":"@varesenews","twitter_misc":{"Scritto da":"Roberto Morandi","Tempo di lettura stimato":"2 minuti"},"schema":{"@context":"https:\/\/schema.org","@graph":[{"@type":"WebPage","@id":"https:\/\/staging.varesenews.it\/2019\/01\/consulte-prendiamola-sperimentazione-due-anni\/786040\/","url":"https:\/\/staging.varesenews.it\/2019\/01\/consulte-prendiamola-sperimentazione-due-anni\/786040\/","name":"Consulte, \"prendiamola come una sperimentazione per due anni\"","isPartOf":{"@id":"https:\/\/staging.varesenews.it\/#website"},"datePublished":"2019-01-16T17:25:24+00:00","dateModified":"2019-01-16T17:26:24+00:00","author":{"@id":"https:\/\/staging.varesenews.it\/#\/schema\/person\/efe592ae4c76536b551f89d8b6674bc3"},"description":"Giuseppe De Bernardi Martignoni, di Fratelli d'Italia, critica per\u00f2 le motivazioni: \"Non si pu\u00f2 ridurre la democrazia al costo del voto\". Chiede modifiche e sprona l'assessore Mazzetti: \"Deve coinvolgere di pi\u00f9 le consulte\"","breadcrumb":{"@id":"https:\/\/staging.varesenews.it\/2019\/01\/consulte-prendiamola-sperimentazione-due-anni\/786040\/#breadcrumb"},"inLanguage":"it-IT","potentialAction":[{"@type":"ReadAction","target":["https:\/\/staging.varesenews.it\/2019\/01\/consulte-prendiamola-sperimentazione-due-anni\/786040\/"]}]},{"@type":"BreadcrumbList","@id":"https:\/\/staging.varesenews.it\/2019\/01\/consulte-prendiamola-sperimentazione-due-anni\/786040\/#breadcrumb","itemListElement":[{"@type":"ListItem","position":1,"name":"Home","item":"https:\/\/www.varesenews.it\/"},{"@type":"ListItem","position":2,"name":"Consulte, &#8220;prendiamola come una sperimentazione per due anni&#8221;"}]},{"@type":"WebSite","@id":"https:\/\/staging.varesenews.it\/#website","url":"https:\/\/staging.varesenews.it\/","name":"VareseNews","description":"","potentialAction":[{"@type":"SearchAction","target":{"@type":"EntryPoint","urlTemplate":"https:\/\/staging.varesenews.it\/?s={search_term_string}"},"query-input":"required name=search_term_string"}],"inLanguage":"it-IT"},{"@type":"Person","@id":"https:\/\/staging.varesenews.it\/#\/schema\/person\/efe592ae4c76536b551f89d8b6674bc3","name":"Roberto Morandi","image":{"@type":"ImageObject","inLanguage":"it-IT","@id":"https:\/\/staging.varesenews.it\/#\/schema\/person\/image\/","url":"https:\/\/staging.varesenews.it\/wp-content\/uploads\/2020\/12\/roberto_morandi_colori_500.jpg","contentUrl":"https:\/\/staging.varesenews.it\/wp-content\/uploads\/2020\/12\/roberto_morandi_colori_500.jpg","caption":"Roberto Morandi"},"description":"Classe 1980, laureato in storia, mi occupo dell&rsquo;area di Gallarate e di Malpensa, di trasporti e mobilit&agrave;. Amo molto la dimensione della citt&agrave;, come luogo d&rsquo;incontro di persone diverse e come organismo che si trasforma costantemente. Mi piace anche raccontare le piccole e grandi vicende, anche locali, che compongono la Storia con la S maiuscola. Appassionato di bicicletta: la macchina perfetta per muoversi in citt&agrave; e per viaggiare.","sameAs":["https:\/\/twitter.com\/ilmorands"],"url":"https:\/\/staging.varesenews.it\/persona\/roberto-morandi1\/"}]}},"post_meta":{"_edit_lock":"1547659588:46","_edit_last":"46","_category_permalink":"a:1:{s:8:\"category\";s:1:\"3\";}","ratings_users":"0","ratings_score":"0","ratings_average":"0","foto":"708825","argomento":"Gallarate","_yoast_wpseo_content_score":"30","_jd_tweet_this":"yes","_wpt_short_url":"https:\/\/www.varesenews.it\/2019\/01\/consulte-prendiamola-sperimentazione-due-anni\/786040\/","_wp_jd_target":"https:\/\/www.varesenews.it\/2019\/01\/consulte-prendiamola-sperimentazione-due-anni\/786040\/","_jd_wp_twitter":"a:1:{i:0;s:170:\"Consulte, \u201cprendiamola come una sperimentazione per due anni\u201d https:\/\/www.varesenews.it\/2019\/01\/consulte-prendiamola-sperimentazione-due-anni\/786040\/ #consulterionali\";}","_wpt_status_message":"Tweet inviato con successo.","id_leggi_anche":"785407,785765,785103"},"photos":[{"original":"https:\/\/staging.varesenews.it\/photogallery_new\/images\/2018\/11\/consiglio-provinciale-varese-708825.jpg","full":"https:\/\/staging.varesenews.it\/photogallery_new\/images\/2018\/11\/consiglio-provinciale-varese-708825.1024x768.jpg","large":"https:\/\/staging.varesenews.it\/photogallery_new\/images\/2018\/11\/consiglio-provinciale-varese-708825.610x431.jpg"}],"_links":{"self":[{"href":"https:\/\/staging.varesenews.it\/swgapi\/v1\/wp\/v2\/posts\/786040"}],"collection":[{"href":"https:\/\/staging.varesenews.it\/swgapi\/v1\/wp\/v2\/posts"}],"about":[{"href":"https:\/\/staging.varesenews.it\/swgapi\/v1\/wp\/v2\/types\/post"}],"author":[{"embeddable":true,"href":"https:\/\/staging.varesenews.it\/swgapi\/v1\/wp\/v2\/users\/46"}],"replies":[{"embeddable":true,"href":"https:\/\/staging.varesenews.it\/swgapi\/v1\/wp\/v2\/comments?post=786040"}],"version-history":[{"count":0,"href":"https:\/\/staging.varesenews.it\/swgapi\/v1\/wp\/v2\/posts\/786040\/revisions"}],"wp:attachment":[{"href":"https:\/\/staging.varesenews.it\/swgapi\/v1\/wp\/v2\/media?parent=786040"}],"wp:term":[{"taxonomy":"category","embeddable":true,"href":"https:\/\/staging.varesenews.it\/swgapi\/v1\/wp\/v2\/categories?post=786040"},{"taxonomy":"post_tag","embeddable":true,"href":"https:\/\/staging.varesenews.it\/swgapi\/v1\/wp\/v2\/tags?post=786040"}],"curies":[{"name":"wp","href":"https:\/\/api.w.org\/{rel}","templated":true}]}}