{"id":786100,"date":"2019-01-23T00:54:56","date_gmt":"2019-01-22T23:54:56","guid":{"rendered":"https:\/\/www.varesenews.it\/?p=786100"},"modified":"2019-01-23T01:07:42","modified_gmt":"2019-01-23T00:07:42","slug":"portato-la-scuola-nella-giungla","status":"publish","type":"post","link":"https:\/\/staging.varesenews.it\/2019\/01\/portato-la-scuola-nella-giungla\/786100\/","title":{"rendered":"Abbiamo portato la scuola nella giungla"},"content":{"rendered":"<p><strong>Los Guatuzos \u00e8 un lembo di terra dimenticato.<\/strong> Da Managua, la capitale del Nicaragua occorrono cinque ore di auto e poi tre di navigazione, prima nel lago e poi lungo il rio Papaturro che si immerge nella giungla.<\/p>\n<p>Una riserva di biosfera notevole dominata dalla natura quando la mano dell&#8217;uomo non fa pasticci. Scimmie, caimani, uccelli di ogni genere, rane rarissime, felini, tartarughe e tanto altro. La vita laggi\u00f9 \u00e8 dura, ma il Costarica a pochi chilometri ha popolato diverse comunit\u00e0.<\/p>\n<p>&#8220;Quando siamo arrivati noi, &#8211; racconta <strong>Giori Ferrazzi<\/strong>, responsabile della Ong Terre des hommes Italia in Nicaragua &#8211; non c&#8217;era nemmeno una scuola e i bambini andavano a lavorare. Oggi garantiamo la frequenza per tutti grazie a un sostegno economico diretto e indiretto&#8221;.<\/p>\n<p>Lo sviluppo di un popolo passa dalla sua alfabetizzazione e questa in alcune aree \u00e8 cos\u00ec difficile che anche i governi gettano la spugna e danno per persa la battaglia. Giori \u00e8 impegnato da molto nel Paese centroamericano e oggi anche laggi\u00f9 ci sono segni varesini forti perch\u00e9 alcune piccole scuole sono state ristrutturate grazie ai contributi arrivati dalla Fondazione Luigi Orrigoni e a Tigros.<\/p>\n<p><strong>La storia di Giori \u00e8 una delle oltre cinquanta che compongono il film<\/strong> prodotto da Varese web in collaborazione con Rai Cinema e Fondazione ente per lo spettacolo. <strong>Una pellicola lunga 75 minuti<\/strong> che affronta il cambiamento attraverso la vita di tante persone che parlano delle proprie esperienze. Un puzzle che con coraggio entra in tanti aspetti senza tralasciare il dolore, la rabbia, la malattia, la morte o fenomeni sociali drammatici come il cyberbullismo. Con questi ci sono tanti momenti anche di leggerezza, bellezza, arte, viaggi, lavoro. Insomma, DigitaLife ha l&#8217;ambizione di raccontare lo scorrere della vita con i suoi cambiamenti dovuti all&#8217;avvento del Digitale.<\/p>\n<h3>LA SERATA DI VARESE<\/h3>\n<p>DigitaLife per la prima varesina verr\u00e0 proietto alla Multisala Impero mercoled\u00ec 23 gennaio alle 20. Seguir\u00e0 un breve momento di commento con il regista <strong>Francesco Raganato, Marco Giovannelli, Riccardo Comerio<\/strong>, Presidente degli industriali della provincia di Varese, <strong>Giuliano Galli<\/strong>, general manager area Prealpina Fai<\/p>\n<p>L&#8217;evento su <strong><a href=\"https:\/\/www.facebook.com\/events\/461806821016307\/\" target=\"_blank\" rel=\"noopener\">Facebook<\/a><\/strong>. <strong>Per <a href=\"https:\/\/www.multisalaimpero.com\/film\/2552\" target=\"_blank\" rel=\"noopener\">prenotare online<\/a><\/strong> il vostro biglietto scontato con Varesenews<\/p>\n<h3>IL TRAILER<\/h3>\n<div class=\"responsive-video\"><iframe loading=\"lazy\" width=\"500\" height=\"281\" src=\"https:\/\/www.youtube.com\/embed\/_-I5JSm894E?feature=oembed\" frameborder=\"0\" allow=\"accelerometer; autoplay; encrypted-media; gyroscope; picture-in-picture\" allowfullscreen><\/iframe><\/div>\n","protected":false},"excerpt":{"rendered":"<p>Il varesino Giori Ferrazzi \u00e8 uno dei protagonisti di DigitaLife e racconta l&#8217;impegno della Ong Terre des hommes per tenere aperte le scuole in una riserva al confine tra il Nicaragua e il Costarica<\/p>\n","protected":false},"author":54,"featured_media":0,"comment_status":"open","ping_status":"open","sticky":false,"template":"","format":"standard","meta":{"footnotes":""},"categories":[13,2],"tags":[69183,4188],"acf":[],"yoast_head":"<!-- This site is optimized with the Yoast SEO plugin v20.1 - https:\/\/yoast.com\/wordpress\/plugins\/seo\/ -->\n<title>Abbiamo portato la scuola nella giungla<\/title>\n<meta name=\"description\" content=\"Il varesino Giori Ferrazzi \u00e8 uno dei protagonisti di DigitaLife e racconta l&#039;impegno della Ong Terre des hommes per tenere aperte le scuole in una riserva al confine tra il Nicaragua e il Costarica\" \/>\n<meta name=\"robots\" content=\"noindex, follow, max-snippet:-1, max-image-preview:large, max-video-preview:-1\" \/>\n<meta property=\"og:locale\" content=\"it_IT\" \/>\n<meta property=\"og:type\" content=\"article\" \/>\n<meta property=\"og:title\" content=\"Abbiamo portato la scuola nella giungla\" \/>\n<meta property=\"og:description\" content=\"Il varesino Giori Ferrazzi \u00e8 uno dei protagonisti di DigitaLife e racconta l&#039;impegno della Ong Terre des hommes per tenere aperte le scuole in una riserva al confine tra il Nicaragua e il Costarica\" \/>\n<meta property=\"og:url\" content=\"https:\/\/staging.varesenews.it\/2019\/01\/portato-la-scuola-nella-giungla\/786100\/\" \/>\n<meta property=\"og:site_name\" content=\"VareseNews\" \/>\n<meta property=\"article:publisher\" content=\"https:\/\/www.facebook.com\/varesenews\" \/>\n<meta property=\"article:author\" content=\"https:\/\/www.facebook.com\/giovannelli.marco?fref=ts\" \/>\n<meta property=\"article:published_time\" content=\"2019-01-22T23:54:56+00:00\" \/>\n<meta property=\"article:modified_time\" content=\"2019-01-23T00:07:42+00:00\" \/>\n<meta name=\"author\" content=\"Marco Giovannelli\" \/>\n<meta name=\"twitter:card\" content=\"summary_large_image\" \/>\n<meta name=\"twitter:creator\" content=\"@marcogio59\" \/>\n<meta name=\"twitter:site\" content=\"@varesenews\" \/>\n<meta name=\"twitter:label1\" content=\"Scritto da\" \/>\n\t<meta name=\"twitter:data1\" content=\"Marco Giovannelli\" \/>\n\t<meta name=\"twitter:label2\" content=\"Tempo di lettura stimato\" \/>\n\t<meta name=\"twitter:data2\" content=\"2 minuti\" \/>\n<script type=\"application\/ld+json\" class=\"yoast-schema-graph\">{\"@context\":\"https:\/\/schema.org\",\"@graph\":[{\"@type\":\"WebPage\",\"@id\":\"https:\/\/staging.varesenews.it\/2019\/01\/portato-la-scuola-nella-giungla\/786100\/\",\"url\":\"https:\/\/staging.varesenews.it\/2019\/01\/portato-la-scuola-nella-giungla\/786100\/\",\"name\":\"Abbiamo portato la scuola nella giungla\",\"isPartOf\":{\"@id\":\"https:\/\/staging.varesenews.it\/#website\"},\"datePublished\":\"2019-01-22T23:54:56+00:00\",\"dateModified\":\"2019-01-23T00:07:42+00:00\",\"author\":{\"@id\":\"https:\/\/staging.varesenews.it\/#\/schema\/person\/b32b6f44664f8274f79469e452856024\"},\"description\":\"Il varesino Giori Ferrazzi \u00e8 uno dei protagonisti di DigitaLife e racconta l'impegno della Ong Terre des hommes per tenere aperte le scuole in una riserva al confine tra il Nicaragua e il Costarica\",\"breadcrumb\":{\"@id\":\"https:\/\/staging.varesenews.it\/2019\/01\/portato-la-scuola-nella-giungla\/786100\/#breadcrumb\"},\"inLanguage\":\"it-IT\",\"potentialAction\":[{\"@type\":\"ReadAction\",\"target\":[\"https:\/\/staging.varesenews.it\/2019\/01\/portato-la-scuola-nella-giungla\/786100\/\"]}]},{\"@type\":\"BreadcrumbList\",\"@id\":\"https:\/\/staging.varesenews.it\/2019\/01\/portato-la-scuola-nella-giungla\/786100\/#breadcrumb\",\"itemListElement\":[{\"@type\":\"ListItem\",\"position\":1,\"name\":\"Home\",\"item\":\"https:\/\/www.varesenews.it\/\"},{\"@type\":\"ListItem\",\"position\":2,\"name\":\"Abbiamo portato la scuola nella giungla\"}]},{\"@type\":\"WebSite\",\"@id\":\"https:\/\/staging.varesenews.it\/#website\",\"url\":\"https:\/\/staging.varesenews.it\/\",\"name\":\"VareseNews\",\"description\":\"\",\"potentialAction\":[{\"@type\":\"SearchAction\",\"target\":{\"@type\":\"EntryPoint\",\"urlTemplate\":\"https:\/\/staging.varesenews.it\/?s={search_term_string}\"},\"query-input\":\"required name=search_term_string\"}],\"inLanguage\":\"it-IT\"},{\"@type\":\"Person\",\"@id\":\"https:\/\/staging.varesenews.it\/#\/schema\/person\/b32b6f44664f8274f79469e452856024\",\"name\":\"Marco Giovannelli\",\"image\":{\"@type\":\"ImageObject\",\"inLanguage\":\"it-IT\",\"@id\":\"https:\/\/staging.varesenews.it\/#\/schema\/person\/image\/\",\"url\":\"https:\/\/staging.varesenews.it\/wp-content\/uploads\/2020\/12\/marco_giovannelli_colori_500.jpg\",\"contentUrl\":\"https:\/\/staging.varesenews.it\/wp-content\/uploads\/2020\/12\/marco_giovannelli_colori_500.jpg\",\"caption\":\"Marco Giovannelli\"},\"description\":\"Viterbese di origine vivo a Varese dal 1978. Due figli grandi, due lauree in scienze &ldquo;inutili&rdquo; quanto affascinanti che mi portano a mettere lo studio ancora al primo posto. Dopo aver lavorato per il sindacato, fondato e lavorato al centro Gulliver, in una cooperativa che gestiva il Circolino a Varese, con un altro viterbese e un lucano ho fondato VareseNews quando nessuno o quasi sapeva cosa fosse Internet. Ho alcune grandi passioni, la prima &egrave; il cammino che cerco di vivere quotidianamente. Averne percorsi alcuni storici con Santiago e la Francigena mi ha poi portato a far diventare anche lavoro la loro valorizzazione e in particolare la Via Francisca del Lucomagno. Amo leggere, andare al cinema, viaggiare. Mi piace conoscere. La mia migliore attitudine &egrave; connettere mondi e per questo mi affascina la contemporaneit&agrave; e il digitale. Ho insegnato diritto ed economia per un decennio nelle scuole superiori. Ho tenuto diverse lezioni e laboratori allo Iulm e ora all&rsquo;Universit&agrave; dell&rsquo;Insubria con un corso di Giornalismo digitale alla specialistica. Ho fondato diversi progetti editoriali.&nbsp;\",\"sameAs\":[\"https:\/\/www.facebook.com\/giovannelli.marco?fref=ts\",\"marcogio59\",\"https:\/\/it.linkedin.com\/in\/giovannellimarco\",\"https:\/\/twitter.com\/marcogio59\"],\"url\":\"https:\/\/staging.varesenews.it\/persona\/marco_giovannelli-2\/\"}]}<\/script>\n<!-- \/ Yoast SEO plugin. -->","yoast_head_json":{"title":"Abbiamo portato la scuola nella giungla","description":"Il varesino Giori Ferrazzi \u00e8 uno dei protagonisti di DigitaLife e racconta l'impegno della Ong Terre des hommes per tenere aperte le scuole in una riserva al confine tra il Nicaragua e il Costarica","robots":{"index":"noindex","follow":"follow","max-snippet":"max-snippet:-1","max-image-preview":"max-image-preview:large","max-video-preview":"max-video-preview:-1"},"og_locale":"it_IT","og_type":"article","og_title":"Abbiamo portato la scuola nella giungla","og_description":"Il varesino Giori Ferrazzi \u00e8 uno dei protagonisti di DigitaLife e racconta l'impegno della Ong Terre des hommes per tenere aperte le scuole in una riserva al confine tra il Nicaragua e il Costarica","og_url":"https:\/\/staging.varesenews.it\/2019\/01\/portato-la-scuola-nella-giungla\/786100\/","og_site_name":"VareseNews","article_publisher":"https:\/\/www.facebook.com\/varesenews","article_author":"https:\/\/www.facebook.com\/giovannelli.marco?fref=ts","article_published_time":"2019-01-22T23:54:56+00:00","article_modified_time":"2019-01-23T00:07:42+00:00","author":"Marco Giovannelli","twitter_card":"summary_large_image","twitter_creator":"@marcogio59","twitter_site":"@varesenews","twitter_misc":{"Scritto da":"Marco Giovannelli","Tempo di lettura stimato":"2 minuti"},"schema":{"@context":"https:\/\/schema.org","@graph":[{"@type":"WebPage","@id":"https:\/\/staging.varesenews.it\/2019\/01\/portato-la-scuola-nella-giungla\/786100\/","url":"https:\/\/staging.varesenews.it\/2019\/01\/portato-la-scuola-nella-giungla\/786100\/","name":"Abbiamo portato la scuola nella giungla","isPartOf":{"@id":"https:\/\/staging.varesenews.it\/#website"},"datePublished":"2019-01-22T23:54:56+00:00","dateModified":"2019-01-23T00:07:42+00:00","author":{"@id":"https:\/\/staging.varesenews.it\/#\/schema\/person\/b32b6f44664f8274f79469e452856024"},"description":"Il varesino Giori Ferrazzi \u00e8 uno dei protagonisti di DigitaLife e racconta l'impegno della Ong Terre des hommes per tenere aperte le scuole in una riserva al confine tra il Nicaragua e il Costarica","breadcrumb":{"@id":"https:\/\/staging.varesenews.it\/2019\/01\/portato-la-scuola-nella-giungla\/786100\/#breadcrumb"},"inLanguage":"it-IT","potentialAction":[{"@type":"ReadAction","target":["https:\/\/staging.varesenews.it\/2019\/01\/portato-la-scuola-nella-giungla\/786100\/"]}]},{"@type":"BreadcrumbList","@id":"https:\/\/staging.varesenews.it\/2019\/01\/portato-la-scuola-nella-giungla\/786100\/#breadcrumb","itemListElement":[{"@type":"ListItem","position":1,"name":"Home","item":"https:\/\/www.varesenews.it\/"},{"@type":"ListItem","position":2,"name":"Abbiamo portato la scuola nella giungla"}]},{"@type":"WebSite","@id":"https:\/\/staging.varesenews.it\/#website","url":"https:\/\/staging.varesenews.it\/","name":"VareseNews","description":"","potentialAction":[{"@type":"SearchAction","target":{"@type":"EntryPoint","urlTemplate":"https:\/\/staging.varesenews.it\/?s={search_term_string}"},"query-input":"required name=search_term_string"}],"inLanguage":"it-IT"},{"@type":"Person","@id":"https:\/\/staging.varesenews.it\/#\/schema\/person\/b32b6f44664f8274f79469e452856024","name":"Marco Giovannelli","image":{"@type":"ImageObject","inLanguage":"it-IT","@id":"https:\/\/staging.varesenews.it\/#\/schema\/person\/image\/","url":"https:\/\/staging.varesenews.it\/wp-content\/uploads\/2020\/12\/marco_giovannelli_colori_500.jpg","contentUrl":"https:\/\/staging.varesenews.it\/wp-content\/uploads\/2020\/12\/marco_giovannelli_colori_500.jpg","caption":"Marco Giovannelli"},"description":"Viterbese di origine vivo a Varese dal 1978. Due figli grandi, due lauree in scienze &ldquo;inutili&rdquo; quanto affascinanti che mi portano a mettere lo studio ancora al primo posto. Dopo aver lavorato per il sindacato, fondato e lavorato al centro Gulliver, in una cooperativa che gestiva il Circolino a Varese, con un altro viterbese e un lucano ho fondato VareseNews quando nessuno o quasi sapeva cosa fosse Internet. Ho alcune grandi passioni, la prima &egrave; il cammino che cerco di vivere quotidianamente. Averne percorsi alcuni storici con Santiago e la Francigena mi ha poi portato a far diventare anche lavoro la loro valorizzazione e in particolare la Via Francisca del Lucomagno. Amo leggere, andare al cinema, viaggiare. Mi piace conoscere. La mia migliore attitudine &egrave; connettere mondi e per questo mi affascina la contemporaneit&agrave; e il digitale. Ho insegnato diritto ed economia per un decennio nelle scuole superiori. Ho tenuto diverse lezioni e laboratori allo Iulm e ora all&rsquo;Universit&agrave; dell&rsquo;Insubria con un corso di Giornalismo digitale alla specialistica. Ho fondato diversi progetti editoriali.&nbsp;","sameAs":["https:\/\/www.facebook.com\/giovannelli.marco?fref=ts","marcogio59","https:\/\/it.linkedin.com\/in\/giovannellimarco","https:\/\/twitter.com\/marcogio59"],"url":"https:\/\/staging.varesenews.it\/persona\/marco_giovannelli-2\/"}]}},"post_meta":{"_oembed_779555339f5e8d15c26efd3c5c221120":"<iframe width=\"500\" height=\"281\" src=\"https:\/\/www.youtube.com\/embed\/_-I5JSm894E?feature=oembed\" frameborder=\"0\" allow=\"accelerometer; autoplay; encrypted-media; gyroscope; picture-in-picture\" allowfullscreen><\/iframe>","_oembed_time_779555339f5e8d15c26efd3c5c221120":"1548202089","_category_permalink":"a:1:{s:8:\"category\";s:2:\"13\";}","foto":"718298","id_link_fotogallery":"786080","firma_come_redazione":"1","argomento":"Varese","_yoast_wpseo_content_score":"30","_jd_tweet_this":"yes","_dp_original":"786098","_edit_lock":"1553175249:5428","_edit_last":"54","ratings_users":"0","ratings_score":"0","ratings_average":"0","youtube_id":"8brec-GgBJs"},"photos":[{"original":"https:\/\/staging.varesenews.it\/photogallery_new\/images\/2019\/01\/digitalife-varese-718298.jpg","full":"https:\/\/staging.varesenews.it\/photogallery_new\/images\/2019\/01\/digitalife-varese-718298.1024x768.jpg","large":"https:\/\/staging.varesenews.it\/photogallery_new\/images\/2019\/01\/digitalife-varese-718298.610x431.jpg"}],"_links":{"self":[{"href":"https:\/\/staging.varesenews.it\/swgapi\/v1\/wp\/v2\/posts\/786100"}],"collection":[{"href":"https:\/\/staging.varesenews.it\/swgapi\/v1\/wp\/v2\/posts"}],"about":[{"href":"https:\/\/staging.varesenews.it\/swgapi\/v1\/wp\/v2\/types\/post"}],"author":[{"embeddable":true,"href":"https:\/\/staging.varesenews.it\/swgapi\/v1\/wp\/v2\/users\/54"}],"replies":[{"embeddable":true,"href":"https:\/\/staging.varesenews.it\/swgapi\/v1\/wp\/v2\/comments?post=786100"}],"version-history":[{"count":0,"href":"https:\/\/staging.varesenews.it\/swgapi\/v1\/wp\/v2\/posts\/786100\/revisions"}],"wp:attachment":[{"href":"https:\/\/staging.varesenews.it\/swgapi\/v1\/wp\/v2\/media?parent=786100"}],"wp:term":[{"taxonomy":"category","embeddable":true,"href":"https:\/\/staging.varesenews.it\/swgapi\/v1\/wp\/v2\/categories?post=786100"},{"taxonomy":"post_tag","embeddable":true,"href":"https:\/\/staging.varesenews.it\/swgapi\/v1\/wp\/v2\/tags?post=786100"}],"curies":[{"name":"wp","href":"https:\/\/api.w.org\/{rel}","templated":true}]}}