{"id":786352,"date":"2019-01-17T17:38:58","date_gmt":"2019-01-17T16:38:58","guid":{"rendered":"https:\/\/www.varesenews.it\/?p=786352"},"modified":"2019-01-17T17:38:58","modified_gmt":"2019-01-17T16:38:58","slug":"gli-incisori-liguri-mostra-palazzo-cicogna","status":"publish","type":"post","link":"https:\/\/staging.varesenews.it\/2019\/01\/gli-incisori-liguri-mostra-palazzo-cicogna\/786352\/","title":{"rendered":"Gli &#8220;Incisori liguri&#8221; in mostra a Palazzo Cicogna"},"content":{"rendered":"<p>Sabato 19 gennaio, alle ore 18.00, presso le <strong>Civiche Raccolte d\u2019arte di palazzo Marliani Cicogna<\/strong> sar\u00e0 inaugurata la mostra collettiva dedicata a quattro artisti, membri dell\u2019associazione <strong>\u2018Incisori Liguri\u2019,<\/strong> che condividono la passione per lo strumento espressivo della grafica d\u2019arte e lo utilizzano nei propri lavori con risultati di grande raffinatezza tecnica e valore espressivo. La mostra \u00e8 gi\u00e0 stata recensita sulle prestigiose riviste di settore \u201cGrafica d\u2019Arte\u201d (N. 16 Ottobre-Dicembre 2018) e \u201cArchivio\u201d (N.1 Gennaio 2019).<\/p>\n<p>Si tratta della terza mostra proposta nella stagione espositiva 2018\/2019, selezionata nell\u2019ambito del progetto \u2018Uno spazio per l\u2019arte\u2019, che, dal 2014, presenta proposte di arte contemporanea nelle sale delle Civiche Raccolte d\u2019Arte.<\/p>\n<p>\u201cAncora una volta \u2013 commenta l\u2019assessore all\u2019Identit\u00e0 e Cultura Manuela Maffioli \u2013 lo spazio espositivo di Palazzo Cicogna offre una mostra di alto livello qualitativo e di ampio respiro, la cui eco ha gi\u00e0 superato per interesse i confini della nostra grande citt\u00e0. Si tratta di un percorso in divenire che vede i nostri Musei, le loro collezioni e le loro offerte culturali al centro di una \u2018politica della qualit\u00e0\u2019, all\u2019altezza di Busto e della sua comunit\u00e0, e che porti anche la doverosa attenzione alle nostre Istituzioni culturali cittadine, \u2018domus\u2019 preziose di sapere\u201d.<br \/>\nGli artisti che presentano le loro creazioni hanno alle spalle una formazione e una esperienza nel campo della grafica d&#8217;arte di notevole spessore. Alcuni svolgono con passione la professione di formatori dei giovani artisti, presso i licei o le Accademie di Belle Arti, a Genova.<\/p>\n<p><strong>Alessandra Gazzoni<\/strong>, classe 1965, si forma presso l\u2019Accademia di Belle Arti (NABA\/ Istituto Superiore di Grafica Design di Milano) e in seguito frequenta la \u2018Scuola libera del Nudo\u2019 presso l\u2019Accademia di Belle Arti di Brera. E\u2019 inserita nel repertorio degli incisori italiani e fa parte dell\u2019associazione \u2018Incisori liguri\u2019. Presenti in mostra ariosi paesaggi, nature morte e intensi ritratti, realizzati con la tecnica della matita e dell\u2019incisione (in particolare puntasecca e acquaforte) .<\/p>\n<p><strong>Paola Ginepri<\/strong>, nata a Genova nel 1960, si diploma in pittura presso l\u2019Accademia ligustica di Belle Arti. Dal 1983 si dedica all\u2019incisione, mentre svolge anche l\u2019attivit\u00e0 di pittrice. Insegna Tecnica dell\u2019incisione calcografica presso la stessa Accademia genovese. E\u2019 vicepresidente dell\u2019associazione \u2018Incisori liguri\u2019, e fa parte dell\u2019\u2019Associazione Italiana Ex libris\u2019 e dell\u2019associazione \u2018Incisori contemporanei\u2019. In mostra sono esposte incisioni a soggetto paesaggistico, ispirate dal meraviglioso paesaggio del litorale ligure, che comprende anche tipici scorci della fremente vita del porto di Genova.<\/p>\n<p><strong>Elisabetta Pastorino,<\/strong> nata a Genova nel 1969, si diploma in pittura presso l\u2019Accademia ligustica di Belle Arti e frequenta un stage (Affresco) presso l\u2019Opificio delle Pietre Dure di Firenze, seguito da un diploma in Decorazione. Insegna presso il Liceo Artistico Statale di Genova. Il suo soggetto preferito \u00e8 l\u2019elemento naturale &#8211; il frammento di un fiore, di un frutto, di un ramo &#8211; assemblato in composizioni o indagato in modo autonomo, specie attraverso le tecniche dell\u2019acquaforte, ceramolle ed acquatinta. Fa parte dell\u2019associazione \u2018Incisori liguri\u2019.<\/p>\n<p><strong>Francesco Sciaccaluga<\/strong>, nato nel 1968, si diploma presso l\u2019Accademia ligustica di Belle Arti. Dal 1987 si dedica all\u2019incisione, frequentando corsi di specializzazione a Salisburgo, Urbino, Cagliari, Venezia. Frequenta la Libera Scuola del Nudo all\u2019Accademia di Brera, dove, nel 2008, si diploma in Grafica d\u2019Arte. Insegna Tecniche dell\u2019incisione all\u2019Accademia Ligustica di Belle Arti, dove \u00e8 titolare della cattedra di Grafica d\u2019Arte. Fa parte dell\u2019associazione \u2018Incisori liguri\u2019. I suoi soggetti sono visioni di interni o composizioni, costruiti da una pluralit\u00e0 di particolari, che rimandano a ricordi, esperienze o sentimenti vissuti dall\u2019autore, trasmessi con poesia e ricchezza di citazioni . Tecnica preferita \u00e8 la puntasecca.<\/p>\n<p>Uno spazio per l\u2019arte<br \/>\nGazzoni, Ginepri, Pastorino, Sciaccaluga. INCISORI<\/p>\n<p>Dal 19 gennaio al 10 febbraio 2019<br \/>\nInaugurazione sabato 19 gennaio. Ore 18.00<br \/>\nCiviche Raccolte d\u2019Arte palazzo Marliani Cicogna,<br \/>\npiazza Vittorio Emanuele II, Busto Arsizio<\/p>\n<p>Orari apertura:<br \/>\nmarted\u00ec-gioved\u00ec 14.30 &#8211; 18.00, venerd\u00ec: 9.30-13.00, 14.30-18.30, sabato 14.30-18.30, domenica 15.00-18.30, Chiuso il luned\u00ec.<\/p>\n<p>Ingresso libero. Per informazioni: ufficio musei: 0331 390352, 0331 635505, ufficio didattica museale: 0331 390242.<\/p>\n","protected":false},"excerpt":{"rendered":"<p>Sar\u00e0 inaugurata sabato 19 gennaio la mostra collettiva di grafica d&#8217;arte con le opere di quattro artisti<\/p>\n","protected":false},"author":47,"featured_media":0,"comment_status":"open","ping_status":"open","sticky":false,"template":"","format":"standard","meta":{"footnotes":""},"categories":[4,18,21],"tags":[295,7973,1799,158],"acf":[],"yoast_head":"<!-- This site is optimized with the Yoast SEO plugin v20.1 - https:\/\/yoast.com\/wordpress\/plugins\/seo\/ -->\n<title>Gli &quot;Incisori liguri&quot; in mostra a Palazzo Cicogna<\/title>\n<meta name=\"description\" content=\"Sar\u00e0 inaugurata sabato 19 gennaio la mostra collettiva di grafica d&#039;arte con le opere di quattro artisti\" \/>\n<meta name=\"robots\" content=\"noindex, follow, max-snippet:-1, max-image-preview:large, max-video-preview:-1\" \/>\n<meta property=\"og:locale\" content=\"it_IT\" \/>\n<meta property=\"og:type\" content=\"article\" \/>\n<meta property=\"og:title\" content=\"Gli &quot;Incisori liguri&quot; in mostra a Palazzo Cicogna\" \/>\n<meta property=\"og:description\" content=\"Sar\u00e0 inaugurata sabato 19 gennaio la mostra collettiva di grafica d&#039;arte con le opere di quattro artisti\" \/>\n<meta property=\"og:url\" content=\"https:\/\/staging.varesenews.it\/2019\/01\/gli-incisori-liguri-mostra-palazzo-cicogna\/786352\/\" \/>\n<meta property=\"og:site_name\" content=\"VareseNews\" \/>\n<meta property=\"article:publisher\" content=\"https:\/\/www.facebook.com\/varesenews\" \/>\n<meta property=\"article:published_time\" content=\"2019-01-17T16:38:58+00:00\" \/>\n<meta name=\"author\" content=\"Orlando Mastrillo\" \/>\n<meta name=\"twitter:card\" content=\"summary_large_image\" \/>\n<meta name=\"twitter:creator\" content=\"@nando_mastrillo\" \/>\n<meta name=\"twitter:site\" content=\"@varesenews\" \/>\n<meta name=\"twitter:label1\" content=\"Scritto da\" \/>\n\t<meta name=\"twitter:data1\" content=\"Orlando Mastrillo\" \/>\n\t<meta name=\"twitter:label2\" content=\"Tempo di lettura stimato\" \/>\n\t<meta name=\"twitter:data2\" content=\"3 minuti\" \/>\n<script type=\"application\/ld+json\" class=\"yoast-schema-graph\">{\"@context\":\"https:\/\/schema.org\",\"@graph\":[{\"@type\":\"WebPage\",\"@id\":\"https:\/\/staging.varesenews.it\/2019\/01\/gli-incisori-liguri-mostra-palazzo-cicogna\/786352\/\",\"url\":\"https:\/\/staging.varesenews.it\/2019\/01\/gli-incisori-liguri-mostra-palazzo-cicogna\/786352\/\",\"name\":\"Gli \\\"Incisori liguri\\\" in mostra a Palazzo Cicogna\",\"isPartOf\":{\"@id\":\"https:\/\/staging.varesenews.it\/#website\"},\"datePublished\":\"2019-01-17T16:38:58+00:00\",\"dateModified\":\"2019-01-17T16:38:58+00:00\",\"author\":{\"@id\":\"https:\/\/staging.varesenews.it\/#\/schema\/person\/14c47ccce537a9058dddce296f10b296\"},\"description\":\"Sar\u00e0 inaugurata sabato 19 gennaio la mostra collettiva di grafica d'arte con le opere di quattro artisti\",\"breadcrumb\":{\"@id\":\"https:\/\/staging.varesenews.it\/2019\/01\/gli-incisori-liguri-mostra-palazzo-cicogna\/786352\/#breadcrumb\"},\"inLanguage\":\"it-IT\",\"potentialAction\":[{\"@type\":\"ReadAction\",\"target\":[\"https:\/\/staging.varesenews.it\/2019\/01\/gli-incisori-liguri-mostra-palazzo-cicogna\/786352\/\"]}]},{\"@type\":\"BreadcrumbList\",\"@id\":\"https:\/\/staging.varesenews.it\/2019\/01\/gli-incisori-liguri-mostra-palazzo-cicogna\/786352\/#breadcrumb\",\"itemListElement\":[{\"@type\":\"ListItem\",\"position\":1,\"name\":\"Home\",\"item\":\"https:\/\/www.varesenews.it\/\"},{\"@type\":\"ListItem\",\"position\":2,\"name\":\"Gli &#8220;Incisori liguri&#8221; in mostra a Palazzo Cicogna\"}]},{\"@type\":\"WebSite\",\"@id\":\"https:\/\/staging.varesenews.it\/#website\",\"url\":\"https:\/\/staging.varesenews.it\/\",\"name\":\"VareseNews\",\"description\":\"\",\"potentialAction\":[{\"@type\":\"SearchAction\",\"target\":{\"@type\":\"EntryPoint\",\"urlTemplate\":\"https:\/\/staging.varesenews.it\/?s={search_term_string}\"},\"query-input\":\"required name=search_term_string\"}],\"inLanguage\":\"it-IT\"},{\"@type\":\"Person\",\"@id\":\"https:\/\/staging.varesenews.it\/#\/schema\/person\/14c47ccce537a9058dddce296f10b296\",\"name\":\"Orlando Mastrillo\",\"image\":{\"@type\":\"ImageObject\",\"inLanguage\":\"it-IT\",\"@id\":\"https:\/\/staging.varesenews.it\/#\/schema\/person\/image\/\",\"url\":\"https:\/\/staging.varesenews.it\/wp-content\/uploads\/2020\/12\/orlando_mastrillo_colori_500.jpg\",\"contentUrl\":\"https:\/\/staging.varesenews.it\/wp-content\/uploads\/2020\/12\/orlando_mastrillo_colori_500.jpg\",\"caption\":\"Orlando Mastrillo\"},\"description\":\"Nasco a Luino nel 1981, ho iniziato questo lavoro nell'estate del 2003 nella redazione de Il Giorno di Varese e dall'anno successivo ho intrapreso la collaborazione con VareseNews. Dopo anni nell'Alto Varesotto mi sono trasferito a Busto Arsizio nel 2007, territorio che ho iniziato a seguire e che seguo tutt'oggi. Nel 2013 sono diventato giornalista professionista. Mi occupo di cronaca politica, giudiziaria e nera in una vasta area che comprende anche parte della Valle Olona e il Legnanese. Sono sposato con Valeria Arini e ho due splendide figlie.\",\"sameAs\":[\"or_ma\",\"https:\/\/twitter.com\/nando_mastrillo\"],\"url\":\"https:\/\/staging.varesenews.it\/persona\/orlando-mastrillo1\/\"}]}<\/script>\n<!-- \/ Yoast SEO plugin. -->","yoast_head_json":{"title":"Gli \"Incisori liguri\" in mostra a Palazzo Cicogna","description":"Sar\u00e0 inaugurata sabato 19 gennaio la mostra collettiva di grafica d'arte con le opere di quattro artisti","robots":{"index":"noindex","follow":"follow","max-snippet":"max-snippet:-1","max-image-preview":"max-image-preview:large","max-video-preview":"max-video-preview:-1"},"og_locale":"it_IT","og_type":"article","og_title":"Gli \"Incisori liguri\" in mostra a Palazzo Cicogna","og_description":"Sar\u00e0 inaugurata sabato 19 gennaio la mostra collettiva di grafica d'arte con le opere di quattro artisti","og_url":"https:\/\/staging.varesenews.it\/2019\/01\/gli-incisori-liguri-mostra-palazzo-cicogna\/786352\/","og_site_name":"VareseNews","article_publisher":"https:\/\/www.facebook.com\/varesenews","article_published_time":"2019-01-17T16:38:58+00:00","author":"Orlando Mastrillo","twitter_card":"summary_large_image","twitter_creator":"@nando_mastrillo","twitter_site":"@varesenews","twitter_misc":{"Scritto da":"Orlando Mastrillo","Tempo di lettura stimato":"3 minuti"},"schema":{"@context":"https:\/\/schema.org","@graph":[{"@type":"WebPage","@id":"https:\/\/staging.varesenews.it\/2019\/01\/gli-incisori-liguri-mostra-palazzo-cicogna\/786352\/","url":"https:\/\/staging.varesenews.it\/2019\/01\/gli-incisori-liguri-mostra-palazzo-cicogna\/786352\/","name":"Gli \"Incisori liguri\" in mostra a Palazzo Cicogna","isPartOf":{"@id":"https:\/\/staging.varesenews.it\/#website"},"datePublished":"2019-01-17T16:38:58+00:00","dateModified":"2019-01-17T16:38:58+00:00","author":{"@id":"https:\/\/staging.varesenews.it\/#\/schema\/person\/14c47ccce537a9058dddce296f10b296"},"description":"Sar\u00e0 inaugurata sabato 19 gennaio la mostra collettiva di grafica d'arte con le opere di quattro artisti","breadcrumb":{"@id":"https:\/\/staging.varesenews.it\/2019\/01\/gli-incisori-liguri-mostra-palazzo-cicogna\/786352\/#breadcrumb"},"inLanguage":"it-IT","potentialAction":[{"@type":"ReadAction","target":["https:\/\/staging.varesenews.it\/2019\/01\/gli-incisori-liguri-mostra-palazzo-cicogna\/786352\/"]}]},{"@type":"BreadcrumbList","@id":"https:\/\/staging.varesenews.it\/2019\/01\/gli-incisori-liguri-mostra-palazzo-cicogna\/786352\/#breadcrumb","itemListElement":[{"@type":"ListItem","position":1,"name":"Home","item":"https:\/\/www.varesenews.it\/"},{"@type":"ListItem","position":2,"name":"Gli &#8220;Incisori liguri&#8221; in mostra a Palazzo Cicogna"}]},{"@type":"WebSite","@id":"https:\/\/staging.varesenews.it\/#website","url":"https:\/\/staging.varesenews.it\/","name":"VareseNews","description":"","potentialAction":[{"@type":"SearchAction","target":{"@type":"EntryPoint","urlTemplate":"https:\/\/staging.varesenews.it\/?s={search_term_string}"},"query-input":"required name=search_term_string"}],"inLanguage":"it-IT"},{"@type":"Person","@id":"https:\/\/staging.varesenews.it\/#\/schema\/person\/14c47ccce537a9058dddce296f10b296","name":"Orlando Mastrillo","image":{"@type":"ImageObject","inLanguage":"it-IT","@id":"https:\/\/staging.varesenews.it\/#\/schema\/person\/image\/","url":"https:\/\/staging.varesenews.it\/wp-content\/uploads\/2020\/12\/orlando_mastrillo_colori_500.jpg","contentUrl":"https:\/\/staging.varesenews.it\/wp-content\/uploads\/2020\/12\/orlando_mastrillo_colori_500.jpg","caption":"Orlando Mastrillo"},"description":"Nasco a Luino nel 1981, ho iniziato questo lavoro nell'estate del 2003 nella redazione de Il Giorno di Varese e dall'anno successivo ho intrapreso la collaborazione con VareseNews. Dopo anni nell'Alto Varesotto mi sono trasferito a Busto Arsizio nel 2007, territorio che ho iniziato a seguire e che seguo tutt'oggi. Nel 2013 sono diventato giornalista professionista. Mi occupo di cronaca politica, giudiziaria e nera in una vasta area che comprende anche parte della Valle Olona e il Legnanese. Sono sposato con Valeria Arini e ho due splendide figlie.","sameAs":["or_ma","https:\/\/twitter.com\/nando_mastrillo"],"url":"https:\/\/staging.varesenews.it\/persona\/orlando-mastrillo1\/"}]}},"post_meta":{"_edit_lock":"1547743025:47","_edit_last":"47","_category_permalink":"a:1:{s:8:\"category\";s:0:\"\";}","ratings_users":"0","ratings_score":"0","ratings_average":"0","foto":"690778","firma_come_redazione":"1","argomento":"Busto Arsizio","_yoast_wpseo_content_score":"30","_jd_tweet_this":"yes","_wpt_short_url":"https:\/\/www.varesenews.it\/2019\/01\/gli-incisori-liguri-mostra-palazzo-cicogna\/786352\/","_wp_jd_target":"https:\/\/www.varesenews.it\/2019\/01\/gli-incisori-liguri-mostra-palazzo-cicogna\/786352\/","_jd_wp_twitter":"a:1:{i:0;s:169:\"Gli \u201cIncisori liguri\u201d in mostra a Palazzo Cicogna https:\/\/www.varesenews.it\/2019\/01\/gli-incisori-liguri-mostra-palazzo-cicogna\/786352\/ #arte #palazzocicogna #weekend\";}","_wpt_status_message":"Tweet inviato con successo."},"photos":[{"original":"https:\/\/staging.varesenews.it\/photogallery_new\/images\/2018\/08\/piazza-vittorio-emanuele-ii-busto-arsizio-690778.jpg","full":"https:\/\/staging.varesenews.it\/photogallery_new\/images\/2018\/08\/piazza-vittorio-emanuele-ii-busto-arsizio-690778.1024x768.jpg","large":"https:\/\/staging.varesenews.it\/photogallery_new\/images\/2018\/08\/piazza-vittorio-emanuele-ii-busto-arsizio-690778.610x431.jpg"}],"_links":{"self":[{"href":"https:\/\/staging.varesenews.it\/swgapi\/v1\/wp\/v2\/posts\/786352"}],"collection":[{"href":"https:\/\/staging.varesenews.it\/swgapi\/v1\/wp\/v2\/posts"}],"about":[{"href":"https:\/\/staging.varesenews.it\/swgapi\/v1\/wp\/v2\/types\/post"}],"author":[{"embeddable":true,"href":"https:\/\/staging.varesenews.it\/swgapi\/v1\/wp\/v2\/users\/47"}],"replies":[{"embeddable":true,"href":"https:\/\/staging.varesenews.it\/swgapi\/v1\/wp\/v2\/comments?post=786352"}],"version-history":[{"count":0,"href":"https:\/\/staging.varesenews.it\/swgapi\/v1\/wp\/v2\/posts\/786352\/revisions"}],"wp:attachment":[{"href":"https:\/\/staging.varesenews.it\/swgapi\/v1\/wp\/v2\/media?parent=786352"}],"wp:term":[{"taxonomy":"category","embeddable":true,"href":"https:\/\/staging.varesenews.it\/swgapi\/v1\/wp\/v2\/categories?post=786352"},{"taxonomy":"post_tag","embeddable":true,"href":"https:\/\/staging.varesenews.it\/swgapi\/v1\/wp\/v2\/tags?post=786352"}],"curies":[{"name":"wp","href":"https:\/\/api.w.org\/{rel}","templated":true}]}}